{"id":10,"date":"2004-04-24T19:56:00","date_gmt":"2004-04-24T19:56:00","guid":{"rendered":"http:\/\/inforesidencias.wordpress.com\/2004\/04\/24\/dispersion-normativa"},"modified":"2004-04-24T19:56:00","modified_gmt":"2004-04-24T19:56:00","slug":"dispersion-normativa","status":"publish","type":"post","link":"https:\/\/www.inforesidencias.com\/blog\/index.php\/2004\/04\/24\/dispersion-normativa\/","title":{"rendered":">DISPERSI\u00d3N NORMATIVA"},"content":{"rendered":"<p>&gt;Desde hace unos veinte a\u00f1os, las comunidades aut\u00f3nomas son competentes en todo aquello que afecta a servicios sociales y, en consecuencia a las residencias de mayores. La consecuencia es que cada comunidad ha ido creando un modelo diferente en el que var\u00eda el sistema de autorizaci\u00f3n, las condiciones arquitect\u00f3nicas, los requisitos de personal e incluso el concepto mismo de lo que se conoce como residencia.  <\/p>\n<p>En la actualidad, algunas comunidades establecen requisitos diferentes para residentes v\u00e1lidos y  asistidos, otras no lo hacen o establecen no dos, sino varios niveles de dependencia.  Las hay que concretan exigencias espec\u00edficas seg\u00fan el tama\u00f1o de la residencia o que consideran \u201csociosanitario\u201d un servicio que en otra comunidad ser\u00eda puramente social o quiz\u00e1 \u201calgo sanitario\u201d.   Tambi\u00e9n existen diferentes medidas para saber qui\u00e9n es \u201cmayor\u201d a los efectos de poder ingresar en una residencia y para saber qui\u00e9n es dependiente (cada comunidad utiliza los tests validados que consideran m\u00e1s adecuados o crean los suyos propios).  Esto lleva a que en la actualidad no se pueda hablar de Espa\u00f1a cuando se trata de requisitos normativos.<\/p>\n<p>\u00bfTienen relevancia las diferencias?  Si consideramos que, s\u00f3lo en lo que respecta a personal (o sea dejando a un lado lo arquitect\u00f3nico), de una comunidad a otra el n\u00famero m\u00ednimo de personal puede doblarse y dependiendo de donde estemos se exigir\u00e1 o no enfermer\u00eda, terapeuta ocupacional, trabajador social, animador u otros profesionales, la respuesta s\u00f3lo puede ser positiva. Si quieren ver alguna de las diferencias entren en los cuadros que hay en el cap\u00edtulo de reglamentaci\u00f3n de www.inforesidencias.com.<\/p>\n<p>La tendencia, adem\u00e1s viene siendo el incrementando los requisitos (especialmente los arquitect\u00f3nicos, de personal y de acreditaci\u00f3n de calidad) y  el endureciendo del r\u00e9gimen sancionador (algunas prev\u00e9n sanciones de 300.000 Euros, cierre, inhabilitaci\u00f3n y publicaci\u00f3n en la prensa de las sanciones a cargo del sancionado).  <\/p>\n<p>Con toda seguridad la existencia de normativas tan  dispares y el tambi\u00e9n dispar grado de exigencia de las mismas sea una de las causas del amplio abanico de precios que se cobran en residencias privadas de diferentes comunidades (s\u00f3lo hay que ver el art\u00edculo publicado recientemente en Negocios y Gesti\u00f3n Residencial).<\/p>\n<p>\u00bfHace falta armonizar las normativas?  La respuesta no es sencilla.  Por supuesto que la administraci\u00f3n auton\u00f3mica est\u00e1 m\u00e1s cercana al ciudadano y puede crear modelos m\u00e1s ajustados a cada realidad.  No obstante, quiz\u00e1 deber\u00edamos ponernos de acuerdo todos en el n\u00famero de servicios higi\u00e9nicos necesarios, la amplitud de los comedores o el n\u00famero de auxiliares que se necesitan como m\u00ednimo para dar un buen servicio, y en eso no creo que seamos tan diferentes los catalanes de los canarios o los riojanos.<\/p>\n","protected":false},"excerpt":{"rendered":"<p>&gt;Desde hace unos veinte a\u00f1os, las comunidades aut\u00f3nomas son competentes en todo aquello que afecta a servicios sociales y, en consecuencia a las residencias de mayores. La consecuencia es que cada comunidad ha ido creando un modelo diferente en el que var\u00eda el sistema de autorizaci\u00f3n, las condiciones arquitect\u00f3nicas, los requisitos de personal e incluso el concepto mismo de lo que se conoce como residencia. En la actualidad, algunas comunidades establecen requisitos diferentes para residentes v\u00e1lidos y asistidos, otras no lo hacen o establecen no dos, sino varios niveles de dependencia. Las hay que concretan exigencias espec\u00edficas seg\u00fan el tama\u00f1o de la residencia o que consideran \u201csociosanitario\u201d un servicio que en otra comunidad ser\u00eda puramente social o quiz\u00e1 \u201calgo sanitario\u201d. Tambi\u00e9n existen diferentes medidas para saber qui\u00e9n es \u201cmayor\u201d a los efectos de poder ingresar en una residencia y para saber qui\u00e9n es dependiente (cada comunidad utiliza los tests validados [&hellip;]<\/p>\n","protected":false},"author":2,"featured_media":0,"comment_status":"open","ping_status":"open","sticky":false,"template":"","format":"standard","meta":{"footnotes":""},"categories":[1],"tags":[],"yoast_head":"<!-- This site is optimized with the Yoast SEO plugin v21.7 - https:\/\/yoast.com\/wordpress\/plugins\/seo\/ -->\n<title>&gt;DISPERSI\u00d3N NORMATIVA - Blog Inforesidencias.com<\/title>\n<meta name=\"robots\" content=\"index, follow, max-snippet:-1, max-image-preview:large, max-video-preview:-1\" \/>\n<link rel=\"canonical\" href=\"https:\/\/www.inforesidencias.com\/blog\/index.php\/2004\/04\/24\/dispersion-normativa\/\" \/>\n<meta property=\"og:locale\" content=\"es_ES\" \/>\n<meta property=\"og:type\" content=\"article\" \/>\n<meta property=\"og:title\" content=\"&gt;DISPERSI\u00d3N NORMATIVA - Blog Inforesidencias.com\" \/>\n<meta property=\"og:description\" content=\"&gt;Desde hace unos veinte a\u00f1os, las comunidades aut\u00f3nomas son competentes en todo aquello que afecta a servicios sociales y, en consecuencia a las residencias de mayores. La consecuencia es que cada comunidad ha ido creando un modelo diferente en el que var\u00eda el sistema de autorizaci\u00f3n, las condiciones arquitect\u00f3nicas, los requisitos de personal e incluso el concepto mismo de lo que se conoce como residencia. En la actualidad, algunas comunidades establecen requisitos diferentes para residentes v\u00e1lidos y asistidos, otras no lo hacen o establecen no dos, sino varios niveles de dependencia. Las hay que concretan exigencias espec\u00edficas seg\u00fan el tama\u00f1o de la residencia o que consideran \u201csociosanitario\u201d un servicio que en otra comunidad ser\u00eda puramente social o quiz\u00e1 \u201calgo sanitario\u201d. Tambi\u00e9n existen diferentes medidas para saber qui\u00e9n es \u201cmayor\u201d a los efectos de poder ingresar en una residencia y para saber qui\u00e9n es dependiente (cada comunidad utiliza los tests validados [&hellip;]\" \/>\n<meta property=\"og:url\" content=\"https:\/\/www.inforesidencias.com\/blog\/index.php\/2004\/04\/24\/dispersion-normativa\/\" \/>\n<meta property=\"og:site_name\" content=\"Blog Inforesidencias.com\" \/>\n<meta property=\"article:publisher\" content=\"https:\/\/www.facebook.com\/Inforesidencias\/\" \/>\n<meta property=\"article:author\" content=\"https:\/\/www.facebook.com\/josep.demarti\" \/>\n<meta property=\"article:published_time\" content=\"2004-04-24T19:56:00+00:00\" \/>\n<meta name=\"author\" content=\"Josep de Mart\u00ed\" \/>\n<meta name=\"twitter:card\" content=\"summary_large_image\" \/>\n<meta name=\"twitter:creator\" content=\"@blog-ir\" \/>\n<meta name=\"twitter:site\" content=\"@inforesidencias\" \/>\n<meta name=\"twitter:label1\" content=\"Escrito por\" \/>\n\t<meta name=\"twitter:data1\" content=\"Josep de Mart\u00ed\" \/>\n\t<meta name=\"twitter:label2\" content=\"Tiempo de lectura\" \/>\n\t<meta name=\"twitter:data2\" content=\"2 minutos\" \/>\n<script type=\"application\/ld+json\" class=\"yoast-schema-graph\">{\"@context\":\"https:\/\/schema.org\",\"@graph\":[{\"@type\":\"WebPage\",\"@id\":\"https:\/\/www.inforesidencias.com\/blog\/index.php\/2004\/04\/24\/dispersion-normativa\/\",\"url\":\"https:\/\/www.inforesidencias.com\/blog\/index.php\/2004\/04\/24\/dispersion-normativa\/\",\"name\":\">DISPERSI\u00d3N NORMATIVA - Blog Inforesidencias.com\",\"isPartOf\":{\"@id\":\"https:\/\/www.inforesidencias.com\/blog\/#website\"},\"datePublished\":\"2004-04-24T19:56:00+00:00\",\"dateModified\":\"2004-04-24T19:56:00+00:00\",\"author\":{\"@id\":\"https:\/\/www.inforesidencias.com\/blog\/#\/schema\/person\/9e146774d1eb3bc1c0316242a3898628\"},\"breadcrumb\":{\"@id\":\"https:\/\/www.inforesidencias.com\/blog\/index.php\/2004\/04\/24\/dispersion-normativa\/#breadcrumb\"},\"inLanguage\":\"es\",\"potentialAction\":[{\"@type\":\"ReadAction\",\"target\":[\"https:\/\/www.inforesidencias.com\/blog\/index.php\/2004\/04\/24\/dispersion-normativa\/\"]}]},{\"@type\":\"BreadcrumbList\",\"@id\":\"https:\/\/www.inforesidencias.com\/blog\/index.php\/2004\/04\/24\/dispersion-normativa\/#breadcrumb\",\"itemListElement\":[{\"@type\":\"ListItem\",\"position\":1,\"name\":\"Home\",\"item\":\"https:\/\/www.inforesidencias.com\/blog\/\"},{\"@type\":\"ListItem\",\"position\":2,\"name\":\">DISPERSI\u00d3N NORMATIVA\"}]},{\"@type\":\"WebSite\",\"@id\":\"https:\/\/www.inforesidencias.com\/blog\/#website\",\"url\":\"https:\/\/www.inforesidencias.com\/blog\/\",\"name\":\"Blog Inforesidencias.com\",\"description\":\"El buscador de residencias de la 3\u00aa edad\",\"potentialAction\":[{\"@type\":\"SearchAction\",\"target\":{\"@type\":\"EntryPoint\",\"urlTemplate\":\"https:\/\/www.inforesidencias.com\/blog\/?s={search_term_string}\"},\"query-input\":\"required name=search_term_string\"}],\"inLanguage\":\"es\"},{\"@type\":\"Person\",\"@id\":\"https:\/\/www.inforesidencias.com\/blog\/#\/schema\/person\/9e146774d1eb3bc1c0316242a3898628\",\"name\":\"Josep de Mart\u00ed\",\"image\":{\"@type\":\"ImageObject\",\"inLanguage\":\"es\",\"@id\":\"https:\/\/www.inforesidencias.com\/blog\/#\/schema\/person\/image\/\",\"url\":\"https:\/\/secure.gravatar.com\/avatar\/de0302c4806c00c4cebff396a798c1ff?s=96&d=mm&r=g\",\"contentUrl\":\"https:\/\/secure.gravatar.com\/avatar\/de0302c4806c00c4cebff396a798c1ff?s=96&d=mm&r=g\",\"caption\":\"Josep de Mart\u00ed\"},\"sameAs\":[\"https:\/\/www.inforesidencias.com\",\"https:\/\/www.facebook.com\/josep.demarti\",\"https:\/\/twitter.com\/blog-ir\"],\"url\":\"https:\/\/www.inforesidencias.com\/blog\/index.php\/author\/josepdemarti\/\"}]}<\/script>\n<!-- \/ Yoast SEO plugin. -->","yoast_head_json":{"title":">DISPERSI\u00d3N NORMATIVA - Blog Inforesidencias.com","robots":{"index":"index","follow":"follow","max-snippet":"max-snippet:-1","max-image-preview":"max-image-preview:large","max-video-preview":"max-video-preview:-1"},"canonical":"https:\/\/www.inforesidencias.com\/blog\/index.php\/2004\/04\/24\/dispersion-normativa\/","og_locale":"es_ES","og_type":"article","og_title":">DISPERSI\u00d3N NORMATIVA - Blog Inforesidencias.com","og_description":"&gt;Desde hace unos veinte a\u00f1os, las comunidades aut\u00f3nomas son competentes en todo aquello que afecta a servicios sociales y, en consecuencia a las residencias de mayores. La consecuencia es que cada comunidad ha ido creando un modelo diferente en el que var\u00eda el sistema de autorizaci\u00f3n, las condiciones arquitect\u00f3nicas, los requisitos de personal e incluso el concepto mismo de lo que se conoce como residencia. En la actualidad, algunas comunidades establecen requisitos diferentes para residentes v\u00e1lidos y asistidos, otras no lo hacen o establecen no dos, sino varios niveles de dependencia. Las hay que concretan exigencias espec\u00edficas seg\u00fan el tama\u00f1o de la residencia o que consideran \u201csociosanitario\u201d un servicio que en otra comunidad ser\u00eda puramente social o quiz\u00e1 \u201calgo sanitario\u201d. Tambi\u00e9n existen diferentes medidas para saber qui\u00e9n es \u201cmayor\u201d a los efectos de poder ingresar en una residencia y para saber qui\u00e9n es dependiente (cada comunidad utiliza los tests validados [&hellip;]","og_url":"https:\/\/www.inforesidencias.com\/blog\/index.php\/2004\/04\/24\/dispersion-normativa\/","og_site_name":"Blog Inforesidencias.com","article_publisher":"https:\/\/www.facebook.com\/Inforesidencias\/","article_author":"https:\/\/www.facebook.com\/josep.demarti","article_published_time":"2004-04-24T19:56:00+00:00","author":"Josep de Mart\u00ed","twitter_card":"summary_large_image","twitter_creator":"@blog-ir","twitter_site":"@inforesidencias","twitter_misc":{"Escrito por":"Josep de Mart\u00ed","Tiempo de lectura":"2 minutos"},"schema":{"@context":"https:\/\/schema.org","@graph":[{"@type":"WebPage","@id":"https:\/\/www.inforesidencias.com\/blog\/index.php\/2004\/04\/24\/dispersion-normativa\/","url":"https:\/\/www.inforesidencias.com\/blog\/index.php\/2004\/04\/24\/dispersion-normativa\/","name":">DISPERSI\u00d3N NORMATIVA - Blog Inforesidencias.com","isPartOf":{"@id":"https:\/\/www.inforesidencias.com\/blog\/#website"},"datePublished":"2004-04-24T19:56:00+00:00","dateModified":"2004-04-24T19:56:00+00:00","author":{"@id":"https:\/\/www.inforesidencias.com\/blog\/#\/schema\/person\/9e146774d1eb3bc1c0316242a3898628"},"breadcrumb":{"@id":"https:\/\/www.inforesidencias.com\/blog\/index.php\/2004\/04\/24\/dispersion-normativa\/#breadcrumb"},"inLanguage":"es","potentialAction":[{"@type":"ReadAction","target":["https:\/\/www.inforesidencias.com\/blog\/index.php\/2004\/04\/24\/dispersion-normativa\/"]}]},{"@type":"BreadcrumbList","@id":"https:\/\/www.inforesidencias.com\/blog\/index.php\/2004\/04\/24\/dispersion-normativa\/#breadcrumb","itemListElement":[{"@type":"ListItem","position":1,"name":"Home","item":"https:\/\/www.inforesidencias.com\/blog\/"},{"@type":"ListItem","position":2,"name":">DISPERSI\u00d3N NORMATIVA"}]},{"@type":"WebSite","@id":"https:\/\/www.inforesidencias.com\/blog\/#website","url":"https:\/\/www.inforesidencias.com\/blog\/","name":"Blog Inforesidencias.com","description":"El buscador de residencias de la 3\u00aa edad","potentialAction":[{"@type":"SearchAction","target":{"@type":"EntryPoint","urlTemplate":"https:\/\/www.inforesidencias.com\/blog\/?s={search_term_string}"},"query-input":"required name=search_term_string"}],"inLanguage":"es"},{"@type":"Person","@id":"https:\/\/www.inforesidencias.com\/blog\/#\/schema\/person\/9e146774d1eb3bc1c0316242a3898628","name":"Josep de Mart\u00ed","image":{"@type":"ImageObject","inLanguage":"es","@id":"https:\/\/www.inforesidencias.com\/blog\/#\/schema\/person\/image\/","url":"https:\/\/secure.gravatar.com\/avatar\/de0302c4806c00c4cebff396a798c1ff?s=96&d=mm&r=g","contentUrl":"https:\/\/secure.gravatar.com\/avatar\/de0302c4806c00c4cebff396a798c1ff?s=96&d=mm&r=g","caption":"Josep de Mart\u00ed"},"sameAs":["https:\/\/www.inforesidencias.com","https:\/\/www.facebook.com\/josep.demarti","https:\/\/twitter.com\/blog-ir"],"url":"https:\/\/www.inforesidencias.com\/blog\/index.php\/author\/josepdemarti\/"}]}},"_links":{"self":[{"href":"https:\/\/www.inforesidencias.com\/blog\/index.php\/wp-json\/wp\/v2\/posts\/10"}],"collection":[{"href":"https:\/\/www.inforesidencias.com\/blog\/index.php\/wp-json\/wp\/v2\/posts"}],"about":[{"href":"https:\/\/www.inforesidencias.com\/blog\/index.php\/wp-json\/wp\/v2\/types\/post"}],"author":[{"embeddable":true,"href":"https:\/\/www.inforesidencias.com\/blog\/index.php\/wp-json\/wp\/v2\/users\/2"}],"replies":[{"embeddable":true,"href":"https:\/\/www.inforesidencias.com\/blog\/index.php\/wp-json\/wp\/v2\/comments?post=10"}],"version-history":[{"count":0,"href":"https:\/\/www.inforesidencias.com\/blog\/index.php\/wp-json\/wp\/v2\/posts\/10\/revisions"}],"wp:attachment":[{"href":"https:\/\/www.inforesidencias.com\/blog\/index.php\/wp-json\/wp\/v2\/media?parent=10"}],"wp:term":[{"taxonomy":"category","embeddable":true,"href":"https:\/\/www.inforesidencias.com\/blog\/index.php\/wp-json\/wp\/v2\/categories?post=10"},{"taxonomy":"post_tag","embeddable":true,"href":"https:\/\/www.inforesidencias.com\/blog\/index.php\/wp-json\/wp\/v2\/tags?post=10"}],"curies":[{"name":"wp","href":"https:\/\/api.w.org\/{rel}","templated":true}]}}