{"id":1027,"date":"2017-03-22T09:01:53","date_gmt":"2017-03-22T09:01:53","guid":{"rendered":"https:\/\/www.inforesidencias.com\/blog\/?p=1027"},"modified":"2017-03-07T23:06:47","modified_gmt":"2017-03-07T23:06:47","slug":"traje-max-poder-sentir-como-un-mayor-es-posible","status":"publish","type":"post","link":"https:\/\/www.inforesidencias.com\/blog\/index.php\/2017\/03\/22\/traje-max-poder-sentir-como-un-mayor-es-posible\/","title":{"rendered":"Traje Max, poder \u00absentir como un mayor\u00bb"},"content":{"rendered":"<p><strong>Contamos con un bloguista invitado muy destacado, Stephan Biel que nos escribe sobre El traje modular de simulaci\u00f3n de edad MAX<\/strong><\/p>\n<p>La poblaci\u00f3n est\u00e1 envejeciendo de una forma, que requiere soluciones que satisfagan un perfil tan cambiante y heterog\u00e9neo. Teniendo en cuenta, que cada vez m\u00e1s personas encima de 50 a\u00f1os, que quiz\u00e1s tienen que trabajar hasta 70 a\u00f1os, sin embargo, nos preguntamos: Est\u00e1n hechas los puestos de trabajos para ellos o los entornos, servicios y productos est\u00e1n adecuadas? En grandes partes la respuesta es no, y eso fue justo el inicio de MAX.<\/p>\n<p>Se desarroll\u00f3 en la Universidad T\u00e9cnica de Chemnitz, unidad de Ciencias de Trabaja y Gesti\u00f3n de la Innovaci\u00f3n, por iniciativa de AutoUni, Audi AG y Volkswagen Group Research. Su <strong>dise\u00f1o se basa en 200 estudios cient\u00edficos<\/strong> de medicina, gerontolog\u00eda, ciencias del deporte y psicolog\u00eda (Dise\u00f1o Basado en Evidencia).<\/p>\n<div id=\"attachment_1030\" style=\"width: 282px\" class=\"wp-caption alignleft\"><a href=\"https:\/\/www.inforesidencias.com\/blog\/wp-content\/uploads\/2017\/03\/traje-max.jpg\"><img aria-describedby=\"caption-attachment-1030\" decoding=\"async\" loading=\"lazy\" class=\"wp-image-1030 size-full\" src=\"https:\/\/www.inforesidencias.com\/blog\/wp-content\/uploads\/2017\/03\/traje-max.jpg\" alt=\"Traje Max simulador de Edad\" width=\"272\" height=\"252\" \/><\/a><p id=\"caption-attachment-1030\" class=\"wp-caption-text\">\u00a9 Wolsfburg<\/p><\/div>\n<p>El traje MAX no es el \u00fanico que existe, sin embargo, es el \u00fanico a nivel mundial, que es capaz, por ser modular, diferenciar entre distintos franjas de edades, que permite a los destinarios que quieren usar el traje, hacer una planteamiento seg\u00fan su necesidad.<\/p>\n<p><strong>\u00bfD\u00f3nde se diferencia el Traje MAX en comparaci\u00f3n con otros trajes?<\/strong><\/p>\n<ul>\n<li>Tiene en cuenta el <strong>g\u00e9nero<\/strong>. Hay un traje para mujeres y un traje para hombres. Pues, el envejecimiento no es igual entre ambas, por ello optaron desarrollar dos trajes seg\u00fan especificaci\u00f3n de g\u00e9nero.<\/li>\n<li>Es <strong>modular<\/strong> en aquellas partes, d\u00f3nde la variaci\u00f3n del envejecimiento varia bastante.<\/li>\n<li>Tienen <strong>tres grados<\/strong> de limitaciones, que permite simular distintos franjas de edades (50 a 60, 61 a 70 y 71 a 80).<\/li>\n<li>Su desarrollo basa en <strong>evidencia<\/strong> y fue evaluado, en otros modelos comprobados falta esa transparencia. Ha obtenido el mejor resultado entre 5 trajes comprobados.<\/li>\n<li>Tienen un <strong>dise\u00f1o moderno<\/strong>.<\/li>\n<li>El <strong>tiempo de vestir y desvetir<\/strong> es menor de 10 min. por su desarrollo y material usado.<\/li>\n<\/ul>\n<p>Pues es distinto, realizar una an\u00e1lisis de puesto de trabajo de un trabajador con 50 a\u00f1os, que realizar una sensibilizaci\u00f3n de personal en una residencias, d\u00f3nde la mayor\u00eda tienen pluripatolog\u00edas, o realizar una planificaci\u00f3n urban\u00edstico, o un nuevo dise\u00f1os de una servicio, producto o entorno.<\/p>\n<p><strong>MAX<\/strong> de <strong>Biel Consulting*<\/strong>, permite sentir, a trav\u00e9s del Traje Max, en su propia piel y percibir el mundo de las personas con limitaciones a tres niveles, y tiene en cuenta las distintas evoluciones del proceso de envejecimiento de cada individuo, desde 50 hasta 80 a\u00f1os. MAX es:<\/p>\n<h2><strong>EL TRAJE MAX PERMITE SENTIR + ENTERDER = GENERAR NUEVAS IDEAS = MEJORAR<\/strong><\/h2>\n<p>*La marca MAX y el dise\u00f1o del traje modular de simulaci\u00f3n de edad se utilizan con el permiso y licencia del propietario Volkswagen AG.<\/p>\n<p><a href=\"https:\/\/www.inforesidencias.com\/blog\/wp-content\/uploads\/2017\/03\/stephan-.jpg\"><img decoding=\"async\" loading=\"lazy\" class=\" size-full wp-image-1029 alignleft\" src=\"https:\/\/www.inforesidencias.com\/blog\/wp-content\/uploads\/2017\/03\/stephan-.jpg\" alt=\"Stephan Biel\" width=\"96\" height=\"104\" \/><\/a><\/p>\n<p>&nbsp;<\/p>\n<p>Stephan Biel M.A.<\/p>\n<p>Asesor y formador de innovaci\u00f3n en gerontolog\u00eda social y cambio demogr\u00e1fico<\/p>\n<p><a href=\"http:\/\/www.bielconsulting.eu\">BC Biel Consulting<\/a><\/p>\n<p>max@bielconsulting.eu<\/p>\n","protected":false},"excerpt":{"rendered":"<p>Contamos con un bloguista invitado muy destacado, Stephan Biel que nos escribe sobre El traje modular de simulaci\u00f3n de edad MAX La poblaci\u00f3n est\u00e1 envejeciendo de una forma, que requiere soluciones que satisfagan un perfil tan cambiante y heterog\u00e9neo. Teniendo en cuenta, que cada vez m\u00e1s personas encima de 50 a\u00f1os, que quiz\u00e1s tienen que trabajar hasta 70 a\u00f1os, sin embargo, nos preguntamos: Est\u00e1n hechas los puestos de trabajos para ellos o los entornos, servicios y productos est\u00e1n adecuadas? En grandes partes la respuesta es no, y eso fue justo el inicio de MAX. Se desarroll\u00f3 en la Universidad T\u00e9cnica de Chemnitz, unidad de Ciencias de Trabaja y Gesti\u00f3n de la Innovaci\u00f3n, por iniciativa de AutoUni, Audi AG y Volkswagen Group Research. Su dise\u00f1o se basa en 200 estudios cient\u00edficos de medicina, gerontolog\u00eda, ciencias del deporte y psicolog\u00eda (Dise\u00f1o Basado en Evidencia). El traje MAX no es el \u00fanico que [&hellip;]<\/p>\n","protected":false},"author":2,"featured_media":0,"comment_status":"open","ping_status":"open","sticky":false,"template":"","format":"standard","meta":{"footnotes":""},"categories":[14,3,5],"tags":[],"yoast_head":"<!-- This site is optimized with the Yoast SEO plugin v21.7 - https:\/\/yoast.com\/wordpress\/plugins\/seo\/ -->\n<title>Traje Max, poder &quot;sentir como un mayor&quot; - Blog Inforesidencias.com<\/title>\n<meta name=\"description\" content=\"Un traje que permite a quien lo lleva &quot;sentir los efectos de la edad avanzada&quot;, el Traje Max\" \/>\n<meta name=\"robots\" content=\"index, follow, max-snippet:-1, max-image-preview:large, max-video-preview:-1\" \/>\n<link rel=\"canonical\" href=\"https:\/\/www.inforesidencias.com\/blog\/index.php\/2017\/03\/22\/traje-max-poder-sentir-como-un-mayor-es-posible\/\" \/>\n<meta property=\"og:locale\" content=\"es_ES\" \/>\n<meta property=\"og:type\" content=\"article\" \/>\n<meta property=\"og:title\" content=\"Traje Max, poder &quot;sentir como un mayor&quot; - Blog Inforesidencias.com\" \/>\n<meta property=\"og:description\" content=\"Un traje que permite a quien lo lleva &quot;sentir los efectos de la edad avanzada&quot;, el Traje Max\" \/>\n<meta property=\"og:url\" content=\"https:\/\/www.inforesidencias.com\/blog\/index.php\/2017\/03\/22\/traje-max-poder-sentir-como-un-mayor-es-posible\/\" \/>\n<meta property=\"og:site_name\" content=\"Blog Inforesidencias.com\" \/>\n<meta property=\"article:publisher\" content=\"https:\/\/www.facebook.com\/Inforesidencias\/\" \/>\n<meta property=\"article:author\" content=\"https:\/\/www.facebook.com\/josep.demarti\" \/>\n<meta property=\"article:published_time\" content=\"2017-03-22T09:01:53+00:00\" \/>\n<meta property=\"article:modified_time\" content=\"2017-03-07T23:06:47+00:00\" \/>\n<meta property=\"og:image\" content=\"https:\/\/www.inforesidencias.com\/blog\/wp-content\/uploads\/2017\/03\/traje-max.jpg\" \/>\n<meta name=\"author\" content=\"Josep de Mart\u00ed\" \/>\n<meta name=\"twitter:card\" content=\"summary_large_image\" \/>\n<meta name=\"twitter:creator\" content=\"@blog-ir\" \/>\n<meta name=\"twitter:site\" content=\"@inforesidencias\" \/>\n<meta name=\"twitter:label1\" content=\"Escrito por\" \/>\n\t<meta name=\"twitter:data1\" content=\"Josep de Mart\u00ed\" \/>\n\t<meta name=\"twitter:label2\" content=\"Tiempo de lectura\" \/>\n\t<meta name=\"twitter:data2\" content=\"2 minutos\" \/>\n<script type=\"application\/ld+json\" class=\"yoast-schema-graph\">{\"@context\":\"https:\/\/schema.org\",\"@graph\":[{\"@type\":\"WebPage\",\"@id\":\"https:\/\/www.inforesidencias.com\/blog\/index.php\/2017\/03\/22\/traje-max-poder-sentir-como-un-mayor-es-posible\/\",\"url\":\"https:\/\/www.inforesidencias.com\/blog\/index.php\/2017\/03\/22\/traje-max-poder-sentir-como-un-mayor-es-posible\/\",\"name\":\"Traje Max, poder \\\"sentir como un mayor\\\" - Blog Inforesidencias.com\",\"isPartOf\":{\"@id\":\"https:\/\/www.inforesidencias.com\/blog\/#website\"},\"datePublished\":\"2017-03-22T09:01:53+00:00\",\"dateModified\":\"2017-03-07T23:06:47+00:00\",\"author\":{\"@id\":\"https:\/\/www.inforesidencias.com\/blog\/#\/schema\/person\/9e146774d1eb3bc1c0316242a3898628\"},\"description\":\"Un traje que permite a quien lo lleva \\\"sentir los efectos de la edad avanzada\\\", el Traje Max\",\"breadcrumb\":{\"@id\":\"https:\/\/www.inforesidencias.com\/blog\/index.php\/2017\/03\/22\/traje-max-poder-sentir-como-un-mayor-es-posible\/#breadcrumb\"},\"inLanguage\":\"es\",\"potentialAction\":[{\"@type\":\"ReadAction\",\"target\":[\"https:\/\/www.inforesidencias.com\/blog\/index.php\/2017\/03\/22\/traje-max-poder-sentir-como-un-mayor-es-posible\/\"]}]},{\"@type\":\"BreadcrumbList\",\"@id\":\"https:\/\/www.inforesidencias.com\/blog\/index.php\/2017\/03\/22\/traje-max-poder-sentir-como-un-mayor-es-posible\/#breadcrumb\",\"itemListElement\":[{\"@type\":\"ListItem\",\"position\":1,\"name\":\"Home\",\"item\":\"https:\/\/www.inforesidencias.com\/blog\/\"},{\"@type\":\"ListItem\",\"position\":2,\"name\":\"Traje Max, poder \u00absentir como un mayor\u00bb\"}]},{\"@type\":\"WebSite\",\"@id\":\"https:\/\/www.inforesidencias.com\/blog\/#website\",\"url\":\"https:\/\/www.inforesidencias.com\/blog\/\",\"name\":\"Blog Inforesidencias.com\",\"description\":\"El buscador de residencias de la 3\u00aa edad\",\"potentialAction\":[{\"@type\":\"SearchAction\",\"target\":{\"@type\":\"EntryPoint\",\"urlTemplate\":\"https:\/\/www.inforesidencias.com\/blog\/?s={search_term_string}\"},\"query-input\":\"required name=search_term_string\"}],\"inLanguage\":\"es\"},{\"@type\":\"Person\",\"@id\":\"https:\/\/www.inforesidencias.com\/blog\/#\/schema\/person\/9e146774d1eb3bc1c0316242a3898628\",\"name\":\"Josep de Mart\u00ed\",\"image\":{\"@type\":\"ImageObject\",\"inLanguage\":\"es\",\"@id\":\"https:\/\/www.inforesidencias.com\/blog\/#\/schema\/person\/image\/\",\"url\":\"https:\/\/secure.gravatar.com\/avatar\/de0302c4806c00c4cebff396a798c1ff?s=96&d=mm&r=g\",\"contentUrl\":\"https:\/\/secure.gravatar.com\/avatar\/de0302c4806c00c4cebff396a798c1ff?s=96&d=mm&r=g\",\"caption\":\"Josep de Mart\u00ed\"},\"sameAs\":[\"https:\/\/www.inforesidencias.com\",\"https:\/\/www.facebook.com\/josep.demarti\",\"https:\/\/twitter.com\/blog-ir\"],\"url\":\"https:\/\/www.inforesidencias.com\/blog\/index.php\/author\/josepdemarti\/\"}]}<\/script>\n<!-- \/ Yoast SEO plugin. -->","yoast_head_json":{"title":"Traje Max, poder \"sentir como un mayor\" - Blog Inforesidencias.com","description":"Un traje que permite a quien lo lleva \"sentir los efectos de la edad avanzada\", el Traje Max","robots":{"index":"index","follow":"follow","max-snippet":"max-snippet:-1","max-image-preview":"max-image-preview:large","max-video-preview":"max-video-preview:-1"},"canonical":"https:\/\/www.inforesidencias.com\/blog\/index.php\/2017\/03\/22\/traje-max-poder-sentir-como-un-mayor-es-posible\/","og_locale":"es_ES","og_type":"article","og_title":"Traje Max, poder \"sentir como un mayor\" - Blog Inforesidencias.com","og_description":"Un traje que permite a quien lo lleva \"sentir los efectos de la edad avanzada\", el Traje Max","og_url":"https:\/\/www.inforesidencias.com\/blog\/index.php\/2017\/03\/22\/traje-max-poder-sentir-como-un-mayor-es-posible\/","og_site_name":"Blog Inforesidencias.com","article_publisher":"https:\/\/www.facebook.com\/Inforesidencias\/","article_author":"https:\/\/www.facebook.com\/josep.demarti","article_published_time":"2017-03-22T09:01:53+00:00","article_modified_time":"2017-03-07T23:06:47+00:00","og_image":[{"url":"https:\/\/www.inforesidencias.com\/blog\/wp-content\/uploads\/2017\/03\/traje-max.jpg"}],"author":"Josep de Mart\u00ed","twitter_card":"summary_large_image","twitter_creator":"@blog-ir","twitter_site":"@inforesidencias","twitter_misc":{"Escrito por":"Josep de Mart\u00ed","Tiempo de lectura":"2 minutos"},"schema":{"@context":"https:\/\/schema.org","@graph":[{"@type":"WebPage","@id":"https:\/\/www.inforesidencias.com\/blog\/index.php\/2017\/03\/22\/traje-max-poder-sentir-como-un-mayor-es-posible\/","url":"https:\/\/www.inforesidencias.com\/blog\/index.php\/2017\/03\/22\/traje-max-poder-sentir-como-un-mayor-es-posible\/","name":"Traje Max, poder \"sentir como un mayor\" - Blog Inforesidencias.com","isPartOf":{"@id":"https:\/\/www.inforesidencias.com\/blog\/#website"},"datePublished":"2017-03-22T09:01:53+00:00","dateModified":"2017-03-07T23:06:47+00:00","author":{"@id":"https:\/\/www.inforesidencias.com\/blog\/#\/schema\/person\/9e146774d1eb3bc1c0316242a3898628"},"description":"Un traje que permite a quien lo lleva \"sentir los efectos de la edad avanzada\", el Traje Max","breadcrumb":{"@id":"https:\/\/www.inforesidencias.com\/blog\/index.php\/2017\/03\/22\/traje-max-poder-sentir-como-un-mayor-es-posible\/#breadcrumb"},"inLanguage":"es","potentialAction":[{"@type":"ReadAction","target":["https:\/\/www.inforesidencias.com\/blog\/index.php\/2017\/03\/22\/traje-max-poder-sentir-como-un-mayor-es-posible\/"]}]},{"@type":"BreadcrumbList","@id":"https:\/\/www.inforesidencias.com\/blog\/index.php\/2017\/03\/22\/traje-max-poder-sentir-como-un-mayor-es-posible\/#breadcrumb","itemListElement":[{"@type":"ListItem","position":1,"name":"Home","item":"https:\/\/www.inforesidencias.com\/blog\/"},{"@type":"ListItem","position":2,"name":"Traje Max, poder \u00absentir como un mayor\u00bb"}]},{"@type":"WebSite","@id":"https:\/\/www.inforesidencias.com\/blog\/#website","url":"https:\/\/www.inforesidencias.com\/blog\/","name":"Blog Inforesidencias.com","description":"El buscador de residencias de la 3\u00aa edad","potentialAction":[{"@type":"SearchAction","target":{"@type":"EntryPoint","urlTemplate":"https:\/\/www.inforesidencias.com\/blog\/?s={search_term_string}"},"query-input":"required name=search_term_string"}],"inLanguage":"es"},{"@type":"Person","@id":"https:\/\/www.inforesidencias.com\/blog\/#\/schema\/person\/9e146774d1eb3bc1c0316242a3898628","name":"Josep de Mart\u00ed","image":{"@type":"ImageObject","inLanguage":"es","@id":"https:\/\/www.inforesidencias.com\/blog\/#\/schema\/person\/image\/","url":"https:\/\/secure.gravatar.com\/avatar\/de0302c4806c00c4cebff396a798c1ff?s=96&d=mm&r=g","contentUrl":"https:\/\/secure.gravatar.com\/avatar\/de0302c4806c00c4cebff396a798c1ff?s=96&d=mm&r=g","caption":"Josep de Mart\u00ed"},"sameAs":["https:\/\/www.inforesidencias.com","https:\/\/www.facebook.com\/josep.demarti","https:\/\/twitter.com\/blog-ir"],"url":"https:\/\/www.inforesidencias.com\/blog\/index.php\/author\/josepdemarti\/"}]}},"_links":{"self":[{"href":"https:\/\/www.inforesidencias.com\/blog\/index.php\/wp-json\/wp\/v2\/posts\/1027"}],"collection":[{"href":"https:\/\/www.inforesidencias.com\/blog\/index.php\/wp-json\/wp\/v2\/posts"}],"about":[{"href":"https:\/\/www.inforesidencias.com\/blog\/index.php\/wp-json\/wp\/v2\/types\/post"}],"author":[{"embeddable":true,"href":"https:\/\/www.inforesidencias.com\/blog\/index.php\/wp-json\/wp\/v2\/users\/2"}],"replies":[{"embeddable":true,"href":"https:\/\/www.inforesidencias.com\/blog\/index.php\/wp-json\/wp\/v2\/comments?post=1027"}],"version-history":[{"count":7,"href":"https:\/\/www.inforesidencias.com\/blog\/index.php\/wp-json\/wp\/v2\/posts\/1027\/revisions"}],"predecessor-version":[{"id":1036,"href":"https:\/\/www.inforesidencias.com\/blog\/index.php\/wp-json\/wp\/v2\/posts\/1027\/revisions\/1036"}],"wp:attachment":[{"href":"https:\/\/www.inforesidencias.com\/blog\/index.php\/wp-json\/wp\/v2\/media?parent=1027"}],"wp:term":[{"taxonomy":"category","embeddable":true,"href":"https:\/\/www.inforesidencias.com\/blog\/index.php\/wp-json\/wp\/v2\/categories?post=1027"},{"taxonomy":"post_tag","embeddable":true,"href":"https:\/\/www.inforesidencias.com\/blog\/index.php\/wp-json\/wp\/v2\/tags?post=1027"}],"curies":[{"name":"wp","href":"https:\/\/api.w.org\/{rel}","templated":true}]}}