{"id":1042,"date":"2017-03-17T11:04:27","date_gmt":"2017-03-17T11:04:27","guid":{"rendered":"https:\/\/www.inforesidencias.com\/blog\/?p=1042"},"modified":"2017-03-16T21:07:28","modified_gmt":"2017-03-16T21:07:28","slug":"el-dia-que-esteban-encontro-su-libertad","status":"publish","type":"post","link":"https:\/\/www.inforesidencias.com\/blog\/index.php\/2017\/03\/17\/el-dia-que-esteban-encontro-su-libertad\/","title":{"rendered":"El d\u00eda que Esteban encontr\u00f3 su Libertad"},"content":{"rendered":"<p>Desde Buenos Aires, <a href=\"https:\/\/www.inforesidencias.com\/blog\/index.php\/2017\/03\/07\/relatos-desde-buenos-aires-cronos-y-kairos-una-introduccion\/\">Leandro Pav\u00f3n<\/a> nos regala un bonito relato gerontol\u00f3gico que contiene un giro que ser\u00e1 vivido de forma muy diferente seg\u00fan las expectativas de cada uno. Al final una pregunta.<\/p>\n<p>El reloj persist\u00eda con su ritmo eterno ah\u00ed colgado en la pared sobre un papel tapiz que conoci\u00f3 d\u00edas mejores, ignorante pese a su ocasional campaneo de la existencia de otro tiempo\u2026a veces m\u00e1s veloz, otras m\u00e1s sutil e imperecedero.<\/p>\n<p>Afuera era posible adivinar la imagen, con el mismo \u00e1rbol con las mismas hojas ca\u00eddas, y adentro antiqu\u00edsimos porta retratos, testigos de encuentros del pasado con gente que ya no estaba, y cuya ausencia hac\u00eda doler a\u00fan m\u00e1s que su presencia pasada.<\/p>\n<p>De pronto, de entre medio de la penumbra se encontr\u00f3 con los ojos de Joao, esos ojos felinos que de tan penetrantes acababan por adquirir una sabidur\u00eda milenaria que todo lo comprend\u00eda\u2026o al menos esa era la facultad que les otorgaba Esteban, cansado de los recuerdos, de los mismos sonidos\u2026; Su problema no era quedarse en la cama, \u00e9l se levantaba pronto porque all\u00ed lo invad\u00edan los fantasmas de lo que pudo haberse hecho y no se hizo, de lo que pudo haberse dicho y no se dijo, no\u2026su problema era otro, pero un sonido lo extrajo de sus meditaciones, no muy distintas a las de todos los d\u00edas, era la pava con agua para el mate que hab\u00eda hervido porque claro, si \u00e9l no iba a apagar el fuego nadie lo har\u00eda, ni siquiera Joao, que sin embargo le transmiti\u00f3 con los ojos su plan. Un plan para que nunca m\u00e1s estuviera solo. \u00c9l como gato sab\u00eda lo que era pasar hambre y sed, la boca se hincha y cuesta respirar, un dolor que es insignificante comparado con el de la soledad. Joao le gi\u00f1\u00f3 un ojo a Esteban. Perge\u00f1ado el plan, s\u00f3lo hac\u00eda falta llevarlo a cabo.<\/p>\n<p><a href=\"https:\/\/www.inforesidencias.com\/blog\/wp-content\/uploads\/2017\/03\/hombre-con-gato.jpg\"><img decoding=\"async\" loading=\"lazy\" class=\" size-full wp-image-1045 aligncenter\" src=\"https:\/\/www.inforesidencias.com\/blog\/wp-content\/uploads\/2017\/03\/hombre-con-gato.jpg\" alt=\"Esteban y Libertad\" width=\"500\" height=\"346\" \/><\/a>Con el ejemplo a\u00fan fresco de amigos confinados al exilio, primero f\u00edsico entre las paredes de sus casas o departamentos, y espiritual entre el mutismo telef\u00f3nico y el timbre de la casa\u2026fue sencillo reconocer los s\u00edntomas. Pero algo dentro de \u00e9l se revelaba, pugnando por salir.<\/p>\n<p>El cuadro cl\u00ednico indicaba deshidrataci\u00f3n y desnutrici\u00f3n, sin embargo el cuadro que hab\u00eda pintado Esteban era muy otro, una habitaci\u00f3n en el tercer piso del Hospital Espa\u00f1ol, donde apretando un bot\u00f3n acud\u00eda un enfermero siempre amable con quien conversar. En cuanto se repuso pudo salir al patio y conversar con otra gente, de a poco las funciones f\u00edsicas fueron pasando a segundo plano, lo que importaba era la calidez humana, se respiraba vitalidad, energ\u00eda por los pasillos, y para su sorpresa hab\u00eda otros con quienes poder conversar, no solamente de enfermedades o remedios, temas de los cuales escapaba, abord\u00e1ndolos s\u00f3lo con cuentagotas como un mal necesario, cuando no quedaba otra. \u00c9l hablaba de arte, de cine, de literatura y de m\u00fasica, y as\u00ed sin darse cuenta, como de verdad ocurren los cambios significativos, pas\u00f3 de la palabra o el pensamiento al hecho, a diferencia de lo que indicaban los acontecimientos en su vida pasada, y se inscribi\u00f3 en talleres donde aprendi\u00f3 cosas nuevas, y descubri\u00f3 que otras tantas las hac\u00eda de forma intuitiva. A Esteban siempre le hab\u00eda gustado el canto, pero primero por trabajo, y luego debido la crianza de sus hijos, nunca se hab\u00eda brindado el tiempo suficiente para dedicarse a \u00e9l mismo y dar rienda suelta sus inquietudes personales. As\u00ed hizo progresos en ese campo, alcanzando un registro de canto que iba desde Frank Sinatra hasta el tenor Mario Lanza, teniendo por p\u00fablico a alguien m\u00e1s que Joao, el \u00fanico a quien echaba de menos.<\/p>\n<p>Conforme pasaban los d\u00edas y las semanas Esteban mejoraba pero ante cada visita de un m\u00e9dico exageraba los s\u00edntomas para poder quedarse, aprovechando que a menudo cambiaban de profesional, y con coherencia y continuidad en el relato de las supuestas dolencias. As\u00ed transcurrieron cien d\u00edas sin que el alta llegase y su situaci\u00f3n no se modificaba. El plan hab\u00eda funcionado a la perfecci\u00f3n.<\/p>\n<p>Pero toda teor\u00eda se desbarata en la pr\u00e1ctica, as\u00ed como todo plan se desvirt\u00faa y modifica al ser llevado a cabo en la realidad\u2026y si \u00e9sta m\u00e1xima se aplica a estadistas, pol\u00edticos, militares y economistas, tambi\u00e9n fue v\u00e1lida para Esteban, ya que surgieron consecuencias no previstas de antemano. Su comportamiento se empez\u00f3 a modificar, como ve\u00eda gente a diario sinti\u00f3 la necesidad de cuidar su aspecto, elegir mejor la ropa que vest\u00eda, de afeitarse y peinarse por las ma\u00f1anas, y descubri\u00f3 que las cosas que empez\u00f3 haciendo por los dem\u00e1s, termin\u00f3 luego haci\u00e9ndolas por \u00e9l mismo.<\/p>\n<p>Participando en el coro fue que conoci\u00f3 a Libertad, otra interna cuya edad rondar\u00eda los 79 a\u00f1os, pero eso s\u00f3lo se notaba si se le\u00eda su libreta c\u00edvica, porque en su cara albergaba la secreta esperanza de seguir amando como lo hab\u00eda hecho toda su vida, de compartir todo lo que a\u00fan sent\u00eda que ten\u00eda para dar. Y con Esteban compartieron discusiones, ya que a ambos les apasionaba el tango, pero a \u00e9l le gustaba Piazzolla, y para Libertad eso no era tango, ya que le gustaba m\u00e1s el baile y las orquestas t\u00edpicas de las cuales a\u00fan abundan por Buenos Aires. As\u00ed fue que discutiendo algunas veces, y otras encontrando gustos en com\u00fan, redescubrieron el placer de conocer a alguien nuevo y del mismo modo reencontrarse con facetas de uno mismo olvidadas y puestas en un caj\u00f3n del escritorio.<\/p>\n<p>Libertad tambi\u00e9n ten\u00eda sus estigmas que sobrellevaba con el uso excesivo de medicamentos, calmantes que si bien se inician con el objeto de callar el dolor terminan por callar la voz interna que nos define. Esteban empez\u00f3 a pasar m\u00e1s y m\u00e1s tiempo con Libertad, se sorprendi\u00f3 sintiendo cosas que jam\u00e1s pens\u00f3 que volviera a sentir, as\u00ed como otras que directamente no hab\u00eda experimentado nunca, como el placer por compartir con la otra persona, la satisfacci\u00f3n de ver un momento de felicidad en el rostro que esta frente nuestro y sentirse as\u00ed part\u00edcipe de ese suceso. Una vez que conocieron mejor sus vidas pudieron comenzar otra nueva juntos, ella tambi\u00e9n mejor\u00f3 su aspecto y actitud con los otros tanto como dej\u00f3 de depender de algunos medicamentos, y fue as\u00ed como un d\u00eda sorprendieron a todos al pedir autorizaci\u00f3n al director del centro geri\u00e1trico para contraer matrimonio, ante lo cual surgieron muchos contratiempos, administrativos y tambi\u00e9n los propios prejuicios del personal del instituto. El director, consternado y confundido trat\u00f3 de disuadirlos, cuando no pudo consult\u00f3 a sus autoridades las cuales fueron m\u00e1s permisivas y lo \u201cautorizaron\u201d a oficiar una ceremonia que ser\u00eda inocua desde el punto de vista legal, pero suficientemente convincente para satisfacer el deseo que los internos tan respetuosamente hab\u00edan solicitado. Con respecto al personal\u2026tuvieron que acostumbrarse a los cambios para los cuales no los hab\u00edan preparado en la universidad. Pero Esteban y Libertad se hab\u00edan ganado el afecto de todos, sorteando los imprevistos con altura, especialmente ante quienes no conceb\u00edan la sexualidad como propia de la vejez. El coro particip\u00f3 en la ceremonia, y si alguna autoridad se atrev\u00eda a cuestionar tama\u00f1a irregularidad \u00e9l respond\u00eda: \u201cCasarse es para toda la vida, y si eso es irregular en nuestro caso la contravenci\u00f3n no durar\u00e1 mucho.\u201d Y dejaban mudos a sus detractores, mientras Libertad re\u00eda.<\/p>\n<p>La historia de Esteban y Libertad lejos de perjudicar el nombre del instituto contribuy\u00f3 a cimentar su fama de revolucionario en t\u00e9cnicas gerontol\u00f3gicas, ense\u00f1ando la lecci\u00f3n de que a veces salirse de las reglas nos recuerda el origen olvidado de toda instituci\u00f3n: el bien de las personas. Porque hasta terminaron compartiendo una habitaci\u00f3n como todo matrimonio que se precie.<\/p>\n<p>De pronto el lugar era menos fr\u00edo, menos impersonal, era su casa y sus compa\u00f1eros sus amigos. Una planta propia para regar y de la cual hacerse cargo todos los d\u00edas, y que cuando menos lo esperaban les regalaba una flor\u2026s\u00f3lo faltaba un animalito, lucha en la cual Esteban no pudo embarcarse para que se lo dejaran tener porque falleci\u00f3 antes.<\/p>\n<p>Libertad supo que hay dolores a los cuales uno no se acostumbra nunca, la repetici\u00f3n no los hace menos profundos, como podr\u00eda uno pensar. \u201cPero una no es la misma\u201d, pens\u00f3, y es que cada cosa que nos sucede, cada persona con la que tenemos contacto nos modifica, enriquece nuestro mundo, aport\u00e1ndonos su visi\u00f3n. Y si bien segu\u00eda sin gustarle Piazzolla, Esteban estar\u00eda con ella para siempre con sus palabras y su voz\u2026resonando en su cabeza y eso la hac\u00eda feliz.<\/p>\n<p>Joao se despert\u00f3 tras dormir la siesta bajo una parra. Los d\u00edas de bonanza hab\u00edan terminado, no m\u00e1s comida caliente, deb\u00eda buscar su alimento y eso despert\u00f3 sus sentidos otra vez, sab\u00eda que si Esteban no hab\u00eda vuelto era que el plan se hab\u00eda cumplido, y \u00e9sa sensaci\u00f3n le record\u00f3 a algo que los humanos llaman felicidad.<\/p>\n<p>&nbsp;<\/p>\n<p>La pregunta: \u00a0\u00bfQue os parecen las reacciones ante la boda?<\/p>\n","protected":false},"excerpt":{"rendered":"<p>Desde Buenos Aires, Leandro Pav\u00f3n nos regala un bonito relato gerontol\u00f3gico que contiene un giro que ser\u00e1 vivido de forma muy diferente seg\u00fan las expectativas de cada uno. Al final una pregunta. El reloj persist\u00eda con su ritmo eterno ah\u00ed colgado en la pared sobre un papel tapiz que conoci\u00f3 d\u00edas mejores, ignorante pese a su ocasional campaneo de la existencia de otro tiempo\u2026a veces m\u00e1s veloz, otras m\u00e1s sutil e imperecedero. Afuera era posible adivinar la imagen, con el mismo \u00e1rbol con las mismas hojas ca\u00eddas, y adentro antiqu\u00edsimos porta retratos, testigos de encuentros del pasado con gente que ya no estaba, y cuya ausencia hac\u00eda doler a\u00fan m\u00e1s que su presencia pasada. De pronto, de entre medio de la penumbra se encontr\u00f3 con los ojos de Joao, esos ojos felinos que de tan penetrantes acababan por adquirir una sabidur\u00eda milenaria que todo lo comprend\u00eda\u2026o al menos esa era [&hellip;]<\/p>\n","protected":false},"author":2,"featured_media":1043,"comment_status":"open","ping_status":"open","sticky":false,"template":"","format":"standard","meta":{"footnotes":""},"categories":[14,5],"tags":[],"yoast_head":"<!-- This site is optimized with the Yoast SEO plugin v21.7 - https:\/\/yoast.com\/wordpress\/plugins\/seo\/ -->\n<title>El d\u00eda que Esteban encontr\u00f3 su Libertad - Blog Inforesidencias.com<\/title>\n<meta name=\"description\" content=\"Un relato gerontol\u00f3gico de Leandro Pav\u00f3n, Esteban y Libertad\" \/>\n<meta name=\"robots\" content=\"index, follow, max-snippet:-1, max-image-preview:large, max-video-preview:-1\" \/>\n<link rel=\"canonical\" href=\"https:\/\/www.inforesidencias.com\/blog\/index.php\/2017\/03\/17\/el-dia-que-esteban-encontro-su-libertad\/\" \/>\n<meta property=\"og:locale\" content=\"es_ES\" \/>\n<meta property=\"og:type\" content=\"article\" \/>\n<meta property=\"og:title\" content=\"El d\u00eda que Esteban encontr\u00f3 su Libertad - Blog Inforesidencias.com\" \/>\n<meta property=\"og:description\" content=\"Un relato gerontol\u00f3gico de Leandro Pav\u00f3n, Esteban y Libertad\" \/>\n<meta property=\"og:url\" content=\"https:\/\/www.inforesidencias.com\/blog\/index.php\/2017\/03\/17\/el-dia-que-esteban-encontro-su-libertad\/\" \/>\n<meta property=\"og:site_name\" content=\"Blog Inforesidencias.com\" \/>\n<meta property=\"article:publisher\" content=\"https:\/\/www.facebook.com\/Inforesidencias\/\" \/>\n<meta property=\"article:author\" content=\"https:\/\/www.facebook.com\/josep.demarti\" \/>\n<meta property=\"article:published_time\" content=\"2017-03-17T11:04:27+00:00\" \/>\n<meta property=\"article:modified_time\" content=\"2017-03-16T21:07:28+00:00\" \/>\n<meta property=\"og:image\" content=\"https:\/\/www.inforesidencias.com\/blog\/wp-content\/uploads\/2017\/03\/leandro-pavon.jpeg\" \/>\n\t<meta property=\"og:image:width\" content=\"640\" \/>\n\t<meta property=\"og:image:height\" content=\"640\" \/>\n\t<meta property=\"og:image:type\" content=\"image\/jpeg\" \/>\n<meta name=\"author\" content=\"Josep de Mart\u00ed\" \/>\n<meta name=\"twitter:card\" content=\"summary_large_image\" \/>\n<meta name=\"twitter:creator\" content=\"@blog-ir\" \/>\n<meta name=\"twitter:site\" content=\"@inforesidencias\" \/>\n<meta name=\"twitter:label1\" content=\"Escrito por\" \/>\n\t<meta name=\"twitter:data1\" content=\"Josep de Mart\u00ed\" \/>\n\t<meta name=\"twitter:label2\" content=\"Tiempo de lectura\" \/>\n\t<meta name=\"twitter:data2\" content=\"8 minutos\" \/>\n<script type=\"application\/ld+json\" class=\"yoast-schema-graph\">{\"@context\":\"https:\/\/schema.org\",\"@graph\":[{\"@type\":\"WebPage\",\"@id\":\"https:\/\/www.inforesidencias.com\/blog\/index.php\/2017\/03\/17\/el-dia-que-esteban-encontro-su-libertad\/\",\"url\":\"https:\/\/www.inforesidencias.com\/blog\/index.php\/2017\/03\/17\/el-dia-que-esteban-encontro-su-libertad\/\",\"name\":\"El d\u00eda que Esteban encontr\u00f3 su Libertad - Blog Inforesidencias.com\",\"isPartOf\":{\"@id\":\"https:\/\/www.inforesidencias.com\/blog\/#website\"},\"datePublished\":\"2017-03-17T11:04:27+00:00\",\"dateModified\":\"2017-03-16T21:07:28+00:00\",\"author\":{\"@id\":\"https:\/\/www.inforesidencias.com\/blog\/#\/schema\/person\/9e146774d1eb3bc1c0316242a3898628\"},\"description\":\"Un relato gerontol\u00f3gico de Leandro Pav\u00f3n, Esteban y Libertad\",\"breadcrumb\":{\"@id\":\"https:\/\/www.inforesidencias.com\/blog\/index.php\/2017\/03\/17\/el-dia-que-esteban-encontro-su-libertad\/#breadcrumb\"},\"inLanguage\":\"es\",\"potentialAction\":[{\"@type\":\"ReadAction\",\"target\":[\"https:\/\/www.inforesidencias.com\/blog\/index.php\/2017\/03\/17\/el-dia-que-esteban-encontro-su-libertad\/\"]}]},{\"@type\":\"BreadcrumbList\",\"@id\":\"https:\/\/www.inforesidencias.com\/blog\/index.php\/2017\/03\/17\/el-dia-que-esteban-encontro-su-libertad\/#breadcrumb\",\"itemListElement\":[{\"@type\":\"ListItem\",\"position\":1,\"name\":\"Home\",\"item\":\"https:\/\/www.inforesidencias.com\/blog\/\"},{\"@type\":\"ListItem\",\"position\":2,\"name\":\"El d\u00eda que Esteban encontr\u00f3 su Libertad\"}]},{\"@type\":\"WebSite\",\"@id\":\"https:\/\/www.inforesidencias.com\/blog\/#website\",\"url\":\"https:\/\/www.inforesidencias.com\/blog\/\",\"name\":\"Blog Inforesidencias.com\",\"description\":\"El buscador de residencias de la 3\u00aa edad\",\"potentialAction\":[{\"@type\":\"SearchAction\",\"target\":{\"@type\":\"EntryPoint\",\"urlTemplate\":\"https:\/\/www.inforesidencias.com\/blog\/?s={search_term_string}\"},\"query-input\":\"required name=search_term_string\"}],\"inLanguage\":\"es\"},{\"@type\":\"Person\",\"@id\":\"https:\/\/www.inforesidencias.com\/blog\/#\/schema\/person\/9e146774d1eb3bc1c0316242a3898628\",\"name\":\"Josep de Mart\u00ed\",\"image\":{\"@type\":\"ImageObject\",\"inLanguage\":\"es\",\"@id\":\"https:\/\/www.inforesidencias.com\/blog\/#\/schema\/person\/image\/\",\"url\":\"https:\/\/secure.gravatar.com\/avatar\/de0302c4806c00c4cebff396a798c1ff?s=96&d=mm&r=g\",\"contentUrl\":\"https:\/\/secure.gravatar.com\/avatar\/de0302c4806c00c4cebff396a798c1ff?s=96&d=mm&r=g\",\"caption\":\"Josep de Mart\u00ed\"},\"sameAs\":[\"https:\/\/www.inforesidencias.com\",\"https:\/\/www.facebook.com\/josep.demarti\",\"https:\/\/twitter.com\/blog-ir\"],\"url\":\"https:\/\/www.inforesidencias.com\/blog\/index.php\/author\/josepdemarti\/\"}]}<\/script>\n<!-- \/ Yoast SEO plugin. -->","yoast_head_json":{"title":"El d\u00eda que Esteban encontr\u00f3 su Libertad - Blog Inforesidencias.com","description":"Un relato gerontol\u00f3gico de Leandro Pav\u00f3n, Esteban y Libertad","robots":{"index":"index","follow":"follow","max-snippet":"max-snippet:-1","max-image-preview":"max-image-preview:large","max-video-preview":"max-video-preview:-1"},"canonical":"https:\/\/www.inforesidencias.com\/blog\/index.php\/2017\/03\/17\/el-dia-que-esteban-encontro-su-libertad\/","og_locale":"es_ES","og_type":"article","og_title":"El d\u00eda que Esteban encontr\u00f3 su Libertad - Blog Inforesidencias.com","og_description":"Un relato gerontol\u00f3gico de Leandro Pav\u00f3n, Esteban y Libertad","og_url":"https:\/\/www.inforesidencias.com\/blog\/index.php\/2017\/03\/17\/el-dia-que-esteban-encontro-su-libertad\/","og_site_name":"Blog Inforesidencias.com","article_publisher":"https:\/\/www.facebook.com\/Inforesidencias\/","article_author":"https:\/\/www.facebook.com\/josep.demarti","article_published_time":"2017-03-17T11:04:27+00:00","article_modified_time":"2017-03-16T21:07:28+00:00","og_image":[{"width":640,"height":640,"url":"https:\/\/www.inforesidencias.com\/blog\/wp-content\/uploads\/2017\/03\/leandro-pavon.jpeg","type":"image\/jpeg"}],"author":"Josep de Mart\u00ed","twitter_card":"summary_large_image","twitter_creator":"@blog-ir","twitter_site":"@inforesidencias","twitter_misc":{"Escrito por":"Josep de Mart\u00ed","Tiempo de lectura":"8 minutos"},"schema":{"@context":"https:\/\/schema.org","@graph":[{"@type":"WebPage","@id":"https:\/\/www.inforesidencias.com\/blog\/index.php\/2017\/03\/17\/el-dia-que-esteban-encontro-su-libertad\/","url":"https:\/\/www.inforesidencias.com\/blog\/index.php\/2017\/03\/17\/el-dia-que-esteban-encontro-su-libertad\/","name":"El d\u00eda que Esteban encontr\u00f3 su Libertad - Blog Inforesidencias.com","isPartOf":{"@id":"https:\/\/www.inforesidencias.com\/blog\/#website"},"datePublished":"2017-03-17T11:04:27+00:00","dateModified":"2017-03-16T21:07:28+00:00","author":{"@id":"https:\/\/www.inforesidencias.com\/blog\/#\/schema\/person\/9e146774d1eb3bc1c0316242a3898628"},"description":"Un relato gerontol\u00f3gico de Leandro Pav\u00f3n, Esteban y Libertad","breadcrumb":{"@id":"https:\/\/www.inforesidencias.com\/blog\/index.php\/2017\/03\/17\/el-dia-que-esteban-encontro-su-libertad\/#breadcrumb"},"inLanguage":"es","potentialAction":[{"@type":"ReadAction","target":["https:\/\/www.inforesidencias.com\/blog\/index.php\/2017\/03\/17\/el-dia-que-esteban-encontro-su-libertad\/"]}]},{"@type":"BreadcrumbList","@id":"https:\/\/www.inforesidencias.com\/blog\/index.php\/2017\/03\/17\/el-dia-que-esteban-encontro-su-libertad\/#breadcrumb","itemListElement":[{"@type":"ListItem","position":1,"name":"Home","item":"https:\/\/www.inforesidencias.com\/blog\/"},{"@type":"ListItem","position":2,"name":"El d\u00eda que Esteban encontr\u00f3 su Libertad"}]},{"@type":"WebSite","@id":"https:\/\/www.inforesidencias.com\/blog\/#website","url":"https:\/\/www.inforesidencias.com\/blog\/","name":"Blog Inforesidencias.com","description":"El buscador de residencias de la 3\u00aa edad","potentialAction":[{"@type":"SearchAction","target":{"@type":"EntryPoint","urlTemplate":"https:\/\/www.inforesidencias.com\/blog\/?s={search_term_string}"},"query-input":"required name=search_term_string"}],"inLanguage":"es"},{"@type":"Person","@id":"https:\/\/www.inforesidencias.com\/blog\/#\/schema\/person\/9e146774d1eb3bc1c0316242a3898628","name":"Josep de Mart\u00ed","image":{"@type":"ImageObject","inLanguage":"es","@id":"https:\/\/www.inforesidencias.com\/blog\/#\/schema\/person\/image\/","url":"https:\/\/secure.gravatar.com\/avatar\/de0302c4806c00c4cebff396a798c1ff?s=96&d=mm&r=g","contentUrl":"https:\/\/secure.gravatar.com\/avatar\/de0302c4806c00c4cebff396a798c1ff?s=96&d=mm&r=g","caption":"Josep de Mart\u00ed"},"sameAs":["https:\/\/www.inforesidencias.com","https:\/\/www.facebook.com\/josep.demarti","https:\/\/twitter.com\/blog-ir"],"url":"https:\/\/www.inforesidencias.com\/blog\/index.php\/author\/josepdemarti\/"}]}},"_links":{"self":[{"href":"https:\/\/www.inforesidencias.com\/blog\/index.php\/wp-json\/wp\/v2\/posts\/1042"}],"collection":[{"href":"https:\/\/www.inforesidencias.com\/blog\/index.php\/wp-json\/wp\/v2\/posts"}],"about":[{"href":"https:\/\/www.inforesidencias.com\/blog\/index.php\/wp-json\/wp\/v2\/types\/post"}],"author":[{"embeddable":true,"href":"https:\/\/www.inforesidencias.com\/blog\/index.php\/wp-json\/wp\/v2\/users\/2"}],"replies":[{"embeddable":true,"href":"https:\/\/www.inforesidencias.com\/blog\/index.php\/wp-json\/wp\/v2\/comments?post=1042"}],"version-history":[{"count":2,"href":"https:\/\/www.inforesidencias.com\/blog\/index.php\/wp-json\/wp\/v2\/posts\/1042\/revisions"}],"predecessor-version":[{"id":1046,"href":"https:\/\/www.inforesidencias.com\/blog\/index.php\/wp-json\/wp\/v2\/posts\/1042\/revisions\/1046"}],"wp:featuredmedia":[{"embeddable":true,"href":"https:\/\/www.inforesidencias.com\/blog\/index.php\/wp-json\/wp\/v2\/media\/1043"}],"wp:attachment":[{"href":"https:\/\/www.inforesidencias.com\/blog\/index.php\/wp-json\/wp\/v2\/media?parent=1042"}],"wp:term":[{"taxonomy":"category","embeddable":true,"href":"https:\/\/www.inforesidencias.com\/blog\/index.php\/wp-json\/wp\/v2\/categories?post=1042"},{"taxonomy":"post_tag","embeddable":true,"href":"https:\/\/www.inforesidencias.com\/blog\/index.php\/wp-json\/wp\/v2\/tags?post=1042"}],"curies":[{"name":"wp","href":"https:\/\/api.w.org\/{rel}","templated":true}]}}