{"id":1060,"date":"2017-04-03T10:41:21","date_gmt":"2017-04-03T10:41:21","guid":{"rendered":"https:\/\/www.inforesidencias.com\/blog\/?p=1060"},"modified":"2017-04-01T16:41:40","modified_gmt":"2017-04-01T16:41:40","slug":"entrenamiento-de-la-memoria-2","status":"publish","type":"post","link":"https:\/\/www.inforesidencias.com\/blog\/index.php\/2017\/04\/03\/entrenamiento-de-la-memoria-2\/","title":{"rendered":"El efecto protector del entrenamiento de la memoria"},"content":{"rendered":"<h2><strong>\u00bfEl entrenamiento de la memoria es un efecto protector?<\/strong><\/h2>\n<p>Contamos como bloguista invitada a Cristina Vidal-Mart\u00ed, doctora en psicolog\u00eda y autora de un libro muy recomendable para profesionales que trabajan en el campo de la atenci\u00f3n a personas mayores en residencias, centros de d\u00eda o en domicilios: \u00a0\u201c<a href=\"https:\/\/www.casadellibro.com\/afiliados\/homeAfiliado?ca=258&amp;idproducto=2608698\">Entrena tu memoria. 100 preguntas, 100 respuestas y 100 actividades<\/a>\u201d<\/p>\n<div id=\"attachment_1062\" style=\"width: 360px\" class=\"wp-caption alignright\"><a href=\"https:\/\/www.inforesidencias.com\/blog\/wp-content\/uploads\/2017\/04\/entrena-memoria.jpg\"><img aria-describedby=\"caption-attachment-1062\" decoding=\"async\" loading=\"lazy\" class=\"wp-image-1062\" src=\"https:\/\/www.inforesidencias.com\/blog\/wp-content\/uploads\/2017\/04\/entrena-memoria.jpg\" alt=\"Un libro pr\u00e1ctico sobre entrenamiento de la memoria\" width=\"350\" height=\"353\" \/><\/a><p id=\"caption-attachment-1062\" class=\"wp-caption-text\">Libro muy recomendable sobre entrenamiento de la memoria.<\/p><\/div>\n<p>En nuestro d\u00eda a d\u00eda, escuchamos que un proceso de entrenamiento de la memoria tiene un efecto protector. Esta afirmaci\u00f3n que es aceptada por un gran n\u00famero de investigaciones, a nuestro entender, necesita ser matizada con el fin de cumplir sus objetivos. Estos matices no radican en el enunciado en s\u00ed, sino en su significado y en la manera de concebir el entrenamiento.<\/p>\n<p>Se entiende por entrenamiento de la memoria el proceso sistematizado con una intencionalidad, un fin, que tiene como objetivo final, como meta, mejorar el rendimiento de las funciones cognitivas. Hay distintas formas de entrenamiento: individual, grupal, centrado en los olvidos cotidianos, multidimensional \u2013 se valoran y se tienen en consideraci\u00f3n todas las dimensiones de la persona: afectivo y sexual, social y relacional, f\u00edsica e intelectual- unidimensional, unifactorial o multifactorial \u2013 hay distintos factores y estrategias de memorizaci\u00f3n.<\/p>\n<p>Estas distintas formas de entrenamiento condicionan los objetivos, contenidos, la duraci\u00f3n y el resto de elementos organizativos y educativos. Sin embargo, para que un entrenamiento sea eficaz debe cumplir como m\u00ednimo tres requisitos.<\/p>\n<h2>Los tres requisitos del entrenamiento de la memoria<\/h2>\n<p>Un primer requisito es la continuidad. Un entrenamiento continuado en el tiempo, de manera sistematizada, facilita la motivaci\u00f3n de la persona. La persona en este trabajo continuo puede ver sus logros a corto y medio plazo, situaci\u00f3n que puede favorecer que siga entrenando su memoria.<\/p>\n<p>El segundo requisito es el grado de dificultad. Un aumento continuado de la dificultad promociona la implicaci\u00f3n de la persona en su proceso de entrenamiento porque se plantea nuevos retos y nuevas posibilidades a resolver. Se recomienda partir de un nivel acorde a sus capacidades e incrementar su dificultad de manera progresiva.<\/p>\n<p>Un tercer requisito es la variedad. A nuestro entender, la variedad es riqueza y permite un entrenamiento m\u00e1s global, m\u00e1s integral que dota a la persona de nuevos recursos y elementos para optimizar su memoria. A su vez, la variedad es contraposici\u00f3n de monoton\u00eda, posible aburrimiento.<\/p>\n<p>Antes de concluir, es conveniente clarificar el concepto <em>efecto protector<\/em>. Este t\u00e9rmino es distinto a la causalidad o al factor causal. El efecto protector significa menos probabilidad, un menor riesgo de padecer una demencia. Sin embargo, no debemos confundir una baja probabilidad con un hecho; es decir, entrenar la memoria y las funciones cognitivas es positivo para la salud de la persona, pero hay personas que desgraciadamente y por distintos motivos desencadenan un cuadro demencial habiendo dedicado tiempo al entrenamiento y al cultivo intelectual de su mente.<\/p>\n<p>En resumen, el entreno de la memoria es un factor protector. Se recomienda que se inicie este tipo de actividad de car\u00e1cter intelectual en la etapa adulta con cierta continuidad, realizando actividades de distinta \u00edndole y con un aumento gradual de su dificultad. El libro \u201c<em>Entrena tu memoria. 100 preguntas, 100 respuestas y 100 actividades<\/em>\u201d puede ser un buen recurso para empezar este proceso de entrenamiento y no esperar a ser de la tercera edad.<\/p>\n<h2>Un libro sobre entrenamiento de la memoria recomendado por Inforesidencias.com<\/h2>\n<p><strong>Cristina Vidal-Mart\u00ed. <\/strong>Educadora social y psic\u00f3loga. Autora del libro \u201c<a href=\"https:\/\/www.casadellibro.com\/afiliados\/homeAfiliado?ca=258&amp;idproducto=2608698\">Entrena tu memoria. 100 preguntas, 100 respuestas y 100 actividades<\/a>\u201d publicado en Ediciones Invisibles. Una herramienta de gran ayuda para trabajar en <strong>entrenamiento de la memoria<\/strong>.<\/p>\n","protected":false},"excerpt":{"rendered":"<p>\u00bfEl entrenamiento de la memoria es un efecto protector? Contamos como bloguista invitada a Cristina Vidal-Mart\u00ed, doctora en psicolog\u00eda y autora de un libro muy recomendable para profesionales que trabajan en el campo de la atenci\u00f3n a personas mayores en residencias, centros de d\u00eda o en domicilios: \u00a0\u201cEntrena tu memoria. 100 preguntas, 100 respuestas y 100 actividades\u201d En nuestro d\u00eda a d\u00eda, escuchamos que un proceso de entrenamiento de la memoria tiene un efecto protector. Esta afirmaci\u00f3n que es aceptada por un gran n\u00famero de investigaciones, a nuestro entender, necesita ser matizada con el fin de cumplir sus objetivos. Estos matices no radican en el enunciado en s\u00ed, sino en su significado y en la manera de concebir el entrenamiento. Se entiende por entrenamiento de la memoria el proceso sistematizado con una intencionalidad, un fin, que tiene como objetivo final, como meta, mejorar el rendimiento de las funciones cognitivas. Hay [&hellip;]<\/p>\n","protected":false},"author":2,"featured_media":1062,"comment_status":"open","ping_status":"open","sticky":false,"template":"","format":"standard","meta":{"footnotes":""},"categories":[14],"tags":[56,24],"yoast_head":"<!-- This site is optimized with the Yoast SEO plugin v21.7 - https:\/\/yoast.com\/wordpress\/plugins\/seo\/ -->\n<title>El efecto protector del entrenamiento de la memoria - Blog Inforesidencias.com<\/title>\n<meta name=\"description\" content=\"El entrenamiento de la memoria tiene un gran efecto protector y preventivo en personas j\u00f3venes y mayores.\" \/>\n<meta name=\"robots\" content=\"index, follow, max-snippet:-1, max-image-preview:large, max-video-preview:-1\" \/>\n<link rel=\"canonical\" href=\"https:\/\/www.inforesidencias.com\/blog\/index.php\/2017\/04\/03\/entrenamiento-de-la-memoria-2\/\" \/>\n<meta property=\"og:locale\" content=\"es_ES\" \/>\n<meta property=\"og:type\" content=\"article\" \/>\n<meta property=\"og:title\" content=\"El efecto protector del entrenamiento de la memoria - Blog Inforesidencias.com\" \/>\n<meta property=\"og:description\" content=\"El entrenamiento de la memoria tiene un gran efecto protector y preventivo en personas j\u00f3venes y mayores.\" \/>\n<meta property=\"og:url\" content=\"https:\/\/www.inforesidencias.com\/blog\/index.php\/2017\/04\/03\/entrenamiento-de-la-memoria-2\/\" \/>\n<meta property=\"og:site_name\" content=\"Blog Inforesidencias.com\" \/>\n<meta property=\"article:publisher\" content=\"https:\/\/www.facebook.com\/Inforesidencias\/\" \/>\n<meta property=\"article:author\" content=\"https:\/\/www.facebook.com\/josep.demarti\" \/>\n<meta property=\"article:published_time\" content=\"2017-04-03T10:41:21+00:00\" \/>\n<meta property=\"article:modified_time\" content=\"2017-04-01T16:41:40+00:00\" \/>\n<meta property=\"og:image\" content=\"https:\/\/www.inforesidencias.com\/blog\/wp-content\/uploads\/2017\/04\/entrena-memoria.jpg\" \/>\n\t<meta property=\"og:image:width\" content=\"400\" \/>\n\t<meta property=\"og:image:height\" content=\"403\" \/>\n\t<meta property=\"og:image:type\" content=\"image\/jpeg\" \/>\n<meta name=\"author\" content=\"Josep de Mart\u00ed\" \/>\n<meta name=\"twitter:card\" content=\"summary_large_image\" \/>\n<meta name=\"twitter:creator\" content=\"@blog-ir\" \/>\n<meta name=\"twitter:site\" content=\"@inforesidencias\" \/>\n<meta name=\"twitter:label1\" content=\"Escrito por\" \/>\n\t<meta name=\"twitter:data1\" content=\"Josep de Mart\u00ed\" \/>\n\t<meta name=\"twitter:label2\" content=\"Tiempo de lectura\" \/>\n\t<meta name=\"twitter:data2\" content=\"3 minutos\" \/>\n<script type=\"application\/ld+json\" class=\"yoast-schema-graph\">{\"@context\":\"https:\/\/schema.org\",\"@graph\":[{\"@type\":\"WebPage\",\"@id\":\"https:\/\/www.inforesidencias.com\/blog\/index.php\/2017\/04\/03\/entrenamiento-de-la-memoria-2\/\",\"url\":\"https:\/\/www.inforesidencias.com\/blog\/index.php\/2017\/04\/03\/entrenamiento-de-la-memoria-2\/\",\"name\":\"El efecto protector del entrenamiento de la memoria - Blog Inforesidencias.com\",\"isPartOf\":{\"@id\":\"https:\/\/www.inforesidencias.com\/blog\/#website\"},\"datePublished\":\"2017-04-03T10:41:21+00:00\",\"dateModified\":\"2017-04-01T16:41:40+00:00\",\"author\":{\"@id\":\"https:\/\/www.inforesidencias.com\/blog\/#\/schema\/person\/9e146774d1eb3bc1c0316242a3898628\"},\"description\":\"El entrenamiento de la memoria tiene un gran efecto protector y preventivo en personas j\u00f3venes y mayores.\",\"breadcrumb\":{\"@id\":\"https:\/\/www.inforesidencias.com\/blog\/index.php\/2017\/04\/03\/entrenamiento-de-la-memoria-2\/#breadcrumb\"},\"inLanguage\":\"es\",\"potentialAction\":[{\"@type\":\"ReadAction\",\"target\":[\"https:\/\/www.inforesidencias.com\/blog\/index.php\/2017\/04\/03\/entrenamiento-de-la-memoria-2\/\"]}]},{\"@type\":\"BreadcrumbList\",\"@id\":\"https:\/\/www.inforesidencias.com\/blog\/index.php\/2017\/04\/03\/entrenamiento-de-la-memoria-2\/#breadcrumb\",\"itemListElement\":[{\"@type\":\"ListItem\",\"position\":1,\"name\":\"Home\",\"item\":\"https:\/\/www.inforesidencias.com\/blog\/\"},{\"@type\":\"ListItem\",\"position\":2,\"name\":\"El efecto protector del entrenamiento de la memoria\"}]},{\"@type\":\"WebSite\",\"@id\":\"https:\/\/www.inforesidencias.com\/blog\/#website\",\"url\":\"https:\/\/www.inforesidencias.com\/blog\/\",\"name\":\"Blog Inforesidencias.com\",\"description\":\"El buscador de residencias de la 3\u00aa edad\",\"potentialAction\":[{\"@type\":\"SearchAction\",\"target\":{\"@type\":\"EntryPoint\",\"urlTemplate\":\"https:\/\/www.inforesidencias.com\/blog\/?s={search_term_string}\"},\"query-input\":\"required name=search_term_string\"}],\"inLanguage\":\"es\"},{\"@type\":\"Person\",\"@id\":\"https:\/\/www.inforesidencias.com\/blog\/#\/schema\/person\/9e146774d1eb3bc1c0316242a3898628\",\"name\":\"Josep de Mart\u00ed\",\"image\":{\"@type\":\"ImageObject\",\"inLanguage\":\"es\",\"@id\":\"https:\/\/www.inforesidencias.com\/blog\/#\/schema\/person\/image\/\",\"url\":\"https:\/\/secure.gravatar.com\/avatar\/de0302c4806c00c4cebff396a798c1ff?s=96&d=mm&r=g\",\"contentUrl\":\"https:\/\/secure.gravatar.com\/avatar\/de0302c4806c00c4cebff396a798c1ff?s=96&d=mm&r=g\",\"caption\":\"Josep de Mart\u00ed\"},\"sameAs\":[\"https:\/\/www.inforesidencias.com\",\"https:\/\/www.facebook.com\/josep.demarti\",\"https:\/\/twitter.com\/blog-ir\"],\"url\":\"https:\/\/www.inforesidencias.com\/blog\/index.php\/author\/josepdemarti\/\"}]}<\/script>\n<!-- \/ Yoast SEO plugin. -->","yoast_head_json":{"title":"El efecto protector del entrenamiento de la memoria - Blog Inforesidencias.com","description":"El entrenamiento de la memoria tiene un gran efecto protector y preventivo en personas j\u00f3venes y mayores.","robots":{"index":"index","follow":"follow","max-snippet":"max-snippet:-1","max-image-preview":"max-image-preview:large","max-video-preview":"max-video-preview:-1"},"canonical":"https:\/\/www.inforesidencias.com\/blog\/index.php\/2017\/04\/03\/entrenamiento-de-la-memoria-2\/","og_locale":"es_ES","og_type":"article","og_title":"El efecto protector del entrenamiento de la memoria - Blog Inforesidencias.com","og_description":"El entrenamiento de la memoria tiene un gran efecto protector y preventivo en personas j\u00f3venes y mayores.","og_url":"https:\/\/www.inforesidencias.com\/blog\/index.php\/2017\/04\/03\/entrenamiento-de-la-memoria-2\/","og_site_name":"Blog Inforesidencias.com","article_publisher":"https:\/\/www.facebook.com\/Inforesidencias\/","article_author":"https:\/\/www.facebook.com\/josep.demarti","article_published_time":"2017-04-03T10:41:21+00:00","article_modified_time":"2017-04-01T16:41:40+00:00","og_image":[{"width":400,"height":403,"url":"https:\/\/www.inforesidencias.com\/blog\/wp-content\/uploads\/2017\/04\/entrena-memoria.jpg","type":"image\/jpeg"}],"author":"Josep de Mart\u00ed","twitter_card":"summary_large_image","twitter_creator":"@blog-ir","twitter_site":"@inforesidencias","twitter_misc":{"Escrito por":"Josep de Mart\u00ed","Tiempo de lectura":"3 minutos"},"schema":{"@context":"https:\/\/schema.org","@graph":[{"@type":"WebPage","@id":"https:\/\/www.inforesidencias.com\/blog\/index.php\/2017\/04\/03\/entrenamiento-de-la-memoria-2\/","url":"https:\/\/www.inforesidencias.com\/blog\/index.php\/2017\/04\/03\/entrenamiento-de-la-memoria-2\/","name":"El efecto protector del entrenamiento de la memoria - Blog Inforesidencias.com","isPartOf":{"@id":"https:\/\/www.inforesidencias.com\/blog\/#website"},"datePublished":"2017-04-03T10:41:21+00:00","dateModified":"2017-04-01T16:41:40+00:00","author":{"@id":"https:\/\/www.inforesidencias.com\/blog\/#\/schema\/person\/9e146774d1eb3bc1c0316242a3898628"},"description":"El entrenamiento de la memoria tiene un gran efecto protector y preventivo en personas j\u00f3venes y mayores.","breadcrumb":{"@id":"https:\/\/www.inforesidencias.com\/blog\/index.php\/2017\/04\/03\/entrenamiento-de-la-memoria-2\/#breadcrumb"},"inLanguage":"es","potentialAction":[{"@type":"ReadAction","target":["https:\/\/www.inforesidencias.com\/blog\/index.php\/2017\/04\/03\/entrenamiento-de-la-memoria-2\/"]}]},{"@type":"BreadcrumbList","@id":"https:\/\/www.inforesidencias.com\/blog\/index.php\/2017\/04\/03\/entrenamiento-de-la-memoria-2\/#breadcrumb","itemListElement":[{"@type":"ListItem","position":1,"name":"Home","item":"https:\/\/www.inforesidencias.com\/blog\/"},{"@type":"ListItem","position":2,"name":"El efecto protector del entrenamiento de la memoria"}]},{"@type":"WebSite","@id":"https:\/\/www.inforesidencias.com\/blog\/#website","url":"https:\/\/www.inforesidencias.com\/blog\/","name":"Blog Inforesidencias.com","description":"El buscador de residencias de la 3\u00aa edad","potentialAction":[{"@type":"SearchAction","target":{"@type":"EntryPoint","urlTemplate":"https:\/\/www.inforesidencias.com\/blog\/?s={search_term_string}"},"query-input":"required name=search_term_string"}],"inLanguage":"es"},{"@type":"Person","@id":"https:\/\/www.inforesidencias.com\/blog\/#\/schema\/person\/9e146774d1eb3bc1c0316242a3898628","name":"Josep de Mart\u00ed","image":{"@type":"ImageObject","inLanguage":"es","@id":"https:\/\/www.inforesidencias.com\/blog\/#\/schema\/person\/image\/","url":"https:\/\/secure.gravatar.com\/avatar\/de0302c4806c00c4cebff396a798c1ff?s=96&d=mm&r=g","contentUrl":"https:\/\/secure.gravatar.com\/avatar\/de0302c4806c00c4cebff396a798c1ff?s=96&d=mm&r=g","caption":"Josep de Mart\u00ed"},"sameAs":["https:\/\/www.inforesidencias.com","https:\/\/www.facebook.com\/josep.demarti","https:\/\/twitter.com\/blog-ir"],"url":"https:\/\/www.inforesidencias.com\/blog\/index.php\/author\/josepdemarti\/"}]}},"_links":{"self":[{"href":"https:\/\/www.inforesidencias.com\/blog\/index.php\/wp-json\/wp\/v2\/posts\/1060"}],"collection":[{"href":"https:\/\/www.inforesidencias.com\/blog\/index.php\/wp-json\/wp\/v2\/posts"}],"about":[{"href":"https:\/\/www.inforesidencias.com\/blog\/index.php\/wp-json\/wp\/v2\/types\/post"}],"author":[{"embeddable":true,"href":"https:\/\/www.inforesidencias.com\/blog\/index.php\/wp-json\/wp\/v2\/users\/2"}],"replies":[{"embeddable":true,"href":"https:\/\/www.inforesidencias.com\/blog\/index.php\/wp-json\/wp\/v2\/comments?post=1060"}],"version-history":[{"count":3,"href":"https:\/\/www.inforesidencias.com\/blog\/index.php\/wp-json\/wp\/v2\/posts\/1060\/revisions"}],"predecessor-version":[{"id":1064,"href":"https:\/\/www.inforesidencias.com\/blog\/index.php\/wp-json\/wp\/v2\/posts\/1060\/revisions\/1064"}],"wp:featuredmedia":[{"embeddable":true,"href":"https:\/\/www.inforesidencias.com\/blog\/index.php\/wp-json\/wp\/v2\/media\/1062"}],"wp:attachment":[{"href":"https:\/\/www.inforesidencias.com\/blog\/index.php\/wp-json\/wp\/v2\/media?parent=1060"}],"wp:term":[{"taxonomy":"category","embeddable":true,"href":"https:\/\/www.inforesidencias.com\/blog\/index.php\/wp-json\/wp\/v2\/categories?post=1060"},{"taxonomy":"post_tag","embeddable":true,"href":"https:\/\/www.inforesidencias.com\/blog\/index.php\/wp-json\/wp\/v2\/tags?post=1060"}],"curies":[{"name":"wp","href":"https:\/\/api.w.org\/{rel}","templated":true}]}}