{"id":1077,"date":"2017-05-11T17:04:15","date_gmt":"2017-05-11T17:04:15","guid":{"rendered":"https:\/\/www.inforesidencias.com\/blog\/?p=1077"},"modified":"2017-04-01T17:06:36","modified_gmt":"2017-04-01T17:06:36","slug":"entrena-tu-memoria-100-preguntas-100-respuestas-y-100-actividades","status":"publish","type":"post","link":"https:\/\/www.inforesidencias.com\/blog\/index.php\/2017\/05\/11\/entrena-tu-memoria-100-preguntas-100-respuestas-y-100-actividades\/","title":{"rendered":"Entrena tu memoria. 100 preguntas, 100 respuestas y 100 actividades."},"content":{"rendered":"<p><strong>Agradecemos a Cristina Vidal Mart\u00ed y a ediciones Invisibles que nos hayan autorizado a publicar una serie de fragmentos del libro Vidal-Mart\u00ed, C. (2015). Entrena tu memoria. <a href=\"https:\/\/www.casadellibro.com\/afiliados\/homeAfiliado?ca=258&amp;idproducto=2608698\">100 preguntas, 100 respuestas y 100 actividades<\/a>. Barcelona: Ediciones invisibles<\/strong><\/p>\n<div id=\"attachment_1062\" style=\"width: 410px\" class=\"wp-caption aligncenter\"><a href=\"https:\/\/www.inforesidencias.com\/blog\/wp-content\/uploads\/2017\/04\/entrena-memoria.jpg\"><img aria-describedby=\"caption-attachment-1062\" decoding=\"async\" loading=\"lazy\" class=\"size-full wp-image-1062\" src=\"https:\/\/www.inforesidencias.com\/blog\/wp-content\/uploads\/2017\/04\/entrena-memoria.jpg\" alt=\"Un libro pr\u00e1ctico sobre entrenamiento de la memoria\" width=\"400\" height=\"403\" \/><\/a><p id=\"caption-attachment-1062\" class=\"wp-caption-text\">Libro muy recomendable sobre entrenamiento de la memoria.<\/p><\/div>\n<p>Un interesante libro que puede ser de mucha utilidad a quien se dedique al cuidado de personas mayores y sobre todo a quien prepare actividades en residencias de tercera edad o centros de d\u00eda.<\/p>\n<p>De una forma amena y entendible el libro plantea preguntas, respuestas y actividades. \u00a0Esto es s\u00f3lo un ejemplo.<\/p>\n<h2><strong>La memoria desempe\u00f1a una funci\u00f3n muy importante: guardar la informaci\u00f3n. Pero adem\u00e1s, \u00bfrealiza m\u00e1s funciones?<\/strong><\/h2>\n<p>S\u00ed. Una de las funciones m\u00e1s importantes atribuidas a la memoria es guardar todo tipo de informaci\u00f3n. En realidad, como se\u00f1ala Montejo, sin memoria nos resultar\u00eda imposible vivir. La memoria nos ayuda a saber c\u00f3mo debemos llevar a cabo nuestras actividades diarias (cocinar, vestirnos, ir a comprar, lavarnos los dientes, etc\u00e9tera). Tambi\u00e9n nos facilita el hecho de planificar el futuro, nos ayuda a saber qu\u00e9 debemos hacer en cada momento y c\u00f3mo hemos de actuar en situaciones nuevas.<\/p>\n<h2><strong>\u00bfEsto significa que para vestirnos utilizamos la memoria?<\/strong><\/h2>\n<p>S\u00ed. A diario, utilizamos la memoria con mucha frecuencia. Por ejemplo, a la hora de vestirnos no dedicamos tiempo ni atenci\u00f3n a c\u00f3mo lo hacemos, sino que, una vez lo hemos aprendido, simplemente nos vestimos. Cada uno de nosotros utilizamos una secuencia distinta. Hay personas que empiezan por los calcetines, otras, la camiseta, otras, la ropa interior. Sea cual sea la secuencia (calcetines, bragas, pantalones, camisetas\u2026), es poco probable que una mujer se ponga dos bragas o bien unas bragas despu\u00e9s de haberse puesto el pantal\u00f3n. Esta situaci\u00f3n que es tan poco frecuente, excepto en casos de enfermedades como los trastornos neurocognitivos, explicar\u00eda c\u00f3mo utilizamos la memoria a la hora de vestirnos, ya que esta facultad cognitiva nos ayuda a recordar el nombre de las prendas de ropa que necesitamos y el orden en que nos las hemos de poner.<\/p>\n<h2><strong>\u00bfTiene alguna funci\u00f3n m\u00e1s, la memoria?<\/strong><\/h2>\n<p>La memoria es una de las funciones cognitivas y, como tal, la necesitamos para desarrollarnos y adaptarnos a nuestra cotidianidad. Por este motivo, podemos decir que la memoria trabaja constantemente y de manera latente desde que nos levantamos hasta el momento de acostarnos.<\/p>\n<p><strong>Bizouard (2002) afirma que \u00abla memoria es la garant\u00eda de mi identidad, la guardiana de todo aquello que he vivido, aprendido y sentido. La memoria puede decirme lo que s\u00e9, lo que quiero y, por tanto, qui\u00e9n soy (p. 87). \u00bfCrees que es cierta esta frase?<\/strong><\/p>\n<p>S\u00ed. La memoria nos proporciona identidad. Me permite saber qui\u00e9n soy y c\u00f3mo soy. Mediante esta facultad la persona recuerda, en todo momento, cu\u00e1l es su proyecto m\u00e1s inmediato, cu\u00e1les son sus necesidades e inquietudes.<\/p>\n","protected":false},"excerpt":{"rendered":"<p>Agradecemos a Cristina Vidal Mart\u00ed y a ediciones Invisibles que nos hayan autorizado a publicar una serie de fragmentos del libro Vidal-Mart\u00ed, C. (2015). Entrena tu memoria. 100 preguntas, 100 respuestas y 100 actividades. Barcelona: Ediciones invisibles Un interesante libro que puede ser de mucha utilidad a quien se dedique al cuidado de personas mayores y sobre todo a quien prepare actividades en residencias de tercera edad o centros de d\u00eda. De una forma amena y entendible el libro plantea preguntas, respuestas y actividades. \u00a0Esto es s\u00f3lo un ejemplo. La memoria desempe\u00f1a una funci\u00f3n muy importante: guardar la informaci\u00f3n. Pero adem\u00e1s, \u00bfrealiza m\u00e1s funciones? S\u00ed. Una de las funciones m\u00e1s importantes atribuidas a la memoria es guardar todo tipo de informaci\u00f3n. En realidad, como se\u00f1ala Montejo, sin memoria nos resultar\u00eda imposible vivir. La memoria nos ayuda a saber c\u00f3mo debemos llevar a cabo nuestras actividades diarias (cocinar, vestirnos, ir a [&hellip;]<\/p>\n","protected":false},"author":2,"featured_media":0,"comment_status":"open","ping_status":"open","sticky":false,"template":"","format":"standard","meta":{"footnotes":""},"categories":[1],"tags":[],"yoast_head":"<!-- This site is optimized with the Yoast SEO plugin v21.7 - https:\/\/yoast.com\/wordpress\/plugins\/seo\/ -->\n<title>Entrena tu memoria. 100 preguntas, 100 respuestas y 100 actividades. - Blog Inforesidencias.com<\/title>\n<meta name=\"description\" content=\"Entrena tu memoria si no quieres perderla. Esta es la idea central de este interesante libro sobre entrenamiento de la memoria.\" \/>\n<meta name=\"robots\" content=\"index, follow, max-snippet:-1, max-image-preview:large, max-video-preview:-1\" \/>\n<link rel=\"canonical\" href=\"https:\/\/www.inforesidencias.com\/blog\/index.php\/2017\/05\/11\/entrena-tu-memoria-100-preguntas-100-respuestas-y-100-actividades\/\" \/>\n<meta property=\"og:locale\" content=\"es_ES\" \/>\n<meta property=\"og:type\" content=\"article\" \/>\n<meta property=\"og:title\" content=\"Entrena tu memoria. 100 preguntas, 100 respuestas y 100 actividades. - Blog Inforesidencias.com\" \/>\n<meta property=\"og:description\" content=\"Entrena tu memoria si no quieres perderla. Esta es la idea central de este interesante libro sobre entrenamiento de la memoria.\" \/>\n<meta property=\"og:url\" content=\"https:\/\/www.inforesidencias.com\/blog\/index.php\/2017\/05\/11\/entrena-tu-memoria-100-preguntas-100-respuestas-y-100-actividades\/\" \/>\n<meta property=\"og:site_name\" content=\"Blog Inforesidencias.com\" \/>\n<meta property=\"article:publisher\" content=\"https:\/\/www.facebook.com\/Inforesidencias\/\" \/>\n<meta property=\"article:author\" content=\"https:\/\/www.facebook.com\/josep.demarti\" \/>\n<meta property=\"article:published_time\" content=\"2017-05-11T17:04:15+00:00\" \/>\n<meta property=\"article:modified_time\" content=\"2017-04-01T17:06:36+00:00\" \/>\n<meta property=\"og:image\" content=\"https:\/\/www.inforesidencias.com\/blog\/wp-content\/uploads\/2017\/04\/entrena-memoria.jpg\" \/>\n<meta name=\"author\" content=\"Josep de Mart\u00ed\" \/>\n<meta name=\"twitter:card\" content=\"summary_large_image\" \/>\n<meta name=\"twitter:creator\" content=\"@blog-ir\" \/>\n<meta name=\"twitter:site\" content=\"@inforesidencias\" \/>\n<meta name=\"twitter:label1\" content=\"Escrito por\" \/>\n\t<meta name=\"twitter:data1\" content=\"Josep de Mart\u00ed\" \/>\n\t<meta name=\"twitter:label2\" content=\"Tiempo de lectura\" \/>\n\t<meta name=\"twitter:data2\" content=\"3 minutos\" \/>\n<script type=\"application\/ld+json\" class=\"yoast-schema-graph\">{\"@context\":\"https:\/\/schema.org\",\"@graph\":[{\"@type\":\"WebPage\",\"@id\":\"https:\/\/www.inforesidencias.com\/blog\/index.php\/2017\/05\/11\/entrena-tu-memoria-100-preguntas-100-respuestas-y-100-actividades\/\",\"url\":\"https:\/\/www.inforesidencias.com\/blog\/index.php\/2017\/05\/11\/entrena-tu-memoria-100-preguntas-100-respuestas-y-100-actividades\/\",\"name\":\"Entrena tu memoria. 100 preguntas, 100 respuestas y 100 actividades. - Blog Inforesidencias.com\",\"isPartOf\":{\"@id\":\"https:\/\/www.inforesidencias.com\/blog\/#website\"},\"datePublished\":\"2017-05-11T17:04:15+00:00\",\"dateModified\":\"2017-04-01T17:06:36+00:00\",\"author\":{\"@id\":\"https:\/\/www.inforesidencias.com\/blog\/#\/schema\/person\/9e146774d1eb3bc1c0316242a3898628\"},\"description\":\"Entrena tu memoria si no quieres perderla. Esta es la idea central de este interesante libro sobre entrenamiento de la memoria.\",\"breadcrumb\":{\"@id\":\"https:\/\/www.inforesidencias.com\/blog\/index.php\/2017\/05\/11\/entrena-tu-memoria-100-preguntas-100-respuestas-y-100-actividades\/#breadcrumb\"},\"inLanguage\":\"es\",\"potentialAction\":[{\"@type\":\"ReadAction\",\"target\":[\"https:\/\/www.inforesidencias.com\/blog\/index.php\/2017\/05\/11\/entrena-tu-memoria-100-preguntas-100-respuestas-y-100-actividades\/\"]}]},{\"@type\":\"BreadcrumbList\",\"@id\":\"https:\/\/www.inforesidencias.com\/blog\/index.php\/2017\/05\/11\/entrena-tu-memoria-100-preguntas-100-respuestas-y-100-actividades\/#breadcrumb\",\"itemListElement\":[{\"@type\":\"ListItem\",\"position\":1,\"name\":\"Home\",\"item\":\"https:\/\/www.inforesidencias.com\/blog\/\"},{\"@type\":\"ListItem\",\"position\":2,\"name\":\"Entrena tu memoria. 100 preguntas, 100 respuestas y 100 actividades.\"}]},{\"@type\":\"WebSite\",\"@id\":\"https:\/\/www.inforesidencias.com\/blog\/#website\",\"url\":\"https:\/\/www.inforesidencias.com\/blog\/\",\"name\":\"Blog Inforesidencias.com\",\"description\":\"El buscador de residencias de la 3\u00aa edad\",\"potentialAction\":[{\"@type\":\"SearchAction\",\"target\":{\"@type\":\"EntryPoint\",\"urlTemplate\":\"https:\/\/www.inforesidencias.com\/blog\/?s={search_term_string}\"},\"query-input\":\"required name=search_term_string\"}],\"inLanguage\":\"es\"},{\"@type\":\"Person\",\"@id\":\"https:\/\/www.inforesidencias.com\/blog\/#\/schema\/person\/9e146774d1eb3bc1c0316242a3898628\",\"name\":\"Josep de Mart\u00ed\",\"image\":{\"@type\":\"ImageObject\",\"inLanguage\":\"es\",\"@id\":\"https:\/\/www.inforesidencias.com\/blog\/#\/schema\/person\/image\/\",\"url\":\"https:\/\/secure.gravatar.com\/avatar\/de0302c4806c00c4cebff396a798c1ff?s=96&d=mm&r=g\",\"contentUrl\":\"https:\/\/secure.gravatar.com\/avatar\/de0302c4806c00c4cebff396a798c1ff?s=96&d=mm&r=g\",\"caption\":\"Josep de Mart\u00ed\"},\"sameAs\":[\"https:\/\/www.inforesidencias.com\",\"https:\/\/www.facebook.com\/josep.demarti\",\"https:\/\/twitter.com\/blog-ir\"],\"url\":\"https:\/\/www.inforesidencias.com\/blog\/index.php\/author\/josepdemarti\/\"}]}<\/script>\n<!-- \/ Yoast SEO plugin. -->","yoast_head_json":{"title":"Entrena tu memoria. 100 preguntas, 100 respuestas y 100 actividades. - Blog Inforesidencias.com","description":"Entrena tu memoria si no quieres perderla. Esta es la idea central de este interesante libro sobre entrenamiento de la memoria.","robots":{"index":"index","follow":"follow","max-snippet":"max-snippet:-1","max-image-preview":"max-image-preview:large","max-video-preview":"max-video-preview:-1"},"canonical":"https:\/\/www.inforesidencias.com\/blog\/index.php\/2017\/05\/11\/entrena-tu-memoria-100-preguntas-100-respuestas-y-100-actividades\/","og_locale":"es_ES","og_type":"article","og_title":"Entrena tu memoria. 100 preguntas, 100 respuestas y 100 actividades. - Blog Inforesidencias.com","og_description":"Entrena tu memoria si no quieres perderla. Esta es la idea central de este interesante libro sobre entrenamiento de la memoria.","og_url":"https:\/\/www.inforesidencias.com\/blog\/index.php\/2017\/05\/11\/entrena-tu-memoria-100-preguntas-100-respuestas-y-100-actividades\/","og_site_name":"Blog Inforesidencias.com","article_publisher":"https:\/\/www.facebook.com\/Inforesidencias\/","article_author":"https:\/\/www.facebook.com\/josep.demarti","article_published_time":"2017-05-11T17:04:15+00:00","article_modified_time":"2017-04-01T17:06:36+00:00","og_image":[{"url":"https:\/\/www.inforesidencias.com\/blog\/wp-content\/uploads\/2017\/04\/entrena-memoria.jpg"}],"author":"Josep de Mart\u00ed","twitter_card":"summary_large_image","twitter_creator":"@blog-ir","twitter_site":"@inforesidencias","twitter_misc":{"Escrito por":"Josep de Mart\u00ed","Tiempo de lectura":"3 minutos"},"schema":{"@context":"https:\/\/schema.org","@graph":[{"@type":"WebPage","@id":"https:\/\/www.inforesidencias.com\/blog\/index.php\/2017\/05\/11\/entrena-tu-memoria-100-preguntas-100-respuestas-y-100-actividades\/","url":"https:\/\/www.inforesidencias.com\/blog\/index.php\/2017\/05\/11\/entrena-tu-memoria-100-preguntas-100-respuestas-y-100-actividades\/","name":"Entrena tu memoria. 100 preguntas, 100 respuestas y 100 actividades. - Blog Inforesidencias.com","isPartOf":{"@id":"https:\/\/www.inforesidencias.com\/blog\/#website"},"datePublished":"2017-05-11T17:04:15+00:00","dateModified":"2017-04-01T17:06:36+00:00","author":{"@id":"https:\/\/www.inforesidencias.com\/blog\/#\/schema\/person\/9e146774d1eb3bc1c0316242a3898628"},"description":"Entrena tu memoria si no quieres perderla. Esta es la idea central de este interesante libro sobre entrenamiento de la memoria.","breadcrumb":{"@id":"https:\/\/www.inforesidencias.com\/blog\/index.php\/2017\/05\/11\/entrena-tu-memoria-100-preguntas-100-respuestas-y-100-actividades\/#breadcrumb"},"inLanguage":"es","potentialAction":[{"@type":"ReadAction","target":["https:\/\/www.inforesidencias.com\/blog\/index.php\/2017\/05\/11\/entrena-tu-memoria-100-preguntas-100-respuestas-y-100-actividades\/"]}]},{"@type":"BreadcrumbList","@id":"https:\/\/www.inforesidencias.com\/blog\/index.php\/2017\/05\/11\/entrena-tu-memoria-100-preguntas-100-respuestas-y-100-actividades\/#breadcrumb","itemListElement":[{"@type":"ListItem","position":1,"name":"Home","item":"https:\/\/www.inforesidencias.com\/blog\/"},{"@type":"ListItem","position":2,"name":"Entrena tu memoria. 100 preguntas, 100 respuestas y 100 actividades."}]},{"@type":"WebSite","@id":"https:\/\/www.inforesidencias.com\/blog\/#website","url":"https:\/\/www.inforesidencias.com\/blog\/","name":"Blog Inforesidencias.com","description":"El buscador de residencias de la 3\u00aa edad","potentialAction":[{"@type":"SearchAction","target":{"@type":"EntryPoint","urlTemplate":"https:\/\/www.inforesidencias.com\/blog\/?s={search_term_string}"},"query-input":"required name=search_term_string"}],"inLanguage":"es"},{"@type":"Person","@id":"https:\/\/www.inforesidencias.com\/blog\/#\/schema\/person\/9e146774d1eb3bc1c0316242a3898628","name":"Josep de Mart\u00ed","image":{"@type":"ImageObject","inLanguage":"es","@id":"https:\/\/www.inforesidencias.com\/blog\/#\/schema\/person\/image\/","url":"https:\/\/secure.gravatar.com\/avatar\/de0302c4806c00c4cebff396a798c1ff?s=96&d=mm&r=g","contentUrl":"https:\/\/secure.gravatar.com\/avatar\/de0302c4806c00c4cebff396a798c1ff?s=96&d=mm&r=g","caption":"Josep de Mart\u00ed"},"sameAs":["https:\/\/www.inforesidencias.com","https:\/\/www.facebook.com\/josep.demarti","https:\/\/twitter.com\/blog-ir"],"url":"https:\/\/www.inforesidencias.com\/blog\/index.php\/author\/josepdemarti\/"}]}},"_links":{"self":[{"href":"https:\/\/www.inforesidencias.com\/blog\/index.php\/wp-json\/wp\/v2\/posts\/1077"}],"collection":[{"href":"https:\/\/www.inforesidencias.com\/blog\/index.php\/wp-json\/wp\/v2\/posts"}],"about":[{"href":"https:\/\/www.inforesidencias.com\/blog\/index.php\/wp-json\/wp\/v2\/types\/post"}],"author":[{"embeddable":true,"href":"https:\/\/www.inforesidencias.com\/blog\/index.php\/wp-json\/wp\/v2\/users\/2"}],"replies":[{"embeddable":true,"href":"https:\/\/www.inforesidencias.com\/blog\/index.php\/wp-json\/wp\/v2\/comments?post=1077"}],"version-history":[{"count":1,"href":"https:\/\/www.inforesidencias.com\/blog\/index.php\/wp-json\/wp\/v2\/posts\/1077\/revisions"}],"predecessor-version":[{"id":1078,"href":"https:\/\/www.inforesidencias.com\/blog\/index.php\/wp-json\/wp\/v2\/posts\/1077\/revisions\/1078"}],"wp:attachment":[{"href":"https:\/\/www.inforesidencias.com\/blog\/index.php\/wp-json\/wp\/v2\/media?parent=1077"}],"wp:term":[{"taxonomy":"category","embeddable":true,"href":"https:\/\/www.inforesidencias.com\/blog\/index.php\/wp-json\/wp\/v2\/categories?post=1077"},{"taxonomy":"post_tag","embeddable":true,"href":"https:\/\/www.inforesidencias.com\/blog\/index.php\/wp-json\/wp\/v2\/tags?post=1077"}],"curies":[{"name":"wp","href":"https:\/\/api.w.org\/{rel}","templated":true}]}}