{"id":1079,"date":"2017-06-03T17:16:14","date_gmt":"2017-06-03T17:16:14","guid":{"rendered":"https:\/\/www.inforesidencias.com\/blog\/?p=1079"},"modified":"2017-04-01T17:16:39","modified_gmt":"2017-04-01T17:16:39","slug":"entrenar-la-memoria-100-preguntas-100-respuestas-y-100-actividades","status":"publish","type":"post","link":"https:\/\/www.inforesidencias.com\/blog\/index.php\/2017\/06\/03\/entrenar-la-memoria-100-preguntas-100-respuestas-y-100-actividades\/","title":{"rendered":"Entrenar la memoria. 100 preguntas, 100 respuestas y 100 actividades"},"content":{"rendered":"<p><strong>Agradecemos a Cristina Vidal Mart\u00ed y a Ediciones Invisibles su autorizaci\u00f3n para\u00a0publicar \u00a0fragmentos de su libro de\u00a0\u00a02015. \u00a0Entrenar la memoria.\u00a0<a href=\"https:\/\/www.casadellibro.com\/afiliados\/homeAfiliado?ca=258&amp;idproducto=2608698\">100 preguntas, 100 respuestas y 100 actividades<\/a>.\u00a0<\/strong><\/p>\n<div id=\"attachment_1062\" style=\"width: 410px\" class=\"wp-caption alignright\"><a href=\"https:\/\/www.inforesidencias.com\/blog\/wp-content\/uploads\/2017\/04\/entrena-memoria.jpg\"><img aria-describedby=\"caption-attachment-1062\" decoding=\"async\" loading=\"lazy\" class=\"wp-image-1062 size-full\" title=\"Entrenar la memoria\" src=\"https:\/\/www.inforesidencias.com\/blog\/wp-content\/uploads\/2017\/04\/entrena-memoria.jpg\" alt=\"Un libro pr\u00e1ctico sobre entrenamiento de la memoria\" width=\"400\" height=\"403\" \/><\/a><p id=\"caption-attachment-1062\" class=\"wp-caption-text\">Libro muy recomendable sobre entrenamiento de la memoria.<\/p><\/div>\n<h2><strong>\u00bfEs normal tener la sensaci\u00f3n de que pierdo la memoria con el paso de los a\u00f1os?<\/strong><\/h2>\n<p>S\u00ed. Durante el proceso de envejecimiento las personas experimentan una serie de cambios que inciden en el cuerpo y en las funciones mentales. La memoria, al ser una funci\u00f3n mental, tambi\u00e9n sufre cambios.<\/p>\n<h2><strong>\u00bfCu\u00e1les son estos cambios?<\/strong><\/h2>\n<p>El envejecimiento tiene repercusiones en el conjunto de la persona. El paso de los a\u00f1os afecta al cuerpo y a la mente, a la forma de vida que llevamos y de relacionarnos. Algunos de estos cambios se hacen evidentes en el aspecto f\u00edsico, como las arrugas, la sequedad de la piel\u2026, pero tambi\u00e9n hay otros que no se ven, como la p\u00e9rdida de la masa \u00f3sea.<\/p>\n<h2>\u00bfEs verdad que, como sucede con nuestro cuerpo, el cerebro disminuye de tama\u00f1o a medida que nos hacemos mayores?<\/h2>\n<p>S\u00ed. El cerebro disminuye en tama\u00f1o, peso y volumen. Estos cambios se deben a diferentes causas, pero, seg\u00fan los expertos, hay una fundamental: la muerte de las neuronas, las c\u00e9lulas del sistema nervioso.<strong>\u00a0<\/strong><\/p>\n<p><strong>\u00bfY estos cambios en el cerebro tienen una incidencia directa en nuestra memoria?<\/strong><\/p>\n<p>S\u00ed. Estos cambios f\u00edsicos, como la p\u00e9rdida de neuronas y la disminuci\u00f3n de neurotransmisores, tienen una relaci\u00f3n directa con la p\u00e9rdida de memoria. Asimismo, hay otros elementos socioculturales y psicol\u00f3gicos que tambi\u00e9n inciden en este proceso.<\/p>\n<p><strong>\u00bfCu\u00e1les son estos cambios?<\/strong><\/p>\n<p>El desinter\u00e9s por lo que ocurre en el mundo, la progresiva desmotivaci\u00f3n y el hecho de centrarse m\u00e1s en uno mismo que en los otros son algunos elementos psicol\u00f3gicos que influyen en el rendimiento de la memoria. A estos cambios hay que a\u00f1adir otros de car\u00e1cter social que repercuten en la persona, como el aislamiento, la falta de rol social de la gente persona mayor en nuestra sociedad y la p\u00e9rdida de poder adquisitivo.<\/p>\n<h2><strong>Desde que dej\u00e9 de trabajar, noto que la memoria me falla m\u00e1s que antes. \u00bfEs este un hecho esperable?<\/strong><\/h2>\n<p>En parte, s\u00ed. Las actividades diarias, las obligaciones\u2026 comportan una rutina que facilita que la persona se mantenga activa. En el momento de jubilarse todav\u00eda se mantiene esta tensi\u00f3n pero, a medida que pasa el tiempo, las presiones sociales disminuyen, la persona se relaja y la atenci\u00f3n tiende a disminuir, lo que explicar\u00eda este hecho.<\/p>\n<p><strong>\u00bfHay alg\u00fan signo que indica a la persona que la memoria ya no funciona como cuando era joven?<\/strong><\/p>\n<p>No, no existe ning\u00fan signo, pero s\u00ed que se producen s\u00edntomas. Alrededor de los sesenta a\u00f1os, se suele tener la percepci\u00f3n de que la memoria ya no funciona como antes. Este s\u00edntoma suele expresarse en forma de queja.<\/p>\n<h2>Un libro recomendado para entrenar la memoria<\/h2>\n<p>&nbsp;<\/p>\n","protected":false},"excerpt":{"rendered":"<p>Agradecemos a Cristina Vidal Mart\u00ed y a Ediciones Invisibles su autorizaci\u00f3n para\u00a0publicar \u00a0fragmentos de su libro de\u00a0\u00a02015. \u00a0Entrenar la memoria.\u00a0100 preguntas, 100 respuestas y 100 actividades.\u00a0 \u00bfEs normal tener la sensaci\u00f3n de que pierdo la memoria con el paso de los a\u00f1os? S\u00ed. Durante el proceso de envejecimiento las personas experimentan una serie de cambios que inciden en el cuerpo y en las funciones mentales. La memoria, al ser una funci\u00f3n mental, tambi\u00e9n sufre cambios. \u00bfCu\u00e1les son estos cambios? El envejecimiento tiene repercusiones en el conjunto de la persona. El paso de los a\u00f1os afecta al cuerpo y a la mente, a la forma de vida que llevamos y de relacionarnos. Algunos de estos cambios se hacen evidentes en el aspecto f\u00edsico, como las arrugas, la sequedad de la piel\u2026, pero tambi\u00e9n hay otros que no se ven, como la p\u00e9rdida de la masa \u00f3sea. \u00bfEs verdad que, como sucede [&hellip;]<\/p>\n","protected":false},"author":2,"featured_media":0,"comment_status":"open","ping_status":"open","sticky":false,"template":"","format":"standard","meta":{"footnotes":""},"categories":[14],"tags":[24],"yoast_head":"<!-- This site is optimized with the Yoast SEO plugin v21.7 - https:\/\/yoast.com\/wordpress\/plugins\/seo\/ -->\n<title>Entrenar la memoria. 100 preguntas, 100 respuestas y 100 actividades - Blog Inforesidencias.com<\/title>\n<meta name=\"description\" content=\"Entrenar la memoria es muy importante. Por eso recomendamos la lectura de este libro. Entrena tu memoria.\" \/>\n<meta name=\"robots\" content=\"index, follow, max-snippet:-1, max-image-preview:large, max-video-preview:-1\" \/>\n<link rel=\"canonical\" href=\"https:\/\/www.inforesidencias.com\/blog\/index.php\/2017\/06\/03\/entrenar-la-memoria-100-preguntas-100-respuestas-y-100-actividades\/\" \/>\n<meta property=\"og:locale\" content=\"es_ES\" \/>\n<meta property=\"og:type\" content=\"article\" \/>\n<meta property=\"og:title\" content=\"Entrenar la memoria. 100 preguntas, 100 respuestas y 100 actividades - Blog Inforesidencias.com\" \/>\n<meta property=\"og:description\" content=\"Entrenar la memoria es muy importante. Por eso recomendamos la lectura de este libro. Entrena tu memoria.\" \/>\n<meta property=\"og:url\" content=\"https:\/\/www.inforesidencias.com\/blog\/index.php\/2017\/06\/03\/entrenar-la-memoria-100-preguntas-100-respuestas-y-100-actividades\/\" \/>\n<meta property=\"og:site_name\" content=\"Blog Inforesidencias.com\" \/>\n<meta property=\"article:publisher\" content=\"https:\/\/www.facebook.com\/Inforesidencias\/\" \/>\n<meta property=\"article:author\" content=\"https:\/\/www.facebook.com\/josep.demarti\" \/>\n<meta property=\"article:published_time\" content=\"2017-06-03T17:16:14+00:00\" \/>\n<meta property=\"article:modified_time\" content=\"2017-04-01T17:16:39+00:00\" \/>\n<meta property=\"og:image\" content=\"https:\/\/www.inforesidencias.com\/blog\/wp-content\/uploads\/2017\/04\/entrena-memoria.jpg\" \/>\n<meta name=\"author\" content=\"Josep de Mart\u00ed\" \/>\n<meta name=\"twitter:card\" content=\"summary_large_image\" \/>\n<meta name=\"twitter:creator\" content=\"@blog-ir\" \/>\n<meta name=\"twitter:site\" content=\"@inforesidencias\" \/>\n<meta name=\"twitter:label1\" content=\"Escrito por\" \/>\n\t<meta name=\"twitter:data1\" content=\"Josep de Mart\u00ed\" \/>\n\t<meta name=\"twitter:label2\" content=\"Tiempo de lectura\" \/>\n\t<meta name=\"twitter:data2\" content=\"3 minutos\" \/>\n<script type=\"application\/ld+json\" class=\"yoast-schema-graph\">{\"@context\":\"https:\/\/schema.org\",\"@graph\":[{\"@type\":\"WebPage\",\"@id\":\"https:\/\/www.inforesidencias.com\/blog\/index.php\/2017\/06\/03\/entrenar-la-memoria-100-preguntas-100-respuestas-y-100-actividades\/\",\"url\":\"https:\/\/www.inforesidencias.com\/blog\/index.php\/2017\/06\/03\/entrenar-la-memoria-100-preguntas-100-respuestas-y-100-actividades\/\",\"name\":\"Entrenar la memoria. 100 preguntas, 100 respuestas y 100 actividades - Blog Inforesidencias.com\",\"isPartOf\":{\"@id\":\"https:\/\/www.inforesidencias.com\/blog\/#website\"},\"datePublished\":\"2017-06-03T17:16:14+00:00\",\"dateModified\":\"2017-04-01T17:16:39+00:00\",\"author\":{\"@id\":\"https:\/\/www.inforesidencias.com\/blog\/#\/schema\/person\/9e146774d1eb3bc1c0316242a3898628\"},\"description\":\"Entrenar la memoria es muy importante. Por eso recomendamos la lectura de este libro. Entrena tu memoria.\",\"breadcrumb\":{\"@id\":\"https:\/\/www.inforesidencias.com\/blog\/index.php\/2017\/06\/03\/entrenar-la-memoria-100-preguntas-100-respuestas-y-100-actividades\/#breadcrumb\"},\"inLanguage\":\"es\",\"potentialAction\":[{\"@type\":\"ReadAction\",\"target\":[\"https:\/\/www.inforesidencias.com\/blog\/index.php\/2017\/06\/03\/entrenar-la-memoria-100-preguntas-100-respuestas-y-100-actividades\/\"]}]},{\"@type\":\"BreadcrumbList\",\"@id\":\"https:\/\/www.inforesidencias.com\/blog\/index.php\/2017\/06\/03\/entrenar-la-memoria-100-preguntas-100-respuestas-y-100-actividades\/#breadcrumb\",\"itemListElement\":[{\"@type\":\"ListItem\",\"position\":1,\"name\":\"Home\",\"item\":\"https:\/\/www.inforesidencias.com\/blog\/\"},{\"@type\":\"ListItem\",\"position\":2,\"name\":\"Entrenar la memoria. 100 preguntas, 100 respuestas y 100 actividades\"}]},{\"@type\":\"WebSite\",\"@id\":\"https:\/\/www.inforesidencias.com\/blog\/#website\",\"url\":\"https:\/\/www.inforesidencias.com\/blog\/\",\"name\":\"Blog Inforesidencias.com\",\"description\":\"El buscador de residencias de la 3\u00aa edad\",\"potentialAction\":[{\"@type\":\"SearchAction\",\"target\":{\"@type\":\"EntryPoint\",\"urlTemplate\":\"https:\/\/www.inforesidencias.com\/blog\/?s={search_term_string}\"},\"query-input\":\"required name=search_term_string\"}],\"inLanguage\":\"es\"},{\"@type\":\"Person\",\"@id\":\"https:\/\/www.inforesidencias.com\/blog\/#\/schema\/person\/9e146774d1eb3bc1c0316242a3898628\",\"name\":\"Josep de Mart\u00ed\",\"image\":{\"@type\":\"ImageObject\",\"inLanguage\":\"es\",\"@id\":\"https:\/\/www.inforesidencias.com\/blog\/#\/schema\/person\/image\/\",\"url\":\"https:\/\/secure.gravatar.com\/avatar\/de0302c4806c00c4cebff396a798c1ff?s=96&d=mm&r=g\",\"contentUrl\":\"https:\/\/secure.gravatar.com\/avatar\/de0302c4806c00c4cebff396a798c1ff?s=96&d=mm&r=g\",\"caption\":\"Josep de Mart\u00ed\"},\"sameAs\":[\"https:\/\/www.inforesidencias.com\",\"https:\/\/www.facebook.com\/josep.demarti\",\"https:\/\/twitter.com\/blog-ir\"],\"url\":\"https:\/\/www.inforesidencias.com\/blog\/index.php\/author\/josepdemarti\/\"}]}<\/script>\n<!-- \/ Yoast SEO plugin. -->","yoast_head_json":{"title":"Entrenar la memoria. 100 preguntas, 100 respuestas y 100 actividades - Blog Inforesidencias.com","description":"Entrenar la memoria es muy importante. Por eso recomendamos la lectura de este libro. Entrena tu memoria.","robots":{"index":"index","follow":"follow","max-snippet":"max-snippet:-1","max-image-preview":"max-image-preview:large","max-video-preview":"max-video-preview:-1"},"canonical":"https:\/\/www.inforesidencias.com\/blog\/index.php\/2017\/06\/03\/entrenar-la-memoria-100-preguntas-100-respuestas-y-100-actividades\/","og_locale":"es_ES","og_type":"article","og_title":"Entrenar la memoria. 100 preguntas, 100 respuestas y 100 actividades - Blog Inforesidencias.com","og_description":"Entrenar la memoria es muy importante. Por eso recomendamos la lectura de este libro. Entrena tu memoria.","og_url":"https:\/\/www.inforesidencias.com\/blog\/index.php\/2017\/06\/03\/entrenar-la-memoria-100-preguntas-100-respuestas-y-100-actividades\/","og_site_name":"Blog Inforesidencias.com","article_publisher":"https:\/\/www.facebook.com\/Inforesidencias\/","article_author":"https:\/\/www.facebook.com\/josep.demarti","article_published_time":"2017-06-03T17:16:14+00:00","article_modified_time":"2017-04-01T17:16:39+00:00","og_image":[{"url":"https:\/\/www.inforesidencias.com\/blog\/wp-content\/uploads\/2017\/04\/entrena-memoria.jpg"}],"author":"Josep de Mart\u00ed","twitter_card":"summary_large_image","twitter_creator":"@blog-ir","twitter_site":"@inforesidencias","twitter_misc":{"Escrito por":"Josep de Mart\u00ed","Tiempo de lectura":"3 minutos"},"schema":{"@context":"https:\/\/schema.org","@graph":[{"@type":"WebPage","@id":"https:\/\/www.inforesidencias.com\/blog\/index.php\/2017\/06\/03\/entrenar-la-memoria-100-preguntas-100-respuestas-y-100-actividades\/","url":"https:\/\/www.inforesidencias.com\/blog\/index.php\/2017\/06\/03\/entrenar-la-memoria-100-preguntas-100-respuestas-y-100-actividades\/","name":"Entrenar la memoria. 100 preguntas, 100 respuestas y 100 actividades - Blog Inforesidencias.com","isPartOf":{"@id":"https:\/\/www.inforesidencias.com\/blog\/#website"},"datePublished":"2017-06-03T17:16:14+00:00","dateModified":"2017-04-01T17:16:39+00:00","author":{"@id":"https:\/\/www.inforesidencias.com\/blog\/#\/schema\/person\/9e146774d1eb3bc1c0316242a3898628"},"description":"Entrenar la memoria es muy importante. Por eso recomendamos la lectura de este libro. Entrena tu memoria.","breadcrumb":{"@id":"https:\/\/www.inforesidencias.com\/blog\/index.php\/2017\/06\/03\/entrenar-la-memoria-100-preguntas-100-respuestas-y-100-actividades\/#breadcrumb"},"inLanguage":"es","potentialAction":[{"@type":"ReadAction","target":["https:\/\/www.inforesidencias.com\/blog\/index.php\/2017\/06\/03\/entrenar-la-memoria-100-preguntas-100-respuestas-y-100-actividades\/"]}]},{"@type":"BreadcrumbList","@id":"https:\/\/www.inforesidencias.com\/blog\/index.php\/2017\/06\/03\/entrenar-la-memoria-100-preguntas-100-respuestas-y-100-actividades\/#breadcrumb","itemListElement":[{"@type":"ListItem","position":1,"name":"Home","item":"https:\/\/www.inforesidencias.com\/blog\/"},{"@type":"ListItem","position":2,"name":"Entrenar la memoria. 100 preguntas, 100 respuestas y 100 actividades"}]},{"@type":"WebSite","@id":"https:\/\/www.inforesidencias.com\/blog\/#website","url":"https:\/\/www.inforesidencias.com\/blog\/","name":"Blog Inforesidencias.com","description":"El buscador de residencias de la 3\u00aa edad","potentialAction":[{"@type":"SearchAction","target":{"@type":"EntryPoint","urlTemplate":"https:\/\/www.inforesidencias.com\/blog\/?s={search_term_string}"},"query-input":"required name=search_term_string"}],"inLanguage":"es"},{"@type":"Person","@id":"https:\/\/www.inforesidencias.com\/blog\/#\/schema\/person\/9e146774d1eb3bc1c0316242a3898628","name":"Josep de Mart\u00ed","image":{"@type":"ImageObject","inLanguage":"es","@id":"https:\/\/www.inforesidencias.com\/blog\/#\/schema\/person\/image\/","url":"https:\/\/secure.gravatar.com\/avatar\/de0302c4806c00c4cebff396a798c1ff?s=96&d=mm&r=g","contentUrl":"https:\/\/secure.gravatar.com\/avatar\/de0302c4806c00c4cebff396a798c1ff?s=96&d=mm&r=g","caption":"Josep de Mart\u00ed"},"sameAs":["https:\/\/www.inforesidencias.com","https:\/\/www.facebook.com\/josep.demarti","https:\/\/twitter.com\/blog-ir"],"url":"https:\/\/www.inforesidencias.com\/blog\/index.php\/author\/josepdemarti\/"}]}},"_links":{"self":[{"href":"https:\/\/www.inforesidencias.com\/blog\/index.php\/wp-json\/wp\/v2\/posts\/1079"}],"collection":[{"href":"https:\/\/www.inforesidencias.com\/blog\/index.php\/wp-json\/wp\/v2\/posts"}],"about":[{"href":"https:\/\/www.inforesidencias.com\/blog\/index.php\/wp-json\/wp\/v2\/types\/post"}],"author":[{"embeddable":true,"href":"https:\/\/www.inforesidencias.com\/blog\/index.php\/wp-json\/wp\/v2\/users\/2"}],"replies":[{"embeddable":true,"href":"https:\/\/www.inforesidencias.com\/blog\/index.php\/wp-json\/wp\/v2\/comments?post=1079"}],"version-history":[{"count":5,"href":"https:\/\/www.inforesidencias.com\/blog\/index.php\/wp-json\/wp\/v2\/posts\/1079\/revisions"}],"predecessor-version":[{"id":1084,"href":"https:\/\/www.inforesidencias.com\/blog\/index.php\/wp-json\/wp\/v2\/posts\/1079\/revisions\/1084"}],"wp:attachment":[{"href":"https:\/\/www.inforesidencias.com\/blog\/index.php\/wp-json\/wp\/v2\/media?parent=1079"}],"wp:term":[{"taxonomy":"category","embeddable":true,"href":"https:\/\/www.inforesidencias.com\/blog\/index.php\/wp-json\/wp\/v2\/categories?post=1079"},{"taxonomy":"post_tag","embeddable":true,"href":"https:\/\/www.inforesidencias.com\/blog\/index.php\/wp-json\/wp\/v2\/tags?post=1079"}],"curies":[{"name":"wp","href":"https:\/\/api.w.org\/{rel}","templated":true}]}}