{"id":109,"date":"2013-07-17T09:13:07","date_gmt":"2013-07-17T08:13:07","guid":{"rendered":"http:\/\/inforesidencias.wordpress.com\/?p=109"},"modified":"2015-09-16T11:20:59","modified_gmt":"2015-09-16T11:20:59","slug":"plazas-libres-en-residencias-privadas-en-vizcaya","status":"publish","type":"post","link":"https:\/\/www.inforesidencias.com\/blog\/index.php\/2013\/07\/17\/plazas-libres-en-residencias-privadas-en-vizcaya\/","title":{"rendered":"Residencias de tercera edad en Vizcaya"},"content":{"rendered":"<p>Para hablar de <a href=\"https:\/\/www.inforesidencias.com\/centros\/buscador\/residencias\/pais-vasco\/vizcaya\">residencias de tercera edad en Vizcaya<\/a> debemos empezar entendiendo la estructura demogr\u00e1fica de Euzkadi.<\/p>\n<h2>Una comunidad envejecida<\/h2>\n<p>El Pa\u00eds Vasco\u00a0es una de las comunidades envejecida. Actualmente, casi el\u00a021% de su poblaci\u00f3n de, 449.867\u00a0tiene 65 a\u00f1os o m\u00e1s por lo que estad\u00edsticamente puede decirse que forman parte de la \u00ab<strong>tercera edad<\/strong>\u00ab. Con estos datos en la mano, s\u00f3lo\u00a0Castilla y Le\u00f3n, Asturias y Galicia superan a Euskadi en porcentaje de ancianos.<\/p>\n<p>Aunque el envejecimiento es una realidad en los tres territorios (Vizcaya, Guip\u00fazcoa y Alava) y el fen\u00f3meno es generalizado \u00a0afectando\u00a0tanto a las principales ciudades como a los municipios m\u00e1s peque\u00f1os. La realidad es que muchas personas mayores viven en\u00a0zonas rurales donde incluso sobrepasan porcentajes de\u00a025% de mayores. De todas ellas, las \u00fanicas excepciones a ese patr\u00f3n son Portugalete y Basauri dos localidades con m\u00e1s de 40.000 habitantes y un 25,1% en ambos casos.<\/p>\n<h2><a href=\"https:\/\/goo.gl\/fgnpDB\">Residencias de tercera edad en Vizcaya.<\/a><\/h2>\n<p>Bizkaia, con un mill\u00f3n ciento cincuenta mil habitantes, de los que 350.000 viven en Bilbao es un territorio envejecido en el que m\u00e1s de 20 de cada 100 vizcainos tiene m\u00e1s de 65 a\u00f1os. Para atender a los ancianos dependientes hay 11.000 camas repartidas en unas 210 residencias geri\u00e1tricas en Vizcaya. En el Pais Vasco las residencias privadas tienen un precio superior a otras comunidades, as\u00ed, las residencias de tercera edad de Vizcaya privadas rondan los 2.000 Euros al mes de media. Si quieres saber m\u00e1s o buscar la que m\u00e1s te interese, puedes utilizar el buscador de plazas en residencias de mayores de Inforesidencias.com. https:\/\/goo.gl\/fgnpDB<\/p>\n<p>Es una de las paradojas de la Ley de Dependencia y su irregular aplicaci\u00f3n. \u00a0Mientras miles de personas esperan en el limbo de la dependencia a recibir las prestaciones a que tienen derecho, miles de plazas en residencias geri\u00e1tricas privadas est\u00e1n vac\u00edas y qui\u00e9nes trabajan en esas residencias para mayores corren el riesgo de la desocupaci\u00f3n.<\/p>\n","protected":false},"excerpt":{"rendered":"<p>Para hablar de residencias de tercera edad en Vizcaya debemos empezar entendiendo la estructura demogr\u00e1fica de Euzkadi. Una comunidad envejecida El Pa\u00eds Vasco\u00a0es una de las comunidades envejecida. Actualmente, casi el\u00a021% de su poblaci\u00f3n de, 449.867\u00a0tiene 65 a\u00f1os o m\u00e1s por lo que estad\u00edsticamente puede decirse que forman parte de la \u00abtercera edad\u00ab. Con estos datos en la mano, s\u00f3lo\u00a0Castilla y Le\u00f3n, Asturias y Galicia superan a Euskadi en porcentaje de ancianos. Aunque el envejecimiento es una realidad en los tres territorios (Vizcaya, Guip\u00fazcoa y Alava) y el fen\u00f3meno es generalizado \u00a0afectando\u00a0tanto a las principales ciudades como a los municipios m\u00e1s peque\u00f1os. La realidad es que muchas personas mayores viven en\u00a0zonas rurales donde incluso sobrepasan porcentajes de\u00a025% de mayores. De todas ellas, las \u00fanicas excepciones a ese patr\u00f3n son Portugalete y Basauri dos localidades con m\u00e1s de 40.000 habitantes y un 25,1% en ambos casos. Residencias de tercera edad en [&hellip;]<\/p>\n","protected":false},"author":2,"featured_media":0,"comment_status":"open","ping_status":"open","sticky":false,"template":"","format":"link","meta":{"footnotes":""},"categories":[14,3,5],"tags":[6,7,8,9,10,11,12],"yoast_head":"<!-- This site is optimized with the Yoast SEO plugin v21.7 - https:\/\/yoast.com\/wordpress\/plugins\/seo\/ -->\n<title>Residencias de tercera edad en Vizcaya<\/title>\n<meta name=\"description\" content=\"Las residencias de tercera edad en Vizcaya dan respuesta a una poblaci\u00f3n envejecida que supera el 20%\" \/>\n<meta name=\"robots\" content=\"index, follow, max-snippet:-1, max-image-preview:large, max-video-preview:-1\" \/>\n<link rel=\"canonical\" href=\"https:\/\/www.inforesidencias.com\/blog\/index.php\/2013\/07\/17\/plazas-libres-en-residencias-privadas-en-vizcaya\/\" \/>\n<meta property=\"og:locale\" content=\"es_ES\" \/>\n<meta property=\"og:type\" content=\"article\" \/>\n<meta property=\"og:title\" content=\"Residencias de tercera edad en Vizcaya\" \/>\n<meta property=\"og:description\" content=\"Las residencias de tercera edad en Vizcaya dan respuesta a una poblaci\u00f3n envejecida que supera el 20%\" \/>\n<meta property=\"og:url\" content=\"https:\/\/www.inforesidencias.com\/blog\/index.php\/2013\/07\/17\/plazas-libres-en-residencias-privadas-en-vizcaya\/\" \/>\n<meta property=\"og:site_name\" content=\"Blog Inforesidencias.com\" \/>\n<meta property=\"article:publisher\" content=\"https:\/\/www.facebook.com\/Inforesidencias\/\" \/>\n<meta property=\"article:author\" content=\"https:\/\/www.facebook.com\/josep.demarti\" \/>\n<meta property=\"article:published_time\" content=\"2013-07-17T08:13:07+00:00\" \/>\n<meta property=\"article:modified_time\" content=\"2015-09-16T11:20:59+00:00\" \/>\n<meta name=\"author\" content=\"Josep de Mart\u00ed\" \/>\n<meta name=\"twitter:card\" content=\"summary_large_image\" \/>\n<meta name=\"twitter:creator\" content=\"@blog-ir\" \/>\n<meta name=\"twitter:site\" content=\"@inforesidencias\" \/>\n<meta name=\"twitter:label1\" content=\"Escrito por\" \/>\n\t<meta name=\"twitter:data1\" content=\"Josep de Mart\u00ed\" \/>\n\t<meta name=\"twitter:label2\" content=\"Tiempo de lectura\" \/>\n\t<meta name=\"twitter:data2\" content=\"2 minutos\" \/>\n<script type=\"application\/ld+json\" class=\"yoast-schema-graph\">{\"@context\":\"https:\/\/schema.org\",\"@graph\":[{\"@type\":\"WebPage\",\"@id\":\"https:\/\/www.inforesidencias.com\/blog\/index.php\/2013\/07\/17\/plazas-libres-en-residencias-privadas-en-vizcaya\/\",\"url\":\"https:\/\/www.inforesidencias.com\/blog\/index.php\/2013\/07\/17\/plazas-libres-en-residencias-privadas-en-vizcaya\/\",\"name\":\"Residencias de tercera edad en Vizcaya\",\"isPartOf\":{\"@id\":\"https:\/\/www.inforesidencias.com\/blog\/#website\"},\"datePublished\":\"2013-07-17T08:13:07+00:00\",\"dateModified\":\"2015-09-16T11:20:59+00:00\",\"author\":{\"@id\":\"https:\/\/www.inforesidencias.com\/blog\/#\/schema\/person\/9e146774d1eb3bc1c0316242a3898628\"},\"description\":\"Las residencias de tercera edad en Vizcaya dan respuesta a una poblaci\u00f3n envejecida que supera el 20%\",\"breadcrumb\":{\"@id\":\"https:\/\/www.inforesidencias.com\/blog\/index.php\/2013\/07\/17\/plazas-libres-en-residencias-privadas-en-vizcaya\/#breadcrumb\"},\"inLanguage\":\"es\",\"potentialAction\":[{\"@type\":\"ReadAction\",\"target\":[\"https:\/\/www.inforesidencias.com\/blog\/index.php\/2013\/07\/17\/plazas-libres-en-residencias-privadas-en-vizcaya\/\"]}]},{\"@type\":\"BreadcrumbList\",\"@id\":\"https:\/\/www.inforesidencias.com\/blog\/index.php\/2013\/07\/17\/plazas-libres-en-residencias-privadas-en-vizcaya\/#breadcrumb\",\"itemListElement\":[{\"@type\":\"ListItem\",\"position\":1,\"name\":\"Home\",\"item\":\"https:\/\/www.inforesidencias.com\/blog\/\"},{\"@type\":\"ListItem\",\"position\":2,\"name\":\"Residencias de tercera edad en Vizcaya\"}]},{\"@type\":\"WebSite\",\"@id\":\"https:\/\/www.inforesidencias.com\/blog\/#website\",\"url\":\"https:\/\/www.inforesidencias.com\/blog\/\",\"name\":\"Blog Inforesidencias.com\",\"description\":\"El buscador de residencias de la 3\u00aa edad\",\"potentialAction\":[{\"@type\":\"SearchAction\",\"target\":{\"@type\":\"EntryPoint\",\"urlTemplate\":\"https:\/\/www.inforesidencias.com\/blog\/?s={search_term_string}\"},\"query-input\":\"required name=search_term_string\"}],\"inLanguage\":\"es\"},{\"@type\":\"Person\",\"@id\":\"https:\/\/www.inforesidencias.com\/blog\/#\/schema\/person\/9e146774d1eb3bc1c0316242a3898628\",\"name\":\"Josep de Mart\u00ed\",\"image\":{\"@type\":\"ImageObject\",\"inLanguage\":\"es\",\"@id\":\"https:\/\/www.inforesidencias.com\/blog\/#\/schema\/person\/image\/\",\"url\":\"https:\/\/secure.gravatar.com\/avatar\/de0302c4806c00c4cebff396a798c1ff?s=96&d=mm&r=g\",\"contentUrl\":\"https:\/\/secure.gravatar.com\/avatar\/de0302c4806c00c4cebff396a798c1ff?s=96&d=mm&r=g\",\"caption\":\"Josep de Mart\u00ed\"},\"sameAs\":[\"https:\/\/www.inforesidencias.com\",\"https:\/\/www.facebook.com\/josep.demarti\",\"https:\/\/twitter.com\/blog-ir\"],\"url\":\"https:\/\/www.inforesidencias.com\/blog\/index.php\/author\/josepdemarti\/\"}]}<\/script>\n<!-- \/ Yoast SEO plugin. -->","yoast_head_json":{"title":"Residencias de tercera edad en Vizcaya","description":"Las residencias de tercera edad en Vizcaya dan respuesta a una poblaci\u00f3n envejecida que supera el 20%","robots":{"index":"index","follow":"follow","max-snippet":"max-snippet:-1","max-image-preview":"max-image-preview:large","max-video-preview":"max-video-preview:-1"},"canonical":"https:\/\/www.inforesidencias.com\/blog\/index.php\/2013\/07\/17\/plazas-libres-en-residencias-privadas-en-vizcaya\/","og_locale":"es_ES","og_type":"article","og_title":"Residencias de tercera edad en Vizcaya","og_description":"Las residencias de tercera edad en Vizcaya dan respuesta a una poblaci\u00f3n envejecida que supera el 20%","og_url":"https:\/\/www.inforesidencias.com\/blog\/index.php\/2013\/07\/17\/plazas-libres-en-residencias-privadas-en-vizcaya\/","og_site_name":"Blog Inforesidencias.com","article_publisher":"https:\/\/www.facebook.com\/Inforesidencias\/","article_author":"https:\/\/www.facebook.com\/josep.demarti","article_published_time":"2013-07-17T08:13:07+00:00","article_modified_time":"2015-09-16T11:20:59+00:00","author":"Josep de Mart\u00ed","twitter_card":"summary_large_image","twitter_creator":"@blog-ir","twitter_site":"@inforesidencias","twitter_misc":{"Escrito por":"Josep de Mart\u00ed","Tiempo de lectura":"2 minutos"},"schema":{"@context":"https:\/\/schema.org","@graph":[{"@type":"WebPage","@id":"https:\/\/www.inforesidencias.com\/blog\/index.php\/2013\/07\/17\/plazas-libres-en-residencias-privadas-en-vizcaya\/","url":"https:\/\/www.inforesidencias.com\/blog\/index.php\/2013\/07\/17\/plazas-libres-en-residencias-privadas-en-vizcaya\/","name":"Residencias de tercera edad en Vizcaya","isPartOf":{"@id":"https:\/\/www.inforesidencias.com\/blog\/#website"},"datePublished":"2013-07-17T08:13:07+00:00","dateModified":"2015-09-16T11:20:59+00:00","author":{"@id":"https:\/\/www.inforesidencias.com\/blog\/#\/schema\/person\/9e146774d1eb3bc1c0316242a3898628"},"description":"Las residencias de tercera edad en Vizcaya dan respuesta a una poblaci\u00f3n envejecida que supera el 20%","breadcrumb":{"@id":"https:\/\/www.inforesidencias.com\/blog\/index.php\/2013\/07\/17\/plazas-libres-en-residencias-privadas-en-vizcaya\/#breadcrumb"},"inLanguage":"es","potentialAction":[{"@type":"ReadAction","target":["https:\/\/www.inforesidencias.com\/blog\/index.php\/2013\/07\/17\/plazas-libres-en-residencias-privadas-en-vizcaya\/"]}]},{"@type":"BreadcrumbList","@id":"https:\/\/www.inforesidencias.com\/blog\/index.php\/2013\/07\/17\/plazas-libres-en-residencias-privadas-en-vizcaya\/#breadcrumb","itemListElement":[{"@type":"ListItem","position":1,"name":"Home","item":"https:\/\/www.inforesidencias.com\/blog\/"},{"@type":"ListItem","position":2,"name":"Residencias de tercera edad en Vizcaya"}]},{"@type":"WebSite","@id":"https:\/\/www.inforesidencias.com\/blog\/#website","url":"https:\/\/www.inforesidencias.com\/blog\/","name":"Blog Inforesidencias.com","description":"El buscador de residencias de la 3\u00aa edad","potentialAction":[{"@type":"SearchAction","target":{"@type":"EntryPoint","urlTemplate":"https:\/\/www.inforesidencias.com\/blog\/?s={search_term_string}"},"query-input":"required name=search_term_string"}],"inLanguage":"es"},{"@type":"Person","@id":"https:\/\/www.inforesidencias.com\/blog\/#\/schema\/person\/9e146774d1eb3bc1c0316242a3898628","name":"Josep de Mart\u00ed","image":{"@type":"ImageObject","inLanguage":"es","@id":"https:\/\/www.inforesidencias.com\/blog\/#\/schema\/person\/image\/","url":"https:\/\/secure.gravatar.com\/avatar\/de0302c4806c00c4cebff396a798c1ff?s=96&d=mm&r=g","contentUrl":"https:\/\/secure.gravatar.com\/avatar\/de0302c4806c00c4cebff396a798c1ff?s=96&d=mm&r=g","caption":"Josep de Mart\u00ed"},"sameAs":["https:\/\/www.inforesidencias.com","https:\/\/www.facebook.com\/josep.demarti","https:\/\/twitter.com\/blog-ir"],"url":"https:\/\/www.inforesidencias.com\/blog\/index.php\/author\/josepdemarti\/"}]}},"_links":{"self":[{"href":"https:\/\/www.inforesidencias.com\/blog\/index.php\/wp-json\/wp\/v2\/posts\/109"}],"collection":[{"href":"https:\/\/www.inforesidencias.com\/blog\/index.php\/wp-json\/wp\/v2\/posts"}],"about":[{"href":"https:\/\/www.inforesidencias.com\/blog\/index.php\/wp-json\/wp\/v2\/types\/post"}],"author":[{"embeddable":true,"href":"https:\/\/www.inforesidencias.com\/blog\/index.php\/wp-json\/wp\/v2\/users\/2"}],"replies":[{"embeddable":true,"href":"https:\/\/www.inforesidencias.com\/blog\/index.php\/wp-json\/wp\/v2\/comments?post=109"}],"version-history":[{"count":5,"href":"https:\/\/www.inforesidencias.com\/blog\/index.php\/wp-json\/wp\/v2\/posts\/109\/revisions"}],"predecessor-version":[{"id":379,"href":"https:\/\/www.inforesidencias.com\/blog\/index.php\/wp-json\/wp\/v2\/posts\/109\/revisions\/379"}],"wp:attachment":[{"href":"https:\/\/www.inforesidencias.com\/blog\/index.php\/wp-json\/wp\/v2\/media?parent=109"}],"wp:term":[{"taxonomy":"category","embeddable":true,"href":"https:\/\/www.inforesidencias.com\/blog\/index.php\/wp-json\/wp\/v2\/categories?post=109"},{"taxonomy":"post_tag","embeddable":true,"href":"https:\/\/www.inforesidencias.com\/blog\/index.php\/wp-json\/wp\/v2\/tags?post=109"}],"curies":[{"name":"wp","href":"https:\/\/api.w.org\/{rel}","templated":true}]}}