{"id":1093,"date":"2017-05-03T11:36:56","date_gmt":"2017-05-03T11:36:56","guid":{"rendered":"https:\/\/www.inforesidencias.com\/blog\/?p=1093"},"modified":"2017-05-03T11:38:14","modified_gmt":"2017-05-03T11:38:14","slug":"visitando-la-feria-altenpflege-novedades-en-camas-en-residencias","status":"publish","type":"post","link":"https:\/\/www.inforesidencias.com\/blog\/index.php\/2017\/05\/03\/visitando-la-feria-altenpflege-novedades-en-camas-en-residencias\/","title":{"rendered":"Visitando la feria Altenpflege. Novedades en camas en residencias"},"content":{"rendered":"<p>Altenpflege 2017 N\u00fcrenberg ha permitido conocer grandes innovaciones en camas en residencias de personas mayorres.<\/p>\n<p><a href=\"https:\/\/www.inforesidencias.com\/blog\/wp-content\/uploads\/2017\/05\/feria-entrada.png\"><img decoding=\"async\" loading=\"lazy\" class=\"alignright size-full wp-image-1094\" src=\"https:\/\/www.inforesidencias.com\/blog\/wp-content\/uploads\/2017\/05\/feria-entrada.png\" alt=\"Entrada a Altenpflege\" width=\"690\" height=\"376\" \/><\/a><\/p>\n<p>&nbsp;<\/p>\n<p>&nbsp;<\/p>\n<p>&nbsp;<\/p>\n<p>&nbsp;<\/p>\n<p>En esta edici\u00f3n destaca la tendencia clara en equipamientos de habitaciones en centros geri\u00e1tricos, cambiar la mentalidad de los centros de muchos pa\u00edses que todav\u00eda no entienden que se debe invertir en buenas camas ya que estas no son solo esto, son herramientas de trabajo o mejor dicho, equipos de descanso, en las que los usuarios est\u00e1n al menos 8 horas descansando, de las cuales, tambi\u00e9n en algunos casos, se utilizan para realizar los cambios posturales y a la vez que en muchos otros casos, durante el d\u00eda tambi\u00e9n funcionan varias veces, se elevan para hacer la cama, se mueven para limpiar, cada d\u00eda durante todo el a\u00f1o. Por este motivo los fabricantes como bock en esta edici\u00f3n de la feria al igual que otros fabricantes han presentado sus modelos m\u00e1s avanzados y no exponiendo los modelos b\u00e1sicos de cama articulada t\u00edpica de carro elevador.<\/p>\n<p><a href=\"https:\/\/www.inforesidencias.com\/blog\/wp-content\/uploads\/2017\/05\/stand.png\"><img decoding=\"async\" loading=\"lazy\" class=\"alignright size-full wp-image-1095\" src=\"https:\/\/www.inforesidencias.com\/blog\/wp-content\/uploads\/2017\/05\/stand.png\" alt=\"stand Bock en Altenpflege\" width=\"569\" height=\"379\" \/><\/a><\/p>\n<p>&nbsp;<\/p>\n<p>&nbsp;<\/p>\n<p>&nbsp;<\/p>\n<p>En general la tendencia de camas geri\u00e1tricas ha sido:<\/p>\n<p>Camas articuladas con carro elevador de doble motor para funci\u00f3n Trendelenburg y posici\u00f3n confort, de rango de elevaci\u00f3n de, el m\u00ednimo posible en su posici\u00f3n m\u00e1s baja, sin perder la altura para cuidados de 80cm en su posici\u00f3n m\u00e1s alta. Somieres especiales como el patentado ripolux NEO de bock combinado con los somieres de lamas de aluminio extra\u00edbles para su desinfecci\u00f3n. Barandillas divididas cortas o largas que permiten al usuario salir de la cama teniendo la protecci\u00f3n igualmente para evitar ca\u00eddas y estas siendo un punto de apoyo para levantarse de la cama. Vale la pena destacar, que de este modo se evita la contenci\u00f3n y que cada vez, se ven m\u00e1s distintas opciones de este tipo de barandillas con este dise\u00f1o europeo que no concibe una cama geri\u00e1trica sin cabecero ni piecero.<\/p>\n<p>La tendencia en los materiales sigue siendo el acero para la estructura pero en combinaci\u00f3n con el aluminio y la madera que destaca por tonos c\u00e1lidos interesantes como el color olivo tambi\u00e9n combinado con aluminio.<\/p>\n<p>Novedad, practico alu SCC, la cama que ha estado en desarrollo este a\u00f1o, ya ha sido presentada en esta edici\u00f3n de la feria Altenpflege. La cama incorpora sensores para controlar lo que est\u00e1 ocurriendo en la misma sin estar presente. Conocer los movimientos del usuario por la noche, si est\u00e1 sentado en la cama o se levanta de la cama, adem\u00e1s de crear una estad\u00edstica diaria, semanal, mensual, o anual de estos datos. Este sistema inteligente permite programar las funciones de la cama para cada usuario y limitar la posici\u00f3n o los grados de inclinaci\u00f3n si no conviene aunque el usuario con el mando pulse para articular el somier, la elevaci\u00f3n o la funci\u00f3n confort.<\/p>\n<p><a href=\"https:\/\/www.inforesidencias.com\/blog\/wp-content\/uploads\/2017\/05\/graf.png\"><img decoding=\"async\" loading=\"lazy\" class=\" size-full wp-image-1096 aligncenter\" src=\"https:\/\/www.inforesidencias.com\/blog\/wp-content\/uploads\/2017\/05\/graf.png\" alt=\"graf\" width=\"345\" height=\"240\" \/><\/a><\/p>\n<p>Todo esto mediante una especifica app, una tablet y una red wireless. Se puede obtener informaci\u00f3n en todo momento en todo el edificio. Se puede articular y usar las funciones de la cama desde la aplicaci\u00f3n pero solo desde la habitaci\u00f3n delante de la cama acercando la tablet al sensor que identifica el n\u00famero de cama para acceder al control, donde aparecen los datos del usuario y la habitaci\u00f3n.<\/p>\n<p><a href=\"https:\/\/youtu.be\/BezCaPTLTgw\">https:\/\/youtu.be\/BezCaPTLTgw<\/a><\/p>\n<p>Se puede adquirir la cama con el sistema preparado sin que sea necesario de momento usar la aplicaci\u00f3n para reducir la inversi\u00f3n inicial.<\/p>\n<p>Estas camas est\u00e1n siendo probadas en dos centros en Alemania desde hace varios meses.<\/p>\n<p>Puede ser combinado con el sistema de llamada paciente-enfermera existente en el centro y tiene la capacidad de ampliar en sensores para mayor o mas especifica informaci\u00f3n sobre el usuario y el uso de la cama, en un futuro.<\/p>\n<p>Sigue destacando la practico ultra low 9.5\/80 de bock, que con su sistema patentado que es la \u00fanica que llegando a solo 9,5cm del suelo, puede elevarse a una altura de cuidado de 80cm. Se han realizado varias demostraciones del uso para dar a conocer las ventajas de este tipo de camas y pronto estar\u00e1 disponible en Espa\u00f1a para realizar demostraciones en los centros interesados en adquirirla ya que han sido muy significativas las consultas recibidas desde su presentaci\u00f3n el a\u00f1o pasado en Hannover.<\/p>\n<p><img decoding=\"async\" loading=\"lazy\" class=\" size-medium wp-image-1097 aligncenter\" src=\"https:\/\/www.inforesidencias.com\/blog\/wp-content\/uploads\/2017\/05\/cama.png\" alt=\"cama\" width=\"300\" height=\"200\" \/><\/p>\n<p><a href=\"https:\/\/en.bock.net\/residential-care\/special-nursing-care-beds\/practico-ultra-low-9580\/shop\/257\/show\/\">https:\/\/en.bock.net\/residential-care\/special-nursing-care-beds\/practico-ultra-low-9580\/shop\/257\/show\/<\/a><\/p>\n<p>&nbsp;<\/p>\n<p>Una cama interesante es la Stellar de bock, la propuesta elegante para adaptaci\u00f3n de habitaciones en hoteles que incrementa cada vez m\u00e1s en los mercados Alem\u00e1n, Franc\u00e9s e Ingl\u00e9s. Con una estructura tapizada que envuelve la cama y esconde una cama articulada regulable en altura con sistema de elevaci\u00f3n con carro de doble motor para en este caso la funci\u00f3n confort. Detalles de calidad como el mando inal\u00e1mbrico, luz o conexi\u00f3n USB. Disponible a partir de 5 unidades.<\/p>\n<p><a href=\"https:\/\/www.inforesidencias.com\/blog\/wp-content\/uploads\/2017\/05\/cama2.png\"><img decoding=\"async\" loading=\"lazy\" class=\"alignright size-full wp-image-1098\" src=\"https:\/\/www.inforesidencias.com\/blog\/wp-content\/uploads\/2017\/05\/cama2.png\" alt=\"cama2\" width=\"887\" height=\"367\" \/><\/a><\/p>\n<p><a href=\"https:\/\/en.bock.net\/news-detail\/highly-functional-upholstered-bed-for-all-living-situations-stellar-comfort-bed-for-people-with-discerning-taste\/\">https:\/\/en.bock.net\/news-detail\/highly-functional-upholstered-bed-for-all-living-situations-stellar-comfort-bed-for-people-with-discerning-taste\/<\/a><\/p>\n","protected":false},"excerpt":{"rendered":"<p>Altenpflege 2017 N\u00fcrenberg ha permitido conocer grandes innovaciones en camas en residencias de personas mayorres. &nbsp; &nbsp; &nbsp; &nbsp; En esta edici\u00f3n destaca la tendencia clara en equipamientos de habitaciones en centros geri\u00e1tricos, cambiar la mentalidad de los centros de muchos pa\u00edses que todav\u00eda no entienden que se debe invertir en buenas camas ya que estas no son solo esto, son herramientas de trabajo o mejor dicho, equipos de descanso, en las que los usuarios est\u00e1n al menos 8 horas descansando, de las cuales, tambi\u00e9n en algunos casos, se utilizan para realizar los cambios posturales y a la vez que en muchos otros casos, durante el d\u00eda tambi\u00e9n funcionan varias veces, se elevan para hacer la cama, se mueven para limpiar, cada d\u00eda durante todo el a\u00f1o. Por este motivo los fabricantes como bock en esta edici\u00f3n de la feria al igual que otros fabricantes han presentado sus modelos m\u00e1s [&hellip;]<\/p>\n","protected":false},"author":2,"featured_media":1098,"comment_status":"open","ping_status":"open","sticky":false,"template":"","format":"standard","meta":{"footnotes":""},"categories":[1],"tags":[],"yoast_head":"<!-- This site is optimized with the Yoast SEO plugin v21.7 - https:\/\/yoast.com\/wordpress\/plugins\/seo\/ -->\n<title>Visitando la feria Altenpflege. Novedades en camas en residencias - Blog Inforesidencias.com<\/title>\n<meta name=\"description\" content=\"Importantes innovaciones en camas en residencias de mayores.\" \/>\n<meta name=\"robots\" content=\"index, follow, max-snippet:-1, max-image-preview:large, max-video-preview:-1\" \/>\n<link rel=\"canonical\" href=\"https:\/\/www.inforesidencias.com\/blog\/index.php\/2017\/05\/03\/visitando-la-feria-altenpflege-novedades-en-camas-en-residencias\/\" \/>\n<meta property=\"og:locale\" content=\"es_ES\" \/>\n<meta property=\"og:type\" content=\"article\" \/>\n<meta property=\"og:title\" content=\"Visitando la feria Altenpflege. Novedades en camas en residencias - Blog Inforesidencias.com\" \/>\n<meta property=\"og:description\" content=\"Importantes innovaciones en camas en residencias de mayores.\" \/>\n<meta property=\"og:url\" content=\"https:\/\/www.inforesidencias.com\/blog\/index.php\/2017\/05\/03\/visitando-la-feria-altenpflege-novedades-en-camas-en-residencias\/\" \/>\n<meta property=\"og:site_name\" content=\"Blog Inforesidencias.com\" \/>\n<meta property=\"article:publisher\" content=\"https:\/\/www.facebook.com\/Inforesidencias\/\" \/>\n<meta property=\"article:author\" content=\"https:\/\/www.facebook.com\/josep.demarti\" \/>\n<meta property=\"article:published_time\" content=\"2017-05-03T11:36:56+00:00\" \/>\n<meta property=\"article:modified_time\" content=\"2017-05-03T11:38:14+00:00\" \/>\n<meta property=\"og:image\" content=\"https:\/\/www.inforesidencias.com\/blog\/wp-content\/uploads\/2017\/05\/cama2.png\" \/>\n\t<meta property=\"og:image:width\" content=\"887\" \/>\n\t<meta property=\"og:image:height\" content=\"367\" \/>\n\t<meta property=\"og:image:type\" content=\"image\/png\" \/>\n<meta name=\"author\" content=\"Josep de Mart\u00ed\" \/>\n<meta name=\"twitter:card\" content=\"summary_large_image\" \/>\n<meta name=\"twitter:creator\" content=\"@blog-ir\" \/>\n<meta name=\"twitter:site\" content=\"@inforesidencias\" \/>\n<meta name=\"twitter:label1\" content=\"Escrito por\" \/>\n\t<meta name=\"twitter:data1\" content=\"Josep de Mart\u00ed\" \/>\n\t<meta name=\"twitter:label2\" content=\"Tiempo de lectura\" \/>\n\t<meta name=\"twitter:data2\" content=\"4 minutos\" \/>\n<script type=\"application\/ld+json\" class=\"yoast-schema-graph\">{\"@context\":\"https:\/\/schema.org\",\"@graph\":[{\"@type\":\"WebPage\",\"@id\":\"https:\/\/www.inforesidencias.com\/blog\/index.php\/2017\/05\/03\/visitando-la-feria-altenpflege-novedades-en-camas-en-residencias\/\",\"url\":\"https:\/\/www.inforesidencias.com\/blog\/index.php\/2017\/05\/03\/visitando-la-feria-altenpflege-novedades-en-camas-en-residencias\/\",\"name\":\"Visitando la feria Altenpflege. Novedades en camas en residencias - Blog Inforesidencias.com\",\"isPartOf\":{\"@id\":\"https:\/\/www.inforesidencias.com\/blog\/#website\"},\"datePublished\":\"2017-05-03T11:36:56+00:00\",\"dateModified\":\"2017-05-03T11:38:14+00:00\",\"author\":{\"@id\":\"https:\/\/www.inforesidencias.com\/blog\/#\/schema\/person\/9e146774d1eb3bc1c0316242a3898628\"},\"description\":\"Importantes innovaciones en camas en residencias de mayores.\",\"breadcrumb\":{\"@id\":\"https:\/\/www.inforesidencias.com\/blog\/index.php\/2017\/05\/03\/visitando-la-feria-altenpflege-novedades-en-camas-en-residencias\/#breadcrumb\"},\"inLanguage\":\"es\",\"potentialAction\":[{\"@type\":\"ReadAction\",\"target\":[\"https:\/\/www.inforesidencias.com\/blog\/index.php\/2017\/05\/03\/visitando-la-feria-altenpflege-novedades-en-camas-en-residencias\/\"]}]},{\"@type\":\"BreadcrumbList\",\"@id\":\"https:\/\/www.inforesidencias.com\/blog\/index.php\/2017\/05\/03\/visitando-la-feria-altenpflege-novedades-en-camas-en-residencias\/#breadcrumb\",\"itemListElement\":[{\"@type\":\"ListItem\",\"position\":1,\"name\":\"Home\",\"item\":\"https:\/\/www.inforesidencias.com\/blog\/\"},{\"@type\":\"ListItem\",\"position\":2,\"name\":\"Visitando la feria Altenpflege. Novedades en camas en residencias\"}]},{\"@type\":\"WebSite\",\"@id\":\"https:\/\/www.inforesidencias.com\/blog\/#website\",\"url\":\"https:\/\/www.inforesidencias.com\/blog\/\",\"name\":\"Blog Inforesidencias.com\",\"description\":\"El buscador de residencias de la 3\u00aa edad\",\"potentialAction\":[{\"@type\":\"SearchAction\",\"target\":{\"@type\":\"EntryPoint\",\"urlTemplate\":\"https:\/\/www.inforesidencias.com\/blog\/?s={search_term_string}\"},\"query-input\":\"required name=search_term_string\"}],\"inLanguage\":\"es\"},{\"@type\":\"Person\",\"@id\":\"https:\/\/www.inforesidencias.com\/blog\/#\/schema\/person\/9e146774d1eb3bc1c0316242a3898628\",\"name\":\"Josep de Mart\u00ed\",\"image\":{\"@type\":\"ImageObject\",\"inLanguage\":\"es\",\"@id\":\"https:\/\/www.inforesidencias.com\/blog\/#\/schema\/person\/image\/\",\"url\":\"https:\/\/secure.gravatar.com\/avatar\/de0302c4806c00c4cebff396a798c1ff?s=96&d=mm&r=g\",\"contentUrl\":\"https:\/\/secure.gravatar.com\/avatar\/de0302c4806c00c4cebff396a798c1ff?s=96&d=mm&r=g\",\"caption\":\"Josep de Mart\u00ed\"},\"sameAs\":[\"https:\/\/www.inforesidencias.com\",\"https:\/\/www.facebook.com\/josep.demarti\",\"https:\/\/twitter.com\/blog-ir\"],\"url\":\"https:\/\/www.inforesidencias.com\/blog\/index.php\/author\/josepdemarti\/\"}]}<\/script>\n<!-- \/ Yoast SEO plugin. -->","yoast_head_json":{"title":"Visitando la feria Altenpflege. Novedades en camas en residencias - Blog Inforesidencias.com","description":"Importantes innovaciones en camas en residencias de mayores.","robots":{"index":"index","follow":"follow","max-snippet":"max-snippet:-1","max-image-preview":"max-image-preview:large","max-video-preview":"max-video-preview:-1"},"canonical":"https:\/\/www.inforesidencias.com\/blog\/index.php\/2017\/05\/03\/visitando-la-feria-altenpflege-novedades-en-camas-en-residencias\/","og_locale":"es_ES","og_type":"article","og_title":"Visitando la feria Altenpflege. Novedades en camas en residencias - Blog Inforesidencias.com","og_description":"Importantes innovaciones en camas en residencias de mayores.","og_url":"https:\/\/www.inforesidencias.com\/blog\/index.php\/2017\/05\/03\/visitando-la-feria-altenpflege-novedades-en-camas-en-residencias\/","og_site_name":"Blog Inforesidencias.com","article_publisher":"https:\/\/www.facebook.com\/Inforesidencias\/","article_author":"https:\/\/www.facebook.com\/josep.demarti","article_published_time":"2017-05-03T11:36:56+00:00","article_modified_time":"2017-05-03T11:38:14+00:00","og_image":[{"width":887,"height":367,"url":"https:\/\/www.inforesidencias.com\/blog\/wp-content\/uploads\/2017\/05\/cama2.png","type":"image\/png"}],"author":"Josep de Mart\u00ed","twitter_card":"summary_large_image","twitter_creator":"@blog-ir","twitter_site":"@inforesidencias","twitter_misc":{"Escrito por":"Josep de Mart\u00ed","Tiempo de lectura":"4 minutos"},"schema":{"@context":"https:\/\/schema.org","@graph":[{"@type":"WebPage","@id":"https:\/\/www.inforesidencias.com\/blog\/index.php\/2017\/05\/03\/visitando-la-feria-altenpflege-novedades-en-camas-en-residencias\/","url":"https:\/\/www.inforesidencias.com\/blog\/index.php\/2017\/05\/03\/visitando-la-feria-altenpflege-novedades-en-camas-en-residencias\/","name":"Visitando la feria Altenpflege. Novedades en camas en residencias - Blog Inforesidencias.com","isPartOf":{"@id":"https:\/\/www.inforesidencias.com\/blog\/#website"},"datePublished":"2017-05-03T11:36:56+00:00","dateModified":"2017-05-03T11:38:14+00:00","author":{"@id":"https:\/\/www.inforesidencias.com\/blog\/#\/schema\/person\/9e146774d1eb3bc1c0316242a3898628"},"description":"Importantes innovaciones en camas en residencias de mayores.","breadcrumb":{"@id":"https:\/\/www.inforesidencias.com\/blog\/index.php\/2017\/05\/03\/visitando-la-feria-altenpflege-novedades-en-camas-en-residencias\/#breadcrumb"},"inLanguage":"es","potentialAction":[{"@type":"ReadAction","target":["https:\/\/www.inforesidencias.com\/blog\/index.php\/2017\/05\/03\/visitando-la-feria-altenpflege-novedades-en-camas-en-residencias\/"]}]},{"@type":"BreadcrumbList","@id":"https:\/\/www.inforesidencias.com\/blog\/index.php\/2017\/05\/03\/visitando-la-feria-altenpflege-novedades-en-camas-en-residencias\/#breadcrumb","itemListElement":[{"@type":"ListItem","position":1,"name":"Home","item":"https:\/\/www.inforesidencias.com\/blog\/"},{"@type":"ListItem","position":2,"name":"Visitando la feria Altenpflege. Novedades en camas en residencias"}]},{"@type":"WebSite","@id":"https:\/\/www.inforesidencias.com\/blog\/#website","url":"https:\/\/www.inforesidencias.com\/blog\/","name":"Blog Inforesidencias.com","description":"El buscador de residencias de la 3\u00aa edad","potentialAction":[{"@type":"SearchAction","target":{"@type":"EntryPoint","urlTemplate":"https:\/\/www.inforesidencias.com\/blog\/?s={search_term_string}"},"query-input":"required name=search_term_string"}],"inLanguage":"es"},{"@type":"Person","@id":"https:\/\/www.inforesidencias.com\/blog\/#\/schema\/person\/9e146774d1eb3bc1c0316242a3898628","name":"Josep de Mart\u00ed","image":{"@type":"ImageObject","inLanguage":"es","@id":"https:\/\/www.inforesidencias.com\/blog\/#\/schema\/person\/image\/","url":"https:\/\/secure.gravatar.com\/avatar\/de0302c4806c00c4cebff396a798c1ff?s=96&d=mm&r=g","contentUrl":"https:\/\/secure.gravatar.com\/avatar\/de0302c4806c00c4cebff396a798c1ff?s=96&d=mm&r=g","caption":"Josep de Mart\u00ed"},"sameAs":["https:\/\/www.inforesidencias.com","https:\/\/www.facebook.com\/josep.demarti","https:\/\/twitter.com\/blog-ir"],"url":"https:\/\/www.inforesidencias.com\/blog\/index.php\/author\/josepdemarti\/"}]}},"_links":{"self":[{"href":"https:\/\/www.inforesidencias.com\/blog\/index.php\/wp-json\/wp\/v2\/posts\/1093"}],"collection":[{"href":"https:\/\/www.inforesidencias.com\/blog\/index.php\/wp-json\/wp\/v2\/posts"}],"about":[{"href":"https:\/\/www.inforesidencias.com\/blog\/index.php\/wp-json\/wp\/v2\/types\/post"}],"author":[{"embeddable":true,"href":"https:\/\/www.inforesidencias.com\/blog\/index.php\/wp-json\/wp\/v2\/users\/2"}],"replies":[{"embeddable":true,"href":"https:\/\/www.inforesidencias.com\/blog\/index.php\/wp-json\/wp\/v2\/comments?post=1093"}],"version-history":[{"count":1,"href":"https:\/\/www.inforesidencias.com\/blog\/index.php\/wp-json\/wp\/v2\/posts\/1093\/revisions"}],"predecessor-version":[{"id":1099,"href":"https:\/\/www.inforesidencias.com\/blog\/index.php\/wp-json\/wp\/v2\/posts\/1093\/revisions\/1099"}],"wp:featuredmedia":[{"embeddable":true,"href":"https:\/\/www.inforesidencias.com\/blog\/index.php\/wp-json\/wp\/v2\/media\/1098"}],"wp:attachment":[{"href":"https:\/\/www.inforesidencias.com\/blog\/index.php\/wp-json\/wp\/v2\/media?parent=1093"}],"wp:term":[{"taxonomy":"category","embeddable":true,"href":"https:\/\/www.inforesidencias.com\/blog\/index.php\/wp-json\/wp\/v2\/categories?post=1093"},{"taxonomy":"post_tag","embeddable":true,"href":"https:\/\/www.inforesidencias.com\/blog\/index.php\/wp-json\/wp\/v2\/tags?post=1093"}],"curies":[{"name":"wp","href":"https:\/\/api.w.org\/{rel}","templated":true}]}}