{"id":11,"date":"2004-06-24T19:50:00","date_gmt":"2004-06-24T19:50:00","guid":{"rendered":"http:\/\/inforesidencias.wordpress.com\/2004\/06\/24\/desnutricion-y-residencias"},"modified":"2004-06-24T19:50:00","modified_gmt":"2004-06-24T19:50:00","slug":"desnutricion-y-residencias","status":"publish","type":"post","link":"https:\/\/www.inforesidencias.com\/blog\/index.php\/2004\/06\/24\/desnutricion-y-residencias\/","title":{"rendered":">DESNUTRICION Y RESIDENCIAS"},"content":{"rendered":"<p>&gt;Hac\u00eda mucho tiempo que una noticia referida a residencias no ten\u00eda tanta repercusi\u00f3n como el estudio elaborado por la SEGG (Sociedad Espa\u00f1ola de Geriatr\u00eda y Gerontolog\u00eda) y la Federaci\u00f3n Espa\u00f1ola de alimentaci\u00f3n y Diet\u00e9tica (FESNAD), y lo m\u00e1s curioso no es el resultado del estudio sino la forma en que los medios de comunicaci\u00f3n lo han reflejado.<\/p>\n<p>Para aquellos a los que no ha llegado la pol\u00e9mica, resulta que se public\u00f3 que el estudio dec\u00eda que entre uno y dos tercios de las personas ingresadas en residencias  padecen desnutrici\u00f3n (con titulares como \u201cUn tercio de los mayores que viven en residencias padecen anorexia\u201d).  Lo curioso es que hab\u00eda peri\u00f3dicos en los que las residencias sal\u00edan bien paradas ya que en ellos se informaba que los mayores mejor alimentados eran los que viv\u00edan en sus casas \u201cseguidos de los que viven en residencias\u201d, mientras que otros pon\u00edan m\u00e1s el peso en lo de la mitad de residentes desnutridos.  Incluso un rotativo como \u201cEl Peri\u00f3dico de Catalunya\u201d se hico eco de la noticia dos veces y con dos enfoques contradictorios.<\/p>\n<p>En los d\u00edas sucesivos no faltaron quejas de muchas residencias, comunicados de prensa de asociaciones, empresas e incluso representantes de comunidades aut\u00f3nomas como la asturiana, en los que se cuestiona el informe por no coincidir con otros realizados con anterioridad o por considerar que dar los datos de forma telegr\u00e1fica y sin matizaciones desprestigia a todo un sector en el que la mayor\u00eda trabaja bien.<\/p>\n<p>Creo que en este caso hay que dejar de lado el contenido del estudio en s\u00ed y fijarnos en un curioso detalle.  Si leemos las diferentes noticias publicadas parece que haya dos estudios y no uno \u00bfa qu\u00e9 se debe esto?  Pues yo creo que se hicieron dos presentaciones.  En la primera se destacaba lo mal nutridos que estaban los ancianos que viv\u00edan solos y lo bien que estaban los que viv\u00edan con sus familias (seguidos en orden de bienestar por los que viv\u00edan en residencias).  \u00bfResultado? Poca relevancia medi\u00e1tica.  La segunda presentaci\u00f3n hizo hincapi\u00e9 en lo mal nutridos que est\u00e1n los mayores que viven en residencias y \u00a1Bingo! P\u00e1ginas y p\u00e1ginas de tinta.  El que el informe indique que los que est\u00e1n ingresados en hospitales est\u00e1n peor nutridos que los que viven en residencias (siempre seg\u00fan el estudio), no merece titulares. Como tampoco los merece otro estudio hecho p\u00fablico durante las mismas fechas seg\u00fan el cual el 30% de los mayores que viven en residencias valencianas padecen sobrepeso.<\/p>\n<p>Es triste que todav\u00eda nuestro sector tenga tanto de \u201ccarnaza medi\u00e1tica\u201d.<\/p>\n<p>Quiz\u00e1 mi an\u00e1lisis sea err\u00f3neo y tenga que pedir disculpas. Por desgracia, no lo creo.<\/p>\n","protected":false},"excerpt":{"rendered":"<p>&gt;Hac\u00eda mucho tiempo que una noticia referida a residencias no ten\u00eda tanta repercusi\u00f3n como el estudio elaborado por la SEGG (Sociedad Espa\u00f1ola de Geriatr\u00eda y Gerontolog\u00eda) y la Federaci\u00f3n Espa\u00f1ola de alimentaci\u00f3n y Diet\u00e9tica (FESNAD), y lo m\u00e1s curioso no es el resultado del estudio sino la forma en que los medios de comunicaci\u00f3n lo han reflejado. Para aquellos a los que no ha llegado la pol\u00e9mica, resulta que se public\u00f3 que el estudio dec\u00eda que entre uno y dos tercios de las personas ingresadas en residencias padecen desnutrici\u00f3n (con titulares como \u201cUn tercio de los mayores que viven en residencias padecen anorexia\u201d). Lo curioso es que hab\u00eda peri\u00f3dicos en los que las residencias sal\u00edan bien paradas ya que en ellos se informaba que los mayores mejor alimentados eran los que viv\u00edan en sus casas \u201cseguidos de los que viven en residencias\u201d, mientras que otros pon\u00edan m\u00e1s el peso en [&hellip;]<\/p>\n","protected":false},"author":2,"featured_media":0,"comment_status":"open","ping_status":"open","sticky":false,"template":"","format":"standard","meta":{"footnotes":""},"categories":[1],"tags":[],"yoast_head":"<!-- This site is optimized with the Yoast SEO plugin v21.7 - https:\/\/yoast.com\/wordpress\/plugins\/seo\/ -->\n<title>&gt;DESNUTRICION Y RESIDENCIAS - Blog Inforesidencias.com<\/title>\n<meta name=\"robots\" content=\"index, follow, max-snippet:-1, max-image-preview:large, max-video-preview:-1\" \/>\n<link rel=\"canonical\" href=\"https:\/\/www.inforesidencias.com\/blog\/index.php\/2004\/06\/24\/desnutricion-y-residencias\/\" \/>\n<meta property=\"og:locale\" content=\"es_ES\" \/>\n<meta property=\"og:type\" content=\"article\" \/>\n<meta property=\"og:title\" content=\"&gt;DESNUTRICION Y RESIDENCIAS - Blog Inforesidencias.com\" \/>\n<meta property=\"og:description\" content=\"&gt;Hac\u00eda mucho tiempo que una noticia referida a residencias no ten\u00eda tanta repercusi\u00f3n como el estudio elaborado por la SEGG (Sociedad Espa\u00f1ola de Geriatr\u00eda y Gerontolog\u00eda) y la Federaci\u00f3n Espa\u00f1ola de alimentaci\u00f3n y Diet\u00e9tica (FESNAD), y lo m\u00e1s curioso no es el resultado del estudio sino la forma en que los medios de comunicaci\u00f3n lo han reflejado. Para aquellos a los que no ha llegado la pol\u00e9mica, resulta que se public\u00f3 que el estudio dec\u00eda que entre uno y dos tercios de las personas ingresadas en residencias padecen desnutrici\u00f3n (con titulares como \u201cUn tercio de los mayores que viven en residencias padecen anorexia\u201d). Lo curioso es que hab\u00eda peri\u00f3dicos en los que las residencias sal\u00edan bien paradas ya que en ellos se informaba que los mayores mejor alimentados eran los que viv\u00edan en sus casas \u201cseguidos de los que viven en residencias\u201d, mientras que otros pon\u00edan m\u00e1s el peso en [&hellip;]\" \/>\n<meta property=\"og:url\" content=\"https:\/\/www.inforesidencias.com\/blog\/index.php\/2004\/06\/24\/desnutricion-y-residencias\/\" \/>\n<meta property=\"og:site_name\" content=\"Blog Inforesidencias.com\" \/>\n<meta property=\"article:publisher\" content=\"https:\/\/www.facebook.com\/Inforesidencias\/\" \/>\n<meta property=\"article:author\" content=\"https:\/\/www.facebook.com\/josep.demarti\" \/>\n<meta property=\"article:published_time\" content=\"2004-06-24T19:50:00+00:00\" \/>\n<meta name=\"author\" content=\"Josep de Mart\u00ed\" \/>\n<meta name=\"twitter:card\" content=\"summary_large_image\" \/>\n<meta name=\"twitter:creator\" content=\"@blog-ir\" \/>\n<meta name=\"twitter:site\" content=\"@inforesidencias\" \/>\n<meta name=\"twitter:label1\" content=\"Escrito por\" \/>\n\t<meta name=\"twitter:data1\" content=\"Josep de Mart\u00ed\" \/>\n\t<meta name=\"twitter:label2\" content=\"Tiempo de lectura\" \/>\n\t<meta name=\"twitter:data2\" content=\"2 minutos\" \/>\n<script type=\"application\/ld+json\" class=\"yoast-schema-graph\">{\"@context\":\"https:\/\/schema.org\",\"@graph\":[{\"@type\":\"WebPage\",\"@id\":\"https:\/\/www.inforesidencias.com\/blog\/index.php\/2004\/06\/24\/desnutricion-y-residencias\/\",\"url\":\"https:\/\/www.inforesidencias.com\/blog\/index.php\/2004\/06\/24\/desnutricion-y-residencias\/\",\"name\":\">DESNUTRICION Y RESIDENCIAS - Blog Inforesidencias.com\",\"isPartOf\":{\"@id\":\"https:\/\/www.inforesidencias.com\/blog\/#website\"},\"datePublished\":\"2004-06-24T19:50:00+00:00\",\"dateModified\":\"2004-06-24T19:50:00+00:00\",\"author\":{\"@id\":\"https:\/\/www.inforesidencias.com\/blog\/#\/schema\/person\/9e146774d1eb3bc1c0316242a3898628\"},\"breadcrumb\":{\"@id\":\"https:\/\/www.inforesidencias.com\/blog\/index.php\/2004\/06\/24\/desnutricion-y-residencias\/#breadcrumb\"},\"inLanguage\":\"es\",\"potentialAction\":[{\"@type\":\"ReadAction\",\"target\":[\"https:\/\/www.inforesidencias.com\/blog\/index.php\/2004\/06\/24\/desnutricion-y-residencias\/\"]}]},{\"@type\":\"BreadcrumbList\",\"@id\":\"https:\/\/www.inforesidencias.com\/blog\/index.php\/2004\/06\/24\/desnutricion-y-residencias\/#breadcrumb\",\"itemListElement\":[{\"@type\":\"ListItem\",\"position\":1,\"name\":\"Home\",\"item\":\"https:\/\/www.inforesidencias.com\/blog\/\"},{\"@type\":\"ListItem\",\"position\":2,\"name\":\">DESNUTRICION Y RESIDENCIAS\"}]},{\"@type\":\"WebSite\",\"@id\":\"https:\/\/www.inforesidencias.com\/blog\/#website\",\"url\":\"https:\/\/www.inforesidencias.com\/blog\/\",\"name\":\"Blog Inforesidencias.com\",\"description\":\"El buscador de residencias de la 3\u00aa edad\",\"potentialAction\":[{\"@type\":\"SearchAction\",\"target\":{\"@type\":\"EntryPoint\",\"urlTemplate\":\"https:\/\/www.inforesidencias.com\/blog\/?s={search_term_string}\"},\"query-input\":\"required name=search_term_string\"}],\"inLanguage\":\"es\"},{\"@type\":\"Person\",\"@id\":\"https:\/\/www.inforesidencias.com\/blog\/#\/schema\/person\/9e146774d1eb3bc1c0316242a3898628\",\"name\":\"Josep de Mart\u00ed\",\"image\":{\"@type\":\"ImageObject\",\"inLanguage\":\"es\",\"@id\":\"https:\/\/www.inforesidencias.com\/blog\/#\/schema\/person\/image\/\",\"url\":\"https:\/\/secure.gravatar.com\/avatar\/de0302c4806c00c4cebff396a798c1ff?s=96&d=mm&r=g\",\"contentUrl\":\"https:\/\/secure.gravatar.com\/avatar\/de0302c4806c00c4cebff396a798c1ff?s=96&d=mm&r=g\",\"caption\":\"Josep de Mart\u00ed\"},\"sameAs\":[\"https:\/\/www.inforesidencias.com\",\"https:\/\/www.facebook.com\/josep.demarti\",\"https:\/\/twitter.com\/blog-ir\"],\"url\":\"https:\/\/www.inforesidencias.com\/blog\/index.php\/author\/josepdemarti\/\"}]}<\/script>\n<!-- \/ Yoast SEO plugin. -->","yoast_head_json":{"title":">DESNUTRICION Y RESIDENCIAS - Blog Inforesidencias.com","robots":{"index":"index","follow":"follow","max-snippet":"max-snippet:-1","max-image-preview":"max-image-preview:large","max-video-preview":"max-video-preview:-1"},"canonical":"https:\/\/www.inforesidencias.com\/blog\/index.php\/2004\/06\/24\/desnutricion-y-residencias\/","og_locale":"es_ES","og_type":"article","og_title":">DESNUTRICION Y RESIDENCIAS - Blog Inforesidencias.com","og_description":"&gt;Hac\u00eda mucho tiempo que una noticia referida a residencias no ten\u00eda tanta repercusi\u00f3n como el estudio elaborado por la SEGG (Sociedad Espa\u00f1ola de Geriatr\u00eda y Gerontolog\u00eda) y la Federaci\u00f3n Espa\u00f1ola de alimentaci\u00f3n y Diet\u00e9tica (FESNAD), y lo m\u00e1s curioso no es el resultado del estudio sino la forma en que los medios de comunicaci\u00f3n lo han reflejado. Para aquellos a los que no ha llegado la pol\u00e9mica, resulta que se public\u00f3 que el estudio dec\u00eda que entre uno y dos tercios de las personas ingresadas en residencias padecen desnutrici\u00f3n (con titulares como \u201cUn tercio de los mayores que viven en residencias padecen anorexia\u201d). Lo curioso es que hab\u00eda peri\u00f3dicos en los que las residencias sal\u00edan bien paradas ya que en ellos se informaba que los mayores mejor alimentados eran los que viv\u00edan en sus casas \u201cseguidos de los que viven en residencias\u201d, mientras que otros pon\u00edan m\u00e1s el peso en [&hellip;]","og_url":"https:\/\/www.inforesidencias.com\/blog\/index.php\/2004\/06\/24\/desnutricion-y-residencias\/","og_site_name":"Blog Inforesidencias.com","article_publisher":"https:\/\/www.facebook.com\/Inforesidencias\/","article_author":"https:\/\/www.facebook.com\/josep.demarti","article_published_time":"2004-06-24T19:50:00+00:00","author":"Josep de Mart\u00ed","twitter_card":"summary_large_image","twitter_creator":"@blog-ir","twitter_site":"@inforesidencias","twitter_misc":{"Escrito por":"Josep de Mart\u00ed","Tiempo de lectura":"2 minutos"},"schema":{"@context":"https:\/\/schema.org","@graph":[{"@type":"WebPage","@id":"https:\/\/www.inforesidencias.com\/blog\/index.php\/2004\/06\/24\/desnutricion-y-residencias\/","url":"https:\/\/www.inforesidencias.com\/blog\/index.php\/2004\/06\/24\/desnutricion-y-residencias\/","name":">DESNUTRICION Y RESIDENCIAS - Blog Inforesidencias.com","isPartOf":{"@id":"https:\/\/www.inforesidencias.com\/blog\/#website"},"datePublished":"2004-06-24T19:50:00+00:00","dateModified":"2004-06-24T19:50:00+00:00","author":{"@id":"https:\/\/www.inforesidencias.com\/blog\/#\/schema\/person\/9e146774d1eb3bc1c0316242a3898628"},"breadcrumb":{"@id":"https:\/\/www.inforesidencias.com\/blog\/index.php\/2004\/06\/24\/desnutricion-y-residencias\/#breadcrumb"},"inLanguage":"es","potentialAction":[{"@type":"ReadAction","target":["https:\/\/www.inforesidencias.com\/blog\/index.php\/2004\/06\/24\/desnutricion-y-residencias\/"]}]},{"@type":"BreadcrumbList","@id":"https:\/\/www.inforesidencias.com\/blog\/index.php\/2004\/06\/24\/desnutricion-y-residencias\/#breadcrumb","itemListElement":[{"@type":"ListItem","position":1,"name":"Home","item":"https:\/\/www.inforesidencias.com\/blog\/"},{"@type":"ListItem","position":2,"name":">DESNUTRICION Y RESIDENCIAS"}]},{"@type":"WebSite","@id":"https:\/\/www.inforesidencias.com\/blog\/#website","url":"https:\/\/www.inforesidencias.com\/blog\/","name":"Blog Inforesidencias.com","description":"El buscador de residencias de la 3\u00aa edad","potentialAction":[{"@type":"SearchAction","target":{"@type":"EntryPoint","urlTemplate":"https:\/\/www.inforesidencias.com\/blog\/?s={search_term_string}"},"query-input":"required name=search_term_string"}],"inLanguage":"es"},{"@type":"Person","@id":"https:\/\/www.inforesidencias.com\/blog\/#\/schema\/person\/9e146774d1eb3bc1c0316242a3898628","name":"Josep de Mart\u00ed","image":{"@type":"ImageObject","inLanguage":"es","@id":"https:\/\/www.inforesidencias.com\/blog\/#\/schema\/person\/image\/","url":"https:\/\/secure.gravatar.com\/avatar\/de0302c4806c00c4cebff396a798c1ff?s=96&d=mm&r=g","contentUrl":"https:\/\/secure.gravatar.com\/avatar\/de0302c4806c00c4cebff396a798c1ff?s=96&d=mm&r=g","caption":"Josep de Mart\u00ed"},"sameAs":["https:\/\/www.inforesidencias.com","https:\/\/www.facebook.com\/josep.demarti","https:\/\/twitter.com\/blog-ir"],"url":"https:\/\/www.inforesidencias.com\/blog\/index.php\/author\/josepdemarti\/"}]}},"_links":{"self":[{"href":"https:\/\/www.inforesidencias.com\/blog\/index.php\/wp-json\/wp\/v2\/posts\/11"}],"collection":[{"href":"https:\/\/www.inforesidencias.com\/blog\/index.php\/wp-json\/wp\/v2\/posts"}],"about":[{"href":"https:\/\/www.inforesidencias.com\/blog\/index.php\/wp-json\/wp\/v2\/types\/post"}],"author":[{"embeddable":true,"href":"https:\/\/www.inforesidencias.com\/blog\/index.php\/wp-json\/wp\/v2\/users\/2"}],"replies":[{"embeddable":true,"href":"https:\/\/www.inforesidencias.com\/blog\/index.php\/wp-json\/wp\/v2\/comments?post=11"}],"version-history":[{"count":0,"href":"https:\/\/www.inforesidencias.com\/blog\/index.php\/wp-json\/wp\/v2\/posts\/11\/revisions"}],"wp:attachment":[{"href":"https:\/\/www.inforesidencias.com\/blog\/index.php\/wp-json\/wp\/v2\/media?parent=11"}],"wp:term":[{"taxonomy":"category","embeddable":true,"href":"https:\/\/www.inforesidencias.com\/blog\/index.php\/wp-json\/wp\/v2\/categories?post=11"},{"taxonomy":"post_tag","embeddable":true,"href":"https:\/\/www.inforesidencias.com\/blog\/index.php\/wp-json\/wp\/v2\/tags?post=11"}],"curies":[{"name":"wp","href":"https:\/\/api.w.org\/{rel}","templated":true}]}}