{"id":1104,"date":"2017-05-22T06:14:20","date_gmt":"2017-05-22T06:14:20","guid":{"rendered":"https:\/\/www.inforesidencias.com\/blog\/?p=1104"},"modified":"2017-05-15T07:14:01","modified_gmt":"2017-05-15T07:14:01","slug":"relato-corto-sobre-personas-mayores-reinaldo-y-la-pena","status":"publish","type":"post","link":"https:\/\/www.inforesidencias.com\/blog\/index.php\/2017\/05\/22\/relato-corto-sobre-personas-mayores-reinaldo-y-la-pena\/","title":{"rendered":"Relato corto sobre personas mayores: Reinaldo y la pena"},"content":{"rendered":"<p><strong>Leandro Pav\u00f3n nos regala un nuevo relato cargado de reflexi\u00f3n y ternura. \u00a0\u00a1Gracias!<\/strong><\/p>\n<p><strong>Reinaldo y la pena<\/strong><\/p>\n<div id=\"attachment_1043\" style=\"width: 330px\" class=\"wp-caption alignright\"><a href=\"https:\/\/www.inforesidencias.com\/blog\/wp-content\/uploads\/2017\/03\/leandro-pavon.jpeg\"><img aria-describedby=\"caption-attachment-1043\" decoding=\"async\" loading=\"lazy\" class=\"wp-image-1043\" src=\"https:\/\/www.inforesidencias.com\/blog\/wp-content\/uploads\/2017\/03\/leandro-pavon.jpeg\" alt=\"Leandro Pav\u00f3n, centro Epa\u00f1ol de Buenos Aires\" width=\"320\" height=\"320\" \/><\/a><p id=\"caption-attachment-1043\" class=\"wp-caption-text\">Leandro Pav\u00f3n, centro Epa\u00f1ol de Buenos Aires<\/p><\/div>\n<p>Existen ocasiones donde los caminos de nuestra profesi\u00f3n se ensanchan, los l\u00edmites se difuminan y podemos acabar haciendo algo muy distinto de lo que ten\u00edamos planeado, a algunos puede desagradarle ese v\u00e9rtigo, esa incertidumbre, pero a m\u00ed me parece positiva tanto como beneficiosa. Ya que las grandes transformaciones de la vida a menudo est\u00e1n en las peque\u00f1as cosas. Uno puede pensar al respecto en la comodidad de la teor\u00eda, elaborar ensayos y burlarse de los lugares comunes, pero la realidad siempre nos desborda, afortunadamente.<\/p>\n<p>Un d\u00eda hac\u00eda much\u00edsimo frio, ese frio polar de pleno invierno que nos recuerda a cuando de ni\u00f1os \u00edbamos al colegio aun antes de que el sol saliera, y en efecto ese d\u00eda tampoco sali\u00f3 el sol, estaba el cielo cubierto, de ese gris perla que sin embargo no presagiaba tormenta\u2026no de agua al menos.<\/p>\n<p>Al visitar a un residente llamado Reinaldo Valens lo not\u00e9 apocal\u00edptico. Si mencionaba algo positivo de otra persona \u00e9l lo contrastaba y desestimaba por comparaci\u00f3n, y hab\u00eda m\u00e1s un tono de despedida que otra cosa en voz. Ni siquiera un atisbo de intenci\u00f3n de discutir o reclamar algo. Yo sab\u00eda que Reinaldo no estaba bien de salud y con ese frio atroz la situaci\u00f3n empeoraba. Pero hab\u00eda desconcertado a m\u00e1s de uno de los profesionales a su servicio.<\/p>\n<p>Se le hizo ver por varios m\u00e9dicos y su situaci\u00f3n estaba controlada, pero el comportamiento singular prosegu\u00eda, tambi\u00e9n se intent\u00f3 con ayuda psicol\u00f3gica pero no la recibi\u00f3 bien, hasta que me confes\u00f3 que lo que necesitaba era un p\u00e1rroco como el de su pueblo all\u00e1 en Espa\u00f1a cuando era joven. Uno con quien confesarse y contarle cosas que no se atrev\u00eda a contarle a nadie m\u00e1s.<\/p>\n<p>As\u00ed fue como termin\u00e9 siendo confesor sin sotana, y nos sentamos cerca de la estufa a hablar largo y tendido. Mi oficina permaneci\u00f3 cerrada todo el d\u00eda y m\u00e1s de uno habr\u00e1 pensado que no concurr\u00ed a trabajar ese d\u00eda\u2026 \u00a1como si solo se tuviera que estar confinado entre esas cuatro paredes para poder hacerlo!<\/p>\n<p>Reinaldo estaba acongojado y visiblemente distinto. Me cont\u00f3 su infancia en un t\u00edpico pueblito espa\u00f1ol de campo, criando ganado y como fue arrancado de esa buc\u00f3lica e id\u00edlica existencia por la guerra, como particip\u00f3 en la guerra civil espa\u00f1ola que tanto marc\u00f3 a la pen\u00ednsula. Estuvo en el bando republicano, pero asimismo nunca se alej\u00f3 de su familia. Ya sea por carta, visitas espor\u00e1dicas o evoc\u00e1ndolos mentalmente. Su vida hab\u00eda cambiado radicalmente y pas\u00f3 de manejar un rastrillo a aprender a usar un rifle, y de rasgu\u00f1arse en la maleza a perder un dedo en la batalla de Toledo.<\/p>\n<p>Me pidi\u00f3 que escuchara y que tratara de entender, me di cuenta de cuanto deb\u00eda estar cost\u00e1ndole contarme aquellas cosas que tal vez hasta ni sus hijos supieran, pens\u00e9 en cuantas historias similares, distintas en hechos concretos pero parecidas en cuanto al silencio, al peso de llevarlas con uno a trav\u00e9s de los a\u00f1os, habr\u00eda detr\u00e1s de cada puerta.<\/p>\n<p>Me cont\u00f3 que ten\u00eda una pena, y que no pod\u00eda dormir por las noches ni comer durante el d\u00eda, ya no pod\u00eda vivir ante el temor de que esa pena se fuera con \u00e9l, sea cual sea el tiempo que le quedase.<\/p>\n<p>Durante la guerra no estuvo apostado en un \u00fanico lugar si no que su itinerario lo llev\u00f3 a de un lado a otro, de una ciudad a otra, conociendo distinta gente y sin poder establecer lazos profundos donde arraigarse, ni siquiera con sus compa\u00f1eros ya que en el mejor de los casos eran transferidos a otro destacamento, y en el peor no los ve\u00eda nunca m\u00e1s\u2026<\/p>\n<p>Reinaldo saltaba de un recuerdo a otro, haciendo caso omiso de la cronolog\u00eda, sin embargo estaba bien l\u00facido, y descubr\u00ed que respetaba otro orden de hechos distintos, que nac\u00eda de adentro de sus entra\u00f1as, y ese otro orden era indiscutible e inapelable. Volviendo a su juventud, en la Espa\u00f1a de los a\u00f1os \u201930, me cont\u00f3 c\u00f3mo se alist\u00f3 en el bando republicano porque cre\u00eda en la igualdad de las personas, lament\u00e1ndose sobre como los espa\u00f1oles no pudieron seguir el modelo de libertad republicano de los americanos. Una libertad id\u00edlica pero concreta a la vez.<\/p>\n<p>Cada residente es una lecci\u00f3n de historia en vivo y en directo, desde los m\u00e1s diversos \u00e1ngulos, desde los m\u00e1s influyentes y notorios hasta los ciudadanos humildes y an\u00f3nimos, ya que la historia es conformada por cada uno de ellos y variar\u00e1 dependiendo de qu\u00e9 lado del relato se escuche.<\/p>\n<p>En su brigada form\u00f3 parte de grupos internacionales con lo cual sigui\u00f3 \u00f3rdenes, entre otros, de oficiales rusos mandados directamente por Stalin. Tras los fallidos intentos de Stalin por acercarse a Gran Breta\u00f1a, Francia o Estados Unidos, para combatir el aislamiento, y el distanciamiento del t\u00e1ndem Germano-\u00cdtalo-Japon\u00e9s, la Rep\u00fablica Espa\u00f1ola no hab\u00eda reconocido al gobierno sovi\u00e9tico ni ten\u00eda relaciones diplom\u00e1ticas con Mosc\u00fa.<\/p>\n<p>Ante la superioridad del ej\u00e9rcito de Franco, el gobierno de Francisco Largo Caballero, presidente del primer gobierno Republicano y Socialista en la historia de Espa\u00f1a, decide pedir ayuda a Mosc\u00fa. Espa\u00f1a contaba con la tercera reserva de oro m\u00e1s grande del mundo, que fue presentada como dep\u00f3sito para la compra de armas sovi\u00e9ticas en 1936, que llegar\u00edan junto con personal militar.<\/p>\n<p>Me cont\u00f3 como gan\u00f3 sus laureles en batallas, peleando en lugares tan distantes como Guadalquivir o la retirada en Barcelona, y en medio de todo ese torbellino desenfrenado supo del fallecimiento de su familia, aprendiendo del m\u00e1s duro modo como en la guerra no hay tiempo para reflexionar ni reponerse, ya que se debe seguir continuamente hasta el final. \u201cLa guerra no termina hasta que termina\u201d, me repet\u00eda una y otra vez.<\/p>\n<p>Estuvo cerca de Dolores Ib\u00e1rruri, m\u00e1s conocida como \u201cLa pasionaria\u201d, activista famosa en los a\u00f1os de la guerra civil, que enton\u00f3 el famoso \u201cno pasar\u00e1n\u201d, heredado del Coronel Philippe Petain, durante el largo asedio a Madrid. A pesar de haber dejado los estudios a los quince a\u00f1os por los escasos recursos de su familia de mineros, se instruy\u00f3 a s\u00ed misma en la doctrina marxista, en Madrid escribi\u00f3 en el peri\u00f3dico Mundo Obrero, donde escogi\u00f3 el pseud\u00f3nimo de \u201cLa pasionaria\u201d, ya que su primer art\u00edculo en la prensa fue publicado en Semana Santa. Tras la guerra civil se exili\u00f3 en la URSS y al morir Franco volvi\u00f3 en 1977 donde fue elegida a los 82 a\u00f1os como diputada en las Cortes Constituyentes.<\/p>\n<p>En la retirada tuvo la oportunidad de buscar junto a sus compa\u00f1eros a un grupo del bando franquista y tuvieron que ajusticiar a los prisioneros que ven\u00edan de ser parte de las tomas de Toledo, formaban parte del contingente del General Varela (conocido por haber arrasado el sur de Espa\u00f1a al llegar del norte de \u00c1frica). Sent\u00eda odio y ganas de vengarse con estos oficiales, sobre todo por los relatos que hab\u00eda escuchado de sus atrocidades antes de verlos frente a frente.<\/p>\n<p>\u00c9l fue quien dio la orden de ajusticiarlos, pero cuando los tuvo en persona el asunto tom\u00f3 otro cariz. Algunos de ellos eran muy j\u00f3venes, tan j\u00f3venes como \u00e9l. Me conto que su padre le habl\u00f3 de peque\u00f1o de las guerras y como todos perd\u00edan, nadie ganaba, especialmente los de abajo, que son iguales en todos los bandos, una gran naci\u00f3n de gente humilde a la cual el brillo de los estandartes y las medallas no alcanzaban, \u00e9l ten\u00eda ideales y por eso estaba all\u00ed pero ahora lo estaba viviendo en carne propia, todos eran iguales en esa absurda posici\u00f3n.<\/p>\n<p>Antes de matarlos convers\u00f3 con ellos aun rompiendo el protocolo, y se vio reflejado, algunos eran del campo como \u00e9l, pero tuvo que hacerlo igual. Al matarlos se dio cuenta que se hab\u00eda convertido en aquello que combat\u00eda, la intolerancia, la falta de dialogo, la incomprensi\u00f3n y el autoritarismo. Asimismo sinti\u00f3 que \u00e9l tambi\u00e9n muri\u00f3 un poco, las pesadillas nunca lo abandonaron ni tampoco los olores, a barro y menta de las plantas rastreras que hab\u00edan pisado con las botas ese d\u00eda. Los gritos, los gemidos que no se comparan con los de ning\u00fan otro, nunca pudo olvidarse de esos cuatro muertos, bien pudo haber estado \u00e9l del otro lado del gatillo, lo pens\u00f3 una y mil veces\u2026pero no fue as\u00ed, y se hab\u00eda convertido en lo que dec\u00eda repudiar.<\/p>\n<p>En un momento se imponen las pasiones por sobre el entendimiento, la situaci\u00f3n nos desborda y comienza a primar otra l\u00f3gica m\u00e1s primitiva, la situaci\u00f3n hab\u00eda llegado al punto en que no pod\u00eda m\u00e1s, hab\u00eda escuchado de muchos compa\u00f1eros que lo hab\u00edan hecho, y se decidi\u00f3 a desertar \u00e9l tambi\u00e9n. Lo que lo termin\u00f3 de convencer de llevarlo a cabo, a pesar de los riesgos que implicaba, era la posibilidad de que se tuviera que repetir aquello\u2026no podr\u00eda soportarlo m\u00e1s.<\/p>\n<p>Tuvo que exiliarse en Francia donde padeci\u00f3 mucho. Otra tierra, otro idioma y un derrotero tan extra\u00f1o que lo llev\u00f3 a confiar en extra\u00f1os que lo hospedaban en hogares de gente que no conoc\u00eda. En uno de esos refugios conoci\u00f3 a otro espa\u00f1ol con el que trab\u00f3 amistad, o el tipo de relaci\u00f3n que puede entablarse en aciagos momentos como esos. Se llamaba Antonio y con \u00e9l aprendi\u00f3 algo de la lengua de Jean-Paul Sartre.<\/p>\n<p>De a poco conoci\u00f3 otras personas, la mayor\u00eda refugiados como \u00e9l, y entre ellos hubo una chica belga llamada Isabel, con la cual enseguida entabl\u00f3 relaci\u00f3n, pero no cimentada en el fluido franc\u00e9s de Reinaldo, sino debido a que ella tambi\u00e9n hablaba espa\u00f1ol, y ten\u00eda un fanatismo por todo lo ib\u00e9rico ya que ten\u00eda en su pa\u00eds a la reina Fabiola de Mora y Arag\u00f3n, la arist\u00f3crata espa\u00f1ola convertida en reina al casarse con Balduino de B\u00e9lgica en 1960, si bien despu\u00e9s del fallecimiento de este en 1993 abdic\u00f3 en favor del hermano menor de su esposo, la admiraba porque en su juventud fue enfermera abnegada y escribi\u00f3 un libro de cuentos de hadas para ni\u00f1os que fue un \u00e9xito en Holanda.<\/p>\n<p>Las cosas parec\u00edan acomodarse pero \u00e9l ya no era el mismo, esas manos y esos ojos no estaban hechos para hacer lo que hicieron y vieron, en caso de que los de alguno lo est\u00e9n\u2026hab\u00eda matado muchas veces pero jam\u00e1s vi\u00e9ndolos a las caras y precisamente eso fue lo que le produjo esa pena cr\u00f3nica que no lo abandonar\u00eda nunca.<\/p>\n<p>Esos pensamientos ocupaban su cabeza, adem\u00e1s de mudarse constantemente, en \u00e9se frenes\u00ed perdi\u00f3 a Isabel y a Antonio, a ninguno de los cuales se anim\u00f3 a contarles su dolor, y por si esto fuera poco cay\u00f3 en un campo de concentraci\u00f3n de los que tambi\u00e9n existieron en Francia. All\u00ed sobrevivi\u00f3 gracias a su habilidad para el cultivo hasta que los entregaron al gobierno vencedor.<\/p>\n<p>Por eso obtendr\u00eda un salvoconducto que lo traer\u00eda a nuestro continente, desembarcar\u00eda en M\u00e9xico, donde se instalar\u00eda en Coyoac\u00e1n, en el Distrito Federal y conseguir\u00eda trabajo en los estudios cinematogr\u00e1ficos Churubusco, que datan desde 1945 y siguen funcionando hasta la actualidad, all\u00ed sigui\u00f3 conociendo gente, reconoci\u00e9ndose en la enormemente rica y presente influencia espa\u00f1ola, as\u00ed como la \u00e9poca de oro de la cinematograf\u00eda azteca, que junto con la argentina y espa\u00f1ola fueron el epicentro del cine hispanoamericano por m\u00e1s de cuatro d\u00e9cadas.<\/p>\n<p>Pero aunque todo parec\u00eda ser propicio no se hallaba, hab\u00eda heridas que no sanaban y de all\u00ed prob\u00f3 suerte en Venezuela, que en ese entonces estaba en pleno proceso de industrializaci\u00f3n, tras disminuir las compras de petr\u00f3leo por parte de Estados Unidos en 1959, terminando un tratado que databa de 1939. Todo estaba por hacerse y aprendi\u00f3 un nuevo oficio, y a cocinar las tradicionales arepas, pero luego de unos meses volv\u00eda el malestar, pod\u00eda tardar a\u00f1os, pero regresaba\u2026sin importar cuantos compromisos contrajera.<\/p>\n<p>Hab\u00eda perdido sus ra\u00edces mucho tiempo atr\u00e1s, extravi\u00e1ndose en un peregrinar sin sentido que no serv\u00eda para expiar culpas por haber corrompido principios b\u00e1sicos que terminaron corroy\u00e9ndolo a \u00e9l, porque ning\u00fan acto es gratuito o en vano, cada uno de ellos tienen un efecto en nuestro ser aunque lo ignoremos o neguemos. Pero hab\u00eda m\u00e1s\u2026yo sent\u00eda que me lo contaba para que lo perdone yo.<\/p>\n<p>Descubrir tama\u00f1a responsabilidad me abrum\u00f3, un psic\u00f3logo trata de que uno mismo descubra sus cosas, un p\u00e1rroco escucha acompa\u00f1ando, y en todo caso aconseja desde otro lugar\u2026 \u00a1pero yo no era ninguno de los dos!, me cont\u00f3 como finalmente lleg\u00f3 a la Argentina, sintiendo cada pa\u00eds donde no pudo afincarse como un nuevo fracaso, fruto sin duda de lo ocurrido en la guerra, que nos deshumaniza.<\/p>\n<p>En nuestro pa\u00eds encontr\u00f3 trabajo en la industria del campo, fusionando tal vez sus dos pasiones, conoci\u00f3 a su esposa y teniendo hijos, hecho ra\u00edces entrando en una meseta de tranquilidad, que se desvaneci\u00f3 cuando al crecer los chicos regres\u00f3 el tiempo y con \u00e9l los fantasmas que lo hab\u00edan acompa\u00f1ado por toda Sudam\u00e9rica.<\/p>\n<p>Despu\u00e9s del relato no sab\u00eda que decirle, no pod\u00eda opinar acerca de su caso para as\u00ed consolar su ansiedad. Record\u00e9 entonces sus palabras as\u00ed como las recuerdo ahora: \u201cEn la guerra ninguno es el que es\u201d.<\/p>\n<p>Yo no estaba ni para castigarlo o perdonarlo, mucho menos para juzgarlo puesto que no soy juez, pero pens\u00e9 en su caso d\u00edas enteros, uno no sale indemne de relatos as\u00ed y los vive como en carne propia, le dije que una cosa es el perd\u00f3n y otra muy distinta el castigo. Era \u00e9l quien deb\u00eda perdonarse, el perd\u00f3n libera y nos iguala as\u00ed como abre la puerta para otra oportunidad.<\/p>\n<p>En la guerra, as\u00ed como en otras situaciones cr\u00edticas y excepcionales, uno tiene acceso a otros costados de su personalidad, a menudo latentes, pero uno es tambi\u00e9n quien es en esas circunstancias. Y \u00e9l sinti\u00f3 pena y remordimiento, tanto entonces como ahora, \u00a1Y eso lo hac\u00eda humano!, as\u00ed como v\u00edctima de situaciones extraordinarias que nos superan, pretender que se revelara a sus superiores poni\u00e9ndose una capa de s\u00faper h\u00e9roe ser\u00eda adoptar una postura adolescente. Era tiempo de terminar con esa pena producto de una culpa que no deb\u00eda existir, su voluntad hab\u00eda sido m\u00e1s fuerte como para poder construir una nueva historia en nuestro pa\u00eds, ahora ya sin el peso de guardarla para s\u00ed mismo.<\/p>\n<p>La historia de Reinaldo nos hace reflexionar en como pensamos en los mayores como seres sin proyectos y en la mayor parte de los casos no es as\u00ed, por min\u00fasculo que sea es algo que nos mantiene en movimiento, en la b\u00fasqueda. En \u00e9sta ocasi\u00f3n hab\u00eda uno, tal vez introspectivo, para saldar cuentas con uno mismo y descansar en paz.<\/p>\n<p>Esto est\u00e1 muy bien ejemplificado en una pel\u00edcula del director alem\u00e1n Rainer Werner Fassbinder de 1973, que en cualquiera de sus dos t\u00edtulos habla por s\u00ed misma: \u201cLa angustia corroe el alma\u201d o \u201cTodos nos llamamos Al\u00ed\u201d, donde nos narra con austera simpleza la vida de una humilde mucama ya con hijos grandes que entabla una relaci\u00f3n con un inmigrante turco, ante el rechazo de todo su entorno social y de sus propios hijos, pero el verdadero suplicio lo lleva Al\u00ed, lejos de su tierra y enfrentando resistencias por doquier, que terminar\u00e1n provoc\u00e1ndole una \u00falcera mortal.<\/p>\n<p>El madurar las cosas que nos ocurren es un proceso que puede llevar a\u00f1os y toda una vida, porque adem\u00e1s nunca termina ya que no somos los mismos. Tenemos que otorgarnos el perd\u00f3n a nosotros mismos porque hicimos lo mejor que pudimos en cada momento presentado, este proceso no tiene que ver con la edad, esta maduraci\u00f3n est\u00e1 dotada de otro tiempo y ra\u00edz. Deb\u00eda tener lugar esta mirada retrospectiva para ver las cosas desde otro \u00e1ngulo. Hasta que no enfrentara lo que lo atormentaba no pod\u00eda sentirse pleno y no cont\u00e1rselo a nadie era otra forma de ocult\u00e1rselo as\u00ed mismo.<\/p>\n<p>La madurez, el crecer y superarnos, se aprende todos los d\u00edas porque tambi\u00e9n se olvida todos los d\u00edas. Es una tarea que no acaba jam\u00e1s. Los a\u00f1os nos aportan experiencia para aprender a reconocer este proceso, que si se quiere se podr\u00eda definir como circular, de la vida, donde unas veces estamos por encima de los hechos, con perspectiva, y otras por debajo, sumergidos en los avatares del devenir de los hechos, como aquellas ruedas de \u201cla vuelta al mundo\u201d, de los parques de diversiones donde \u00edbamos con nuestras familias y amigos\u2026siempre somos seres sociales, lo hacemos de peque\u00f1os porque as\u00ed nos lo inculcan, y de adulto podemos olvidarlo.<\/p>\n<p>Por ello necesitamos de los otros, al contar Reinaldo su historia logr\u00f3 la comuni\u00f3n, la empat\u00eda que necesitaba para que se le brindase la paz.<\/p>\n<p>&nbsp;<\/p>\n<p>Residencias de tercera edad, relato corto,<\/p>\n<p>M\u00e1s sobre<a href=\"https:\/\/www.linkedin.com\/in\/leandropavon\/?ppe=1\"> Leandro Pav\u00f3n<\/a><\/p>\n","protected":false},"excerpt":{"rendered":"<p>Leandro Pav\u00f3n nos regala un nuevo relato cargado de reflexi\u00f3n y ternura. \u00a0\u00a1Gracias! Reinaldo y la pena Existen ocasiones donde los caminos de nuestra profesi\u00f3n se ensanchan, los l\u00edmites se difuminan y podemos acabar haciendo algo muy distinto de lo que ten\u00edamos planeado, a algunos puede desagradarle ese v\u00e9rtigo, esa incertidumbre, pero a m\u00ed me parece positiva tanto como beneficiosa. Ya que las grandes transformaciones de la vida a menudo est\u00e1n en las peque\u00f1as cosas. Uno puede pensar al respecto en la comodidad de la teor\u00eda, elaborar ensayos y burlarse de los lugares comunes, pero la realidad siempre nos desborda, afortunadamente. Un d\u00eda hac\u00eda much\u00edsimo frio, ese frio polar de pleno invierno que nos recuerda a cuando de ni\u00f1os \u00edbamos al colegio aun antes de que el sol saliera, y en efecto ese d\u00eda tampoco sali\u00f3 el sol, estaba el cielo cubierto, de ese gris perla que sin embargo no [&hellip;]<\/p>\n","protected":false},"author":2,"featured_media":880,"comment_status":"open","ping_status":"open","sticky":false,"template":"","format":"standard","meta":{"footnotes":""},"categories":[1],"tags":[],"yoast_head":"<!-- This site is optimized with the Yoast SEO plugin v21.7 - https:\/\/yoast.com\/wordpress\/plugins\/seo\/ -->\n<title>Reinaldo y la Pena. Relato corto sobre personas mayores<\/title>\n<meta name=\"description\" content=\"Reinaldo y la Pena es un relato corto tierno y bonito sobre la tercera edad de\" \/>\n<meta name=\"robots\" content=\"index, follow, max-snippet:-1, max-image-preview:large, max-video-preview:-1\" \/>\n<link rel=\"canonical\" href=\"https:\/\/www.inforesidencias.com\/blog\/index.php\/2017\/05\/22\/relato-corto-sobre-personas-mayores-reinaldo-y-la-pena\/\" \/>\n<meta property=\"og:locale\" content=\"es_ES\" \/>\n<meta property=\"og:type\" content=\"article\" \/>\n<meta property=\"og:title\" content=\"Reinaldo y la Pena. Relato corto sobre personas mayores\" \/>\n<meta property=\"og:description\" content=\"Reinaldo y la Pena es un relato corto tierno y bonito sobre la tercera edad de\" \/>\n<meta property=\"og:url\" content=\"https:\/\/www.inforesidencias.com\/blog\/index.php\/2017\/05\/22\/relato-corto-sobre-personas-mayores-reinaldo-y-la-pena\/\" \/>\n<meta property=\"og:site_name\" content=\"Blog Inforesidencias.com\" \/>\n<meta property=\"article:publisher\" content=\"https:\/\/www.facebook.com\/Inforesidencias\/\" \/>\n<meta property=\"article:author\" content=\"https:\/\/www.facebook.com\/josep.demarti\" \/>\n<meta property=\"article:published_time\" content=\"2017-05-22T06:14:20+00:00\" \/>\n<meta property=\"article:modified_time\" content=\"2017-05-15T07:14:01+00:00\" \/>\n<meta property=\"og:image\" content=\"https:\/\/www.inforesidencias.com\/blog\/wp-content\/uploads\/2016\/10\/Captura-de-pantalla-2016-10-13-a-las-17.23.02.png\" \/>\n\t<meta property=\"og:image:width\" content=\"520\" \/>\n\t<meta property=\"og:image:height\" content=\"275\" \/>\n\t<meta property=\"og:image:type\" content=\"image\/png\" \/>\n<meta name=\"author\" content=\"Josep de Mart\u00ed\" \/>\n<meta name=\"twitter:card\" content=\"summary_large_image\" \/>\n<meta name=\"twitter:creator\" content=\"@blog-ir\" \/>\n<meta name=\"twitter:site\" content=\"@inforesidencias\" \/>\n<meta name=\"twitter:label1\" content=\"Escrito por\" \/>\n\t<meta name=\"twitter:data1\" content=\"Josep de Mart\u00ed\" \/>\n\t<meta name=\"twitter:label2\" content=\"Tiempo de lectura\" \/>\n\t<meta name=\"twitter:data2\" content=\"15 minutos\" \/>\n<script type=\"application\/ld+json\" class=\"yoast-schema-graph\">{\"@context\":\"https:\/\/schema.org\",\"@graph\":[{\"@type\":\"WebPage\",\"@id\":\"https:\/\/www.inforesidencias.com\/blog\/index.php\/2017\/05\/22\/relato-corto-sobre-personas-mayores-reinaldo-y-la-pena\/\",\"url\":\"https:\/\/www.inforesidencias.com\/blog\/index.php\/2017\/05\/22\/relato-corto-sobre-personas-mayores-reinaldo-y-la-pena\/\",\"name\":\"Reinaldo y la Pena. Relato corto sobre personas mayores\",\"isPartOf\":{\"@id\":\"https:\/\/www.inforesidencias.com\/blog\/#website\"},\"datePublished\":\"2017-05-22T06:14:20+00:00\",\"dateModified\":\"2017-05-15T07:14:01+00:00\",\"author\":{\"@id\":\"https:\/\/www.inforesidencias.com\/blog\/#\/schema\/person\/9e146774d1eb3bc1c0316242a3898628\"},\"description\":\"Reinaldo y la Pena es un relato corto tierno y bonito sobre la tercera edad de\",\"breadcrumb\":{\"@id\":\"https:\/\/www.inforesidencias.com\/blog\/index.php\/2017\/05\/22\/relato-corto-sobre-personas-mayores-reinaldo-y-la-pena\/#breadcrumb\"},\"inLanguage\":\"es\",\"potentialAction\":[{\"@type\":\"ReadAction\",\"target\":[\"https:\/\/www.inforesidencias.com\/blog\/index.php\/2017\/05\/22\/relato-corto-sobre-personas-mayores-reinaldo-y-la-pena\/\"]}]},{\"@type\":\"BreadcrumbList\",\"@id\":\"https:\/\/www.inforesidencias.com\/blog\/index.php\/2017\/05\/22\/relato-corto-sobre-personas-mayores-reinaldo-y-la-pena\/#breadcrumb\",\"itemListElement\":[{\"@type\":\"ListItem\",\"position\":1,\"name\":\"Home\",\"item\":\"https:\/\/www.inforesidencias.com\/blog\/\"},{\"@type\":\"ListItem\",\"position\":2,\"name\":\"Relato corto sobre personas mayores: Reinaldo y la pena\"}]},{\"@type\":\"WebSite\",\"@id\":\"https:\/\/www.inforesidencias.com\/blog\/#website\",\"url\":\"https:\/\/www.inforesidencias.com\/blog\/\",\"name\":\"Blog Inforesidencias.com\",\"description\":\"El buscador de residencias de la 3\u00aa edad\",\"potentialAction\":[{\"@type\":\"SearchAction\",\"target\":{\"@type\":\"EntryPoint\",\"urlTemplate\":\"https:\/\/www.inforesidencias.com\/blog\/?s={search_term_string}\"},\"query-input\":\"required name=search_term_string\"}],\"inLanguage\":\"es\"},{\"@type\":\"Person\",\"@id\":\"https:\/\/www.inforesidencias.com\/blog\/#\/schema\/person\/9e146774d1eb3bc1c0316242a3898628\",\"name\":\"Josep de Mart\u00ed\",\"image\":{\"@type\":\"ImageObject\",\"inLanguage\":\"es\",\"@id\":\"https:\/\/www.inforesidencias.com\/blog\/#\/schema\/person\/image\/\",\"url\":\"https:\/\/secure.gravatar.com\/avatar\/de0302c4806c00c4cebff396a798c1ff?s=96&d=mm&r=g\",\"contentUrl\":\"https:\/\/secure.gravatar.com\/avatar\/de0302c4806c00c4cebff396a798c1ff?s=96&d=mm&r=g\",\"caption\":\"Josep de Mart\u00ed\"},\"sameAs\":[\"https:\/\/www.inforesidencias.com\",\"https:\/\/www.facebook.com\/josep.demarti\",\"https:\/\/twitter.com\/blog-ir\"],\"url\":\"https:\/\/www.inforesidencias.com\/blog\/index.php\/author\/josepdemarti\/\"}]}<\/script>\n<!-- \/ Yoast SEO plugin. -->","yoast_head_json":{"title":"Reinaldo y la Pena. Relato corto sobre personas mayores","description":"Reinaldo y la Pena es un relato corto tierno y bonito sobre la tercera edad de","robots":{"index":"index","follow":"follow","max-snippet":"max-snippet:-1","max-image-preview":"max-image-preview:large","max-video-preview":"max-video-preview:-1"},"canonical":"https:\/\/www.inforesidencias.com\/blog\/index.php\/2017\/05\/22\/relato-corto-sobre-personas-mayores-reinaldo-y-la-pena\/","og_locale":"es_ES","og_type":"article","og_title":"Reinaldo y la Pena. Relato corto sobre personas mayores","og_description":"Reinaldo y la Pena es un relato corto tierno y bonito sobre la tercera edad de","og_url":"https:\/\/www.inforesidencias.com\/blog\/index.php\/2017\/05\/22\/relato-corto-sobre-personas-mayores-reinaldo-y-la-pena\/","og_site_name":"Blog Inforesidencias.com","article_publisher":"https:\/\/www.facebook.com\/Inforesidencias\/","article_author":"https:\/\/www.facebook.com\/josep.demarti","article_published_time":"2017-05-22T06:14:20+00:00","article_modified_time":"2017-05-15T07:14:01+00:00","og_image":[{"width":520,"height":275,"url":"https:\/\/www.inforesidencias.com\/blog\/wp-content\/uploads\/2016\/10\/Captura-de-pantalla-2016-10-13-a-las-17.23.02.png","type":"image\/png"}],"author":"Josep de Mart\u00ed","twitter_card":"summary_large_image","twitter_creator":"@blog-ir","twitter_site":"@inforesidencias","twitter_misc":{"Escrito por":"Josep de Mart\u00ed","Tiempo de lectura":"15 minutos"},"schema":{"@context":"https:\/\/schema.org","@graph":[{"@type":"WebPage","@id":"https:\/\/www.inforesidencias.com\/blog\/index.php\/2017\/05\/22\/relato-corto-sobre-personas-mayores-reinaldo-y-la-pena\/","url":"https:\/\/www.inforesidencias.com\/blog\/index.php\/2017\/05\/22\/relato-corto-sobre-personas-mayores-reinaldo-y-la-pena\/","name":"Reinaldo y la Pena. Relato corto sobre personas mayores","isPartOf":{"@id":"https:\/\/www.inforesidencias.com\/blog\/#website"},"datePublished":"2017-05-22T06:14:20+00:00","dateModified":"2017-05-15T07:14:01+00:00","author":{"@id":"https:\/\/www.inforesidencias.com\/blog\/#\/schema\/person\/9e146774d1eb3bc1c0316242a3898628"},"description":"Reinaldo y la Pena es un relato corto tierno y bonito sobre la tercera edad de","breadcrumb":{"@id":"https:\/\/www.inforesidencias.com\/blog\/index.php\/2017\/05\/22\/relato-corto-sobre-personas-mayores-reinaldo-y-la-pena\/#breadcrumb"},"inLanguage":"es","potentialAction":[{"@type":"ReadAction","target":["https:\/\/www.inforesidencias.com\/blog\/index.php\/2017\/05\/22\/relato-corto-sobre-personas-mayores-reinaldo-y-la-pena\/"]}]},{"@type":"BreadcrumbList","@id":"https:\/\/www.inforesidencias.com\/blog\/index.php\/2017\/05\/22\/relato-corto-sobre-personas-mayores-reinaldo-y-la-pena\/#breadcrumb","itemListElement":[{"@type":"ListItem","position":1,"name":"Home","item":"https:\/\/www.inforesidencias.com\/blog\/"},{"@type":"ListItem","position":2,"name":"Relato corto sobre personas mayores: Reinaldo y la pena"}]},{"@type":"WebSite","@id":"https:\/\/www.inforesidencias.com\/blog\/#website","url":"https:\/\/www.inforesidencias.com\/blog\/","name":"Blog Inforesidencias.com","description":"El buscador de residencias de la 3\u00aa edad","potentialAction":[{"@type":"SearchAction","target":{"@type":"EntryPoint","urlTemplate":"https:\/\/www.inforesidencias.com\/blog\/?s={search_term_string}"},"query-input":"required name=search_term_string"}],"inLanguage":"es"},{"@type":"Person","@id":"https:\/\/www.inforesidencias.com\/blog\/#\/schema\/person\/9e146774d1eb3bc1c0316242a3898628","name":"Josep de Mart\u00ed","image":{"@type":"ImageObject","inLanguage":"es","@id":"https:\/\/www.inforesidencias.com\/blog\/#\/schema\/person\/image\/","url":"https:\/\/secure.gravatar.com\/avatar\/de0302c4806c00c4cebff396a798c1ff?s=96&d=mm&r=g","contentUrl":"https:\/\/secure.gravatar.com\/avatar\/de0302c4806c00c4cebff396a798c1ff?s=96&d=mm&r=g","caption":"Josep de Mart\u00ed"},"sameAs":["https:\/\/www.inforesidencias.com","https:\/\/www.facebook.com\/josep.demarti","https:\/\/twitter.com\/blog-ir"],"url":"https:\/\/www.inforesidencias.com\/blog\/index.php\/author\/josepdemarti\/"}]}},"_links":{"self":[{"href":"https:\/\/www.inforesidencias.com\/blog\/index.php\/wp-json\/wp\/v2\/posts\/1104"}],"collection":[{"href":"https:\/\/www.inforesidencias.com\/blog\/index.php\/wp-json\/wp\/v2\/posts"}],"about":[{"href":"https:\/\/www.inforesidencias.com\/blog\/index.php\/wp-json\/wp\/v2\/types\/post"}],"author":[{"embeddable":true,"href":"https:\/\/www.inforesidencias.com\/blog\/index.php\/wp-json\/wp\/v2\/users\/2"}],"replies":[{"embeddable":true,"href":"https:\/\/www.inforesidencias.com\/blog\/index.php\/wp-json\/wp\/v2\/comments?post=1104"}],"version-history":[{"count":4,"href":"https:\/\/www.inforesidencias.com\/blog\/index.php\/wp-json\/wp\/v2\/posts\/1104\/revisions"}],"predecessor-version":[{"id":1108,"href":"https:\/\/www.inforesidencias.com\/blog\/index.php\/wp-json\/wp\/v2\/posts\/1104\/revisions\/1108"}],"wp:featuredmedia":[{"embeddable":true,"href":"https:\/\/www.inforesidencias.com\/blog\/index.php\/wp-json\/wp\/v2\/media\/880"}],"wp:attachment":[{"href":"https:\/\/www.inforesidencias.com\/blog\/index.php\/wp-json\/wp\/v2\/media?parent=1104"}],"wp:term":[{"taxonomy":"category","embeddable":true,"href":"https:\/\/www.inforesidencias.com\/blog\/index.php\/wp-json\/wp\/v2\/categories?post=1104"},{"taxonomy":"post_tag","embeddable":true,"href":"https:\/\/www.inforesidencias.com\/blog\/index.php\/wp-json\/wp\/v2\/tags?post=1104"}],"curies":[{"name":"wp","href":"https:\/\/api.w.org\/{rel}","templated":true}]}}