{"id":1159,"date":"2017-08-31T08:31:57","date_gmt":"2017-08-31T08:31:57","guid":{"rendered":"https:\/\/www.inforesidencias.com\/blog\/?p=1159"},"modified":"2017-08-31T08:31:57","modified_gmt":"2017-08-31T08:31:57","slug":"envejecimiento-sostenibilidad-y-nuevas-propuestas","status":"publish","type":"post","link":"https:\/\/www.inforesidencias.com\/blog\/index.php\/2017\/08\/31\/envejecimiento-sostenibilidad-y-nuevas-propuestas\/","title":{"rendered":"Envejecimiento, sostenibilidad y nuevas propuestas"},"content":{"rendered":"<div id=\"attachment_1160\" style=\"width: 460px\" class=\"wp-caption alignleft\"><a href=\"https:\/\/www.inforesidencias.com\/blog\/wp-content\/uploads\/2017\/08\/reunion-presidentes.jpg\"><img aria-describedby=\"caption-attachment-1160\" decoding=\"async\" loading=\"lazy\" class=\"size-full wp-image-1160\" src=\"https:\/\/www.inforesidencias.com\/blog\/wp-content\/uploads\/2017\/08\/reunion-presidentes.jpg\" alt=\"Los presidentes se re\u00fanen para hablar, entre otras cosas de dependencia y atenci\u00f3n a mayores\" width=\"450\" height=\"250\" \/><\/a><p id=\"caption-attachment-1160\" class=\"wp-caption-text\">Los presidentes se re\u00fanen para hablar, entre otras cosas de dependencia y atenci\u00f3n a mayores<\/p><\/div>\n<p>El envejecimiento de la poblaci\u00f3n fue uno de los temas clave en la VI Conferencia de Presidentes celebrada el pasado mes de enero.(<a href=\"http:\/\/periodico.inforesidencias.com\/noticia\/551\/actualidad\/andalucia-llevara-a-la-conferencia-de-presidentes-la-reforma-de-la-financiacion-de-la-dependencia.html\">M\u00e1s informaci\u00f3n sobre la conferencia<\/a>)<\/p>\n<p>En ella, adem\u00e1s se trataron como temas prioritarios de cara al futuro la atenci\u00f3n a la dependencia, la atenci\u00f3n social y el envejecimiento de la poblaci\u00f3n.Las entidades sociales llevan a\u00f1os advirtiendo de que estos tres temas son fundamentales y condicionan la vida de millones de personas, pero que han sufrido recortes en los dos primeros casos que han llevado a una situaci\u00f3n l\u00edmite y en el segundo se ha producido una falta de atenci\u00f3n y previsi\u00f3n en un pa\u00eds en el que la despoblaci\u00f3n y ca\u00edda de natalidad, adem\u00e1s de factores sociales, hacen que los mismos pol\u00edticos que no proponen acciones, sean los que asusten a los jubilados presentes y futuros con que el sistema de pensiones no es sostenible.<\/p>\n<p>&nbsp;<\/p>\n<h1>El envejecimiento preocupa a los responsables pol\u00edticos<\/h1>\n<p>Es una buena noticia, pues, que las Comunidades Aut\u00f3nomas traten estos temas de manera seria y que adquieran compromisos. De hecho, se decidi\u00f3 crear en el plazo m\u00e1ximo de un mes de una comisi\u00f3n de expertos propuestos por el Gobierno y las comunidades para abordar aspectos concretos del modelo actual de servicios sociales. Uno de ellos es la dependencia, importante en todas las franjas de edad, pero especialmente fundamental en la tercera edad. En este sentido, las siete comunidades presididas por el PSOE presionaron incluirla de manera espec\u00edfica dentro de la financiaci\u00f3n, pues son las propias comunidades las que generan, y hasta ahora financian en mayor parte, los servicios vinculados a ella.<\/p>\n<h1>Una tarjeta para identificar a mayores dependientes<\/h1>\n<p>Es un hecho que el Estado no cumple de manera ya cr\u00f3nica con la Ley, que establece una financiaci\u00f3n paritaria entre \u00e9l y las comunidades, pues en general no pasa del 15-20 %, hecho que reprochan todos los gobiernos auton\u00f3micos, sino en p\u00fablico, en privado. Una de las ideas que sali\u00f3 de la Conferencia es la creaci\u00f3n de una \u00abtarjeta social\u00bb, destinada a coordinar los programas de los distintas administraciones p\u00fablicas. Esta tarjeta, seg\u00fan los datos que aporta el borrador de la reuni\u00f3n, funcionar\u00eda como acceso al Registro de Prestaciones Sociales P\u00fablicas y permitir\u00e1 conocer en tiempo real, gracias a su actualizaci\u00f3n permanente, las prestaciones sociales de contenido econ\u00f3mico que bajo distintas f\u00f3rmulas gestionan la Administraci\u00f3n General del Estado, las comunidades, las corporaciones locales e incluso ONG. Sin embargo, la Asociaci\u00f3n de Directores y Gerentes de Servicios Sociales, rechazan la iniciativa por considerar que ser\u00eda un gasto in\u00fatil, pues no mejora el control de las prestaciones recibidas por parte de personas desempleadas o en situaci\u00f3n de vulnerabilidad, pues son datos que se tienen ya en tiempo real a trav\u00e9s del DNI o el NIE y en el caso de prestaciones que gestionan las Comunidades Aut\u00f3nomas y las entidades locales, est\u00e1n todas vinculadas al empadronamiento, por lo que resulta dif\u00edcil que est\u00e9n duplicadas. Por otra parte, se\u00f1alan que esta tarjeta estigmatiza a las personas a las que se les facilita, es como darles un \u00abcarnet de pobres\u00bb.<\/p>\n<p>Se trata de una posici\u00f3n que apuntan como reaccionaria al querer contar el n\u00famero de pobres y controlarlos, a la vez que desmonta una se\u00f1a de identidad del estado de bienestar, que es su car\u00e1cter universal y establecer un padr\u00f3n de beneficencia, porque para percibir prestaciones, hay que acreditar que se es pobre, como en d\u00e9cadas pasadas. Es muy importante que la VI Conferencia de Presidentes alerte de los efectos que ya se est\u00e1n sufriendo en cuanto al r\u00e1pido envejecimiento de la poblaci\u00f3n, con la bajada de natalidad y el descenso de poblaci\u00f3n joven. Las proyecciones del Instituto Nacional de Estad\u00edstica (INE) pronostican un pa\u00eds donde la tercera edad ser\u00e1 la mayor franja de poblaci\u00f3n y en el que los hogares con una sola persona crecer\u00e1n un 20 %. En cifras, si no se ponen medidas dr\u00e1sticas y r\u00e1pidas, Espa\u00f1a perder\u00eda en 2066 hasta 5,4 millones de habitantes de los 46,4 millones actuales, un11 %. Actualmente, diez las comunidades aut\u00f3nomas presentan ya saldo vegetativo negativo. Y por primera vez en muchos a\u00f1os, 2015 ha registrado mayor n\u00famero de defunciones que de nacimientos. A 1 de enero de 2016 se computaron 99 439 habitantes menos que el a\u00f1o anterior, un descenso del 2,7 %.<\/p>\n<p>Se pinta un panorama bastante desolador, poblaci\u00f3n envejecida (lo que implica necesidad de m\u00e1s plazas en <strong>residencias de tercera edad<\/strong>), zonas rurales dispersas y despobladas, emigraci\u00f3n de las generaci\u00f3n j\u00f3venes que tras su formaci\u00f3n no revierten en el pa\u00eds sus conocimientos y trabajo, desequilibrios demogr\u00e1ficos y territoriales. Otra causa son el descenso de la inmigraci\u00f3n. Las pol\u00edticas de freno a la misma o la propia coyuntura econ\u00f3mica frenan la llegada de inmigrantes, que constituyen un apoyo demogr\u00e1fico pues son j\u00f3venes, no usan servicios sociosanitarios (los grandes usuarios, como es natural por razones biol\u00f3gicas, son los de la tercera edad) y contribuyen al PIB. Los desequilibrios territoriales son tambi\u00e9n un factor importante de cara al futuro. Por ejemplo, la Comunidad de Madrid se espera que aumente en 331 453 habitantes hasta 2031 (5,2 %), mientras que en Galicia, Castilla y Le\u00f3n, Asturias y Arag\u00f3n la despoblaci\u00f3n parece un problema imparable. Es bueno abordar los problemas de envejecimiento, dependencia y servicios sociales desde las altas instituciones y que est\u00e1n en la agenda pol\u00edtica, pero lo que urge es que se empiecen a dar pasos que consoliden las prestaciones, apoyen la creaci\u00f3n de servicios y promuevan pol\u00edticas de envejecimiento activo paralelas a las de promoci\u00f3n de la natalidad y para fijar la poblaci\u00f3n.Muchas personas mayores, en un n\u00famero alto con grados diversos de dependencia, no pueden seguir esperando a que las administraciones convoquen reuniones para ponerse de acuerdo y que luego los plazos se prolongues o, simplemente, se quede todo en buenas intenciones.<\/p>\n<p>Quien precisa una plaza en una <strong>residencia de mayores<\/strong>, una ayuda domiciliaria o de otro, ni \u00e9l ni su familia, entender\u00e1 que le digan que no hay no est\u00e1 contemplada en un plan de acci\u00f3n o que el presupuesto est\u00e1 cerrado, la necesidad es del momento y debe solucionarse en el momento. Es responsabilidad de la administraci\u00f3n, es decir, de quienes est\u00e1n al mando de las instituciones, que el bienestar de las personas sea una prioridad y es responsabilidad de los ciudadanos exigir que as\u00ed sea.<\/p>\n","protected":false},"excerpt":{"rendered":"<p>El envejecimiento de la poblaci\u00f3n fue uno de los temas clave en la VI Conferencia de Presidentes celebrada el pasado mes de enero.(M\u00e1s informaci\u00f3n sobre la conferencia) En ella, adem\u00e1s se trataron como temas prioritarios de cara al futuro la atenci\u00f3n a la dependencia, la atenci\u00f3n social y el envejecimiento de la poblaci\u00f3n.Las entidades sociales llevan a\u00f1os advirtiendo de que estos tres temas son fundamentales y condicionan la vida de millones de personas, pero que han sufrido recortes en los dos primeros casos que han llevado a una situaci\u00f3n l\u00edmite y en el segundo se ha producido una falta de atenci\u00f3n y previsi\u00f3n en un pa\u00eds en el que la despoblaci\u00f3n y ca\u00edda de natalidad, adem\u00e1s de factores sociales, hacen que los mismos pol\u00edticos que no proponen acciones, sean los que asusten a los jubilados presentes y futuros con que el sistema de pensiones no es sostenible. &nbsp; El envejecimiento [&hellip;]<\/p>\n","protected":false},"author":2,"featured_media":1160,"comment_status":"open","ping_status":"open","sticky":false,"template":"","format":"standard","meta":{"footnotes":""},"categories":[1],"tags":[],"yoast_head":"<!-- This site is optimized with the Yoast SEO plugin v21.7 - https:\/\/yoast.com\/wordpress\/plugins\/seo\/ -->\n<title>Envejecimiento, sostenibilidad y nuevas propuestas<\/title>\n<meta name=\"description\" content=\"El sistema de dependencia y el envejecimiento de la poblaci\u00f3n se han convertido en uno de los temas principales tratados en la VI conferencia de presidentes\" \/>\n<meta name=\"robots\" content=\"index, follow, max-snippet:-1, max-image-preview:large, max-video-preview:-1\" \/>\n<link rel=\"canonical\" href=\"https:\/\/www.inforesidencias.com\/blog\/index.php\/2017\/08\/31\/envejecimiento-sostenibilidad-y-nuevas-propuestas\/\" \/>\n<meta property=\"og:locale\" content=\"es_ES\" \/>\n<meta property=\"og:type\" content=\"article\" \/>\n<meta property=\"og:title\" content=\"Envejecimiento, sostenibilidad y nuevas propuestas\" \/>\n<meta property=\"og:description\" content=\"El sistema de dependencia y el envejecimiento de la poblaci\u00f3n se han convertido en uno de los temas principales tratados en la VI conferencia de presidentes\" \/>\n<meta property=\"og:url\" content=\"https:\/\/www.inforesidencias.com\/blog\/index.php\/2017\/08\/31\/envejecimiento-sostenibilidad-y-nuevas-propuestas\/\" \/>\n<meta property=\"og:site_name\" content=\"Blog Inforesidencias.com\" \/>\n<meta property=\"article:publisher\" content=\"https:\/\/www.facebook.com\/Inforesidencias\/\" \/>\n<meta property=\"article:author\" content=\"https:\/\/www.facebook.com\/josep.demarti\" \/>\n<meta property=\"article:published_time\" content=\"2017-08-31T08:31:57+00:00\" \/>\n<meta property=\"og:image\" content=\"https:\/\/www.inforesidencias.com\/blog\/wp-content\/uploads\/2017\/08\/reunion-presidentes.jpg\" \/>\n\t<meta property=\"og:image:width\" content=\"450\" \/>\n\t<meta property=\"og:image:height\" content=\"250\" \/>\n\t<meta property=\"og:image:type\" content=\"image\/jpeg\" \/>\n<meta name=\"author\" content=\"Josep de Mart\u00ed\" \/>\n<meta name=\"twitter:card\" content=\"summary_large_image\" \/>\n<meta name=\"twitter:creator\" content=\"@blog-ir\" \/>\n<meta name=\"twitter:site\" content=\"@inforesidencias\" \/>\n<meta name=\"twitter:label1\" content=\"Escrito por\" \/>\n\t<meta name=\"twitter:data1\" content=\"Josep de Mart\u00ed\" \/>\n\t<meta name=\"twitter:label2\" content=\"Tiempo de lectura\" \/>\n\t<meta name=\"twitter:data2\" content=\"6 minutos\" \/>\n<script type=\"application\/ld+json\" class=\"yoast-schema-graph\">{\"@context\":\"https:\/\/schema.org\",\"@graph\":[{\"@type\":\"WebPage\",\"@id\":\"https:\/\/www.inforesidencias.com\/blog\/index.php\/2017\/08\/31\/envejecimiento-sostenibilidad-y-nuevas-propuestas\/\",\"url\":\"https:\/\/www.inforesidencias.com\/blog\/index.php\/2017\/08\/31\/envejecimiento-sostenibilidad-y-nuevas-propuestas\/\",\"name\":\"Envejecimiento, sostenibilidad y nuevas propuestas\",\"isPartOf\":{\"@id\":\"https:\/\/www.inforesidencias.com\/blog\/#website\"},\"datePublished\":\"2017-08-31T08:31:57+00:00\",\"dateModified\":\"2017-08-31T08:31:57+00:00\",\"author\":{\"@id\":\"https:\/\/www.inforesidencias.com\/blog\/#\/schema\/person\/9e146774d1eb3bc1c0316242a3898628\"},\"description\":\"El sistema de dependencia y el envejecimiento de la poblaci\u00f3n se han convertido en uno de los temas principales tratados en la VI conferencia de presidentes\",\"breadcrumb\":{\"@id\":\"https:\/\/www.inforesidencias.com\/blog\/index.php\/2017\/08\/31\/envejecimiento-sostenibilidad-y-nuevas-propuestas\/#breadcrumb\"},\"inLanguage\":\"es\",\"potentialAction\":[{\"@type\":\"ReadAction\",\"target\":[\"https:\/\/www.inforesidencias.com\/blog\/index.php\/2017\/08\/31\/envejecimiento-sostenibilidad-y-nuevas-propuestas\/\"]}]},{\"@type\":\"BreadcrumbList\",\"@id\":\"https:\/\/www.inforesidencias.com\/blog\/index.php\/2017\/08\/31\/envejecimiento-sostenibilidad-y-nuevas-propuestas\/#breadcrumb\",\"itemListElement\":[{\"@type\":\"ListItem\",\"position\":1,\"name\":\"Home\",\"item\":\"https:\/\/www.inforesidencias.com\/blog\/\"},{\"@type\":\"ListItem\",\"position\":2,\"name\":\"Envejecimiento, sostenibilidad y nuevas propuestas\"}]},{\"@type\":\"WebSite\",\"@id\":\"https:\/\/www.inforesidencias.com\/blog\/#website\",\"url\":\"https:\/\/www.inforesidencias.com\/blog\/\",\"name\":\"Blog Inforesidencias.com\",\"description\":\"El buscador de residencias de la 3\u00aa edad\",\"potentialAction\":[{\"@type\":\"SearchAction\",\"target\":{\"@type\":\"EntryPoint\",\"urlTemplate\":\"https:\/\/www.inforesidencias.com\/blog\/?s={search_term_string}\"},\"query-input\":\"required name=search_term_string\"}],\"inLanguage\":\"es\"},{\"@type\":\"Person\",\"@id\":\"https:\/\/www.inforesidencias.com\/blog\/#\/schema\/person\/9e146774d1eb3bc1c0316242a3898628\",\"name\":\"Josep de Mart\u00ed\",\"image\":{\"@type\":\"ImageObject\",\"inLanguage\":\"es\",\"@id\":\"https:\/\/www.inforesidencias.com\/blog\/#\/schema\/person\/image\/\",\"url\":\"https:\/\/secure.gravatar.com\/avatar\/de0302c4806c00c4cebff396a798c1ff?s=96&d=mm&r=g\",\"contentUrl\":\"https:\/\/secure.gravatar.com\/avatar\/de0302c4806c00c4cebff396a798c1ff?s=96&d=mm&r=g\",\"caption\":\"Josep de Mart\u00ed\"},\"sameAs\":[\"https:\/\/www.inforesidencias.com\",\"https:\/\/www.facebook.com\/josep.demarti\",\"https:\/\/twitter.com\/blog-ir\"],\"url\":\"https:\/\/www.inforesidencias.com\/blog\/index.php\/author\/josepdemarti\/\"}]}<\/script>\n<!-- \/ Yoast SEO plugin. -->","yoast_head_json":{"title":"Envejecimiento, sostenibilidad y nuevas propuestas","description":"El sistema de dependencia y el envejecimiento de la poblaci\u00f3n se han convertido en uno de los temas principales tratados en la VI conferencia de presidentes","robots":{"index":"index","follow":"follow","max-snippet":"max-snippet:-1","max-image-preview":"max-image-preview:large","max-video-preview":"max-video-preview:-1"},"canonical":"https:\/\/www.inforesidencias.com\/blog\/index.php\/2017\/08\/31\/envejecimiento-sostenibilidad-y-nuevas-propuestas\/","og_locale":"es_ES","og_type":"article","og_title":"Envejecimiento, sostenibilidad y nuevas propuestas","og_description":"El sistema de dependencia y el envejecimiento de la poblaci\u00f3n se han convertido en uno de los temas principales tratados en la VI conferencia de presidentes","og_url":"https:\/\/www.inforesidencias.com\/blog\/index.php\/2017\/08\/31\/envejecimiento-sostenibilidad-y-nuevas-propuestas\/","og_site_name":"Blog Inforesidencias.com","article_publisher":"https:\/\/www.facebook.com\/Inforesidencias\/","article_author":"https:\/\/www.facebook.com\/josep.demarti","article_published_time":"2017-08-31T08:31:57+00:00","og_image":[{"width":450,"height":250,"url":"https:\/\/www.inforesidencias.com\/blog\/wp-content\/uploads\/2017\/08\/reunion-presidentes.jpg","type":"image\/jpeg"}],"author":"Josep de Mart\u00ed","twitter_card":"summary_large_image","twitter_creator":"@blog-ir","twitter_site":"@inforesidencias","twitter_misc":{"Escrito por":"Josep de Mart\u00ed","Tiempo de lectura":"6 minutos"},"schema":{"@context":"https:\/\/schema.org","@graph":[{"@type":"WebPage","@id":"https:\/\/www.inforesidencias.com\/blog\/index.php\/2017\/08\/31\/envejecimiento-sostenibilidad-y-nuevas-propuestas\/","url":"https:\/\/www.inforesidencias.com\/blog\/index.php\/2017\/08\/31\/envejecimiento-sostenibilidad-y-nuevas-propuestas\/","name":"Envejecimiento, sostenibilidad y nuevas propuestas","isPartOf":{"@id":"https:\/\/www.inforesidencias.com\/blog\/#website"},"datePublished":"2017-08-31T08:31:57+00:00","dateModified":"2017-08-31T08:31:57+00:00","author":{"@id":"https:\/\/www.inforesidencias.com\/blog\/#\/schema\/person\/9e146774d1eb3bc1c0316242a3898628"},"description":"El sistema de dependencia y el envejecimiento de la poblaci\u00f3n se han convertido en uno de los temas principales tratados en la VI conferencia de presidentes","breadcrumb":{"@id":"https:\/\/www.inforesidencias.com\/blog\/index.php\/2017\/08\/31\/envejecimiento-sostenibilidad-y-nuevas-propuestas\/#breadcrumb"},"inLanguage":"es","potentialAction":[{"@type":"ReadAction","target":["https:\/\/www.inforesidencias.com\/blog\/index.php\/2017\/08\/31\/envejecimiento-sostenibilidad-y-nuevas-propuestas\/"]}]},{"@type":"BreadcrumbList","@id":"https:\/\/www.inforesidencias.com\/blog\/index.php\/2017\/08\/31\/envejecimiento-sostenibilidad-y-nuevas-propuestas\/#breadcrumb","itemListElement":[{"@type":"ListItem","position":1,"name":"Home","item":"https:\/\/www.inforesidencias.com\/blog\/"},{"@type":"ListItem","position":2,"name":"Envejecimiento, sostenibilidad y nuevas propuestas"}]},{"@type":"WebSite","@id":"https:\/\/www.inforesidencias.com\/blog\/#website","url":"https:\/\/www.inforesidencias.com\/blog\/","name":"Blog Inforesidencias.com","description":"El buscador de residencias de la 3\u00aa edad","potentialAction":[{"@type":"SearchAction","target":{"@type":"EntryPoint","urlTemplate":"https:\/\/www.inforesidencias.com\/blog\/?s={search_term_string}"},"query-input":"required name=search_term_string"}],"inLanguage":"es"},{"@type":"Person","@id":"https:\/\/www.inforesidencias.com\/blog\/#\/schema\/person\/9e146774d1eb3bc1c0316242a3898628","name":"Josep de Mart\u00ed","image":{"@type":"ImageObject","inLanguage":"es","@id":"https:\/\/www.inforesidencias.com\/blog\/#\/schema\/person\/image\/","url":"https:\/\/secure.gravatar.com\/avatar\/de0302c4806c00c4cebff396a798c1ff?s=96&d=mm&r=g","contentUrl":"https:\/\/secure.gravatar.com\/avatar\/de0302c4806c00c4cebff396a798c1ff?s=96&d=mm&r=g","caption":"Josep de Mart\u00ed"},"sameAs":["https:\/\/www.inforesidencias.com","https:\/\/www.facebook.com\/josep.demarti","https:\/\/twitter.com\/blog-ir"],"url":"https:\/\/www.inforesidencias.com\/blog\/index.php\/author\/josepdemarti\/"}]}},"_links":{"self":[{"href":"https:\/\/www.inforesidencias.com\/blog\/index.php\/wp-json\/wp\/v2\/posts\/1159"}],"collection":[{"href":"https:\/\/www.inforesidencias.com\/blog\/index.php\/wp-json\/wp\/v2\/posts"}],"about":[{"href":"https:\/\/www.inforesidencias.com\/blog\/index.php\/wp-json\/wp\/v2\/types\/post"}],"author":[{"embeddable":true,"href":"https:\/\/www.inforesidencias.com\/blog\/index.php\/wp-json\/wp\/v2\/users\/2"}],"replies":[{"embeddable":true,"href":"https:\/\/www.inforesidencias.com\/blog\/index.php\/wp-json\/wp\/v2\/comments?post=1159"}],"version-history":[{"count":3,"href":"https:\/\/www.inforesidencias.com\/blog\/index.php\/wp-json\/wp\/v2\/posts\/1159\/revisions"}],"predecessor-version":[{"id":1164,"href":"https:\/\/www.inforesidencias.com\/blog\/index.php\/wp-json\/wp\/v2\/posts\/1159\/revisions\/1164"}],"wp:featuredmedia":[{"embeddable":true,"href":"https:\/\/www.inforesidencias.com\/blog\/index.php\/wp-json\/wp\/v2\/media\/1160"}],"wp:attachment":[{"href":"https:\/\/www.inforesidencias.com\/blog\/index.php\/wp-json\/wp\/v2\/media?parent=1159"}],"wp:term":[{"taxonomy":"category","embeddable":true,"href":"https:\/\/www.inforesidencias.com\/blog\/index.php\/wp-json\/wp\/v2\/categories?post=1159"},{"taxonomy":"post_tag","embeddable":true,"href":"https:\/\/www.inforesidencias.com\/blog\/index.php\/wp-json\/wp\/v2\/tags?post=1159"}],"curies":[{"name":"wp","href":"https:\/\/api.w.org\/{rel}","templated":true}]}}