{"id":1186,"date":"2017-10-11T09:16:17","date_gmt":"2017-10-11T09:16:17","guid":{"rendered":"https:\/\/www.inforesidencias.com\/blog\/?p=1186"},"modified":"2017-10-11T11:29:59","modified_gmt":"2017-10-11T11:29:59","slug":"residencia-o-centro-de-dia","status":"publish","type":"post","link":"https:\/\/www.inforesidencias.com\/blog\/index.php\/2017\/10\/11\/residencia-o-centro-de-dia\/","title":{"rendered":"Residencia o centro de d\u00eda"},"content":{"rendered":"<p style=\"text-align: justify\">Contamos de nuevo con la colaboraci\u00f3n de Carles Reixach, trabajador social que ha trabajado en diferentes servicios de dependencia. Hoy nos hablar\u00e1 un poco de las grandes diferencias entre residencias y centros de d\u00eda. Gracias Carles.<\/p>\n<h1 style=\"text-align: justify\">\u00bfResidencia o centro de d\u00eda?<\/h1>\n<p style=\"text-align: justify\">Las <strong>residencias<\/strong> y los <strong>centros de d\u00eda<\/strong> son dos de los recursos m\u00e1s utilizados por las personas mayores. A d\u00eda de hoy hay muchas personas que llevan a su familiar a un centro de d\u00eda o a una residencia sin tener muy claro que es lo m\u00e1s conveniente.<\/p>\n<div id=\"attachment_1117\" style=\"width: 260px\" class=\"wp-caption alignleft\"><a href=\"https:\/\/www.inforesidencias.com\/blog\/wp-content\/uploads\/2017\/06\/carles-reixach.jpg\"><img aria-describedby=\"caption-attachment-1117\" decoding=\"async\" loading=\"lazy\" class=\"wp-image-1117\" src=\"https:\/\/www.inforesidencias.com\/blog\/wp-content\/uploads\/2017\/06\/carles-reixach.jpg\" alt=\"\u00bfresidencia o centro de dia?\" width=\"250\" height=\"250\" \/><\/a><p id=\"caption-attachment-1117\" class=\"wp-caption-text\">Carles Reixach, trabajador social<\/p><\/div>\n<p style=\"text-align: justify\">Consid<span style=\"font-weight: 300\">ero que hay que valorar una serie de factores antes de tomar una decisi\u00f3n de este tipo. Explicado de forma muy muy resumida, los centros d\u00eda son m\u00e1s adecuados para aquellas personas mayores que aun mantienen un cierto grado de autonom\u00eda y una capacidad cognitiva adecuada. Digo esto, porque lo que se busca en los centros de d\u00eda es que los usuarios participen de forma activa en todas las actividades que se realizan y claro est\u00e1 siempre que sea posible, puedan opinar sobre que les parecen o si prefieren hacer otras tareas. As\u00ed pues, los cuidados sanitarios y las ABVD\u2019S se encuadran en un segundo plano.<\/span><\/p>\n<p style=\"text-align: justify\">En las residencias (en donde muchas tambi\u00e9n disponen de plazas de centro de d\u00eda), las actividades bien es cierto que tambi\u00e9n son muy importantes, pero la infraestructura y el equipamiento humano y t\u00e9cnico es mucho m\u00e1s apto tambi\u00e9n para aquellas personas que necesiten de m\u00e1s cuidados.<\/p>\n<p style=\"text-align: justify\">Recalco este punto porque en muchos casos, y m\u00e1s hoy en d\u00eda, sobretodo con las listas de espera existentes para acceder a una plaza p\u00fablica de residencia, muchas personas ante la necesidad de tener a su familiar atendido, no piensan en la tipolog\u00eda de servicio y en lo que verdaderamente necesita la persona afectada por tal decisi\u00f3n. Como la lista de espera para centro de d\u00eda suele ser m\u00e1s corta, les apuntan all\u00ed para que el ingreso se produzca cuanto antes y as\u00ed, al menos durante unas horas al d\u00eda, poder despreocuparse. Si todo va bien perfecto, pero yo el problema lo veo como dec\u00eda antes en que si la persona no puede participar en el d\u00eda a d\u00eda del centro debido a su estado f\u00edsico\/cognitivo, lo que se consigue es que muchas veces la persona est\u00e9 con el resto de usuarios, pero como si no lo estuviera. Esto se explica tambi\u00e9n retomando el post del bolet\u00edn de <a href=\"http:\/\/periodico.inforesidencias.com\/noticia\/1147\/opinion\/falta-de-personal-en-residencias-publicas-gestionadas.html\">NGD del art\u00edculo de opini\u00f3n de Josep de Mart\u00ed<\/a> \u00a0debido a que algunas ratios de centros son muy justas y las gerocultoras no pueden estar pendientes todo el rato de una persona que aunque se la ayude no pueda participar.<\/p>\n<p style=\"text-align: justify\">Entiendo la situaci\u00f3n de desespero de algunos familiares de gente mayor en el momento en que la dependencia de esa persona aumenta, pero hay que valorar muy bien el recurso que elegimos (y siempre que se pueda tambi\u00e9n contar con la opini\u00f3n del interesado), para que todo vaya por buen cauce.<\/p>\n<p style=\"text-align: justify\">Y me gustar\u00eda recordar una cosa: Si la persona mayor es aut\u00f3noma pero lo que no tiene es una red social de personas con la que hacer actividades y ese es su mayor problema, uno de los mejores servicios disponibles por ejemplo son los casals (en Catalu\u00f1a) o un centro para jubilados, que a veces todos nos olvidamos que existen.<\/p>\n","protected":false},"excerpt":{"rendered":"<p>Contamos de nuevo con la colaboraci\u00f3n de Carles Reixach, trabajador social que ha trabajado en diferentes servicios de dependencia. Hoy nos hablar\u00e1 un poco de las grandes diferencias entre residencias y centros de d\u00eda. Gracias Carles. \u00bfResidencia o centro de d\u00eda? Las residencias y los centros de d\u00eda son dos de los recursos m\u00e1s utilizados por las personas mayores. A d\u00eda de hoy hay muchas personas que llevan a su familiar a un centro de d\u00eda o a una residencia sin tener muy claro que es lo m\u00e1s conveniente. Considero que hay que valorar una serie de factores antes de tomar una decisi\u00f3n de este tipo. Explicado de forma muy muy resumida, los centros d\u00eda son m\u00e1s adecuados para aquellas personas mayores que aun mantienen un cierto grado de autonom\u00eda y una capacidad cognitiva adecuada. Digo esto, porque lo que se busca en los centros de d\u00eda es que los [&hellip;]<\/p>\n","protected":false},"author":2,"featured_media":1117,"comment_status":"open","ping_status":"open","sticky":false,"template":"","format":"standard","meta":{"footnotes":""},"categories":[1],"tags":[],"yoast_head":"<!-- This site is optimized with the Yoast SEO plugin v21.7 - https:\/\/yoast.com\/wordpress\/plugins\/seo\/ -->\n<title>\u00bfresidencia o centro de dia?<\/title>\n<meta name=\"description\" content=\"La elecci\u00f3n entre residencia o centro de d\u00eda no siempre es f\u00e1cil. Recomendamos una serie de aspectos a tener en cuenta a la hora de intentar elegir\" \/>\n<meta name=\"robots\" content=\"index, follow, max-snippet:-1, max-image-preview:large, max-video-preview:-1\" \/>\n<link rel=\"canonical\" href=\"https:\/\/www.inforesidencias.com\/blog\/index.php\/2017\/10\/11\/residencia-o-centro-de-dia\/\" \/>\n<meta property=\"og:locale\" content=\"es_ES\" \/>\n<meta property=\"og:type\" content=\"article\" \/>\n<meta property=\"og:title\" content=\"\u00bfresidencia o centro de dia?\" \/>\n<meta property=\"og:description\" content=\"La elecci\u00f3n entre residencia o centro de d\u00eda no siempre es f\u00e1cil. Recomendamos una serie de aspectos a tener en cuenta a la hora de intentar elegir\" \/>\n<meta property=\"og:url\" content=\"https:\/\/www.inforesidencias.com\/blog\/index.php\/2017\/10\/11\/residencia-o-centro-de-dia\/\" \/>\n<meta property=\"og:site_name\" content=\"Blog Inforesidencias.com\" \/>\n<meta property=\"article:publisher\" content=\"https:\/\/www.facebook.com\/Inforesidencias\/\" \/>\n<meta property=\"article:author\" content=\"https:\/\/www.facebook.com\/josep.demarti\" \/>\n<meta property=\"article:published_time\" content=\"2017-10-11T09:16:17+00:00\" \/>\n<meta property=\"article:modified_time\" content=\"2017-10-11T11:29:59+00:00\" \/>\n<meta property=\"og:image\" content=\"https:\/\/www.inforesidencias.com\/blog\/wp-content\/uploads\/2017\/06\/carles-reixach.jpg\" \/>\n\t<meta property=\"og:image:width\" content=\"400\" \/>\n\t<meta property=\"og:image:height\" content=\"400\" \/>\n\t<meta property=\"og:image:type\" content=\"image\/jpeg\" \/>\n<meta name=\"author\" content=\"Josep de Mart\u00ed\" \/>\n<meta name=\"twitter:card\" content=\"summary_large_image\" \/>\n<meta name=\"twitter:creator\" content=\"@blog-ir\" \/>\n<meta name=\"twitter:site\" content=\"@inforesidencias\" \/>\n<meta name=\"twitter:label1\" content=\"Escrito por\" \/>\n\t<meta name=\"twitter:data1\" content=\"Josep de Mart\u00ed\" \/>\n\t<meta name=\"twitter:label2\" content=\"Tiempo de lectura\" \/>\n\t<meta name=\"twitter:data2\" content=\"3 minutos\" \/>\n<script type=\"application\/ld+json\" class=\"yoast-schema-graph\">{\"@context\":\"https:\/\/schema.org\",\"@graph\":[{\"@type\":\"WebPage\",\"@id\":\"https:\/\/www.inforesidencias.com\/blog\/index.php\/2017\/10\/11\/residencia-o-centro-de-dia\/\",\"url\":\"https:\/\/www.inforesidencias.com\/blog\/index.php\/2017\/10\/11\/residencia-o-centro-de-dia\/\",\"name\":\"\u00bfresidencia o centro de dia?\",\"isPartOf\":{\"@id\":\"https:\/\/www.inforesidencias.com\/blog\/#website\"},\"datePublished\":\"2017-10-11T09:16:17+00:00\",\"dateModified\":\"2017-10-11T11:29:59+00:00\",\"author\":{\"@id\":\"https:\/\/www.inforesidencias.com\/blog\/#\/schema\/person\/9e146774d1eb3bc1c0316242a3898628\"},\"description\":\"La elecci\u00f3n entre residencia o centro de d\u00eda no siempre es f\u00e1cil. Recomendamos una serie de aspectos a tener en cuenta a la hora de intentar elegir\",\"breadcrumb\":{\"@id\":\"https:\/\/www.inforesidencias.com\/blog\/index.php\/2017\/10\/11\/residencia-o-centro-de-dia\/#breadcrumb\"},\"inLanguage\":\"es\",\"potentialAction\":[{\"@type\":\"ReadAction\",\"target\":[\"https:\/\/www.inforesidencias.com\/blog\/index.php\/2017\/10\/11\/residencia-o-centro-de-dia\/\"]}]},{\"@type\":\"BreadcrumbList\",\"@id\":\"https:\/\/www.inforesidencias.com\/blog\/index.php\/2017\/10\/11\/residencia-o-centro-de-dia\/#breadcrumb\",\"itemListElement\":[{\"@type\":\"ListItem\",\"position\":1,\"name\":\"Home\",\"item\":\"https:\/\/www.inforesidencias.com\/blog\/\"},{\"@type\":\"ListItem\",\"position\":2,\"name\":\"Residencia o centro de d\u00eda\"}]},{\"@type\":\"WebSite\",\"@id\":\"https:\/\/www.inforesidencias.com\/blog\/#website\",\"url\":\"https:\/\/www.inforesidencias.com\/blog\/\",\"name\":\"Blog Inforesidencias.com\",\"description\":\"El buscador de residencias de la 3\u00aa edad\",\"potentialAction\":[{\"@type\":\"SearchAction\",\"target\":{\"@type\":\"EntryPoint\",\"urlTemplate\":\"https:\/\/www.inforesidencias.com\/blog\/?s={search_term_string}\"},\"query-input\":\"required name=search_term_string\"}],\"inLanguage\":\"es\"},{\"@type\":\"Person\",\"@id\":\"https:\/\/www.inforesidencias.com\/blog\/#\/schema\/person\/9e146774d1eb3bc1c0316242a3898628\",\"name\":\"Josep de Mart\u00ed\",\"image\":{\"@type\":\"ImageObject\",\"inLanguage\":\"es\",\"@id\":\"https:\/\/www.inforesidencias.com\/blog\/#\/schema\/person\/image\/\",\"url\":\"https:\/\/secure.gravatar.com\/avatar\/de0302c4806c00c4cebff396a798c1ff?s=96&d=mm&r=g\",\"contentUrl\":\"https:\/\/secure.gravatar.com\/avatar\/de0302c4806c00c4cebff396a798c1ff?s=96&d=mm&r=g\",\"caption\":\"Josep de Mart\u00ed\"},\"sameAs\":[\"https:\/\/www.inforesidencias.com\",\"https:\/\/www.facebook.com\/josep.demarti\",\"https:\/\/twitter.com\/blog-ir\"],\"url\":\"https:\/\/www.inforesidencias.com\/blog\/index.php\/author\/josepdemarti\/\"}]}<\/script>\n<!-- \/ Yoast SEO plugin. -->","yoast_head_json":{"title":"\u00bfresidencia o centro de dia?","description":"La elecci\u00f3n entre residencia o centro de d\u00eda no siempre es f\u00e1cil. Recomendamos una serie de aspectos a tener en cuenta a la hora de intentar elegir","robots":{"index":"index","follow":"follow","max-snippet":"max-snippet:-1","max-image-preview":"max-image-preview:large","max-video-preview":"max-video-preview:-1"},"canonical":"https:\/\/www.inforesidencias.com\/blog\/index.php\/2017\/10\/11\/residencia-o-centro-de-dia\/","og_locale":"es_ES","og_type":"article","og_title":"\u00bfresidencia o centro de dia?","og_description":"La elecci\u00f3n entre residencia o centro de d\u00eda no siempre es f\u00e1cil. Recomendamos una serie de aspectos a tener en cuenta a la hora de intentar elegir","og_url":"https:\/\/www.inforesidencias.com\/blog\/index.php\/2017\/10\/11\/residencia-o-centro-de-dia\/","og_site_name":"Blog Inforesidencias.com","article_publisher":"https:\/\/www.facebook.com\/Inforesidencias\/","article_author":"https:\/\/www.facebook.com\/josep.demarti","article_published_time":"2017-10-11T09:16:17+00:00","article_modified_time":"2017-10-11T11:29:59+00:00","og_image":[{"width":400,"height":400,"url":"https:\/\/www.inforesidencias.com\/blog\/wp-content\/uploads\/2017\/06\/carles-reixach.jpg","type":"image\/jpeg"}],"author":"Josep de Mart\u00ed","twitter_card":"summary_large_image","twitter_creator":"@blog-ir","twitter_site":"@inforesidencias","twitter_misc":{"Escrito por":"Josep de Mart\u00ed","Tiempo de lectura":"3 minutos"},"schema":{"@context":"https:\/\/schema.org","@graph":[{"@type":"WebPage","@id":"https:\/\/www.inforesidencias.com\/blog\/index.php\/2017\/10\/11\/residencia-o-centro-de-dia\/","url":"https:\/\/www.inforesidencias.com\/blog\/index.php\/2017\/10\/11\/residencia-o-centro-de-dia\/","name":"\u00bfresidencia o centro de dia?","isPartOf":{"@id":"https:\/\/www.inforesidencias.com\/blog\/#website"},"datePublished":"2017-10-11T09:16:17+00:00","dateModified":"2017-10-11T11:29:59+00:00","author":{"@id":"https:\/\/www.inforesidencias.com\/blog\/#\/schema\/person\/9e146774d1eb3bc1c0316242a3898628"},"description":"La elecci\u00f3n entre residencia o centro de d\u00eda no siempre es f\u00e1cil. Recomendamos una serie de aspectos a tener en cuenta a la hora de intentar elegir","breadcrumb":{"@id":"https:\/\/www.inforesidencias.com\/blog\/index.php\/2017\/10\/11\/residencia-o-centro-de-dia\/#breadcrumb"},"inLanguage":"es","potentialAction":[{"@type":"ReadAction","target":["https:\/\/www.inforesidencias.com\/blog\/index.php\/2017\/10\/11\/residencia-o-centro-de-dia\/"]}]},{"@type":"BreadcrumbList","@id":"https:\/\/www.inforesidencias.com\/blog\/index.php\/2017\/10\/11\/residencia-o-centro-de-dia\/#breadcrumb","itemListElement":[{"@type":"ListItem","position":1,"name":"Home","item":"https:\/\/www.inforesidencias.com\/blog\/"},{"@type":"ListItem","position":2,"name":"Residencia o centro de d\u00eda"}]},{"@type":"WebSite","@id":"https:\/\/www.inforesidencias.com\/blog\/#website","url":"https:\/\/www.inforesidencias.com\/blog\/","name":"Blog Inforesidencias.com","description":"El buscador de residencias de la 3\u00aa edad","potentialAction":[{"@type":"SearchAction","target":{"@type":"EntryPoint","urlTemplate":"https:\/\/www.inforesidencias.com\/blog\/?s={search_term_string}"},"query-input":"required name=search_term_string"}],"inLanguage":"es"},{"@type":"Person","@id":"https:\/\/www.inforesidencias.com\/blog\/#\/schema\/person\/9e146774d1eb3bc1c0316242a3898628","name":"Josep de Mart\u00ed","image":{"@type":"ImageObject","inLanguage":"es","@id":"https:\/\/www.inforesidencias.com\/blog\/#\/schema\/person\/image\/","url":"https:\/\/secure.gravatar.com\/avatar\/de0302c4806c00c4cebff396a798c1ff?s=96&d=mm&r=g","contentUrl":"https:\/\/secure.gravatar.com\/avatar\/de0302c4806c00c4cebff396a798c1ff?s=96&d=mm&r=g","caption":"Josep de Mart\u00ed"},"sameAs":["https:\/\/www.inforesidencias.com","https:\/\/www.facebook.com\/josep.demarti","https:\/\/twitter.com\/blog-ir"],"url":"https:\/\/www.inforesidencias.com\/blog\/index.php\/author\/josepdemarti\/"}]}},"_links":{"self":[{"href":"https:\/\/www.inforesidencias.com\/blog\/index.php\/wp-json\/wp\/v2\/posts\/1186"}],"collection":[{"href":"https:\/\/www.inforesidencias.com\/blog\/index.php\/wp-json\/wp\/v2\/posts"}],"about":[{"href":"https:\/\/www.inforesidencias.com\/blog\/index.php\/wp-json\/wp\/v2\/types\/post"}],"author":[{"embeddable":true,"href":"https:\/\/www.inforesidencias.com\/blog\/index.php\/wp-json\/wp\/v2\/users\/2"}],"replies":[{"embeddable":true,"href":"https:\/\/www.inforesidencias.com\/blog\/index.php\/wp-json\/wp\/v2\/comments?post=1186"}],"version-history":[{"count":13,"href":"https:\/\/www.inforesidencias.com\/blog\/index.php\/wp-json\/wp\/v2\/posts\/1186\/revisions"}],"predecessor-version":[{"id":1263,"href":"https:\/\/www.inforesidencias.com\/blog\/index.php\/wp-json\/wp\/v2\/posts\/1186\/revisions\/1263"}],"wp:featuredmedia":[{"embeddable":true,"href":"https:\/\/www.inforesidencias.com\/blog\/index.php\/wp-json\/wp\/v2\/media\/1117"}],"wp:attachment":[{"href":"https:\/\/www.inforesidencias.com\/blog\/index.php\/wp-json\/wp\/v2\/media?parent=1186"}],"wp:term":[{"taxonomy":"category","embeddable":true,"href":"https:\/\/www.inforesidencias.com\/blog\/index.php\/wp-json\/wp\/v2\/categories?post=1186"},{"taxonomy":"post_tag","embeddable":true,"href":"https:\/\/www.inforesidencias.com\/blog\/index.php\/wp-json\/wp\/v2\/tags?post=1186"}],"curies":[{"name":"wp","href":"https:\/\/api.w.org\/{rel}","templated":true}]}}