{"id":1238,"date":"2017-09-20T16:36:53","date_gmt":"2017-09-20T16:36:53","guid":{"rendered":"https:\/\/www.inforesidencias.com\/blog\/?p=1238"},"modified":"2017-09-20T16:36:53","modified_gmt":"2017-09-20T16:36:53","slug":"una-buena-forma-de-celebrar-el-dia-internacional-del-alzheimer","status":"publish","type":"post","link":"https:\/\/www.inforesidencias.com\/blog\/index.php\/2017\/09\/20\/una-buena-forma-de-celebrar-el-dia-internacional-del-alzheimer\/","title":{"rendered":"Una buena forma de celebrar el d\u00eda internacional del Alzheimer"},"content":{"rendered":"<p>Cada a\u00f1o se repite el d\u00eda internacional del Alzheimer y resulta dif\u00edcil ser original captando la atenci\u00f3n de la gente hacia una enfermedad que alcanza a millones de personas en todo el mundo (cada vez m\u00e1s) y a sus seres queridos.<\/p>\n<p>Hace unos d\u00edas asist\u00ed en Valladolid a un bonito acto organizado por Sanitas Mayores consistente en la ruptura de un r\u00e9cord Guinness #elarboldelrecuerdo. \u00a0La idea podr\u00eda parecer sencilla: crear un mosaico de cart\u00f3n con piezas pintadas por residentes. \u00a0En la pr\u00e1ctica fue mucho m\u00e1s complejo.<\/p>\n<p>M\u00e1s de 1000 m2 con piezas hechas en residencias por toda Espa\u00f1a con la participaci\u00f3n de 4.000 personas mayores.<\/p>\n<p>Una llamada de atenci\u00f3n hacia la sociedad sobre la importancia de la enfermedad y la necesidad de afrontarla entre todos.<\/p>\n<p>Fue una experiencia bonita de verdad.<\/p>\n<p><iframe loading=\"lazy\" width=\"500\" height=\"281\" src=\"https:\/\/www.youtube.com\/embed\/JvjF77cCA9w?feature=oembed\" frameborder=\"0\" allowfullscreen><\/iframe><\/p>\n","protected":false},"excerpt":{"rendered":"<p>Cada a\u00f1o se repite el d\u00eda internacional del Alzheimer y resulta dif\u00edcil ser original captando la atenci\u00f3n de la gente hacia una enfermedad que alcanza a millones de personas en todo el mundo (cada vez m\u00e1s) y a sus seres queridos. Hace unos d\u00edas asist\u00ed en Valladolid a un bonito acto organizado por Sanitas Mayores consistente en la ruptura de un r\u00e9cord Guinness #elarboldelrecuerdo. \u00a0La idea podr\u00eda parecer sencilla: crear un mosaico de cart\u00f3n con piezas pintadas por residentes. \u00a0En la pr\u00e1ctica fue mucho m\u00e1s complejo. M\u00e1s de 1000 m2 con piezas hechas en residencias por toda Espa\u00f1a con la participaci\u00f3n de 4.000 personas mayores. Una llamada de atenci\u00f3n hacia la sociedad sobre la importancia de la enfermedad y la necesidad de afrontarla entre todos. Fue una experiencia bonita de verdad.<\/p>\n","protected":false},"author":2,"featured_media":0,"comment_status":"open","ping_status":"open","sticky":false,"template":"","format":"standard","meta":{"footnotes":""},"categories":[1],"tags":[],"yoast_head":"<!-- This site is optimized with the Yoast SEO plugin v21.7 - https:\/\/yoast.com\/wordpress\/plugins\/seo\/ -->\n<title>D\u00eda internacional del Alzheimer #elarboldelrecuerdo<\/title>\n<meta name=\"description\" content=\"El d\u00eda internaicional del Alzheimer un r\u00e9cord Guinness\" \/>\n<meta name=\"robots\" content=\"index, follow, max-snippet:-1, max-image-preview:large, max-video-preview:-1\" \/>\n<link rel=\"canonical\" href=\"https:\/\/www.inforesidencias.com\/blog\/index.php\/2017\/09\/20\/una-buena-forma-de-celebrar-el-dia-internacional-del-alzheimer\/\" \/>\n<meta property=\"og:locale\" content=\"es_ES\" \/>\n<meta property=\"og:type\" content=\"article\" \/>\n<meta property=\"og:title\" content=\"D\u00eda internacional del Alzheimer #elarboldelrecuerdo\" \/>\n<meta property=\"og:description\" content=\"El d\u00eda internaicional del Alzheimer un r\u00e9cord Guinness\" \/>\n<meta property=\"og:url\" content=\"https:\/\/www.inforesidencias.com\/blog\/index.php\/2017\/09\/20\/una-buena-forma-de-celebrar-el-dia-internacional-del-alzheimer\/\" \/>\n<meta property=\"og:site_name\" content=\"Blog Inforesidencias.com\" \/>\n<meta property=\"article:publisher\" content=\"https:\/\/www.facebook.com\/Inforesidencias\/\" \/>\n<meta property=\"article:author\" content=\"https:\/\/www.facebook.com\/josep.demarti\" \/>\n<meta property=\"article:published_time\" content=\"2017-09-20T16:36:53+00:00\" \/>\n<meta name=\"author\" content=\"Josep de Mart\u00ed\" \/>\n<meta name=\"twitter:card\" content=\"summary_large_image\" \/>\n<meta name=\"twitter:creator\" content=\"@blog-ir\" \/>\n<meta name=\"twitter:site\" content=\"@inforesidencias\" \/>\n<meta name=\"twitter:label1\" content=\"Escrito por\" \/>\n\t<meta name=\"twitter:data1\" content=\"Josep de Mart\u00ed\" \/>\n\t<meta name=\"twitter:label2\" content=\"Tiempo de lectura\" \/>\n\t<meta name=\"twitter:data2\" content=\"1 minuto\" \/>\n<script type=\"application\/ld+json\" class=\"yoast-schema-graph\">{\"@context\":\"https:\/\/schema.org\",\"@graph\":[{\"@type\":\"WebPage\",\"@id\":\"https:\/\/www.inforesidencias.com\/blog\/index.php\/2017\/09\/20\/una-buena-forma-de-celebrar-el-dia-internacional-del-alzheimer\/\",\"url\":\"https:\/\/www.inforesidencias.com\/blog\/index.php\/2017\/09\/20\/una-buena-forma-de-celebrar-el-dia-internacional-del-alzheimer\/\",\"name\":\"D\u00eda internacional del Alzheimer #elarboldelrecuerdo\",\"isPartOf\":{\"@id\":\"https:\/\/www.inforesidencias.com\/blog\/#website\"},\"datePublished\":\"2017-09-20T16:36:53+00:00\",\"dateModified\":\"2017-09-20T16:36:53+00:00\",\"author\":{\"@id\":\"https:\/\/www.inforesidencias.com\/blog\/#\/schema\/person\/9e146774d1eb3bc1c0316242a3898628\"},\"description\":\"El d\u00eda internaicional del Alzheimer un r\u00e9cord Guinness\",\"breadcrumb\":{\"@id\":\"https:\/\/www.inforesidencias.com\/blog\/index.php\/2017\/09\/20\/una-buena-forma-de-celebrar-el-dia-internacional-del-alzheimer\/#breadcrumb\"},\"inLanguage\":\"es\",\"potentialAction\":[{\"@type\":\"ReadAction\",\"target\":[\"https:\/\/www.inforesidencias.com\/blog\/index.php\/2017\/09\/20\/una-buena-forma-de-celebrar-el-dia-internacional-del-alzheimer\/\"]}]},{\"@type\":\"BreadcrumbList\",\"@id\":\"https:\/\/www.inforesidencias.com\/blog\/index.php\/2017\/09\/20\/una-buena-forma-de-celebrar-el-dia-internacional-del-alzheimer\/#breadcrumb\",\"itemListElement\":[{\"@type\":\"ListItem\",\"position\":1,\"name\":\"Home\",\"item\":\"https:\/\/www.inforesidencias.com\/blog\/\"},{\"@type\":\"ListItem\",\"position\":2,\"name\":\"Una buena forma de celebrar el d\u00eda internacional del Alzheimer\"}]},{\"@type\":\"WebSite\",\"@id\":\"https:\/\/www.inforesidencias.com\/blog\/#website\",\"url\":\"https:\/\/www.inforesidencias.com\/blog\/\",\"name\":\"Blog Inforesidencias.com\",\"description\":\"El buscador de residencias de la 3\u00aa edad\",\"potentialAction\":[{\"@type\":\"SearchAction\",\"target\":{\"@type\":\"EntryPoint\",\"urlTemplate\":\"https:\/\/www.inforesidencias.com\/blog\/?s={search_term_string}\"},\"query-input\":\"required name=search_term_string\"}],\"inLanguage\":\"es\"},{\"@type\":\"Person\",\"@id\":\"https:\/\/www.inforesidencias.com\/blog\/#\/schema\/person\/9e146774d1eb3bc1c0316242a3898628\",\"name\":\"Josep de Mart\u00ed\",\"image\":{\"@type\":\"ImageObject\",\"inLanguage\":\"es\",\"@id\":\"https:\/\/www.inforesidencias.com\/blog\/#\/schema\/person\/image\/\",\"url\":\"https:\/\/secure.gravatar.com\/avatar\/de0302c4806c00c4cebff396a798c1ff?s=96&d=mm&r=g\",\"contentUrl\":\"https:\/\/secure.gravatar.com\/avatar\/de0302c4806c00c4cebff396a798c1ff?s=96&d=mm&r=g\",\"caption\":\"Josep de Mart\u00ed\"},\"sameAs\":[\"https:\/\/www.inforesidencias.com\",\"https:\/\/www.facebook.com\/josep.demarti\",\"https:\/\/twitter.com\/blog-ir\"],\"url\":\"https:\/\/www.inforesidencias.com\/blog\/index.php\/author\/josepdemarti\/\"}]}<\/script>\n<!-- \/ Yoast SEO plugin. -->","yoast_head_json":{"title":"D\u00eda internacional del Alzheimer #elarboldelrecuerdo","description":"El d\u00eda internaicional del Alzheimer un r\u00e9cord Guinness","robots":{"index":"index","follow":"follow","max-snippet":"max-snippet:-1","max-image-preview":"max-image-preview:large","max-video-preview":"max-video-preview:-1"},"canonical":"https:\/\/www.inforesidencias.com\/blog\/index.php\/2017\/09\/20\/una-buena-forma-de-celebrar-el-dia-internacional-del-alzheimer\/","og_locale":"es_ES","og_type":"article","og_title":"D\u00eda internacional del Alzheimer #elarboldelrecuerdo","og_description":"El d\u00eda internaicional del Alzheimer un r\u00e9cord Guinness","og_url":"https:\/\/www.inforesidencias.com\/blog\/index.php\/2017\/09\/20\/una-buena-forma-de-celebrar-el-dia-internacional-del-alzheimer\/","og_site_name":"Blog Inforesidencias.com","article_publisher":"https:\/\/www.facebook.com\/Inforesidencias\/","article_author":"https:\/\/www.facebook.com\/josep.demarti","article_published_time":"2017-09-20T16:36:53+00:00","author":"Josep de Mart\u00ed","twitter_card":"summary_large_image","twitter_creator":"@blog-ir","twitter_site":"@inforesidencias","twitter_misc":{"Escrito por":"Josep de Mart\u00ed","Tiempo de lectura":"1 minuto"},"schema":{"@context":"https:\/\/schema.org","@graph":[{"@type":"WebPage","@id":"https:\/\/www.inforesidencias.com\/blog\/index.php\/2017\/09\/20\/una-buena-forma-de-celebrar-el-dia-internacional-del-alzheimer\/","url":"https:\/\/www.inforesidencias.com\/blog\/index.php\/2017\/09\/20\/una-buena-forma-de-celebrar-el-dia-internacional-del-alzheimer\/","name":"D\u00eda internacional del Alzheimer #elarboldelrecuerdo","isPartOf":{"@id":"https:\/\/www.inforesidencias.com\/blog\/#website"},"datePublished":"2017-09-20T16:36:53+00:00","dateModified":"2017-09-20T16:36:53+00:00","author":{"@id":"https:\/\/www.inforesidencias.com\/blog\/#\/schema\/person\/9e146774d1eb3bc1c0316242a3898628"},"description":"El d\u00eda internaicional del Alzheimer un r\u00e9cord Guinness","breadcrumb":{"@id":"https:\/\/www.inforesidencias.com\/blog\/index.php\/2017\/09\/20\/una-buena-forma-de-celebrar-el-dia-internacional-del-alzheimer\/#breadcrumb"},"inLanguage":"es","potentialAction":[{"@type":"ReadAction","target":["https:\/\/www.inforesidencias.com\/blog\/index.php\/2017\/09\/20\/una-buena-forma-de-celebrar-el-dia-internacional-del-alzheimer\/"]}]},{"@type":"BreadcrumbList","@id":"https:\/\/www.inforesidencias.com\/blog\/index.php\/2017\/09\/20\/una-buena-forma-de-celebrar-el-dia-internacional-del-alzheimer\/#breadcrumb","itemListElement":[{"@type":"ListItem","position":1,"name":"Home","item":"https:\/\/www.inforesidencias.com\/blog\/"},{"@type":"ListItem","position":2,"name":"Una buena forma de celebrar el d\u00eda internacional del Alzheimer"}]},{"@type":"WebSite","@id":"https:\/\/www.inforesidencias.com\/blog\/#website","url":"https:\/\/www.inforesidencias.com\/blog\/","name":"Blog Inforesidencias.com","description":"El buscador de residencias de la 3\u00aa edad","potentialAction":[{"@type":"SearchAction","target":{"@type":"EntryPoint","urlTemplate":"https:\/\/www.inforesidencias.com\/blog\/?s={search_term_string}"},"query-input":"required name=search_term_string"}],"inLanguage":"es"},{"@type":"Person","@id":"https:\/\/www.inforesidencias.com\/blog\/#\/schema\/person\/9e146774d1eb3bc1c0316242a3898628","name":"Josep de Mart\u00ed","image":{"@type":"ImageObject","inLanguage":"es","@id":"https:\/\/www.inforesidencias.com\/blog\/#\/schema\/person\/image\/","url":"https:\/\/secure.gravatar.com\/avatar\/de0302c4806c00c4cebff396a798c1ff?s=96&d=mm&r=g","contentUrl":"https:\/\/secure.gravatar.com\/avatar\/de0302c4806c00c4cebff396a798c1ff?s=96&d=mm&r=g","caption":"Josep de Mart\u00ed"},"sameAs":["https:\/\/www.inforesidencias.com","https:\/\/www.facebook.com\/josep.demarti","https:\/\/twitter.com\/blog-ir"],"url":"https:\/\/www.inforesidencias.com\/blog\/index.php\/author\/josepdemarti\/"}]}},"_links":{"self":[{"href":"https:\/\/www.inforesidencias.com\/blog\/index.php\/wp-json\/wp\/v2\/posts\/1238"}],"collection":[{"href":"https:\/\/www.inforesidencias.com\/blog\/index.php\/wp-json\/wp\/v2\/posts"}],"about":[{"href":"https:\/\/www.inforesidencias.com\/blog\/index.php\/wp-json\/wp\/v2\/types\/post"}],"author":[{"embeddable":true,"href":"https:\/\/www.inforesidencias.com\/blog\/index.php\/wp-json\/wp\/v2\/users\/2"}],"replies":[{"embeddable":true,"href":"https:\/\/www.inforesidencias.com\/blog\/index.php\/wp-json\/wp\/v2\/comments?post=1238"}],"version-history":[{"count":1,"href":"https:\/\/www.inforesidencias.com\/blog\/index.php\/wp-json\/wp\/v2\/posts\/1238\/revisions"}],"predecessor-version":[{"id":1239,"href":"https:\/\/www.inforesidencias.com\/blog\/index.php\/wp-json\/wp\/v2\/posts\/1238\/revisions\/1239"}],"wp:attachment":[{"href":"https:\/\/www.inforesidencias.com\/blog\/index.php\/wp-json\/wp\/v2\/media?parent=1238"}],"wp:term":[{"taxonomy":"category","embeddable":true,"href":"https:\/\/www.inforesidencias.com\/blog\/index.php\/wp-json\/wp\/v2\/categories?post=1238"},{"taxonomy":"post_tag","embeddable":true,"href":"https:\/\/www.inforesidencias.com\/blog\/index.php\/wp-json\/wp\/v2\/tags?post=1238"}],"curies":[{"name":"wp","href":"https:\/\/api.w.org\/{rel}","templated":true}]}}