{"id":1240,"date":"2017-11-16T09:40:32","date_gmt":"2017-11-16T09:40:32","guid":{"rendered":"https:\/\/www.inforesidencias.com\/blog\/?p=1240"},"modified":"2017-09-22T12:44:22","modified_gmt":"2017-09-22T12:44:22","slug":"la-inversion-publica-en-la-ley-de-dependencia","status":"publish","type":"post","link":"https:\/\/www.inforesidencias.com\/blog\/index.php\/2017\/11\/16\/la-inversion-publica-en-la-ley-de-dependencia\/","title":{"rendered":"La inversi\u00f3n p\u00fablica en la ley de dependencia"},"content":{"rendered":"<h1 style=\"text-align: justify\"><\/h1>\n<p style=\"text-align: justify\">Hoy Carles Reixach, trabajador social, nos da su punto de vista sobre el gasto en la <strong>ley de dependencia<\/strong><\/p>\n<p style=\"text-align: justify\">La <strong><a href=\"https:\/\/www.inforesidencias.com\/contenidos\/mayores-y-familia\/nacional\/ley-de-dependencia-lapad\">ley de dependencia<\/a><\/strong> sigue estando de actualidad. De hecho, nunca ha dejado de estarlo. El gasto p\u00fablico en <strong>dependencia<\/strong> est\u00e1 aumentando casi de forma general en todas las comunidades aut\u00f3nomas de manera similar. Pero analicemos c\u00f3mo desde las diferentes regiones se est\u00e1 implementando este gasto. A d\u00eda de hoy, muchos gobiernos est\u00e1n apostando y destinando gran parte de este aumento de presupuesto a dos tipos de servicio concretos; el servicio de atenci\u00f3n a domicilio (SAD), y el de centro de d\u00eda. Alg\u00fan ejemplo concreto de regiones con este aumento de presupuesto lo encontramos en <a href=\"http:\/\/www.madrid.es\/portales\/munimadrid\/es\/Inicio\/Actualidad\/Noticias\/El-Ayuntamiento-aumenta-un-25-el-presupuesto-anual-para-el-Servicio-de-Ayuda-a-Domicilio?vgnextfmt=default&amp;vgnextoid=e755b07657414510VgnVCM2000001f4a900aRCRD&amp;vgnextchannel=a12149fa40ec9410VgnVCM100000171f5a0aRCRD\">Madrid<\/a>. Estos recursos por un lado, al requerir de una inversi\u00f3n menor que la creaci\u00f3n de nuevas plazas residenciales p\u00fablicas, son los favoritos por los responsables de las arcas de los municipios espa\u00f1oles, ya que su vez, reducen las <a href=\"https:\/\/politica.elpais.com\/politica\/2017\/09\/11\/actualidad\/1505145777_162984.html\">listas de espera<\/a> y consiguen que las personas con dependencia disfruten de alg\u00fan recurso dentro de los disponibles.<\/p>\n<h1 style=\"text-align: justify\">\u00a0Buenas intenciones con la Ley de Dependencia<\/h1>\n<p style=\"text-align: justify\">La jugada est\u00e1 bien pensada por su parte. Con el servicio de SAD por ejemplo, al otorgar m\u00e1s presupuesto, los ayuntamientos disponen de m\u00e1s fondos para asignar este recurso. Esto se traduce en que una nueva trabajadora familiar contratada para atender dependientes, puede atender a m\u00e1s de una persona, con lo que como explicaba, con la misma inversi\u00f3n se benefician m\u00e1s usuarios.<a href=\"https:\/\/www.inforesidencias.com\/blog\/wp-content\/uploads\/2017\/09\/gasto-pu\u0301blico1.jpg\"><img decoding=\"async\" loading=\"lazy\" class=\"alignleft size-full wp-image-1246\" src=\"https:\/\/www.inforesidencias.com\/blog\/wp-content\/uploads\/2017\/09\/gasto-pu\u0301blico1.jpg\" alt=\"gasto pu\u0301blico\" width=\"400\" height=\"266\" \/><\/a><\/p>\n<p style=\"text-align: justify\">El problema empieza a aparecer cuando nos fijamos en los efectos de esta apuesta. El servicio de SAD hace mucho bien a aquellas personas a las que beneficia y ofrece muy buenos resultados en muchos casos. Lo que no se puede pretender, es utilizarlo como comod\u00edn casi universal. Este servicio como tal, esta pensado para ofrecer cuidados, supervisi\u00f3n y compa\u00f1\u00eda en el propio entorno del usuario. Pero cuando una profesional tiene que atender a una persona con un grado III (seg\u00fan el baremo de la<strong> ley de dependencia<\/strong>), que en general necesita de m\u00e1s cuidaos que una persona con menos dependencia, se le empiezan a romper las costuras a este parche. Por un lado, la profesional puede llegar a sentirse desbordada ante la impotencia de no hacer su trabajo en las condiciones que ser\u00edan optimas. Por otro lado, el usuario ve como quiz\u00e1 sus necesidades no son cubiertas, y si lo est\u00e1n, no de la misma forma que lo estar\u00edan en otro servicio m\u00e1s adecuado.<\/p>\n<p style=\"text-align: justify\">En esta l\u00ednea, las plazas de los centros de d\u00eda, tambi\u00e9n est\u00e1n aumentando, por ejemplo en <a href=\"https:\/\/www.navarra.es\/home_es\/Actualidad\/Sala+de+prensa\/Noticias\/2017\/07\/31\/Aumento+plazas+centros+dia.htm\">Navarra<\/a>. Con la dotaci\u00f3n econ\u00f3mica que supone crear una plaza residencial, se crean un m\u00ednimo de dos plazas de centro de d\u00eda. Estos recursos tambi\u00e9n atienden a personas que seg\u00fan sus condiciones estar\u00edan mejor atendidos en una residencia, ya que no podemos olvidar que aunque cada vez hay m\u00e1s unidades de demencia y similares en los centros de d\u00eda, sus instalaciones en general distan bastante de las residencias en cuanto a cuidados sanitarios y asistenciales se refiere. Mucha gente ya se da cuenta del problema, y los que buenamente pueden hacen un esfuerzo y <a href=\"https:\/\/www.inforesidencias.com\/centros\/buscador\/residencias\/\">buscan plazas<\/a> de residencia privadas cuando lo ven necesario, ya que la creaci\u00f3n de plazas residenciales es un hecho aunque en <a href=\"http:\/\/periodico.inforesidencias.com\/noticia\/1310\/actualidad\/canarias-aprueba-la-creacion-de-574-plazas-residenciales.html\">menor n\u00famero<\/a>.<\/p>\n<h2 style=\"text-align: justify\">El futuro de la Ley de Dependencia<\/h2>\n<p style=\"text-align: justify\">No voy ahora a atacar a los gobiernos ni ayuntamientos m\u00e1s all\u00e1 de este an\u00e1lisis. Pero lo que si que creo es que nunca se nos ha echado el tiempo tan encima como ahora en este asunto. La esperanza de vida no para de subir, la pir\u00e1mide de poblaci\u00f3n est\u00e1 claramente invertida y las personas de la tercera edad cada vez representan a un <a href=\"http:\/\/www.lavanguardia.com\/vida\/20170206\/414037645389\/demografia-espana-baja-natalidad.html\">porcentaje mayor de la poblaci\u00f3n<\/a> .<\/p>\n<p style=\"text-align: justify\">Los <a href=\"https:\/\/elpais.com\/ccaa\/2017\/09\/13\/galicia\/1505323451_437793.html\">ejemplos <\/a>de estos fen\u00f3menos son f\u00e1cilmente visibles Y ante todo esto, es ahora o nunca que hay que proponer soluciones que sean duraderas, y porqu\u00e9 no decirlo tambi\u00e9n, innovadoras. Es cierto como se dice, que el futuro es de los j\u00f3venes, pero antes pasa por mirar hacia arriba y pensar en nuestros mayores.<\/p>\n","protected":false},"excerpt":{"rendered":"<p>Hoy Carles Reixach, trabajador social, nos da su punto de vista sobre el gasto en la ley de dependencia La ley de dependencia sigue estando de actualidad. De hecho, nunca ha dejado de estarlo. El gasto p\u00fablico en dependencia est\u00e1 aumentando casi de forma general en todas las comunidades aut\u00f3nomas de manera similar. Pero analicemos c\u00f3mo desde las diferentes regiones se est\u00e1 implementando este gasto. A d\u00eda de hoy, muchos gobiernos est\u00e1n apostando y destinando gran parte de este aumento de presupuesto a dos tipos de servicio concretos; el servicio de atenci\u00f3n a domicilio (SAD), y el de centro de d\u00eda. Alg\u00fan ejemplo concreto de regiones con este aumento de presupuesto lo encontramos en Madrid. Estos recursos por un lado, al requerir de una inversi\u00f3n menor que la creaci\u00f3n de nuevas plazas residenciales p\u00fablicas, son los favoritos por los responsables de las arcas de los municipios espa\u00f1oles, ya que su [&hellip;]<\/p>\n","protected":false},"author":2,"featured_media":1189,"comment_status":"open","ping_status":"open","sticky":false,"template":"","format":"standard","meta":{"footnotes":""},"categories":[1],"tags":[],"yoast_head":"<!-- This site is optimized with the Yoast SEO plugin v21.7 - https:\/\/yoast.com\/wordpress\/plugins\/seo\/ -->\n<title>La inversi\u00f3n p\u00fablica en la ley de dependencia<\/title>\n<meta name=\"description\" content=\"El gasto p\u00fablico en los recursos de la ley de dependencia esta aumentando. Pero aun as\u00ed, no se obtienen los resultados deseados\" \/>\n<meta name=\"robots\" content=\"index, follow, max-snippet:-1, max-image-preview:large, max-video-preview:-1\" \/>\n<link rel=\"canonical\" href=\"https:\/\/www.inforesidencias.com\/blog\/index.php\/2017\/11\/16\/la-inversion-publica-en-la-ley-de-dependencia\/\" \/>\n<meta property=\"og:locale\" content=\"es_ES\" \/>\n<meta property=\"og:type\" content=\"article\" \/>\n<meta property=\"og:title\" content=\"La inversi\u00f3n p\u00fablica en la ley de dependencia\" \/>\n<meta property=\"og:description\" content=\"El gasto p\u00fablico en los recursos de la ley de dependencia esta aumentando. Pero aun as\u00ed, no se obtienen los resultados deseados\" \/>\n<meta property=\"og:url\" content=\"https:\/\/www.inforesidencias.com\/blog\/index.php\/2017\/11\/16\/la-inversion-publica-en-la-ley-de-dependencia\/\" \/>\n<meta property=\"og:site_name\" content=\"Blog Inforesidencias.com\" \/>\n<meta property=\"article:publisher\" content=\"https:\/\/www.facebook.com\/Inforesidencias\/\" \/>\n<meta property=\"article:author\" content=\"https:\/\/www.facebook.com\/josep.demarti\" \/>\n<meta property=\"article:published_time\" content=\"2017-11-16T09:40:32+00:00\" \/>\n<meta property=\"article:modified_time\" content=\"2017-09-22T12:44:22+00:00\" \/>\n<meta property=\"og:image\" content=\"https:\/\/www.inforesidencias.com\/blog\/wp-content\/uploads\/2017\/09\/carles-reixach.jpg\" \/>\n\t<meta property=\"og:image:width\" content=\"400\" \/>\n\t<meta property=\"og:image:height\" content=\"400\" \/>\n\t<meta property=\"og:image:type\" content=\"image\/jpeg\" \/>\n<meta name=\"author\" content=\"Josep de Mart\u00ed\" \/>\n<meta name=\"twitter:card\" content=\"summary_large_image\" \/>\n<meta name=\"twitter:creator\" content=\"@blog-ir\" \/>\n<meta name=\"twitter:site\" content=\"@inforesidencias\" \/>\n<meta name=\"twitter:label1\" content=\"Escrito por\" \/>\n\t<meta name=\"twitter:data1\" content=\"Josep de Mart\u00ed\" \/>\n\t<meta name=\"twitter:label2\" content=\"Tiempo de lectura\" \/>\n\t<meta name=\"twitter:data2\" content=\"4 minutos\" \/>\n<script type=\"application\/ld+json\" class=\"yoast-schema-graph\">{\"@context\":\"https:\/\/schema.org\",\"@graph\":[{\"@type\":\"WebPage\",\"@id\":\"https:\/\/www.inforesidencias.com\/blog\/index.php\/2017\/11\/16\/la-inversion-publica-en-la-ley-de-dependencia\/\",\"url\":\"https:\/\/www.inforesidencias.com\/blog\/index.php\/2017\/11\/16\/la-inversion-publica-en-la-ley-de-dependencia\/\",\"name\":\"La inversi\u00f3n p\u00fablica en la ley de dependencia\",\"isPartOf\":{\"@id\":\"https:\/\/www.inforesidencias.com\/blog\/#website\"},\"datePublished\":\"2017-11-16T09:40:32+00:00\",\"dateModified\":\"2017-09-22T12:44:22+00:00\",\"author\":{\"@id\":\"https:\/\/www.inforesidencias.com\/blog\/#\/schema\/person\/9e146774d1eb3bc1c0316242a3898628\"},\"description\":\"El gasto p\u00fablico en los recursos de la ley de dependencia esta aumentando. Pero aun as\u00ed, no se obtienen los resultados deseados\",\"breadcrumb\":{\"@id\":\"https:\/\/www.inforesidencias.com\/blog\/index.php\/2017\/11\/16\/la-inversion-publica-en-la-ley-de-dependencia\/#breadcrumb\"},\"inLanguage\":\"es\",\"potentialAction\":[{\"@type\":\"ReadAction\",\"target\":[\"https:\/\/www.inforesidencias.com\/blog\/index.php\/2017\/11\/16\/la-inversion-publica-en-la-ley-de-dependencia\/\"]}]},{\"@type\":\"BreadcrumbList\",\"@id\":\"https:\/\/www.inforesidencias.com\/blog\/index.php\/2017\/11\/16\/la-inversion-publica-en-la-ley-de-dependencia\/#breadcrumb\",\"itemListElement\":[{\"@type\":\"ListItem\",\"position\":1,\"name\":\"Home\",\"item\":\"https:\/\/www.inforesidencias.com\/blog\/\"},{\"@type\":\"ListItem\",\"position\":2,\"name\":\"La inversi\u00f3n p\u00fablica en la ley de dependencia\"}]},{\"@type\":\"WebSite\",\"@id\":\"https:\/\/www.inforesidencias.com\/blog\/#website\",\"url\":\"https:\/\/www.inforesidencias.com\/blog\/\",\"name\":\"Blog Inforesidencias.com\",\"description\":\"El buscador de residencias de la 3\u00aa edad\",\"potentialAction\":[{\"@type\":\"SearchAction\",\"target\":{\"@type\":\"EntryPoint\",\"urlTemplate\":\"https:\/\/www.inforesidencias.com\/blog\/?s={search_term_string}\"},\"query-input\":\"required name=search_term_string\"}],\"inLanguage\":\"es\"},{\"@type\":\"Person\",\"@id\":\"https:\/\/www.inforesidencias.com\/blog\/#\/schema\/person\/9e146774d1eb3bc1c0316242a3898628\",\"name\":\"Josep de Mart\u00ed\",\"image\":{\"@type\":\"ImageObject\",\"inLanguage\":\"es\",\"@id\":\"https:\/\/www.inforesidencias.com\/blog\/#\/schema\/person\/image\/\",\"url\":\"https:\/\/secure.gravatar.com\/avatar\/de0302c4806c00c4cebff396a798c1ff?s=96&d=mm&r=g\",\"contentUrl\":\"https:\/\/secure.gravatar.com\/avatar\/de0302c4806c00c4cebff396a798c1ff?s=96&d=mm&r=g\",\"caption\":\"Josep de Mart\u00ed\"},\"sameAs\":[\"https:\/\/www.inforesidencias.com\",\"https:\/\/www.facebook.com\/josep.demarti\",\"https:\/\/twitter.com\/blog-ir\"],\"url\":\"https:\/\/www.inforesidencias.com\/blog\/index.php\/author\/josepdemarti\/\"}]}<\/script>\n<!-- \/ Yoast SEO plugin. -->","yoast_head_json":{"title":"La inversi\u00f3n p\u00fablica en la ley de dependencia","description":"El gasto p\u00fablico en los recursos de la ley de dependencia esta aumentando. Pero aun as\u00ed, no se obtienen los resultados deseados","robots":{"index":"index","follow":"follow","max-snippet":"max-snippet:-1","max-image-preview":"max-image-preview:large","max-video-preview":"max-video-preview:-1"},"canonical":"https:\/\/www.inforesidencias.com\/blog\/index.php\/2017\/11\/16\/la-inversion-publica-en-la-ley-de-dependencia\/","og_locale":"es_ES","og_type":"article","og_title":"La inversi\u00f3n p\u00fablica en la ley de dependencia","og_description":"El gasto p\u00fablico en los recursos de la ley de dependencia esta aumentando. Pero aun as\u00ed, no se obtienen los resultados deseados","og_url":"https:\/\/www.inforesidencias.com\/blog\/index.php\/2017\/11\/16\/la-inversion-publica-en-la-ley-de-dependencia\/","og_site_name":"Blog Inforesidencias.com","article_publisher":"https:\/\/www.facebook.com\/Inforesidencias\/","article_author":"https:\/\/www.facebook.com\/josep.demarti","article_published_time":"2017-11-16T09:40:32+00:00","article_modified_time":"2017-09-22T12:44:22+00:00","og_image":[{"width":400,"height":400,"url":"https:\/\/www.inforesidencias.com\/blog\/wp-content\/uploads\/2017\/09\/carles-reixach.jpg","type":"image\/jpeg"}],"author":"Josep de Mart\u00ed","twitter_card":"summary_large_image","twitter_creator":"@blog-ir","twitter_site":"@inforesidencias","twitter_misc":{"Escrito por":"Josep de Mart\u00ed","Tiempo de lectura":"4 minutos"},"schema":{"@context":"https:\/\/schema.org","@graph":[{"@type":"WebPage","@id":"https:\/\/www.inforesidencias.com\/blog\/index.php\/2017\/11\/16\/la-inversion-publica-en-la-ley-de-dependencia\/","url":"https:\/\/www.inforesidencias.com\/blog\/index.php\/2017\/11\/16\/la-inversion-publica-en-la-ley-de-dependencia\/","name":"La inversi\u00f3n p\u00fablica en la ley de dependencia","isPartOf":{"@id":"https:\/\/www.inforesidencias.com\/blog\/#website"},"datePublished":"2017-11-16T09:40:32+00:00","dateModified":"2017-09-22T12:44:22+00:00","author":{"@id":"https:\/\/www.inforesidencias.com\/blog\/#\/schema\/person\/9e146774d1eb3bc1c0316242a3898628"},"description":"El gasto p\u00fablico en los recursos de la ley de dependencia esta aumentando. Pero aun as\u00ed, no se obtienen los resultados deseados","breadcrumb":{"@id":"https:\/\/www.inforesidencias.com\/blog\/index.php\/2017\/11\/16\/la-inversion-publica-en-la-ley-de-dependencia\/#breadcrumb"},"inLanguage":"es","potentialAction":[{"@type":"ReadAction","target":["https:\/\/www.inforesidencias.com\/blog\/index.php\/2017\/11\/16\/la-inversion-publica-en-la-ley-de-dependencia\/"]}]},{"@type":"BreadcrumbList","@id":"https:\/\/www.inforesidencias.com\/blog\/index.php\/2017\/11\/16\/la-inversion-publica-en-la-ley-de-dependencia\/#breadcrumb","itemListElement":[{"@type":"ListItem","position":1,"name":"Home","item":"https:\/\/www.inforesidencias.com\/blog\/"},{"@type":"ListItem","position":2,"name":"La inversi\u00f3n p\u00fablica en la ley de dependencia"}]},{"@type":"WebSite","@id":"https:\/\/www.inforesidencias.com\/blog\/#website","url":"https:\/\/www.inforesidencias.com\/blog\/","name":"Blog Inforesidencias.com","description":"El buscador de residencias de la 3\u00aa edad","potentialAction":[{"@type":"SearchAction","target":{"@type":"EntryPoint","urlTemplate":"https:\/\/www.inforesidencias.com\/blog\/?s={search_term_string}"},"query-input":"required name=search_term_string"}],"inLanguage":"es"},{"@type":"Person","@id":"https:\/\/www.inforesidencias.com\/blog\/#\/schema\/person\/9e146774d1eb3bc1c0316242a3898628","name":"Josep de Mart\u00ed","image":{"@type":"ImageObject","inLanguage":"es","@id":"https:\/\/www.inforesidencias.com\/blog\/#\/schema\/person\/image\/","url":"https:\/\/secure.gravatar.com\/avatar\/de0302c4806c00c4cebff396a798c1ff?s=96&d=mm&r=g","contentUrl":"https:\/\/secure.gravatar.com\/avatar\/de0302c4806c00c4cebff396a798c1ff?s=96&d=mm&r=g","caption":"Josep de Mart\u00ed"},"sameAs":["https:\/\/www.inforesidencias.com","https:\/\/www.facebook.com\/josep.demarti","https:\/\/twitter.com\/blog-ir"],"url":"https:\/\/www.inforesidencias.com\/blog\/index.php\/author\/josepdemarti\/"}]}},"_links":{"self":[{"href":"https:\/\/www.inforesidencias.com\/blog\/index.php\/wp-json\/wp\/v2\/posts\/1240"}],"collection":[{"href":"https:\/\/www.inforesidencias.com\/blog\/index.php\/wp-json\/wp\/v2\/posts"}],"about":[{"href":"https:\/\/www.inforesidencias.com\/blog\/index.php\/wp-json\/wp\/v2\/types\/post"}],"author":[{"embeddable":true,"href":"https:\/\/www.inforesidencias.com\/blog\/index.php\/wp-json\/wp\/v2\/users\/2"}],"replies":[{"embeddable":true,"href":"https:\/\/www.inforesidencias.com\/blog\/index.php\/wp-json\/wp\/v2\/comments?post=1240"}],"version-history":[{"count":17,"href":"https:\/\/www.inforesidencias.com\/blog\/index.php\/wp-json\/wp\/v2\/posts\/1240\/revisions"}],"predecessor-version":[{"id":1259,"href":"https:\/\/www.inforesidencias.com\/blog\/index.php\/wp-json\/wp\/v2\/posts\/1240\/revisions\/1259"}],"wp:featuredmedia":[{"embeddable":true,"href":"https:\/\/www.inforesidencias.com\/blog\/index.php\/wp-json\/wp\/v2\/media\/1189"}],"wp:attachment":[{"href":"https:\/\/www.inforesidencias.com\/blog\/index.php\/wp-json\/wp\/v2\/media?parent=1240"}],"wp:term":[{"taxonomy":"category","embeddable":true,"href":"https:\/\/www.inforesidencias.com\/blog\/index.php\/wp-json\/wp\/v2\/categories?post=1240"},{"taxonomy":"post_tag","embeddable":true,"href":"https:\/\/www.inforesidencias.com\/blog\/index.php\/wp-json\/wp\/v2\/tags?post=1240"}],"curies":[{"name":"wp","href":"https:\/\/api.w.org\/{rel}","templated":true}]}}