{"id":127,"date":"2014-11-10T11:45:07","date_gmt":"2014-11-10T10:45:07","guid":{"rendered":"http:\/\/inforesidencias.wordpress.com\/?p=127"},"modified":"2014-11-10T11:45:07","modified_gmt":"2014-11-10T10:45:07","slug":"atencion-paliativa-cuidados-al-final-de-la-vida-un-debate-que-hay-que-tener","status":"publish","type":"post","link":"https:\/\/www.inforesidencias.com\/blog\/index.php\/2014\/11\/10\/atencion-paliativa-cuidados-al-final-de-la-vida-un-debate-que-hay-que-tener\/","title":{"rendered":"ATENCI\u00d3N PALIATIVA. CUIDADOS AL FINAL DE LA VIDA.  UN DEBATE QUE HAY QUE TENER"},"content":{"rendered":"<p>La cuesti\u00f3n sobre los cuidados paliativos y las atenciones a personas al final se sus vidas, sigue siendo de gran actualidad hoy, cuando la atenci\u00f3n de personas, sobre todo mayores, al final de la vida, incluyendo los cuidados paliativos se est\u00e1n convirtiendo en una parte importante\u00a0de la atenci\u00f3n que ofrecen las residencias para personas mayores y los centros sociosanitarios. \u00a0La idea de que la <a title=\"La muerte de un familiar\" href=\"http:\/\/www.inforesidencias.com\/muerte.asp\">muerte de una persona dependiente<\/a> es una parte del proceso se va imponiendo.<\/p>\n<p>En este contexto es recomendable\u00a0la mesa de debate que organiza la Fundaci\u00f3n Edad &amp; Vida el pr\u00f3ximo 3 de diciembre (de 2014) e Barcelona con el t\u00edtulo \u00ab<a title=\"Atenci\u00f3n al final de la vida\" href=\"http:\/\/www.edad-vida.net\/newsletter.php?id_newsletter=63&amp;code=YjQzNjRmYzkwOTU1NjA5NzRlYWJkZjRkYWRlYjk5MTdlZTJjNGMwMg==\">Acompa\u00f1amiento en el final de la Vida<\/a>\u00bb y que tendr\u00e1 el siguiente programa:<\/p>\n<table border=\"0\" cellspacing=\"0\" cellpadding=\"0\">\n<tbody>\n<tr>\n<td class=\"td1\" valign=\"top\">\n<p class=\"p1\"><span class=\"s1\"><strong>9.30-10:00\u00a0 Inauguraci\u00f3n<\/strong><\/span><\/p>\n<p class=\"p2\"><span class=\"s1\"><strong>Sr. Eduardo Rodr\u00edguez Rovira<\/strong>, Presidente de Fundaci\u00f3n Edad&amp;Vida<\/span><\/p>\n<p class=\"p2\"><span class=\"s1\"><strong>Sr. Eduardo F. Vidal Regard<\/strong>, Vicepresidente de Grupo M\u00e9mora<\/span><\/p>\n<p class=\"p2\"><span class=\"s1\"><strong>Sr. Marc Sim\u00f3n Mart\u00ednez<\/strong>, Director Corporativo del \u00c1rea Social de la Fundaci\u00f3n Bancaria \u201cla Caixa\u201d<\/span><\/p>\n<p class=\"p2\"><span class=\"s1\"><strong>Il\u00b7lm. Sr. Josep Oliva i Santiveri<\/strong>, Diputado delegado de Benestar Social, Salut P\u00fablica i Consum de la Diputaci\u00f3 de Barcelona.<\/span><\/p>\n<p class=\"p2\"><span class=\"s1\"><strong>Il\u00b7lma. Sra. Maite Fandos i Pay\u00e0,\u00a0<\/strong>Tinent d\u2019Alcalde de Qualitat de Vida, Igualtat i Esports de l\u2019Ajuntament de Barcelona<\/span><\/p>\n<p class=\"p3\">\n<p class=\"p1\"><span class=\"s1\"><strong>10:00-11:30\u00a0 Mesa redonda: \u201cEl abordaje profesional en la atenci\u00f3n al final de la vida\u201d<\/strong><\/span><\/p>\n<p class=\"p2\"><span class=\"s2\"><strong>Modera:\u00a0<\/strong><\/span><span class=\"s1\"><strong>Sr. Josep Par\u00eds Gim\u00e9nez,\u00a0<\/strong>Director de Desarrollo Corporativo de Grupo M\u00e9mora<\/span><\/p>\n<p class=\"p2\"><span class=\"s1\"><strong>Sra. Isabel Carbonell Bardera,\u00a0<\/strong>Trabajadora<strong>\u00a0<\/strong>social. Grupo M\u00e9mora.<\/span><\/p>\n<p class=\"p2\"><span class=\"s1\"><strong>Dr. Josep Maj\u00f3 Llopart,<\/strong>\u00a0Responsable de la Unidad de Cuidados Paliativos del Parc Sanitari Pere Virgili<\/span><\/p>\n<p class=\"p2\"><span class=\"s1\"><strong>Sra. Cristina Monteverde Ballart,<\/strong>\u00a0Enfermera. Directora\u00a0\u00c1mbito Sociosanitario CIS Cotxeres<\/span><\/p>\n<p class=\"p2\"><span class=\"s1\"><strong>Sra.\u00a0 N\u00faria Soler Alegre,\u00a0<\/strong>Psic\u00f3loga. Directora t\u00e9cnica de Psikered<\/span><\/p>\n<p class=\"p2\"><span class=\"s1\"><strong>Sra. Iciar Ancizu Garc\u00eda,\u00a0<\/strong>Psic\u00f3loga. Responsable de Investigaci\u00f3n \u00a0SARquavitae<\/span><\/p>\n<p class=\"p3\">\n<p class=\"p1\"><span class=\"s1\"><strong>11:30-11:45\u00a0\u00a0<\/strong><\/span><span class=\"s3\"><strong><em>Pausa-caf\u00e9<\/em><\/strong><\/span><\/p>\n<p class=\"p1\"><span class=\"s1\"><strong>11:45-12:45\u00a0 \u201cReflexiones sobre la identificaci\u00f3n, registro y mejora de la atenci\u00f3n de las personas en situaci\u00f3n cr\u00f3nica de complejidad cl\u00ednica y enfermedad avanzada\u00bb<\/strong><\/span><\/p>\n<p class=\"p2\"><span class=\"s2\"><strong>Modera:\u00a0<\/strong><\/span><span class=\"s1\"><strong>Sra. Montse Buis\u00e1n Gallardo<\/strong>, Subdirectora del \u00c1rea de Integraci\u00f3n Social de la Obra Social \u201cLa Caixa\u201d<\/span><\/p>\n<p class=\"p2\"><span class=\"s1\"><strong>Sr. Carles Constante Beitia,\u00a0<\/strong>Presidente del ICS<\/span><\/p>\n<p class=\"p2\"><span class=\"s1\"><strong>Sr. Carles Blay Pueyo,\u00a0<\/strong>Responsable operativo del \u201cPrograma de prevenci\u00f3 i atenci\u00f3 a la cronicitat\u201d de Catalu\u00f1a<\/span><\/p>\n<p class=\"p3\">\n<p class=\"p1\"><span class=\"s1\"><strong>12:45-14:00\u00a0 Conferencia: \u201cLos \u00faltimos d\u00edas de vida. Morir en paz\u201d<\/strong><\/span><\/p>\n<p class=\"p2\"><span class=\"s2\"><strong>Presenta:\u00a0<\/strong><\/span><span class=\"s1\"><strong>Dr. Josep Maria Via i Redons<\/strong>, Asesor de Presidencia de Fundaci\u00f3n Edad&amp;Vida<\/span><\/p>\n<p class=\"p2\"><span class=\"s1\"><strong>Dr. Marcos G\u00f3mez Sancho,\u00a0<\/strong>Presidente de la Comisi\u00f3n Central de Deontolog\u00eda de la Organizaci\u00f3n M\u00e9dica Colegial y expresidente de la Sociedad Espa\u00f1ola de Cuidados Paliativos (SECPAL)<\/span><\/p>\n<p class=\"p3\">\n<p class=\"p1\"><span class=\"s1\"><strong>14:00-14:15\u00a0 Clausura<\/strong><\/span><\/p>\n<p class=\"p2\"><span class=\"s1\"><strong>Sr. Eduardo Rodr\u00edguez Rovira<\/strong>, Presidente de Fundaci\u00f3n Edad&amp;Vida<\/span><\/p>\n<p class=\"p2\"><span class=\"s1\"><strong>Sr. Eduardo F. Vidal Regard<\/strong>, Vicepresidente de Grupo M\u00e9mora<\/span><\/p>\n<p class=\"p2\"><span class=\"s1\"><strong>Sr. Marc Sim\u00f3n Mart\u00ednez<\/strong>, Director Corporativo del \u00c1rea Social de la Fundaci\u00f3n Bancaria \u201cla Caixa\u201d<\/span><\/p>\n<p class=\"p2\"><span class=\"s1\"><strong>Sra. M. Assumpci\u00f3 Roset i Elias,\u00a0<\/strong>Comissionada d\u2019Alcaldia de la Gent Gran de l\u2019 Ajuntament de Barcelona<\/span><\/p>\n<\/td>\n<\/tr>\n<\/tbody>\n<\/table>\n","protected":false},"excerpt":{"rendered":"<p>La cuesti\u00f3n sobre los cuidados paliativos y las atenciones a personas al final se sus vidas, sigue siendo de gran actualidad hoy, cuando la atenci\u00f3n de personas, sobre todo mayores, al final de la vida, incluyendo los cuidados paliativos se est\u00e1n convirtiendo en una parte importante\u00a0de la atenci\u00f3n que ofrecen las residencias para personas mayores y los centros sociosanitarios. \u00a0La idea de que la muerte de una persona dependiente es una parte del proceso se va imponiendo. En este contexto es recomendable\u00a0la mesa de debate que organiza la Fundaci\u00f3n Edad &amp; Vida el pr\u00f3ximo 3 de diciembre (de 2014) e Barcelona con el t\u00edtulo \u00abAcompa\u00f1amiento en el final de la Vida\u00bb y que tendr\u00e1 el siguiente programa: 9.30-10:00\u00a0 Inauguraci\u00f3n Sr. Eduardo Rodr\u00edguez Rovira, Presidente de Fundaci\u00f3n Edad&amp;Vida Sr. Eduardo F. Vidal Regard, Vicepresidente de Grupo M\u00e9mora Sr. Marc Sim\u00f3n Mart\u00ednez, Director Corporativo del \u00c1rea Social de la Fundaci\u00f3n Bancaria \u201cla [&hellip;]<\/p>\n","protected":false},"author":2,"featured_media":0,"comment_status":"open","ping_status":"open","sticky":false,"template":"","format":"standard","meta":{"footnotes":""},"categories":[1],"tags":[],"yoast_head":"<!-- This site is optimized with the Yoast SEO plugin v21.7 - https:\/\/yoast.com\/wordpress\/plugins\/seo\/ -->\n<title>ATENCI\u00d3N PALIATIVA. CUIDADOS AL FINAL DE LA VIDA. UN DEBATE QUE HAY QUE TENER - Blog Inforesidencias.com<\/title>\n<meta name=\"robots\" content=\"index, follow, max-snippet:-1, max-image-preview:large, max-video-preview:-1\" \/>\n<link rel=\"canonical\" href=\"https:\/\/www.inforesidencias.com\/blog\/index.php\/2014\/11\/10\/atencion-paliativa-cuidados-al-final-de-la-vida-un-debate-que-hay-que-tener\/\" \/>\n<meta property=\"og:locale\" content=\"es_ES\" \/>\n<meta property=\"og:type\" content=\"article\" \/>\n<meta property=\"og:title\" content=\"ATENCI\u00d3N PALIATIVA. CUIDADOS AL FINAL DE LA VIDA. UN DEBATE QUE HAY QUE TENER - Blog Inforesidencias.com\" \/>\n<meta property=\"og:description\" content=\"La cuesti\u00f3n sobre los cuidados paliativos y las atenciones a personas al final se sus vidas, sigue siendo de gran actualidad hoy, cuando la atenci\u00f3n de personas, sobre todo mayores, al final de la vida, incluyendo los cuidados paliativos se est\u00e1n convirtiendo en una parte importante\u00a0de la atenci\u00f3n que ofrecen las residencias para personas mayores y los centros sociosanitarios. \u00a0La idea de que la muerte de una persona dependiente es una parte del proceso se va imponiendo. En este contexto es recomendable\u00a0la mesa de debate que organiza la Fundaci\u00f3n Edad &amp; Vida el pr\u00f3ximo 3 de diciembre (de 2014) e Barcelona con el t\u00edtulo \u00abAcompa\u00f1amiento en el final de la Vida\u00bb y que tendr\u00e1 el siguiente programa: 9.30-10:00\u00a0 Inauguraci\u00f3n Sr. Eduardo Rodr\u00edguez Rovira, Presidente de Fundaci\u00f3n Edad&amp;Vida Sr. Eduardo F. Vidal Regard, Vicepresidente de Grupo M\u00e9mora Sr. Marc Sim\u00f3n Mart\u00ednez, Director Corporativo del \u00c1rea Social de la Fundaci\u00f3n Bancaria \u201cla [&hellip;]\" \/>\n<meta property=\"og:url\" content=\"https:\/\/www.inforesidencias.com\/blog\/index.php\/2014\/11\/10\/atencion-paliativa-cuidados-al-final-de-la-vida-un-debate-que-hay-que-tener\/\" \/>\n<meta property=\"og:site_name\" content=\"Blog Inforesidencias.com\" \/>\n<meta property=\"article:publisher\" content=\"https:\/\/www.facebook.com\/Inforesidencias\/\" \/>\n<meta property=\"article:author\" content=\"https:\/\/www.facebook.com\/josep.demarti\" \/>\n<meta property=\"article:published_time\" content=\"2014-11-10T10:45:07+00:00\" \/>\n<meta name=\"author\" content=\"Josep de Mart\u00ed\" \/>\n<meta name=\"twitter:card\" content=\"summary_large_image\" \/>\n<meta name=\"twitter:creator\" content=\"@blog-ir\" \/>\n<meta name=\"twitter:site\" content=\"@inforesidencias\" \/>\n<meta name=\"twitter:label1\" content=\"Escrito por\" \/>\n\t<meta name=\"twitter:data1\" content=\"Josep de Mart\u00ed\" \/>\n\t<meta name=\"twitter:label2\" content=\"Tiempo de lectura\" \/>\n\t<meta name=\"twitter:data2\" content=\"2 minutos\" \/>\n<script type=\"application\/ld+json\" class=\"yoast-schema-graph\">{\"@context\":\"https:\/\/schema.org\",\"@graph\":[{\"@type\":\"WebPage\",\"@id\":\"https:\/\/www.inforesidencias.com\/blog\/index.php\/2014\/11\/10\/atencion-paliativa-cuidados-al-final-de-la-vida-un-debate-que-hay-que-tener\/\",\"url\":\"https:\/\/www.inforesidencias.com\/blog\/index.php\/2014\/11\/10\/atencion-paliativa-cuidados-al-final-de-la-vida-un-debate-que-hay-que-tener\/\",\"name\":\"ATENCI\u00d3N PALIATIVA. CUIDADOS AL FINAL DE LA VIDA. UN DEBATE QUE HAY QUE TENER - Blog Inforesidencias.com\",\"isPartOf\":{\"@id\":\"https:\/\/www.inforesidencias.com\/blog\/#website\"},\"datePublished\":\"2014-11-10T10:45:07+00:00\",\"dateModified\":\"2014-11-10T10:45:07+00:00\",\"author\":{\"@id\":\"https:\/\/www.inforesidencias.com\/blog\/#\/schema\/person\/9e146774d1eb3bc1c0316242a3898628\"},\"breadcrumb\":{\"@id\":\"https:\/\/www.inforesidencias.com\/blog\/index.php\/2014\/11\/10\/atencion-paliativa-cuidados-al-final-de-la-vida-un-debate-que-hay-que-tener\/#breadcrumb\"},\"inLanguage\":\"es\",\"potentialAction\":[{\"@type\":\"ReadAction\",\"target\":[\"https:\/\/www.inforesidencias.com\/blog\/index.php\/2014\/11\/10\/atencion-paliativa-cuidados-al-final-de-la-vida-un-debate-que-hay-que-tener\/\"]}]},{\"@type\":\"BreadcrumbList\",\"@id\":\"https:\/\/www.inforesidencias.com\/blog\/index.php\/2014\/11\/10\/atencion-paliativa-cuidados-al-final-de-la-vida-un-debate-que-hay-que-tener\/#breadcrumb\",\"itemListElement\":[{\"@type\":\"ListItem\",\"position\":1,\"name\":\"Home\",\"item\":\"https:\/\/www.inforesidencias.com\/blog\/\"},{\"@type\":\"ListItem\",\"position\":2,\"name\":\"ATENCI\u00d3N PALIATIVA. CUIDADOS AL FINAL DE LA VIDA. UN DEBATE QUE HAY QUE TENER\"}]},{\"@type\":\"WebSite\",\"@id\":\"https:\/\/www.inforesidencias.com\/blog\/#website\",\"url\":\"https:\/\/www.inforesidencias.com\/blog\/\",\"name\":\"Blog Inforesidencias.com\",\"description\":\"El buscador de residencias de la 3\u00aa edad\",\"potentialAction\":[{\"@type\":\"SearchAction\",\"target\":{\"@type\":\"EntryPoint\",\"urlTemplate\":\"https:\/\/www.inforesidencias.com\/blog\/?s={search_term_string}\"},\"query-input\":\"required name=search_term_string\"}],\"inLanguage\":\"es\"},{\"@type\":\"Person\",\"@id\":\"https:\/\/www.inforesidencias.com\/blog\/#\/schema\/person\/9e146774d1eb3bc1c0316242a3898628\",\"name\":\"Josep de Mart\u00ed\",\"image\":{\"@type\":\"ImageObject\",\"inLanguage\":\"es\",\"@id\":\"https:\/\/www.inforesidencias.com\/blog\/#\/schema\/person\/image\/\",\"url\":\"https:\/\/secure.gravatar.com\/avatar\/de0302c4806c00c4cebff396a798c1ff?s=96&d=mm&r=g\",\"contentUrl\":\"https:\/\/secure.gravatar.com\/avatar\/de0302c4806c00c4cebff396a798c1ff?s=96&d=mm&r=g\",\"caption\":\"Josep de Mart\u00ed\"},\"sameAs\":[\"https:\/\/www.inforesidencias.com\",\"https:\/\/www.facebook.com\/josep.demarti\",\"https:\/\/twitter.com\/blog-ir\"],\"url\":\"https:\/\/www.inforesidencias.com\/blog\/index.php\/author\/josepdemarti\/\"}]}<\/script>\n<!-- \/ Yoast SEO plugin. -->","yoast_head_json":{"title":"ATENCI\u00d3N PALIATIVA. CUIDADOS AL FINAL DE LA VIDA. UN DEBATE QUE HAY QUE TENER - Blog Inforesidencias.com","robots":{"index":"index","follow":"follow","max-snippet":"max-snippet:-1","max-image-preview":"max-image-preview:large","max-video-preview":"max-video-preview:-1"},"canonical":"https:\/\/www.inforesidencias.com\/blog\/index.php\/2014\/11\/10\/atencion-paliativa-cuidados-al-final-de-la-vida-un-debate-que-hay-que-tener\/","og_locale":"es_ES","og_type":"article","og_title":"ATENCI\u00d3N PALIATIVA. CUIDADOS AL FINAL DE LA VIDA. UN DEBATE QUE HAY QUE TENER - Blog Inforesidencias.com","og_description":"La cuesti\u00f3n sobre los cuidados paliativos y las atenciones a personas al final se sus vidas, sigue siendo de gran actualidad hoy, cuando la atenci\u00f3n de personas, sobre todo mayores, al final de la vida, incluyendo los cuidados paliativos se est\u00e1n convirtiendo en una parte importante\u00a0de la atenci\u00f3n que ofrecen las residencias para personas mayores y los centros sociosanitarios. \u00a0La idea de que la muerte de una persona dependiente es una parte del proceso se va imponiendo. En este contexto es recomendable\u00a0la mesa de debate que organiza la Fundaci\u00f3n Edad &amp; Vida el pr\u00f3ximo 3 de diciembre (de 2014) e Barcelona con el t\u00edtulo \u00abAcompa\u00f1amiento en el final de la Vida\u00bb y que tendr\u00e1 el siguiente programa: 9.30-10:00\u00a0 Inauguraci\u00f3n Sr. Eduardo Rodr\u00edguez Rovira, Presidente de Fundaci\u00f3n Edad&amp;Vida Sr. Eduardo F. Vidal Regard, Vicepresidente de Grupo M\u00e9mora Sr. Marc Sim\u00f3n Mart\u00ednez, Director Corporativo del \u00c1rea Social de la Fundaci\u00f3n Bancaria \u201cla [&hellip;]","og_url":"https:\/\/www.inforesidencias.com\/blog\/index.php\/2014\/11\/10\/atencion-paliativa-cuidados-al-final-de-la-vida-un-debate-que-hay-que-tener\/","og_site_name":"Blog Inforesidencias.com","article_publisher":"https:\/\/www.facebook.com\/Inforesidencias\/","article_author":"https:\/\/www.facebook.com\/josep.demarti","article_published_time":"2014-11-10T10:45:07+00:00","author":"Josep de Mart\u00ed","twitter_card":"summary_large_image","twitter_creator":"@blog-ir","twitter_site":"@inforesidencias","twitter_misc":{"Escrito por":"Josep de Mart\u00ed","Tiempo de lectura":"2 minutos"},"schema":{"@context":"https:\/\/schema.org","@graph":[{"@type":"WebPage","@id":"https:\/\/www.inforesidencias.com\/blog\/index.php\/2014\/11\/10\/atencion-paliativa-cuidados-al-final-de-la-vida-un-debate-que-hay-que-tener\/","url":"https:\/\/www.inforesidencias.com\/blog\/index.php\/2014\/11\/10\/atencion-paliativa-cuidados-al-final-de-la-vida-un-debate-que-hay-que-tener\/","name":"ATENCI\u00d3N PALIATIVA. CUIDADOS AL FINAL DE LA VIDA. UN DEBATE QUE HAY QUE TENER - Blog Inforesidencias.com","isPartOf":{"@id":"https:\/\/www.inforesidencias.com\/blog\/#website"},"datePublished":"2014-11-10T10:45:07+00:00","dateModified":"2014-11-10T10:45:07+00:00","author":{"@id":"https:\/\/www.inforesidencias.com\/blog\/#\/schema\/person\/9e146774d1eb3bc1c0316242a3898628"},"breadcrumb":{"@id":"https:\/\/www.inforesidencias.com\/blog\/index.php\/2014\/11\/10\/atencion-paliativa-cuidados-al-final-de-la-vida-un-debate-que-hay-que-tener\/#breadcrumb"},"inLanguage":"es","potentialAction":[{"@type":"ReadAction","target":["https:\/\/www.inforesidencias.com\/blog\/index.php\/2014\/11\/10\/atencion-paliativa-cuidados-al-final-de-la-vida-un-debate-que-hay-que-tener\/"]}]},{"@type":"BreadcrumbList","@id":"https:\/\/www.inforesidencias.com\/blog\/index.php\/2014\/11\/10\/atencion-paliativa-cuidados-al-final-de-la-vida-un-debate-que-hay-que-tener\/#breadcrumb","itemListElement":[{"@type":"ListItem","position":1,"name":"Home","item":"https:\/\/www.inforesidencias.com\/blog\/"},{"@type":"ListItem","position":2,"name":"ATENCI\u00d3N PALIATIVA. CUIDADOS AL FINAL DE LA VIDA. UN DEBATE QUE HAY QUE TENER"}]},{"@type":"WebSite","@id":"https:\/\/www.inforesidencias.com\/blog\/#website","url":"https:\/\/www.inforesidencias.com\/blog\/","name":"Blog Inforesidencias.com","description":"El buscador de residencias de la 3\u00aa edad","potentialAction":[{"@type":"SearchAction","target":{"@type":"EntryPoint","urlTemplate":"https:\/\/www.inforesidencias.com\/blog\/?s={search_term_string}"},"query-input":"required name=search_term_string"}],"inLanguage":"es"},{"@type":"Person","@id":"https:\/\/www.inforesidencias.com\/blog\/#\/schema\/person\/9e146774d1eb3bc1c0316242a3898628","name":"Josep de Mart\u00ed","image":{"@type":"ImageObject","inLanguage":"es","@id":"https:\/\/www.inforesidencias.com\/blog\/#\/schema\/person\/image\/","url":"https:\/\/secure.gravatar.com\/avatar\/de0302c4806c00c4cebff396a798c1ff?s=96&d=mm&r=g","contentUrl":"https:\/\/secure.gravatar.com\/avatar\/de0302c4806c00c4cebff396a798c1ff?s=96&d=mm&r=g","caption":"Josep de Mart\u00ed"},"sameAs":["https:\/\/www.inforesidencias.com","https:\/\/www.facebook.com\/josep.demarti","https:\/\/twitter.com\/blog-ir"],"url":"https:\/\/www.inforesidencias.com\/blog\/index.php\/author\/josepdemarti\/"}]}},"_links":{"self":[{"href":"https:\/\/www.inforesidencias.com\/blog\/index.php\/wp-json\/wp\/v2\/posts\/127"}],"collection":[{"href":"https:\/\/www.inforesidencias.com\/blog\/index.php\/wp-json\/wp\/v2\/posts"}],"about":[{"href":"https:\/\/www.inforesidencias.com\/blog\/index.php\/wp-json\/wp\/v2\/types\/post"}],"author":[{"embeddable":true,"href":"https:\/\/www.inforesidencias.com\/blog\/index.php\/wp-json\/wp\/v2\/users\/2"}],"replies":[{"embeddable":true,"href":"https:\/\/www.inforesidencias.com\/blog\/index.php\/wp-json\/wp\/v2\/comments?post=127"}],"version-history":[{"count":0,"href":"https:\/\/www.inforesidencias.com\/blog\/index.php\/wp-json\/wp\/v2\/posts\/127\/revisions"}],"wp:attachment":[{"href":"https:\/\/www.inforesidencias.com\/blog\/index.php\/wp-json\/wp\/v2\/media?parent=127"}],"wp:term":[{"taxonomy":"category","embeddable":true,"href":"https:\/\/www.inforesidencias.com\/blog\/index.php\/wp-json\/wp\/v2\/categories?post=127"},{"taxonomy":"post_tag","embeddable":true,"href":"https:\/\/www.inforesidencias.com\/blog\/index.php\/wp-json\/wp\/v2\/tags?post=127"}],"curies":[{"name":"wp","href":"https:\/\/api.w.org\/{rel}","templated":true}]}}