{"id":1308,"date":"2018-03-21T09:00:12","date_gmt":"2018-03-21T09:00:12","guid":{"rendered":"https:\/\/www.inforesidencias.com\/blog\/?p=1308"},"modified":"2018-03-09T13:31:36","modified_gmt":"2018-03-09T13:31:36","slug":"la-dependencia-esta-asegurada","status":"publish","type":"post","link":"https:\/\/www.inforesidencias.com\/blog\/index.php\/2018\/03\/21\/la-dependencia-esta-asegurada\/","title":{"rendered":"La dependencia est\u00e1 \u00abasegurada\u00bb"},"content":{"rendered":"<p style=\"text-align: justify\">Hoy tratamos de la mano de Carles Reixach, trabajador social, una nueva soluci\u00f3n a la dependencia.El aumento de la esperanza de vida de las personas en el siglo XXI es una realidad. Vivimos m\u00e1s y vivimos mejor. Aun as\u00ed, a m\u00e1s longevidad m\u00e1s casos de personas en situaci\u00f3n de <strong>dependencia<\/strong> se producen. Este es uno de los grandes retos de nuestra \u00e9poca.<\/p>\n<p>Han pasado ya m\u00e1s de diez a\u00f1os desde la entrada en vigor de la ley de dependencia. En todo este tiempo, dicha ley ha sufrido diferentes modificaciones y recortes, sin mencionar la demora de la tramitaci\u00f3n de los expedientes de los grados I y II debido a la situaci\u00f3n de crisis econ\u00f3mica.<\/p>\n<p style=\"text-align: justify\">Pero despu\u00e9s de la tempestad siempre llega la calma, o al menos, el momento de recoger todo lo roto por el temporal. Desde 2016 y sobretodo en 2017, ya hay un aumento de los fondos destinados a la ley de dependencia. Empieza a subir la dotaci\u00f3n econ\u00f3mica de los ayuntamientos a los servicios de ayuda a domicilio, se van creando nuevas plazas de centro de d\u00eda y, aunque mucho m\u00e1s t\u00edmidamente, se empiezan a construir residencias p\u00fablicas en algunas comunidades aut\u00f3nomas.<\/p>\n<p style=\"text-align: justify\"><a href=\"https:\/\/www.inforesidencias.com\/blog\/wp-content\/uploads\/2017\/11\/cuidador1.jpg\"><img decoding=\"async\" loading=\"lazy\" class=\"alignleft size-full wp-image-1313\" src=\"https:\/\/www.inforesidencias.com\/blog\/wp-content\/uploads\/2017\/11\/cuidador1.jpg\" alt=\"cuidador\" width=\"320\" height=\"213\" \/><\/a><\/p>\n<p style=\"text-align: justify\">Con esta temerosa salida de la crisis, tambi\u00e9n se empieza a o\u00edr hablar de un nuevo producto para personas dependientes. Este nuevo producto ya se dej\u00f3 ver sutilmente hasta la promulgaci\u00f3n de la LAPAD, donde se congel\u00f3 debido al nacimiento de este cuarto pilar del estado de bienestar, y ha permanecido as\u00ed durante los a\u00f1os m\u00e1s duros de la crisis econ\u00f3mica. Me refiero a los <a href=\"https:\/\/www.inforesidencias.com\/contenidos\/mayores-y-familia\/nacional\/seguro-privado-de-dependencia\">seguros de dependencia<\/a>.<\/p>\n<p style=\"text-align: justify\">Seg\u00fan mi opini\u00f3n, estos seguros nacen de la necesidad de la persona dependiente de disponer de un capital extra para poder afrontar el coste de los servicios especializados que precisa. Es sabido por mucha gente, que la mayor\u00eda de personas mayores reciben una pensi\u00f3n de jubilaci\u00f3n que ronda los mil euros o que a veces ni llega. Un ejemplo es la cuant\u00eda econ\u00f3mica m\u00e1xima por cuidador no profesional que prev\u00e9 de LAPAD, la cual ronda los 387\u20ac al mes.<\/p>\n<p style=\"text-align: justify\">Ante esta situaci\u00f3n, hay diferentes compa\u00f1\u00edas que se han aventurado en crear seguros y coberturas para estas personas. Muchas de ellas lo que ofrecen es el pago un capital al contratante una vez se llega a una situaci\u00f3n de dependencia, ya sea mediante un \u00fanico pago o diferentes pagos mensuales. Otras van m\u00e1s all\u00e1 y ofrecen unas horas de servicio de atenci\u00f3n al domicilio anuales, un servicio de teleasistencia y hasta un n\u00famero de tel\u00e9fono donde poder hablar con alg\u00fan enfermero, nutricionista, psic\u00f3logo o trabajador social para resolver dudas.<\/p>\n<p style=\"text-align: justify\">Leyendo y pensando sobre este producto, bien es cierto que quiz\u00e1 debido a mi formaci\u00f3n de base en trabajo social, observo algunas cosas que me chirr\u00edan un poco. Me refiero espec\u00edficamente a la caducidad de estas p\u00f3lizas. Despu\u00e9s de investigar un poco he visto que la mayor\u00eda est\u00e1n vigentes hasta m\u00e1ximo, entre los 75 y 85 a\u00f1os del contratante. \u00bfNo os parece curioso? Justo a partir de la edad que estad\u00edsticamente m\u00e1s casos de dependencia se empiezan a producir, es cuando desaparece la cobertura. \u00bfEntonces, lo que cubren es quiz\u00e1 un dependencia causada por un accidente o una enfermedad sobrevenida? Porque, \u00bfQuien iba a contratar un producto cuya garant\u00eda se extingue cuando m\u00e1s se necesita?<\/p>\n<p style=\"text-align: justify\">Otros adem\u00e1s establecen un periodo de franquicia de 3 meses, en los cuales no se paga nada al asegurado, y si una vez pasado este tiempo sigue habiendo dependencia, entonces el seguro empieza con el devengo de las mensualidades. Finalmente, aunque las combinaciones son infinitas, hay algunas aseguradoras que garantizan 12 meses de cobro de prestaci\u00f3n si la persona dependiente fallece durante los primeros meses desde que se le ha reconocido como tal.<\/p>\n<p style=\"text-align: justify\">Aun as\u00ed, hoy en d\u00eda el nivel de contrataci\u00f3n de estos productos sigue siendo bajo. A ello hay que sumarle que no est\u00e1n enmarcados ni legislados por la ley de dependencia, sino por la\u00a0Ley 41\/2007\u00a0de regulaci\u00f3n del mercado hipotecario. Adem\u00e1s, por parte de los promotores de este producto, el marketing realizado para darlo a conocer, generalmente brilla por su ausencia. No obstante considero que es un producto interesante y a tener en cuenta, ya que su evoluci\u00f3n en un futuro puede dar mucho que hablar.<\/p>\n<p style=\"text-align: justify\">Para concluir, mi consejo es que la gente que quiera contratar este tipo de seguros opte m\u00e1s por aquellas entidades que garanticen sobretodo el acceso a los servicios especializados, ya que en su mayor\u00eda estos tienen mucha lista de espera p\u00fablica o son bastante costosos y con la prestaci\u00f3n a veces no se llega a pagarlos. En los tiempos que corren hay que reinventarse y como casi siempre, el sector privado con \u00e1nimo de lucro es el primero en pensar en ideas para futuro.<\/p>\n<p style=\"text-align: justify\">\n","protected":false},"excerpt":{"rendered":"<p>Hoy tratamos de la mano de Carles Reixach, trabajador social, una nueva soluci\u00f3n a la dependencia.El aumento de la esperanza de vida de las personas en el siglo XXI es una realidad. Vivimos m\u00e1s y vivimos mejor. Aun as\u00ed, a m\u00e1s longevidad m\u00e1s casos de personas en situaci\u00f3n de dependencia se producen. Este es uno de los grandes retos de nuestra \u00e9poca. Han pasado ya m\u00e1s de diez a\u00f1os desde la entrada en vigor de la ley de dependencia. En todo este tiempo, dicha ley ha sufrido diferentes modificaciones y recortes, sin mencionar la demora de la tramitaci\u00f3n de los expedientes de los grados I y II debido a la situaci\u00f3n de crisis econ\u00f3mica. Pero despu\u00e9s de la tempestad siempre llega la calma, o al menos, el momento de recoger todo lo roto por el temporal. Desde 2016 y sobretodo en 2017, ya hay un aumento de los fondos destinados [&hellip;]<\/p>\n","protected":false},"author":2,"featured_media":1290,"comment_status":"open","ping_status":"open","sticky":false,"template":"","format":"standard","meta":{"footnotes":""},"categories":[1],"tags":[],"yoast_head":"<!-- This site is optimized with the Yoast SEO plugin v21.7 - https:\/\/yoast.com\/wordpress\/plugins\/seo\/ -->\n<title>La dependencia est\u00e1 &quot;asegurada&quot; - Blog Inforesidencias.com<\/title>\n<meta name=\"description\" content=\"El aumento de la esperanza de vida de las personas en el siglo XXI es una realidad. Es buena noticia pero tambi\u00e9n supone un reto para el estado de bienestar\" \/>\n<meta name=\"robots\" content=\"index, follow, max-snippet:-1, max-image-preview:large, max-video-preview:-1\" \/>\n<link rel=\"canonical\" href=\"https:\/\/www.inforesidencias.com\/blog\/index.php\/2018\/03\/21\/la-dependencia-esta-asegurada\/\" \/>\n<meta property=\"og:locale\" content=\"es_ES\" \/>\n<meta property=\"og:type\" content=\"article\" \/>\n<meta property=\"og:title\" content=\"La dependencia est\u00e1 &quot;asegurada&quot; - Blog Inforesidencias.com\" \/>\n<meta property=\"og:description\" content=\"El aumento de la esperanza de vida de las personas en el siglo XXI es una realidad. Es buena noticia pero tambi\u00e9n supone un reto para el estado de bienestar\" \/>\n<meta property=\"og:url\" content=\"https:\/\/www.inforesidencias.com\/blog\/index.php\/2018\/03\/21\/la-dependencia-esta-asegurada\/\" \/>\n<meta property=\"og:site_name\" content=\"Blog Inforesidencias.com\" \/>\n<meta property=\"article:publisher\" content=\"https:\/\/www.facebook.com\/Inforesidencias\/\" \/>\n<meta property=\"article:author\" content=\"https:\/\/www.facebook.com\/josep.demarti\" \/>\n<meta property=\"article:published_time\" content=\"2018-03-21T09:00:12+00:00\" \/>\n<meta property=\"article:modified_time\" content=\"2018-03-09T13:31:36+00:00\" \/>\n<meta property=\"og:image\" content=\"https:\/\/www.inforesidencias.com\/blog\/wp-content\/uploads\/2017\/10\/carles-reixach1.jpg\" \/>\n\t<meta property=\"og:image:width\" content=\"250\" \/>\n\t<meta property=\"og:image:height\" content=\"250\" \/>\n\t<meta property=\"og:image:type\" content=\"image\/jpeg\" \/>\n<meta name=\"author\" content=\"Josep de Mart\u00ed\" \/>\n<meta name=\"twitter:card\" content=\"summary_large_image\" \/>\n<meta name=\"twitter:creator\" content=\"@blog-ir\" \/>\n<meta name=\"twitter:site\" content=\"@inforesidencias\" \/>\n<meta name=\"twitter:label1\" content=\"Escrito por\" \/>\n\t<meta name=\"twitter:data1\" content=\"Josep de Mart\u00ed\" \/>\n\t<meta name=\"twitter:label2\" content=\"Tiempo de lectura\" \/>\n\t<meta name=\"twitter:data2\" content=\"4 minutos\" \/>\n<script type=\"application\/ld+json\" class=\"yoast-schema-graph\">{\"@context\":\"https:\/\/schema.org\",\"@graph\":[{\"@type\":\"WebPage\",\"@id\":\"https:\/\/www.inforesidencias.com\/blog\/index.php\/2018\/03\/21\/la-dependencia-esta-asegurada\/\",\"url\":\"https:\/\/www.inforesidencias.com\/blog\/index.php\/2018\/03\/21\/la-dependencia-esta-asegurada\/\",\"name\":\"La dependencia est\u00e1 \\\"asegurada\\\" - Blog Inforesidencias.com\",\"isPartOf\":{\"@id\":\"https:\/\/www.inforesidencias.com\/blog\/#website\"},\"datePublished\":\"2018-03-21T09:00:12+00:00\",\"dateModified\":\"2018-03-09T13:31:36+00:00\",\"author\":{\"@id\":\"https:\/\/www.inforesidencias.com\/blog\/#\/schema\/person\/9e146774d1eb3bc1c0316242a3898628\"},\"description\":\"El aumento de la esperanza de vida de las personas en el siglo XXI es una realidad. Es buena noticia pero tambi\u00e9n supone un reto para el estado de bienestar\",\"breadcrumb\":{\"@id\":\"https:\/\/www.inforesidencias.com\/blog\/index.php\/2018\/03\/21\/la-dependencia-esta-asegurada\/#breadcrumb\"},\"inLanguage\":\"es\",\"potentialAction\":[{\"@type\":\"ReadAction\",\"target\":[\"https:\/\/www.inforesidencias.com\/blog\/index.php\/2018\/03\/21\/la-dependencia-esta-asegurada\/\"]}]},{\"@type\":\"BreadcrumbList\",\"@id\":\"https:\/\/www.inforesidencias.com\/blog\/index.php\/2018\/03\/21\/la-dependencia-esta-asegurada\/#breadcrumb\",\"itemListElement\":[{\"@type\":\"ListItem\",\"position\":1,\"name\":\"Home\",\"item\":\"https:\/\/www.inforesidencias.com\/blog\/\"},{\"@type\":\"ListItem\",\"position\":2,\"name\":\"La dependencia est\u00e1 \u00abasegurada\u00bb\"}]},{\"@type\":\"WebSite\",\"@id\":\"https:\/\/www.inforesidencias.com\/blog\/#website\",\"url\":\"https:\/\/www.inforesidencias.com\/blog\/\",\"name\":\"Blog Inforesidencias.com\",\"description\":\"El buscador de residencias de la 3\u00aa edad\",\"potentialAction\":[{\"@type\":\"SearchAction\",\"target\":{\"@type\":\"EntryPoint\",\"urlTemplate\":\"https:\/\/www.inforesidencias.com\/blog\/?s={search_term_string}\"},\"query-input\":\"required name=search_term_string\"}],\"inLanguage\":\"es\"},{\"@type\":\"Person\",\"@id\":\"https:\/\/www.inforesidencias.com\/blog\/#\/schema\/person\/9e146774d1eb3bc1c0316242a3898628\",\"name\":\"Josep de Mart\u00ed\",\"image\":{\"@type\":\"ImageObject\",\"inLanguage\":\"es\",\"@id\":\"https:\/\/www.inforesidencias.com\/blog\/#\/schema\/person\/image\/\",\"url\":\"https:\/\/secure.gravatar.com\/avatar\/de0302c4806c00c4cebff396a798c1ff?s=96&d=mm&r=g\",\"contentUrl\":\"https:\/\/secure.gravatar.com\/avatar\/de0302c4806c00c4cebff396a798c1ff?s=96&d=mm&r=g\",\"caption\":\"Josep de Mart\u00ed\"},\"sameAs\":[\"https:\/\/www.inforesidencias.com\",\"https:\/\/www.facebook.com\/josep.demarti\",\"https:\/\/twitter.com\/blog-ir\"],\"url\":\"https:\/\/www.inforesidencias.com\/blog\/index.php\/author\/josepdemarti\/\"}]}<\/script>\n<!-- \/ Yoast SEO plugin. -->","yoast_head_json":{"title":"La dependencia est\u00e1 \"asegurada\" - Blog Inforesidencias.com","description":"El aumento de la esperanza de vida de las personas en el siglo XXI es una realidad. Es buena noticia pero tambi\u00e9n supone un reto para el estado de bienestar","robots":{"index":"index","follow":"follow","max-snippet":"max-snippet:-1","max-image-preview":"max-image-preview:large","max-video-preview":"max-video-preview:-1"},"canonical":"https:\/\/www.inforesidencias.com\/blog\/index.php\/2018\/03\/21\/la-dependencia-esta-asegurada\/","og_locale":"es_ES","og_type":"article","og_title":"La dependencia est\u00e1 \"asegurada\" - Blog Inforesidencias.com","og_description":"El aumento de la esperanza de vida de las personas en el siglo XXI es una realidad. Es buena noticia pero tambi\u00e9n supone un reto para el estado de bienestar","og_url":"https:\/\/www.inforesidencias.com\/blog\/index.php\/2018\/03\/21\/la-dependencia-esta-asegurada\/","og_site_name":"Blog Inforesidencias.com","article_publisher":"https:\/\/www.facebook.com\/Inforesidencias\/","article_author":"https:\/\/www.facebook.com\/josep.demarti","article_published_time":"2018-03-21T09:00:12+00:00","article_modified_time":"2018-03-09T13:31:36+00:00","og_image":[{"width":250,"height":250,"url":"https:\/\/www.inforesidencias.com\/blog\/wp-content\/uploads\/2017\/10\/carles-reixach1.jpg","type":"image\/jpeg"}],"author":"Josep de Mart\u00ed","twitter_card":"summary_large_image","twitter_creator":"@blog-ir","twitter_site":"@inforesidencias","twitter_misc":{"Escrito por":"Josep de Mart\u00ed","Tiempo de lectura":"4 minutos"},"schema":{"@context":"https:\/\/schema.org","@graph":[{"@type":"WebPage","@id":"https:\/\/www.inforesidencias.com\/blog\/index.php\/2018\/03\/21\/la-dependencia-esta-asegurada\/","url":"https:\/\/www.inforesidencias.com\/blog\/index.php\/2018\/03\/21\/la-dependencia-esta-asegurada\/","name":"La dependencia est\u00e1 \"asegurada\" - Blog Inforesidencias.com","isPartOf":{"@id":"https:\/\/www.inforesidencias.com\/blog\/#website"},"datePublished":"2018-03-21T09:00:12+00:00","dateModified":"2018-03-09T13:31:36+00:00","author":{"@id":"https:\/\/www.inforesidencias.com\/blog\/#\/schema\/person\/9e146774d1eb3bc1c0316242a3898628"},"description":"El aumento de la esperanza de vida de las personas en el siglo XXI es una realidad. Es buena noticia pero tambi\u00e9n supone un reto para el estado de bienestar","breadcrumb":{"@id":"https:\/\/www.inforesidencias.com\/blog\/index.php\/2018\/03\/21\/la-dependencia-esta-asegurada\/#breadcrumb"},"inLanguage":"es","potentialAction":[{"@type":"ReadAction","target":["https:\/\/www.inforesidencias.com\/blog\/index.php\/2018\/03\/21\/la-dependencia-esta-asegurada\/"]}]},{"@type":"BreadcrumbList","@id":"https:\/\/www.inforesidencias.com\/blog\/index.php\/2018\/03\/21\/la-dependencia-esta-asegurada\/#breadcrumb","itemListElement":[{"@type":"ListItem","position":1,"name":"Home","item":"https:\/\/www.inforesidencias.com\/blog\/"},{"@type":"ListItem","position":2,"name":"La dependencia est\u00e1 \u00abasegurada\u00bb"}]},{"@type":"WebSite","@id":"https:\/\/www.inforesidencias.com\/blog\/#website","url":"https:\/\/www.inforesidencias.com\/blog\/","name":"Blog Inforesidencias.com","description":"El buscador de residencias de la 3\u00aa edad","potentialAction":[{"@type":"SearchAction","target":{"@type":"EntryPoint","urlTemplate":"https:\/\/www.inforesidencias.com\/blog\/?s={search_term_string}"},"query-input":"required name=search_term_string"}],"inLanguage":"es"},{"@type":"Person","@id":"https:\/\/www.inforesidencias.com\/blog\/#\/schema\/person\/9e146774d1eb3bc1c0316242a3898628","name":"Josep de Mart\u00ed","image":{"@type":"ImageObject","inLanguage":"es","@id":"https:\/\/www.inforesidencias.com\/blog\/#\/schema\/person\/image\/","url":"https:\/\/secure.gravatar.com\/avatar\/de0302c4806c00c4cebff396a798c1ff?s=96&d=mm&r=g","contentUrl":"https:\/\/secure.gravatar.com\/avatar\/de0302c4806c00c4cebff396a798c1ff?s=96&d=mm&r=g","caption":"Josep de Mart\u00ed"},"sameAs":["https:\/\/www.inforesidencias.com","https:\/\/www.facebook.com\/josep.demarti","https:\/\/twitter.com\/blog-ir"],"url":"https:\/\/www.inforesidencias.com\/blog\/index.php\/author\/josepdemarti\/"}]}},"_links":{"self":[{"href":"https:\/\/www.inforesidencias.com\/blog\/index.php\/wp-json\/wp\/v2\/posts\/1308"}],"collection":[{"href":"https:\/\/www.inforesidencias.com\/blog\/index.php\/wp-json\/wp\/v2\/posts"}],"about":[{"href":"https:\/\/www.inforesidencias.com\/blog\/index.php\/wp-json\/wp\/v2\/types\/post"}],"author":[{"embeddable":true,"href":"https:\/\/www.inforesidencias.com\/blog\/index.php\/wp-json\/wp\/v2\/users\/2"}],"replies":[{"embeddable":true,"href":"https:\/\/www.inforesidencias.com\/blog\/index.php\/wp-json\/wp\/v2\/comments?post=1308"}],"version-history":[{"count":6,"href":"https:\/\/www.inforesidencias.com\/blog\/index.php\/wp-json\/wp\/v2\/posts\/1308\/revisions"}],"predecessor-version":[{"id":1316,"href":"https:\/\/www.inforesidencias.com\/blog\/index.php\/wp-json\/wp\/v2\/posts\/1308\/revisions\/1316"}],"wp:featuredmedia":[{"embeddable":true,"href":"https:\/\/www.inforesidencias.com\/blog\/index.php\/wp-json\/wp\/v2\/media\/1290"}],"wp:attachment":[{"href":"https:\/\/www.inforesidencias.com\/blog\/index.php\/wp-json\/wp\/v2\/media?parent=1308"}],"wp:term":[{"taxonomy":"category","embeddable":true,"href":"https:\/\/www.inforesidencias.com\/blog\/index.php\/wp-json\/wp\/v2\/categories?post=1308"},{"taxonomy":"post_tag","embeddable":true,"href":"https:\/\/www.inforesidencias.com\/blog\/index.php\/wp-json\/wp\/v2\/tags?post=1308"}],"curies":[{"name":"wp","href":"https:\/\/api.w.org\/{rel}","templated":true}]}}