{"id":1376,"date":"2018-01-31T09:33:19","date_gmt":"2018-01-31T09:33:19","guid":{"rendered":"https:\/\/www.inforesidencias.com\/blog\/?p=1376"},"modified":"2018-01-19T10:40:09","modified_gmt":"2018-01-19T10:40:09","slug":"confesiones-un-relato-corto-de-susana-sierra","status":"publish","type":"post","link":"https:\/\/www.inforesidencias.com\/blog\/index.php\/2018\/01\/31\/confesiones-un-relato-corto-de-susana-sierra\/","title":{"rendered":"Confesiones.  Un relato corto de Susana Sierra"},"content":{"rendered":"<p>La escritora Susana Sierra nos regala un relato corto con sabor gerontol\u00f3gico que estamos encantados de compartir con vosotros.<\/p>\n<p>Confesiones<\/p>\n<div id=\"attachment_1377\" style=\"width: 410px\" class=\"wp-caption alignleft\"><a href=\"https:\/\/www.inforesidencias.com\/blog\/wp-content\/uploads\/2018\/01\/ancianas-jugando-cartas.jpg\"><img aria-describedby=\"caption-attachment-1377\" decoding=\"async\" loading=\"lazy\" class=\"size-full wp-image-1377\" src=\"https:\/\/www.inforesidencias.com\/blog\/wp-content\/uploads\/2018\/01\/ancianas-jugando-cartas.jpg\" alt=\"Jugando a  cartas y haciendo confesiones\" width=\"400\" height=\"275\" \/><\/a><p id=\"caption-attachment-1377\" class=\"wp-caption-text\">Jugando a cartas y haciendo confesiones<\/p><\/div>\n<p>\u00abNunca pens\u00e9 que contar\u00eda esto a nadie m\u00e1s que no fuera al rostro que siempre se asoma, expectante, al otro lado del espejo.<\/p>\n<p>\u00bbNunca pens\u00e9 que durante una partida de brisca entre amigas que apenas conozco, o quiz\u00e1s por eso mismo, pudiera encontrar el valor necesario para contarles lo que nunca me atrev\u00ed a contarle a \u00e9l mientras vivi\u00f3 y compart\u00edamos casa, su casa, que nunca fue la m\u00eda.<\/p>\n<p>\u00bbS\u00ed, Dolores, no me mires as\u00ed, a veces una puede vivir en una casa durante m\u00e1s de cincuenta a\u00f1os, toda una vida, y sentir que nunca ha sido suya. Saber que le pertenecen las paredes, los cuadros, los azulejos de la cocina, las puertas cerradas que tantos secretos guardaron, pero nunca el falso calor que hab\u00eda dentro. Y falso porque una misma lo hizo as\u00ed, porque todos los habitantes de la casa, sobre todo Julio, mi marido, el mejor de los hombres que he conocido, \u00e9l, el primero, procur\u00f3 siempre todo lo que estuvo en su mano para hacer feliz a esta pobre mentirosa, que nunca sabr\u00e1 si fue v\u00edctima o verdugo, no ya de su propia vida, sino de la de las personas que tanto la amaron.<\/p>\n<p>\u00bbYo, que me apellido Belmonte, ni tengo que ver con el ilustre torero, \u2014nunca me gustaron los toros\u2014, ni mucho menos con el valor que se les supone a estos se\u00f1ores que pasean en la plaza su ufana valent\u00eda. \u00bbMe cas\u00e9 muy joven, a los dieciocho a\u00f1os, bueno, me casaron. \u00bbNo vengo de una mala familia, y perd\u00f3n por el calificativo al equiparar el valor de la virtud al de los posibles econ\u00f3micos. Mi padre era militar de carrera, en aquellos tiempos f\u00edjate t\u00fa, Isabel, si eso era peso. Y m\u00e1s si el general no hac\u00eda diferencia entre sus soldados y su familia, haciendo de su casa una prolongaci\u00f3n del cuartel. \u00bbNi yo ni ninguna de mis cinco hermanas, \u2014nunca dej\u00f3 de lamentarse por tener una esposa que solo sab\u00eda parir mujeres\u2014, creo que sentimos por \u00e9l otra cosa que no fuera temor. No nos falt\u00f3 nada material, pero ech\u00e1bamos en falta unos padres m\u00e1s dedicados. Nos sobraba su ausencia.<\/p>\n<p>Crecimos sin comprender qu\u00e9 era una posguerra, m\u00e1s all\u00e1 de la actitud cuartelar\u00eda de mi padre con todos nosotros. Hambre, cartillas de racionamiento, nunca tuvimos. Escuela siempre y alg\u00fan que otro a\u00f1o, vacaciones en Santander.<\/p>\n<p>\u00bbY fue en uno de esos contados veranos en el norte, tendr\u00eda yo unos quince o diecis\u00e9is a\u00f1os, no recuerdo con exactitud, cuando baj\u00e9 a la playa con Julia y Amparo, dos de mis hermanas, las mayores.<\/p>\n<p>\u00bbAunque ya el pa\u00eds se iba abriendo un poco en costumbres, \u2014eran principios de los sesenta\u2014, nosotras ten\u00edamos que bajar con vestido y el ba\u00f1ador debajo. Solo nos pod\u00edamos descubrir casi a la altura del agua, cuando ya las olas nos mojaban los pies.<\/p>\n<p>\u00bbPues como os dec\u00eda, ese d\u00eda que baj\u00e9 a la playa encontr\u00e9 all\u00ed a una chica de m\u00e1s o menos mi edad, que jugaba en la arena con un ni\u00f1o de unos ocho o nueve a\u00f1os. Me fij\u00e9 en los dos, mientras recorr\u00edan la arena de un lado a otro jugando con la raqueta, y sin saber ni c\u00f3mo ni cu\u00e1ndo, mis ojos empezaron a quedarse fijos en la joven, todo empez\u00f3 a desaparecer para quedar solo su sonrisa, sus ojos, su figura de ni\u00f1a que en poco iba a pasar a mujer. Como en una pel\u00edcula, el juego se reproduc\u00eda a c\u00e1mara lenta: las carreras, las risas, el voleo de su pelo largo y moreno&#8230; Y empec\u00e9 a sentir algo que nunca hab\u00eda sentido, algo que me trastoc\u00f3 por completo y que me hac\u00eda sentir muy bien, proporcion\u00e1ndome un agradable hormigueo en el est\u00f3mago, y en la parte baja del vientre, mientras me constre\u00f1\u00edan un desasosiego y una pesadumbre que no entend\u00eda.<\/p>\n<p>\u00bbNo sab\u00eda por qu\u00e9 aquello que notaba estaba mal. Al mirar a esa chica, sent\u00eda algo muy raro: por un lado, solo quer\u00eda acercarme a ella, mirarla a los ojos, decirle hola con un susurro y casi rozando mis labios con los suyos. Y esto me produc\u00eda malestar a la vez que me provocaba una sensaci\u00f3n maravillosa. \u00bbMis pies avanzaron solos hacia ella, casi hipnotizada y, cuando estaba apenas a dos metros y mi brazo se levant\u00f3 para intentar alcanzarla antes que el resto de mi cuerpo, mis hermanas me llamaron para ba\u00f1arnos.<\/p>\n<p>Despert\u00e9 de esa nube de deseo, mir\u00e9 a mis hermanas, nerviosa y confusa. No dije nada, pero fui al agua y empec\u00e9 a jugar poco a poco con ellas, pero con mi mente en otro lado, a donde no me atrev\u00eda a mirar. Cuando por fin lo hice, vi que ese sitio de la playa, donde antes jugaban el objeto de mi confuso deseo y el ni\u00f1o, estaba vac\u00edo.<\/p>\n<p>\u00bbNunca la volv\u00ed a ver aunque regres\u00e9 todos los d\u00edas a buscarla. Pero desde ese momento se abri\u00f3 en m\u00ed una lucha interna que ha durado toda mi vida.<\/p>\n<p>\u00bbPas\u00f3 el tiempo y la vuelta a la normalidad de las clases, de la vida en Madrid y dem\u00e1s, hizo que aquel episodio se hiciera m\u00e1s difuso, aunque nunca desapareci\u00f3 del todo.<\/p>\n<p>\u00bbNo te escandalices, Eugenia, parece mentira. No creo que pase nada porque una vieja de setenta a\u00f1os confiese que le gustan las mujeres. Pues como dec\u00eda antes de que Eugenia se persignara, ja ja ja, \u2014perdona, mujer, es que has puesto una cara&#8230;\u2014, todo iba bien hasta que conoc\u00ed a Laura, una amiga de una de mis hermanas. Una chica preciosa, educada, dos a\u00f1os mayor que yo. Una tarde me la encontr\u00e9 en la habitaci\u00f3n de mi hermana, sola, \u2014mi hermana estaba preparando caf\u00e9 para ponerse a estudiar con ella\u2014, y pas\u00f3 lo que ten\u00eda y no deb\u00eda de pasar. Nos quedamos calladas, mir\u00e1ndonos. Al cabo de un rato ella simplemente dijo: \u00abYo tambi\u00e9n lo siento\u00bb, y nos abalanzamos la una sobre la otra para hundirnos en un beso eterno lleno de fuego que quemaba los labios y las entra\u00f1as. Cuando o\u00edmos el estruendo de las tazas al caer y vimos a mi hermana en la puerta, comprendimos que todo hab\u00eda acabado para nosotras.<\/p>\n<p>\u00bbA Laura nunca la volvimos a ver por casa. Y a m\u00ed, sin haber terminado los estudios, me buscaron a un chico que serv\u00eda a mi padre en el cuartel y que siempre hab\u00eda estado por m\u00ed, como dice ahora la juventud.<\/p>\n<p>Ram\u00f3n era bueno, siempre estuvo a mi lado, me quiso, me dio dos hijos maravillosos a los que adoro. Lo quise much\u00edsimo, pero nunca lo am\u00e9. Y en verdad que lo siento. \u00bbDieron un tajo a mi libertad sin tiempo a reacci\u00f3n. Me lastima y a la vez me consuela que nunca supiera del dolor del que, involuntariamente, fue part\u00edcipe. Tambi\u00e9n me pesa mi cobard\u00eda por dejarme arrastrar con los a\u00f1os por la inercia de lo que programaron para m\u00ed. Me aflige no haber escapado de lo que me impusieron. Y aunque \u00e9l no haya sabido esto, \u2014fue otra v\u00edctima, de los otros, pero sobre todo, m\u00eda\u2014, con saberlo yo es m\u00e1s que suficiente para no sentirme honesta. Solo espero que \u00e9l, est\u00e9 donde est\u00e9, sepa perdonarme\u00bb.<\/p>\n<p>Y Mar\u00eda Belmonte, en el silencio de su habitaci\u00f3n, frente a un espejo de cuerpo entero, rodeada de tres sillas vac\u00edas frente a una mesa camilla y con una baraja de cartas en la mano, ve c\u00f3mo se deslizan dos enormes l\u00e1grimas por su mejilla.<\/p>\n","protected":false},"excerpt":{"rendered":"<p>La escritora Susana Sierra nos regala un relato corto con sabor gerontol\u00f3gico que estamos encantados de compartir con vosotros. Confesiones \u00abNunca pens\u00e9 que contar\u00eda esto a nadie m\u00e1s que no fuera al rostro que siempre se asoma, expectante, al otro lado del espejo. \u00bbNunca pens\u00e9 que durante una partida de brisca entre amigas que apenas conozco, o quiz\u00e1s por eso mismo, pudiera encontrar el valor necesario para contarles lo que nunca me atrev\u00ed a contarle a \u00e9l mientras vivi\u00f3 y compart\u00edamos casa, su casa, que nunca fue la m\u00eda. \u00bbS\u00ed, Dolores, no me mires as\u00ed, a veces una puede vivir en una casa durante m\u00e1s de cincuenta a\u00f1os, toda una vida, y sentir que nunca ha sido suya. Saber que le pertenecen las paredes, los cuadros, los azulejos de la cocina, las puertas cerradas que tantos secretos guardaron, pero nunca el falso calor que hab\u00eda dentro. Y falso porque una [&hellip;]<\/p>\n","protected":false},"author":2,"featured_media":0,"comment_status":"open","ping_status":"open","sticky":false,"template":"","format":"standard","meta":{"footnotes":""},"categories":[1],"tags":[],"yoast_head":"<!-- This site is optimized with the Yoast SEO plugin v21.7 - https:\/\/yoast.com\/wordpress\/plugins\/seo\/ -->\n<title>Confesiones. Un relato corto de Susana Sierra - Blog Inforesidencias.com<\/title>\n<meta name=\"description\" content=\"Una anciana realiza confesiones a unas amigas\" \/>\n<meta name=\"robots\" content=\"index, follow, max-snippet:-1, max-image-preview:large, max-video-preview:-1\" \/>\n<link rel=\"canonical\" href=\"https:\/\/www.inforesidencias.com\/blog\/index.php\/2018\/01\/31\/confesiones-un-relato-corto-de-susana-sierra\/\" \/>\n<meta property=\"og:locale\" content=\"es_ES\" \/>\n<meta property=\"og:type\" content=\"article\" \/>\n<meta property=\"og:title\" content=\"Confesiones. Un relato corto de Susana Sierra - Blog Inforesidencias.com\" \/>\n<meta property=\"og:description\" content=\"Una anciana realiza confesiones a unas amigas\" \/>\n<meta property=\"og:url\" content=\"https:\/\/www.inforesidencias.com\/blog\/index.php\/2018\/01\/31\/confesiones-un-relato-corto-de-susana-sierra\/\" \/>\n<meta property=\"og:site_name\" content=\"Blog Inforesidencias.com\" \/>\n<meta property=\"article:publisher\" content=\"https:\/\/www.facebook.com\/Inforesidencias\/\" \/>\n<meta property=\"article:author\" content=\"https:\/\/www.facebook.com\/josep.demarti\" \/>\n<meta property=\"article:published_time\" content=\"2018-01-31T09:33:19+00:00\" \/>\n<meta property=\"article:modified_time\" content=\"2018-01-19T10:40:09+00:00\" \/>\n<meta property=\"og:image\" content=\"https:\/\/www.inforesidencias.com\/blog\/wp-content\/uploads\/2018\/01\/ancianas-jugando-cartas.jpg\" \/>\n<meta name=\"author\" content=\"Josep de Mart\u00ed\" \/>\n<meta name=\"twitter:card\" content=\"summary_large_image\" \/>\n<meta name=\"twitter:creator\" content=\"@blog-ir\" \/>\n<meta name=\"twitter:site\" content=\"@inforesidencias\" \/>\n<meta name=\"twitter:label1\" content=\"Escrito por\" \/>\n\t<meta name=\"twitter:data1\" content=\"Josep de Mart\u00ed\" \/>\n\t<meta name=\"twitter:label2\" content=\"Tiempo de lectura\" \/>\n\t<meta name=\"twitter:data2\" content=\"7 minutos\" \/>\n<script type=\"application\/ld+json\" class=\"yoast-schema-graph\">{\"@context\":\"https:\/\/schema.org\",\"@graph\":[{\"@type\":\"WebPage\",\"@id\":\"https:\/\/www.inforesidencias.com\/blog\/index.php\/2018\/01\/31\/confesiones-un-relato-corto-de-susana-sierra\/\",\"url\":\"https:\/\/www.inforesidencias.com\/blog\/index.php\/2018\/01\/31\/confesiones-un-relato-corto-de-susana-sierra\/\",\"name\":\"Confesiones. Un relato corto de Susana Sierra - Blog Inforesidencias.com\",\"isPartOf\":{\"@id\":\"https:\/\/www.inforesidencias.com\/blog\/#website\"},\"datePublished\":\"2018-01-31T09:33:19+00:00\",\"dateModified\":\"2018-01-19T10:40:09+00:00\",\"author\":{\"@id\":\"https:\/\/www.inforesidencias.com\/blog\/#\/schema\/person\/9e146774d1eb3bc1c0316242a3898628\"},\"description\":\"Una anciana realiza confesiones a unas amigas\",\"breadcrumb\":{\"@id\":\"https:\/\/www.inforesidencias.com\/blog\/index.php\/2018\/01\/31\/confesiones-un-relato-corto-de-susana-sierra\/#breadcrumb\"},\"inLanguage\":\"es\",\"potentialAction\":[{\"@type\":\"ReadAction\",\"target\":[\"https:\/\/www.inforesidencias.com\/blog\/index.php\/2018\/01\/31\/confesiones-un-relato-corto-de-susana-sierra\/\"]}]},{\"@type\":\"BreadcrumbList\",\"@id\":\"https:\/\/www.inforesidencias.com\/blog\/index.php\/2018\/01\/31\/confesiones-un-relato-corto-de-susana-sierra\/#breadcrumb\",\"itemListElement\":[{\"@type\":\"ListItem\",\"position\":1,\"name\":\"Home\",\"item\":\"https:\/\/www.inforesidencias.com\/blog\/\"},{\"@type\":\"ListItem\",\"position\":2,\"name\":\"Confesiones. Un relato corto de Susana Sierra\"}]},{\"@type\":\"WebSite\",\"@id\":\"https:\/\/www.inforesidencias.com\/blog\/#website\",\"url\":\"https:\/\/www.inforesidencias.com\/blog\/\",\"name\":\"Blog Inforesidencias.com\",\"description\":\"El buscador de residencias de la 3\u00aa edad\",\"potentialAction\":[{\"@type\":\"SearchAction\",\"target\":{\"@type\":\"EntryPoint\",\"urlTemplate\":\"https:\/\/www.inforesidencias.com\/blog\/?s={search_term_string}\"},\"query-input\":\"required name=search_term_string\"}],\"inLanguage\":\"es\"},{\"@type\":\"Person\",\"@id\":\"https:\/\/www.inforesidencias.com\/blog\/#\/schema\/person\/9e146774d1eb3bc1c0316242a3898628\",\"name\":\"Josep de Mart\u00ed\",\"image\":{\"@type\":\"ImageObject\",\"inLanguage\":\"es\",\"@id\":\"https:\/\/www.inforesidencias.com\/blog\/#\/schema\/person\/image\/\",\"url\":\"https:\/\/secure.gravatar.com\/avatar\/de0302c4806c00c4cebff396a798c1ff?s=96&d=mm&r=g\",\"contentUrl\":\"https:\/\/secure.gravatar.com\/avatar\/de0302c4806c00c4cebff396a798c1ff?s=96&d=mm&r=g\",\"caption\":\"Josep de Mart\u00ed\"},\"sameAs\":[\"https:\/\/www.inforesidencias.com\",\"https:\/\/www.facebook.com\/josep.demarti\",\"https:\/\/twitter.com\/blog-ir\"],\"url\":\"https:\/\/www.inforesidencias.com\/blog\/index.php\/author\/josepdemarti\/\"}]}<\/script>\n<!-- \/ Yoast SEO plugin. -->","yoast_head_json":{"title":"Confesiones. Un relato corto de Susana Sierra - Blog Inforesidencias.com","description":"Una anciana realiza confesiones a unas amigas","robots":{"index":"index","follow":"follow","max-snippet":"max-snippet:-1","max-image-preview":"max-image-preview:large","max-video-preview":"max-video-preview:-1"},"canonical":"https:\/\/www.inforesidencias.com\/blog\/index.php\/2018\/01\/31\/confesiones-un-relato-corto-de-susana-sierra\/","og_locale":"es_ES","og_type":"article","og_title":"Confesiones. Un relato corto de Susana Sierra - Blog Inforesidencias.com","og_description":"Una anciana realiza confesiones a unas amigas","og_url":"https:\/\/www.inforesidencias.com\/blog\/index.php\/2018\/01\/31\/confesiones-un-relato-corto-de-susana-sierra\/","og_site_name":"Blog Inforesidencias.com","article_publisher":"https:\/\/www.facebook.com\/Inforesidencias\/","article_author":"https:\/\/www.facebook.com\/josep.demarti","article_published_time":"2018-01-31T09:33:19+00:00","article_modified_time":"2018-01-19T10:40:09+00:00","og_image":[{"url":"https:\/\/www.inforesidencias.com\/blog\/wp-content\/uploads\/2018\/01\/ancianas-jugando-cartas.jpg"}],"author":"Josep de Mart\u00ed","twitter_card":"summary_large_image","twitter_creator":"@blog-ir","twitter_site":"@inforesidencias","twitter_misc":{"Escrito por":"Josep de Mart\u00ed","Tiempo de lectura":"7 minutos"},"schema":{"@context":"https:\/\/schema.org","@graph":[{"@type":"WebPage","@id":"https:\/\/www.inforesidencias.com\/blog\/index.php\/2018\/01\/31\/confesiones-un-relato-corto-de-susana-sierra\/","url":"https:\/\/www.inforesidencias.com\/blog\/index.php\/2018\/01\/31\/confesiones-un-relato-corto-de-susana-sierra\/","name":"Confesiones. Un relato corto de Susana Sierra - Blog Inforesidencias.com","isPartOf":{"@id":"https:\/\/www.inforesidencias.com\/blog\/#website"},"datePublished":"2018-01-31T09:33:19+00:00","dateModified":"2018-01-19T10:40:09+00:00","author":{"@id":"https:\/\/www.inforesidencias.com\/blog\/#\/schema\/person\/9e146774d1eb3bc1c0316242a3898628"},"description":"Una anciana realiza confesiones a unas amigas","breadcrumb":{"@id":"https:\/\/www.inforesidencias.com\/blog\/index.php\/2018\/01\/31\/confesiones-un-relato-corto-de-susana-sierra\/#breadcrumb"},"inLanguage":"es","potentialAction":[{"@type":"ReadAction","target":["https:\/\/www.inforesidencias.com\/blog\/index.php\/2018\/01\/31\/confesiones-un-relato-corto-de-susana-sierra\/"]}]},{"@type":"BreadcrumbList","@id":"https:\/\/www.inforesidencias.com\/blog\/index.php\/2018\/01\/31\/confesiones-un-relato-corto-de-susana-sierra\/#breadcrumb","itemListElement":[{"@type":"ListItem","position":1,"name":"Home","item":"https:\/\/www.inforesidencias.com\/blog\/"},{"@type":"ListItem","position":2,"name":"Confesiones. Un relato corto de Susana Sierra"}]},{"@type":"WebSite","@id":"https:\/\/www.inforesidencias.com\/blog\/#website","url":"https:\/\/www.inforesidencias.com\/blog\/","name":"Blog Inforesidencias.com","description":"El buscador de residencias de la 3\u00aa edad","potentialAction":[{"@type":"SearchAction","target":{"@type":"EntryPoint","urlTemplate":"https:\/\/www.inforesidencias.com\/blog\/?s={search_term_string}"},"query-input":"required name=search_term_string"}],"inLanguage":"es"},{"@type":"Person","@id":"https:\/\/www.inforesidencias.com\/blog\/#\/schema\/person\/9e146774d1eb3bc1c0316242a3898628","name":"Josep de Mart\u00ed","image":{"@type":"ImageObject","inLanguage":"es","@id":"https:\/\/www.inforesidencias.com\/blog\/#\/schema\/person\/image\/","url":"https:\/\/secure.gravatar.com\/avatar\/de0302c4806c00c4cebff396a798c1ff?s=96&d=mm&r=g","contentUrl":"https:\/\/secure.gravatar.com\/avatar\/de0302c4806c00c4cebff396a798c1ff?s=96&d=mm&r=g","caption":"Josep de Mart\u00ed"},"sameAs":["https:\/\/www.inforesidencias.com","https:\/\/www.facebook.com\/josep.demarti","https:\/\/twitter.com\/blog-ir"],"url":"https:\/\/www.inforesidencias.com\/blog\/index.php\/author\/josepdemarti\/"}]}},"_links":{"self":[{"href":"https:\/\/www.inforesidencias.com\/blog\/index.php\/wp-json\/wp\/v2\/posts\/1376"}],"collection":[{"href":"https:\/\/www.inforesidencias.com\/blog\/index.php\/wp-json\/wp\/v2\/posts"}],"about":[{"href":"https:\/\/www.inforesidencias.com\/blog\/index.php\/wp-json\/wp\/v2\/types\/post"}],"author":[{"embeddable":true,"href":"https:\/\/www.inforesidencias.com\/blog\/index.php\/wp-json\/wp\/v2\/users\/2"}],"replies":[{"embeddable":true,"href":"https:\/\/www.inforesidencias.com\/blog\/index.php\/wp-json\/wp\/v2\/comments?post=1376"}],"version-history":[{"count":1,"href":"https:\/\/www.inforesidencias.com\/blog\/index.php\/wp-json\/wp\/v2\/posts\/1376\/revisions"}],"predecessor-version":[{"id":1378,"href":"https:\/\/www.inforesidencias.com\/blog\/index.php\/wp-json\/wp\/v2\/posts\/1376\/revisions\/1378"}],"wp:attachment":[{"href":"https:\/\/www.inforesidencias.com\/blog\/index.php\/wp-json\/wp\/v2\/media?parent=1376"}],"wp:term":[{"taxonomy":"category","embeddable":true,"href":"https:\/\/www.inforesidencias.com\/blog\/index.php\/wp-json\/wp\/v2\/categories?post=1376"},{"taxonomy":"post_tag","embeddable":true,"href":"https:\/\/www.inforesidencias.com\/blog\/index.php\/wp-json\/wp\/v2\/tags?post=1376"}],"curies":[{"name":"wp","href":"https:\/\/api.w.org\/{rel}","templated":true}]}}