{"id":1384,"date":"2018-02-27T09:02:39","date_gmt":"2018-02-27T09:02:39","guid":{"rendered":"https:\/\/www.inforesidencias.com\/blog\/?p=1384"},"modified":"2018-02-21T09:26:12","modified_gmt":"2018-02-21T09:26:12","slug":"marihuana-terapeutica-en-la-tercera-edad","status":"publish","type":"post","link":"https:\/\/www.inforesidencias.com\/blog\/index.php\/2018\/02\/27\/marihuana-terapeutica-en-la-tercera-edad\/","title":{"rendered":"marihuana terapeutica en la tercera edad"},"content":{"rendered":"<p>Hablar del uso de drogas siempre causa cierta pol\u00e9mica. Se suele dividir el tema en drogas legales o ilegales, duras o blandas y terap\u00e9uticas o recreativas. Seg\u00fan se enfoque desde un \u00e1ngulo u otro, las reivindicaciones o las peticiones de restricci\u00f3n de uso var\u00edan. Quiz\u00e1, como muchas de las cuestiones pol\u00e9micas que afectan a las decisiones de las personas, a su salud o a su autonom\u00eda, el fallo est\u00e9 en abordarlo solo desde un punto de vista, y sea necesario un enfoque plural que, si bien es m\u00e1s complejo de analizar y gestionar, con seguridad ser\u00e1 m\u00e1s rico y acertado.<\/p>\n<p>Tenemos claras las drogas ilegales, pero no contemplamos como drogas legales las que m\u00e1s usamos todos y que tenemos en nuestras casa, algunos medicamentos, que van desde afecciones f\u00edsicas a <a href=\"http:\/\/periodico.inforesidencias.com\/noticia\/1325\/opinion\/alzheimer-chocolate-y-marihuana.html\">trastornos del \u00e1nimo o deterioro cognitivo<\/a>. Por esa raz\u00f3n, se hace necesario ampliar el foco y, sobre todo, ampliar la mente y ver con perspectiva el uso o abuso de sustancias catalogadas como legales o ilegales. Una de ellas est\u00e1 bailando entre si se admite o no socialmente y recomienda en unos casos y proscribe en otros. Se trata de la marihuana o cannabis. Vamos a enfocarlo desde el punto de vista de las personas mayores y de c\u00f3mo su uso puede afectar para bien o para mal su salud o su manera de afrontar el envejecimiento y su inevitable deterioro.<\/p>\n<div id=\"attachment_1396\" style=\"width: 410px\" class=\"wp-caption alignleft\"><a href=\"https:\/\/www.inforesidencias.com\/blog\/wp-content\/uploads\/2018\/01\/bb-1-1024x682.jpg\"><img aria-describedby=\"caption-attachment-1396\" decoding=\"async\" loading=\"lazy\" class=\"size-full wp-image-1396\" src=\"https:\/\/www.inforesidencias.com\/blog\/wp-content\/uploads\/2018\/01\/bb-1-1024x682.jpg\" alt=\"la marihuana terap\u00e9utica. Sus pros y sus contras\" width=\"400\" height=\"266\" \/><\/a><p id=\"caption-attachment-1396\" class=\"wp-caption-text\">la marihuana terap\u00e9utica. Sus pros y sus contras<\/p><\/div>\n<p>No hay datos concluyentes, aunque algunos estudios se\u00f1alan que en mayores de 65 a\u00f1os es limitado, aunque va en aumento. En Estados Unidos, a personas mayores con dolencias cr\u00f3nicas como neuropat\u00edas o artritis, la administraci\u00f3n de aceite de cannabis en p\u00edldoras supone una mejora de los s\u00edntomas, es decir, un notable alivio del dolor y es una alternativa a los analg\u00e9sicos tradicionales como la morfina. La marihuana est\u00e1 prohibida por la ley federal estadounidense, pero fue legalizada para uso terap\u00e9utico en 29 estados en los que se puede adquirir legalmente con ese fin. Seg\u00fan los datos de las persona consumidoras y de sus doctores, la marihuana es menos adictiva y tiene menos efectos colaterales, o incluso son efectos colaterales beneficiosos, como el aumento del apetito en personas con enfermedades como el c\u00e1ncer o la sensaci\u00f3n de bienestar que puede ser fundamental en enfermos cr\u00f3nicos, circunstancia que provoca depresiones y alteraciones graves del \u00e1nimo. Se puede considerar que su uso es, en estos casos, medicinal.<\/p>\n<p>Este uso se topa en muchos lugares con dificultades para obtener el producto por cauces legales, hecho que provoca dudas sobre su calidad y seguridad y, por otra parte, con la resistencia de instituciones, administraciones y facultativos. Se cruzan, en efecto, varios debates. Uno es el de si se debe o no permitir el uso de una sustancia que, bajo control m\u00e9dico, redunda en una mejor calidad de vida de los pacientes de edad avanzada. Otro tema no menos importante es el de la autodeterminaci\u00f3n de las personas, si alguien quiere consumir marihuana y tiene acceso, no se olvide que en Espa\u00f1a est\u00e1 penado su cultivo para comerciar, \u2014no para consumo propio\u2014, independientemente de que su uso sea terap\u00e9utico o recreativo (esto tambi\u00e9n es otro debate, pues que sea recreativo, en ocasiones, es muy terap\u00e9utico), \u00bfdebemos censurarlo o prohibirlo porque el consumidor es octogenario? Cierto es que, aunque es ha investigado mucho sobre el cannabis y los efectos de su consumo, no hay muchos estudios que se refieran de manera espec\u00edfica alas consecuencias que tiene en la tercera edad. Sin embargo, en Estados Unidos se ha abierto el Centro para la Investigaci\u00f3n del Cannabis Medicinal (CMCR) en la Universidad de California en San Diego, en la Rep\u00fablica Checa se han iniciado estudios y en pa\u00edses como Israel las personas mayores se tratan tratadas con marihuana medicinal durante a\u00f1os.<\/p>\n<p>Las evidencias cient\u00edficas demuestran la eficacia de la marihuana en del dolor neurop\u00e1tico, espasmos musculares severos asociados con la esclerosis m\u00faltiple, p\u00e9rdida de peso no intencional y el v\u00f3mito y la n\u00e1usea provocados por la quimioterapia. Tambi\u00e9n estudios que se\u00f1alan que ayuda a personas con alzh\u00e9imer y otras demencias o con p\u00e1rkinson. Lo que se apunta desde el CMCR es que de lo que se trata es de la dosis, pues la que es segura para una persona de 40 a\u00f1os de edad, puede que no lo sea para una de 80. Tambi\u00e9n se se\u00f1ala que lo mismo que los somn\u00edferos o analg\u00e9sicos pueden tener efectos indeseados en las personas mayores, tambi\u00e9n al cannabis podr\u00eda causar confusi\u00f3n y mareo, con lo que se eleva el riesgo de ca\u00eddas.<\/p>\n<p>Es decir, los dos tipos de terapias, tienen consecuencias, que es probable que no difieran tanto entre s\u00ed. Tambi\u00e9n hay centros m\u00e9dicos que apuntan que no hay evidencias claras de que la marihuana sea especialmente \u00fatil para las personas mayores, y que puede haber razones para pensar que pudiera ser perjudicial. En definitiva, que no tienen las cosas del todo claras, pero se decantan por una postura restrictiva. Twitear En todo caso, y esto deber\u00eda llevar a una reflexi\u00f3n, en las residencias para mayores de Estados Unidos se practica la pol\u00edtica de \u00abno ver, no preguntar, no comentar\u00bb, es decir, si los residentes consumen cannabis, lo hacen a nivel particular, no forma parte de su plan de cuidado y, adem\u00e1s, es una pr\u00e1ctica que se hace de manera discreta. No deja de ser una situaci\u00f3n de cierta hipocres\u00eda, a la que se une cierto temor por parte de los gerentes de las compa\u00f1\u00edas de residencias de mayores, que esgrimen que quien administre estar\u00e1 terapias puede ser penalizados por tr\u00e1fico de estupefacientes en alg\u00fan estado, hecho que no ha ocurrido seg\u00fan datos oficiales de los programas sociosanitarios Medicare y Medicaid. No es un debate f\u00e1cil, pues se mezclan conceptos m\u00e9dicos con ideolog\u00edas,creencias, tab\u00fas o derechos.<\/p>\n<p>Pero como todos los debates que implican decisiones y derechos, es necesario afrontarlo sin prejuicios ni ideas inamovibles, pues seguramente todas las posturas tienen una parte de raz\u00f3n. En Espa\u00f1a no se habla mucho del tema, salvo en foros m\u00e9dicos o de cultivadores, sin embargo es importante. Invitamos a los lectores de este blog a dar su opini\u00f3n y participar con su punto de vista.<\/p>\n<p>Y como final l\u00fadico proponemos ver la maravillosa pel\u00edcula inglesa El jard\u00edn de la alegr\u00eda, galardonada con el premio del p\u00fablico del festival de Sundance y la francesa El postre de la alegr\u00eda, que cuenta en el reparto con Carmen Maura, dos comedias llenas de comprensi\u00f3n y ternura hacia la tercera edad y sus \u00abtrapicheos\u00bb con el cannabis.<\/p>\n","protected":false},"excerpt":{"rendered":"<p>Hablar del uso de drogas siempre causa cierta pol\u00e9mica. Se suele dividir el tema en drogas legales o ilegales, duras o blandas y terap\u00e9uticas o recreativas. Seg\u00fan se enfoque desde un \u00e1ngulo u otro, las reivindicaciones o las peticiones de restricci\u00f3n de uso var\u00edan. Quiz\u00e1, como muchas de las cuestiones pol\u00e9micas que afectan a las decisiones de las personas, a su salud o a su autonom\u00eda, el fallo est\u00e9 en abordarlo solo desde un punto de vista, y sea necesario un enfoque plural que, si bien es m\u00e1s complejo de analizar y gestionar, con seguridad ser\u00e1 m\u00e1s rico y acertado. Tenemos claras las drogas ilegales, pero no contemplamos como drogas legales las que m\u00e1s usamos todos y que tenemos en nuestras casa, algunos medicamentos, que van desde afecciones f\u00edsicas a trastornos del \u00e1nimo o deterioro cognitivo. Por esa raz\u00f3n, se hace necesario ampliar el foco y, sobre todo, ampliar la [&hellip;]<\/p>\n","protected":false},"author":2,"featured_media":1396,"comment_status":"open","ping_status":"open","sticky":false,"template":"","format":"standard","meta":{"footnotes":""},"categories":[1],"tags":[],"yoast_head":"<!-- This site is optimized with the Yoast SEO plugin v21.7 - https:\/\/yoast.com\/wordpress\/plugins\/seo\/ -->\n<title>marihuana terapeutica en la tercera edad - Blog Inforesidencias.com<\/title>\n<meta name=\"description\" content=\"la marihuana, aunque sea para uso terap\u00e9utico sigue siendo un tema tab\u00fa, y m\u00e1s si lo consumen personas mayores\" \/>\n<meta name=\"robots\" content=\"index, follow, max-snippet:-1, max-image-preview:large, max-video-preview:-1\" \/>\n<link rel=\"canonical\" href=\"https:\/\/www.inforesidencias.com\/blog\/index.php\/2018\/02\/27\/marihuana-terapeutica-en-la-tercera-edad\/\" \/>\n<meta property=\"og:locale\" content=\"es_ES\" \/>\n<meta property=\"og:type\" content=\"article\" \/>\n<meta property=\"og:title\" content=\"marihuana terapeutica en la tercera edad - Blog Inforesidencias.com\" \/>\n<meta property=\"og:description\" content=\"la marihuana, aunque sea para uso terap\u00e9utico sigue siendo un tema tab\u00fa, y m\u00e1s si lo consumen personas mayores\" \/>\n<meta property=\"og:url\" content=\"https:\/\/www.inforesidencias.com\/blog\/index.php\/2018\/02\/27\/marihuana-terapeutica-en-la-tercera-edad\/\" \/>\n<meta property=\"og:site_name\" content=\"Blog Inforesidencias.com\" \/>\n<meta property=\"article:publisher\" content=\"https:\/\/www.facebook.com\/Inforesidencias\/\" \/>\n<meta property=\"article:author\" content=\"https:\/\/www.facebook.com\/josep.demarti\" \/>\n<meta property=\"article:published_time\" content=\"2018-02-27T09:02:39+00:00\" \/>\n<meta property=\"article:modified_time\" content=\"2018-02-21T09:26:12+00:00\" \/>\n<meta property=\"og:image\" content=\"https:\/\/www.inforesidencias.com\/blog\/wp-content\/uploads\/2018\/01\/bb-1-1024x682.jpg\" \/>\n\t<meta property=\"og:image:width\" content=\"400\" \/>\n\t<meta property=\"og:image:height\" content=\"266\" \/>\n\t<meta property=\"og:image:type\" content=\"image\/jpeg\" \/>\n<meta name=\"author\" content=\"Josep de Mart\u00ed\" \/>\n<meta name=\"twitter:card\" content=\"summary_large_image\" \/>\n<meta name=\"twitter:creator\" content=\"@blog-ir\" \/>\n<meta name=\"twitter:site\" content=\"@inforesidencias\" \/>\n<meta name=\"twitter:label1\" content=\"Escrito por\" \/>\n\t<meta name=\"twitter:data1\" content=\"Josep de Mart\u00ed\" \/>\n\t<meta name=\"twitter:label2\" content=\"Tiempo de lectura\" \/>\n\t<meta name=\"twitter:data2\" content=\"6 minutos\" \/>\n<script type=\"application\/ld+json\" class=\"yoast-schema-graph\">{\"@context\":\"https:\/\/schema.org\",\"@graph\":[{\"@type\":\"WebPage\",\"@id\":\"https:\/\/www.inforesidencias.com\/blog\/index.php\/2018\/02\/27\/marihuana-terapeutica-en-la-tercera-edad\/\",\"url\":\"https:\/\/www.inforesidencias.com\/blog\/index.php\/2018\/02\/27\/marihuana-terapeutica-en-la-tercera-edad\/\",\"name\":\"marihuana terapeutica en la tercera edad - Blog Inforesidencias.com\",\"isPartOf\":{\"@id\":\"https:\/\/www.inforesidencias.com\/blog\/#website\"},\"datePublished\":\"2018-02-27T09:02:39+00:00\",\"dateModified\":\"2018-02-21T09:26:12+00:00\",\"author\":{\"@id\":\"https:\/\/www.inforesidencias.com\/blog\/#\/schema\/person\/9e146774d1eb3bc1c0316242a3898628\"},\"description\":\"la marihuana, aunque sea para uso terap\u00e9utico sigue siendo un tema tab\u00fa, y m\u00e1s si lo consumen personas mayores\",\"breadcrumb\":{\"@id\":\"https:\/\/www.inforesidencias.com\/blog\/index.php\/2018\/02\/27\/marihuana-terapeutica-en-la-tercera-edad\/#breadcrumb\"},\"inLanguage\":\"es\",\"potentialAction\":[{\"@type\":\"ReadAction\",\"target\":[\"https:\/\/www.inforesidencias.com\/blog\/index.php\/2018\/02\/27\/marihuana-terapeutica-en-la-tercera-edad\/\"]}]},{\"@type\":\"BreadcrumbList\",\"@id\":\"https:\/\/www.inforesidencias.com\/blog\/index.php\/2018\/02\/27\/marihuana-terapeutica-en-la-tercera-edad\/#breadcrumb\",\"itemListElement\":[{\"@type\":\"ListItem\",\"position\":1,\"name\":\"Home\",\"item\":\"https:\/\/www.inforesidencias.com\/blog\/\"},{\"@type\":\"ListItem\",\"position\":2,\"name\":\"marihuana terapeutica en la tercera edad\"}]},{\"@type\":\"WebSite\",\"@id\":\"https:\/\/www.inforesidencias.com\/blog\/#website\",\"url\":\"https:\/\/www.inforesidencias.com\/blog\/\",\"name\":\"Blog Inforesidencias.com\",\"description\":\"El buscador de residencias de la 3\u00aa edad\",\"potentialAction\":[{\"@type\":\"SearchAction\",\"target\":{\"@type\":\"EntryPoint\",\"urlTemplate\":\"https:\/\/www.inforesidencias.com\/blog\/?s={search_term_string}\"},\"query-input\":\"required name=search_term_string\"}],\"inLanguage\":\"es\"},{\"@type\":\"Person\",\"@id\":\"https:\/\/www.inforesidencias.com\/blog\/#\/schema\/person\/9e146774d1eb3bc1c0316242a3898628\",\"name\":\"Josep de Mart\u00ed\",\"image\":{\"@type\":\"ImageObject\",\"inLanguage\":\"es\",\"@id\":\"https:\/\/www.inforesidencias.com\/blog\/#\/schema\/person\/image\/\",\"url\":\"https:\/\/secure.gravatar.com\/avatar\/de0302c4806c00c4cebff396a798c1ff?s=96&d=mm&r=g\",\"contentUrl\":\"https:\/\/secure.gravatar.com\/avatar\/de0302c4806c00c4cebff396a798c1ff?s=96&d=mm&r=g\",\"caption\":\"Josep de Mart\u00ed\"},\"sameAs\":[\"https:\/\/www.inforesidencias.com\",\"https:\/\/www.facebook.com\/josep.demarti\",\"https:\/\/twitter.com\/blog-ir\"],\"url\":\"https:\/\/www.inforesidencias.com\/blog\/index.php\/author\/josepdemarti\/\"}]}<\/script>\n<!-- \/ Yoast SEO plugin. -->","yoast_head_json":{"title":"marihuana terapeutica en la tercera edad - Blog Inforesidencias.com","description":"la marihuana, aunque sea para uso terap\u00e9utico sigue siendo un tema tab\u00fa, y m\u00e1s si lo consumen personas mayores","robots":{"index":"index","follow":"follow","max-snippet":"max-snippet:-1","max-image-preview":"max-image-preview:large","max-video-preview":"max-video-preview:-1"},"canonical":"https:\/\/www.inforesidencias.com\/blog\/index.php\/2018\/02\/27\/marihuana-terapeutica-en-la-tercera-edad\/","og_locale":"es_ES","og_type":"article","og_title":"marihuana terapeutica en la tercera edad - Blog Inforesidencias.com","og_description":"la marihuana, aunque sea para uso terap\u00e9utico sigue siendo un tema tab\u00fa, y m\u00e1s si lo consumen personas mayores","og_url":"https:\/\/www.inforesidencias.com\/blog\/index.php\/2018\/02\/27\/marihuana-terapeutica-en-la-tercera-edad\/","og_site_name":"Blog Inforesidencias.com","article_publisher":"https:\/\/www.facebook.com\/Inforesidencias\/","article_author":"https:\/\/www.facebook.com\/josep.demarti","article_published_time":"2018-02-27T09:02:39+00:00","article_modified_time":"2018-02-21T09:26:12+00:00","og_image":[{"width":400,"height":266,"url":"https:\/\/www.inforesidencias.com\/blog\/wp-content\/uploads\/2018\/01\/bb-1-1024x682.jpg","type":"image\/jpeg"}],"author":"Josep de Mart\u00ed","twitter_card":"summary_large_image","twitter_creator":"@blog-ir","twitter_site":"@inforesidencias","twitter_misc":{"Escrito por":"Josep de Mart\u00ed","Tiempo de lectura":"6 minutos"},"schema":{"@context":"https:\/\/schema.org","@graph":[{"@type":"WebPage","@id":"https:\/\/www.inforesidencias.com\/blog\/index.php\/2018\/02\/27\/marihuana-terapeutica-en-la-tercera-edad\/","url":"https:\/\/www.inforesidencias.com\/blog\/index.php\/2018\/02\/27\/marihuana-terapeutica-en-la-tercera-edad\/","name":"marihuana terapeutica en la tercera edad - Blog Inforesidencias.com","isPartOf":{"@id":"https:\/\/www.inforesidencias.com\/blog\/#website"},"datePublished":"2018-02-27T09:02:39+00:00","dateModified":"2018-02-21T09:26:12+00:00","author":{"@id":"https:\/\/www.inforesidencias.com\/blog\/#\/schema\/person\/9e146774d1eb3bc1c0316242a3898628"},"description":"la marihuana, aunque sea para uso terap\u00e9utico sigue siendo un tema tab\u00fa, y m\u00e1s si lo consumen personas mayores","breadcrumb":{"@id":"https:\/\/www.inforesidencias.com\/blog\/index.php\/2018\/02\/27\/marihuana-terapeutica-en-la-tercera-edad\/#breadcrumb"},"inLanguage":"es","potentialAction":[{"@type":"ReadAction","target":["https:\/\/www.inforesidencias.com\/blog\/index.php\/2018\/02\/27\/marihuana-terapeutica-en-la-tercera-edad\/"]}]},{"@type":"BreadcrumbList","@id":"https:\/\/www.inforesidencias.com\/blog\/index.php\/2018\/02\/27\/marihuana-terapeutica-en-la-tercera-edad\/#breadcrumb","itemListElement":[{"@type":"ListItem","position":1,"name":"Home","item":"https:\/\/www.inforesidencias.com\/blog\/"},{"@type":"ListItem","position":2,"name":"marihuana terapeutica en la tercera edad"}]},{"@type":"WebSite","@id":"https:\/\/www.inforesidencias.com\/blog\/#website","url":"https:\/\/www.inforesidencias.com\/blog\/","name":"Blog Inforesidencias.com","description":"El buscador de residencias de la 3\u00aa edad","potentialAction":[{"@type":"SearchAction","target":{"@type":"EntryPoint","urlTemplate":"https:\/\/www.inforesidencias.com\/blog\/?s={search_term_string}"},"query-input":"required name=search_term_string"}],"inLanguage":"es"},{"@type":"Person","@id":"https:\/\/www.inforesidencias.com\/blog\/#\/schema\/person\/9e146774d1eb3bc1c0316242a3898628","name":"Josep de Mart\u00ed","image":{"@type":"ImageObject","inLanguage":"es","@id":"https:\/\/www.inforesidencias.com\/blog\/#\/schema\/person\/image\/","url":"https:\/\/secure.gravatar.com\/avatar\/de0302c4806c00c4cebff396a798c1ff?s=96&d=mm&r=g","contentUrl":"https:\/\/secure.gravatar.com\/avatar\/de0302c4806c00c4cebff396a798c1ff?s=96&d=mm&r=g","caption":"Josep de Mart\u00ed"},"sameAs":["https:\/\/www.inforesidencias.com","https:\/\/www.facebook.com\/josep.demarti","https:\/\/twitter.com\/blog-ir"],"url":"https:\/\/www.inforesidencias.com\/blog\/index.php\/author\/josepdemarti\/"}]}},"_links":{"self":[{"href":"https:\/\/www.inforesidencias.com\/blog\/index.php\/wp-json\/wp\/v2\/posts\/1384"}],"collection":[{"href":"https:\/\/www.inforesidencias.com\/blog\/index.php\/wp-json\/wp\/v2\/posts"}],"about":[{"href":"https:\/\/www.inforesidencias.com\/blog\/index.php\/wp-json\/wp\/v2\/types\/post"}],"author":[{"embeddable":true,"href":"https:\/\/www.inforesidencias.com\/blog\/index.php\/wp-json\/wp\/v2\/users\/2"}],"replies":[{"embeddable":true,"href":"https:\/\/www.inforesidencias.com\/blog\/index.php\/wp-json\/wp\/v2\/comments?post=1384"}],"version-history":[{"count":5,"href":"https:\/\/www.inforesidencias.com\/blog\/index.php\/wp-json\/wp\/v2\/posts\/1384\/revisions"}],"predecessor-version":[{"id":1399,"href":"https:\/\/www.inforesidencias.com\/blog\/index.php\/wp-json\/wp\/v2\/posts\/1384\/revisions\/1399"}],"wp:featuredmedia":[{"embeddable":true,"href":"https:\/\/www.inforesidencias.com\/blog\/index.php\/wp-json\/wp\/v2\/media\/1396"}],"wp:attachment":[{"href":"https:\/\/www.inforesidencias.com\/blog\/index.php\/wp-json\/wp\/v2\/media?parent=1384"}],"wp:term":[{"taxonomy":"category","embeddable":true,"href":"https:\/\/www.inforesidencias.com\/blog\/index.php\/wp-json\/wp\/v2\/categories?post=1384"},{"taxonomy":"post_tag","embeddable":true,"href":"https:\/\/www.inforesidencias.com\/blog\/index.php\/wp-json\/wp\/v2\/tags?post=1384"}],"curies":[{"name":"wp","href":"https:\/\/api.w.org\/{rel}","templated":true}]}}