{"id":140,"date":"2015-02-06T09:53:39","date_gmt":"2015-02-06T08:53:39","guid":{"rendered":"https:\/\/inforesidencias.wordpress.com\/?p=138"},"modified":"2015-07-20T15:36:35","modified_gmt":"2015-07-20T15:36:35","slug":"la-importancia-del-medico-geriatra-en-la-atencion-a-personas-mayores","status":"publish","type":"post","link":"https:\/\/www.inforesidencias.com\/blog\/index.php\/2015\/02\/06\/la-importancia-del-medico-geriatra-en-la-atencion-a-personas-mayores\/","title":{"rendered":"La importancia del m\u00e9dico geriatra en la atenci\u00f3n a personas mayores en residencias geri\u00e1tricas"},"content":{"rendered":"<p><a href=\"https:\/\/envejecimientoenred.wordpress.com\/2014\/02\/05\/la-importancia-del-medico-geriatra-en-la-atencion-a-personas-mayores\/\">La importancia del m\u00e9dico geriatra en la atenci\u00f3n a personas mayores<\/a>\u00a0(geri\u00e1tricas).<\/p>\n<p>Este documento sobre residencias aparecido en la web Envejecimiento En Red me parece un texto muy recomendable para todos aqu\u00e9llos que trabajan en el \u00e1mbito de la atenci\u00f3n a personas mayores en <a title=\"residencias de ancianos\" href=\"https:\/\/www.inforesidencias.ocm\" target=\"_blank\">residencias de tercera edad<\/a>, centros sociosanitarios o en la sanidad<\/p>\n<p>Adem\u00e1s de los aspectos m\u00e1s obvios, tal como leemos en <a href=\"https:\/\/envejecimientoenred.wordpress.com\/2014\/02\/05\/la-importancia-del-medico-geriatra-en-la-atencion-a-personas-mayores\/\">Envejecimiento en red<\/a>: <em>Cada vez son m\u00e1s relevantes los aspectos que tienen en consideraci\u00f3n la\u00a0<b>seguridad asistencial<\/b>, especialmente en el grupo de poblaci\u00f3n m\u00e1s vulnerable, siendo de inter\u00e9s disponer de procedimientos en cuanto a detecci\u00f3n, valoraci\u00f3n e intervenci\u00f3n en ca\u00eddas y trastornos de la marcha, en el uso adecuado de medicamentos y la prevenci\u00f3n de reacciones adversas a medicamentos que constituye la cuarta causa de muerte en los ancianos frecuentemente prevenibles, y a nivel hospitalario o institucional en programas de control de infecciones nosocomiales.<\/em><\/p>\n<p>Para quien est\u00e9 interesando en el trabajo conjunto de m\u00e9dico y enfermer\u00eda geri\u00e1tricas en residencias de ancianos recomendamos el estudio\u00a0<a href=\"\/\/\/Users\/josepdemarti\/Downloads\/Dialnet-AtencionSanitariaYDeEnfermeriaEnLasResidenciasDeMa-3262812.pdf\">Atenci\u00f3n sanitaria y de enfermer\u00eda en las residencias de mayores de Gipuzkoa<\/a>. \u00a0Esto es s\u00f3lo un peque\u00f1o fragmento<\/p>\n<p><em>Como responsable de atenci\u00f3n sanitaria, en 33 residencias (62,3%) nos indicaron que quien asum\u00eda esa funci\u00f3n era la enfermera, mientras que en 5 (9,4%) lo hac\u00eda el m\u00e9dico, y en 11 (20,7%), la asum\u00edan de forma indistinta el m\u00e9dico o la enfermera. En cuatro residencias (7,5%) nos indicaron que otra figura profesional no sanitaria asum\u00eda la responsabilidad de la atenci\u00f3n sanitaria. Por su parte, la enfermera era la responsable del plan de cuidados en 48 residencias (90,5%), y en 5 (9,4%) lo eran otras figuras profesionales. En cuanto al plan de atenci\u00f3n individualizado (PAI), lo ten\u00edan dise\u00f1ado en 42 residencias (79,2%), y en 11 (20,7%), no. Respecto al reconocimiento y los sistemas de calidad, en 34 residencias (61,4%) se\u00f1alaban que ten\u00edan reconocimientos oficiales (EFQM, ISO), cuatro (7,5%) ten\u00edan un control de calidad propio de su grupo residencial y tres (5,6%) estaban pendientes de la certificaci\u00f3n ISO. Doce residencias (22,6%) nos indicaron que no ten\u00edan ning\u00fan reconocimiento de los sistemas de calidad oficiales. La implicaci\u00f3n y participaci\u00f3n en los sistemas de calidad de los profesionales sanitarios era escasa, sobre todo por parte de los m\u00e9dicos, que no se sent\u00edan implicados en 35 residencias y no participaban en 33; pero tambi\u00e9n por parte de las enfermeras, quienes no se sent\u00edan implicadas en 21 residencias y no participaban en 18.<\/em><\/p>\n","protected":false},"excerpt":{"rendered":"<p>La importancia del m\u00e9dico geriatra en la atenci\u00f3n a personas mayores\u00a0(geri\u00e1tricas). Este documento sobre residencias aparecido en la web Envejecimiento En Red me parece un texto muy recomendable para todos aqu\u00e9llos que trabajan en el \u00e1mbito de la atenci\u00f3n a personas mayores en residencias de tercera edad, centros sociosanitarios o en la sanidad Adem\u00e1s de los aspectos m\u00e1s obvios, tal como leemos en Envejecimiento en red: Cada vez son m\u00e1s relevantes los aspectos que tienen en consideraci\u00f3n la\u00a0seguridad asistencial, especialmente en el grupo de poblaci\u00f3n m\u00e1s vulnerable, siendo de inter\u00e9s disponer de procedimientos en cuanto a detecci\u00f3n, valoraci\u00f3n e intervenci\u00f3n en ca\u00eddas y trastornos de la marcha, en el uso adecuado de medicamentos y la prevenci\u00f3n de reacciones adversas a medicamentos que constituye la cuarta causa de muerte en los ancianos frecuentemente prevenibles, y a nivel hospitalario o institucional en programas de control de infecciones nosocomiales. Para quien est\u00e9 interesando [&hellip;]<\/p>\n","protected":false},"author":2,"featured_media":0,"comment_status":"open","ping_status":"open","sticky":false,"template":"","format":"standard","meta":{"footnotes":""},"categories":[1],"tags":[46,44,40,45,11],"yoast_head":"<!-- This site is optimized with the Yoast SEO plugin v21.7 - https:\/\/yoast.com\/wordpress\/plugins\/seo\/ -->\n<title>Importancia del m\u00e9dico en residencias geri\u00e1tricas<\/title>\n<meta name=\"description\" content=\"Documento explicativo sobre el m\u00e9dico en residencias de ancianos geri\u00e1tricas\" \/>\n<meta name=\"robots\" content=\"index, follow, max-snippet:-1, max-image-preview:large, max-video-preview:-1\" \/>\n<link rel=\"canonical\" href=\"https:\/\/www.inforesidencias.com\/blog\/index.php\/2015\/02\/06\/la-importancia-del-medico-geriatra-en-la-atencion-a-personas-mayores\/\" \/>\n<meta property=\"og:locale\" content=\"es_ES\" \/>\n<meta property=\"og:type\" content=\"article\" \/>\n<meta property=\"og:title\" content=\"Importancia del m\u00e9dico en residencias geri\u00e1tricas\" \/>\n<meta property=\"og:description\" content=\"Documento explicativo sobre el m\u00e9dico en residencias de ancianos geri\u00e1tricas\" \/>\n<meta property=\"og:url\" content=\"https:\/\/www.inforesidencias.com\/blog\/index.php\/2015\/02\/06\/la-importancia-del-medico-geriatra-en-la-atencion-a-personas-mayores\/\" \/>\n<meta property=\"og:site_name\" content=\"Blog Inforesidencias.com\" \/>\n<meta property=\"article:publisher\" content=\"https:\/\/www.facebook.com\/Inforesidencias\/\" \/>\n<meta property=\"article:author\" content=\"https:\/\/www.facebook.com\/josep.demarti\" \/>\n<meta property=\"article:published_time\" content=\"2015-02-06T08:53:39+00:00\" \/>\n<meta property=\"article:modified_time\" content=\"2015-07-20T15:36:35+00:00\" \/>\n<meta name=\"author\" content=\"Josep de Mart\u00ed\" \/>\n<meta name=\"twitter:card\" content=\"summary_large_image\" \/>\n<meta name=\"twitter:creator\" content=\"@blog-ir\" \/>\n<meta name=\"twitter:site\" content=\"@inforesidencias\" \/>\n<meta name=\"twitter:label1\" content=\"Escrito por\" \/>\n\t<meta name=\"twitter:data1\" content=\"Josep de Mart\u00ed\" \/>\n\t<meta name=\"twitter:label2\" content=\"Tiempo de lectura\" \/>\n\t<meta name=\"twitter:data2\" content=\"2 minutos\" \/>\n<script type=\"application\/ld+json\" class=\"yoast-schema-graph\">{\"@context\":\"https:\/\/schema.org\",\"@graph\":[{\"@type\":\"WebPage\",\"@id\":\"https:\/\/www.inforesidencias.com\/blog\/index.php\/2015\/02\/06\/la-importancia-del-medico-geriatra-en-la-atencion-a-personas-mayores\/\",\"url\":\"https:\/\/www.inforesidencias.com\/blog\/index.php\/2015\/02\/06\/la-importancia-del-medico-geriatra-en-la-atencion-a-personas-mayores\/\",\"name\":\"Importancia del m\u00e9dico en residencias geri\u00e1tricas\",\"isPartOf\":{\"@id\":\"https:\/\/www.inforesidencias.com\/blog\/#website\"},\"datePublished\":\"2015-02-06T08:53:39+00:00\",\"dateModified\":\"2015-07-20T15:36:35+00:00\",\"author\":{\"@id\":\"https:\/\/www.inforesidencias.com\/blog\/#\/schema\/person\/9e146774d1eb3bc1c0316242a3898628\"},\"description\":\"Documento explicativo sobre el m\u00e9dico en residencias de ancianos geri\u00e1tricas\",\"breadcrumb\":{\"@id\":\"https:\/\/www.inforesidencias.com\/blog\/index.php\/2015\/02\/06\/la-importancia-del-medico-geriatra-en-la-atencion-a-personas-mayores\/#breadcrumb\"},\"inLanguage\":\"es\",\"potentialAction\":[{\"@type\":\"ReadAction\",\"target\":[\"https:\/\/www.inforesidencias.com\/blog\/index.php\/2015\/02\/06\/la-importancia-del-medico-geriatra-en-la-atencion-a-personas-mayores\/\"]}]},{\"@type\":\"BreadcrumbList\",\"@id\":\"https:\/\/www.inforesidencias.com\/blog\/index.php\/2015\/02\/06\/la-importancia-del-medico-geriatra-en-la-atencion-a-personas-mayores\/#breadcrumb\",\"itemListElement\":[{\"@type\":\"ListItem\",\"position\":1,\"name\":\"Home\",\"item\":\"https:\/\/www.inforesidencias.com\/blog\/\"},{\"@type\":\"ListItem\",\"position\":2,\"name\":\"La importancia del m\u00e9dico geriatra en la atenci\u00f3n a personas mayores en residencias geri\u00e1tricas\"}]},{\"@type\":\"WebSite\",\"@id\":\"https:\/\/www.inforesidencias.com\/blog\/#website\",\"url\":\"https:\/\/www.inforesidencias.com\/blog\/\",\"name\":\"Blog Inforesidencias.com\",\"description\":\"El buscador de residencias de la 3\u00aa edad\",\"potentialAction\":[{\"@type\":\"SearchAction\",\"target\":{\"@type\":\"EntryPoint\",\"urlTemplate\":\"https:\/\/www.inforesidencias.com\/blog\/?s={search_term_string}\"},\"query-input\":\"required name=search_term_string\"}],\"inLanguage\":\"es\"},{\"@type\":\"Person\",\"@id\":\"https:\/\/www.inforesidencias.com\/blog\/#\/schema\/person\/9e146774d1eb3bc1c0316242a3898628\",\"name\":\"Josep de Mart\u00ed\",\"image\":{\"@type\":\"ImageObject\",\"inLanguage\":\"es\",\"@id\":\"https:\/\/www.inforesidencias.com\/blog\/#\/schema\/person\/image\/\",\"url\":\"https:\/\/secure.gravatar.com\/avatar\/de0302c4806c00c4cebff396a798c1ff?s=96&d=mm&r=g\",\"contentUrl\":\"https:\/\/secure.gravatar.com\/avatar\/de0302c4806c00c4cebff396a798c1ff?s=96&d=mm&r=g\",\"caption\":\"Josep de Mart\u00ed\"},\"sameAs\":[\"https:\/\/www.inforesidencias.com\",\"https:\/\/www.facebook.com\/josep.demarti\",\"https:\/\/twitter.com\/blog-ir\"],\"url\":\"https:\/\/www.inforesidencias.com\/blog\/index.php\/author\/josepdemarti\/\"}]}<\/script>\n<!-- \/ Yoast SEO plugin. -->","yoast_head_json":{"title":"Importancia del m\u00e9dico en residencias geri\u00e1tricas","description":"Documento explicativo sobre el m\u00e9dico en residencias de ancianos geri\u00e1tricas","robots":{"index":"index","follow":"follow","max-snippet":"max-snippet:-1","max-image-preview":"max-image-preview:large","max-video-preview":"max-video-preview:-1"},"canonical":"https:\/\/www.inforesidencias.com\/blog\/index.php\/2015\/02\/06\/la-importancia-del-medico-geriatra-en-la-atencion-a-personas-mayores\/","og_locale":"es_ES","og_type":"article","og_title":"Importancia del m\u00e9dico en residencias geri\u00e1tricas","og_description":"Documento explicativo sobre el m\u00e9dico en residencias de ancianos geri\u00e1tricas","og_url":"https:\/\/www.inforesidencias.com\/blog\/index.php\/2015\/02\/06\/la-importancia-del-medico-geriatra-en-la-atencion-a-personas-mayores\/","og_site_name":"Blog Inforesidencias.com","article_publisher":"https:\/\/www.facebook.com\/Inforesidencias\/","article_author":"https:\/\/www.facebook.com\/josep.demarti","article_published_time":"2015-02-06T08:53:39+00:00","article_modified_time":"2015-07-20T15:36:35+00:00","author":"Josep de Mart\u00ed","twitter_card":"summary_large_image","twitter_creator":"@blog-ir","twitter_site":"@inforesidencias","twitter_misc":{"Escrito por":"Josep de Mart\u00ed","Tiempo de lectura":"2 minutos"},"schema":{"@context":"https:\/\/schema.org","@graph":[{"@type":"WebPage","@id":"https:\/\/www.inforesidencias.com\/blog\/index.php\/2015\/02\/06\/la-importancia-del-medico-geriatra-en-la-atencion-a-personas-mayores\/","url":"https:\/\/www.inforesidencias.com\/blog\/index.php\/2015\/02\/06\/la-importancia-del-medico-geriatra-en-la-atencion-a-personas-mayores\/","name":"Importancia del m\u00e9dico en residencias geri\u00e1tricas","isPartOf":{"@id":"https:\/\/www.inforesidencias.com\/blog\/#website"},"datePublished":"2015-02-06T08:53:39+00:00","dateModified":"2015-07-20T15:36:35+00:00","author":{"@id":"https:\/\/www.inforesidencias.com\/blog\/#\/schema\/person\/9e146774d1eb3bc1c0316242a3898628"},"description":"Documento explicativo sobre el m\u00e9dico en residencias de ancianos geri\u00e1tricas","breadcrumb":{"@id":"https:\/\/www.inforesidencias.com\/blog\/index.php\/2015\/02\/06\/la-importancia-del-medico-geriatra-en-la-atencion-a-personas-mayores\/#breadcrumb"},"inLanguage":"es","potentialAction":[{"@type":"ReadAction","target":["https:\/\/www.inforesidencias.com\/blog\/index.php\/2015\/02\/06\/la-importancia-del-medico-geriatra-en-la-atencion-a-personas-mayores\/"]}]},{"@type":"BreadcrumbList","@id":"https:\/\/www.inforesidencias.com\/blog\/index.php\/2015\/02\/06\/la-importancia-del-medico-geriatra-en-la-atencion-a-personas-mayores\/#breadcrumb","itemListElement":[{"@type":"ListItem","position":1,"name":"Home","item":"https:\/\/www.inforesidencias.com\/blog\/"},{"@type":"ListItem","position":2,"name":"La importancia del m\u00e9dico geriatra en la atenci\u00f3n a personas mayores en residencias geri\u00e1tricas"}]},{"@type":"WebSite","@id":"https:\/\/www.inforesidencias.com\/blog\/#website","url":"https:\/\/www.inforesidencias.com\/blog\/","name":"Blog Inforesidencias.com","description":"El buscador de residencias de la 3\u00aa edad","potentialAction":[{"@type":"SearchAction","target":{"@type":"EntryPoint","urlTemplate":"https:\/\/www.inforesidencias.com\/blog\/?s={search_term_string}"},"query-input":"required name=search_term_string"}],"inLanguage":"es"},{"@type":"Person","@id":"https:\/\/www.inforesidencias.com\/blog\/#\/schema\/person\/9e146774d1eb3bc1c0316242a3898628","name":"Josep de Mart\u00ed","image":{"@type":"ImageObject","inLanguage":"es","@id":"https:\/\/www.inforesidencias.com\/blog\/#\/schema\/person\/image\/","url":"https:\/\/secure.gravatar.com\/avatar\/de0302c4806c00c4cebff396a798c1ff?s=96&d=mm&r=g","contentUrl":"https:\/\/secure.gravatar.com\/avatar\/de0302c4806c00c4cebff396a798c1ff?s=96&d=mm&r=g","caption":"Josep de Mart\u00ed"},"sameAs":["https:\/\/www.inforesidencias.com","https:\/\/www.facebook.com\/josep.demarti","https:\/\/twitter.com\/blog-ir"],"url":"https:\/\/www.inforesidencias.com\/blog\/index.php\/author\/josepdemarti\/"}]}},"_links":{"self":[{"href":"https:\/\/www.inforesidencias.com\/blog\/index.php\/wp-json\/wp\/v2\/posts\/140"}],"collection":[{"href":"https:\/\/www.inforesidencias.com\/blog\/index.php\/wp-json\/wp\/v2\/posts"}],"about":[{"href":"https:\/\/www.inforesidencias.com\/blog\/index.php\/wp-json\/wp\/v2\/types\/post"}],"author":[{"embeddable":true,"href":"https:\/\/www.inforesidencias.com\/blog\/index.php\/wp-json\/wp\/v2\/users\/2"}],"replies":[{"embeddable":true,"href":"https:\/\/www.inforesidencias.com\/blog\/index.php\/wp-json\/wp\/v2\/comments?post=140"}],"version-history":[{"count":6,"href":"https:\/\/www.inforesidencias.com\/blog\/index.php\/wp-json\/wp\/v2\/posts\/140\/revisions"}],"predecessor-version":[{"id":249,"href":"https:\/\/www.inforesidencias.com\/blog\/index.php\/wp-json\/wp\/v2\/posts\/140\/revisions\/249"}],"wp:attachment":[{"href":"https:\/\/www.inforesidencias.com\/blog\/index.php\/wp-json\/wp\/v2\/media?parent=140"}],"wp:term":[{"taxonomy":"category","embeddable":true,"href":"https:\/\/www.inforesidencias.com\/blog\/index.php\/wp-json\/wp\/v2\/categories?post=140"},{"taxonomy":"post_tag","embeddable":true,"href":"https:\/\/www.inforesidencias.com\/blog\/index.php\/wp-json\/wp\/v2\/tags?post=140"}],"curies":[{"name":"wp","href":"https:\/\/api.w.org\/{rel}","templated":true}]}}