{"id":1400,"date":"2018-01-23T11:25:30","date_gmt":"2018-01-23T11:25:30","guid":{"rendered":"https:\/\/www.inforesidencias.com\/blog\/?p=1400"},"modified":"2018-01-23T11:25:30","modified_gmt":"2018-01-23T11:25:30","slug":"cualificacion-de-los-profesionales-de-atencion-sanitaria-el-nuevo-escenario-2","status":"publish","type":"post","link":"https:\/\/www.inforesidencias.com\/blog\/index.php\/2018\/01\/23\/cualificacion-de-los-profesionales-de-atencion-sanitaria-el-nuevo-escenario-2\/","title":{"rendered":"Cualificaci\u00f3n de los profesionales de atenci\u00f3n sanitaria: El nuevo escenario"},"content":{"rendered":"<p class=\"p2\">Hoy nos escribe Cristina Vidal, jefa del departamento de formaci\u00f3n de mayores y atenci\u00f3n sociosanitaria de la Fundaci\u00f3 Pere Tarr\u00e9s. Cristina ya escribi\u00f3 para este blog cuando publicaron su libro\u00a0<a href=\"https:\/\/www.inforesidencias.com\/blog\/index.php\/2017\/07\/03\/entrena-tu-memoria\/\">\u00abEntrena tu Memoria: Cien preguntas, cien respuestas y cien actividades.\u00bb\u00a0<\/a>Bienvenida de nuevo Cristina.<\/p>\n<p class=\"p2\">El pasado 11 de diciembre se public\u00f3 el\u00a0<i>Acuerdo del Consejo Territorial de Servicios Sociales y del Sistema para la Autonom\u00eda y Atenci\u00f3n a la Dependencia<\/i>, que modificaba parcialmente el\u00a0<i>Acuerdo de 27 de noviembre de 2008<\/i>, sobre criterios comunes de acreditaci\u00f3n para garantizar la calidad de los centros y servicios del Sistema para la Autonom\u00eda y Atenci\u00f3n a la Dependencia.<\/p>\n<p class=\"p2\">Este nuevo acuerdo, que tiene como finalidad establecer unos requisitos y unos est\u00e1ndares sobre los recursos humanos en tanto al n\u00famero de profesionales, su formaci\u00f3n y su actualizaci\u00f3n para el desempe\u00f1o del puesto de trabajo, establece cual es la cualificaci\u00f3n profesional para directores, cuidadores y gerocultores que prestan sus servicios en centros o instituciones sociales y para los profesionales auxiliares de ayuda a domicilio.<\/p>\n<p class=\"p2\"><a href=\"https:\/\/www.inforesidencias.com\/blog\/wp-content\/uploads\/2018\/01\/formacion-gerontologica1.jpg\"><img decoding=\"async\" loading=\"lazy\" class=\"alignleft size-full wp-image-1393\" src=\"https:\/\/www.inforesidencias.com\/blog\/wp-content\/uploads\/2018\/01\/formacion-gerontologica1.jpg\" alt=\"formacion-gerontologica\" width=\"340\" height=\"258\" \/><\/a><\/p>\n<p class=\"p2\">En relaci\u00f3n a la\u00a0<a href=\"https:\/\/www.inforesidencias.com\/contenidos\/profesionales\/nacional\/cursos-para-gerocultoras-auxiliares-y-cuidadoras-de-personas-mayores-en-residencias\">cualificaci\u00f3n de los profesionales de atenci\u00f3n m\u00e1s directa<\/a>, el acuerdo establece los distintos tipos de t\u00edtulos o certificados que el profesional debe tener. En caso de no disponer de dicha cualificaci\u00f3n, si el profesional tiene experiencia puede optar a un proceso de habilitaci\u00f3n. Si a 31 de diciembre de 2017, el profesional tiene un m\u00ednimo de 2000 horas o un m\u00ednimo de tres a\u00f1os de experiencia demostrable podr\u00e1 optar a un proceso de habilitaci\u00f3n excepcional. Si no cumple estos criterios, el profesional, mediante una declaraci\u00f3n, puede optar a una habilitaci\u00f3n provisional que consiste en un compromiso a participar en un proceso de evaluaci\u00f3n y acreditaci\u00f3n de la experiencia laboral o realizar un\u00a0<b>certificado de profesionalidad\u00a0<\/b>o un t\u00edtulo de formaci\u00f3n profesional antes del 31 diciembre de 2022. Estas dos medidas de habilitaci\u00f3n tienen como objetivo promover la estabilidad del empleo.<\/p>\n<p class=\"p2\">A nuestro entender, dicha medida posibilita la continuidad laboral de los profesionales en activo y del equipo en el servicio, situaci\u00f3n que preocupaba a los miles de trabajadores de atenci\u00f3n m\u00e1s directa de los servicios de atenci\u00f3n domiciliaria y centros o instituciones sociales no acreditados. Sin embargo, el esfuerzo de estos \u00faltimos a\u00f1os orientados a una mejora de la capacitaci\u00f3n profesional de los profesionales de atenci\u00f3n m\u00e1s directa puede estancarse mediante este acuerdo.<\/p>\n<p class=\"p2\">Participar de manera activa en una formaci\u00f3n de capacitaci\u00f3n o un proceso de evaluaci\u00f3n para demostrar las competencias profesionales posibilita a los participantes a revisar, evaluar, valorar, tomar consciencia, mejorar e implementar habilidades, t\u00e9cnicas, aptitudes y un saber hacer y estar.\u00a0<b>La formaci\u00f3n y la valoraci\u00f3n ayudan a reflexionar; posibilitan a pensar, enjuiciar y razonar sobre la propia acci\u00f3n. En el profesional de atenci\u00f3n m\u00e1s directa este ejercicio est\u00e1 poco presente en su d\u00eda a d\u00eda profesional y dotar a los profesionales actuales o futuros de estrategias para la reflexi\u00f3n contribuye a una mejora de la atenci\u00f3n, de la calidad subjetiva del servicio y en una mayor implementaci\u00f3n del modelo de atenci\u00f3n centrada en la persona.<\/b><\/p>\n<p class=\"p2\">Desde la Fundaci\u00f3n Pere Tarr\u00e9s, conscientes de la importancia de dotar a los profesionales de atenci\u00f3n m\u00e1s directa de recursos personales, competencias para su capacitaci\u00f3n y conocimientos para conocer la realidad del sector de atenci\u00f3n a las personas dependientes, sea en el marco domiciliario o residencial, apostamos por una\u00a0<b>formaci\u00f3n integral<\/b>. Una formaci\u00f3n d\u00f3nde los valores human\u00edsticos, las experiencias de los profesionales que asisten en el aula y la de los profesores sean casos pr\u00e1cticos a tratar y analizar, metodolog\u00eda activa, basada en proyectos y d\u00f3nde el estudiante es agente activo de su proceso de aprendizaje. Las valoraciones de los alumnos que han cursado los certificados de profesionalidad de atenci\u00f3n sociosanitaria.<\/p>\n<p class=\"p1\">independientemente de si son profesionales o no en activo, agradecen y valoran de manera muy satisfactoria la combinaci\u00f3n de la teor\u00eda con la pr\u00e1ctica, que se trabajen casos pr\u00e1cticos reales, partir de la experiencia profesional en el sector y que se analicen casos de experiencias en el marco acad\u00e9mico.<\/p>\n<p class=\"p1\"><b>Los profesionales que han cursado el\u00a0<i>CP de Atenci\u00f3n sociosanitaria\u00a0<\/i>en la Fundaci\u00f3n Pere Tarr\u00e9s para poderse acreditar y tener la cualificaci\u00f3n profesional mediante la formaci\u00f3n explicitan que haber participado en la formaci\u00f3n ha sido gratificante por los conocimientos y t\u00e9cnicas adquiridas, pero sobretodo por los aprendizajes personales y vivenciales.<\/b><\/p>\n<p class=\"p1\">Este a\u00f1o, la Fundaci\u00f3n Pere Tarr\u00e9s mediante la formaci\u00f3n subvencionada dispone de plazas para profesionales y\/o personas que deseen trabajar en un futuro pr\u00f3ximo en la atenci\u00f3n domiciliaria o en instituciones sociales como cuidadores o gerocultores.<\/p>\n<p class=\"p1\"><b>Para m\u00e1s informaci\u00f3n:<\/b><\/p>\n<p class=\"p1\"><b>Web:\u00a0<\/b>https:\/\/www.peretarres.org\/subvencionada<\/p>\n<p class=\"p1\"><b>Tel\u00e9fono:\u00a0<\/b>93 410 16 02<\/p>\n<p class=\"p1\"><b>Correo electr\u00f3nico:\u00a0<\/b>formacio@peretarres.org<\/p>\n","protected":false},"excerpt":{"rendered":"<p>Hoy nos escribe Cristina Vidal, jefa del departamento de formaci\u00f3n de mayores y atenci\u00f3n sociosanitaria de la Fundaci\u00f3 Pere Tarr\u00e9s. Cristina ya escribi\u00f3 para este blog cuando publicaron su libro\u00a0\u00abEntrena tu Memoria: Cien preguntas, cien respuestas y cien actividades.\u00bb\u00a0Bienvenida de nuevo Cristina. El pasado 11 de diciembre se public\u00f3 el\u00a0Acuerdo del Consejo Territorial de Servicios Sociales y del Sistema para la Autonom\u00eda y Atenci\u00f3n a la Dependencia, que modificaba parcialmente el\u00a0Acuerdo de 27 de noviembre de 2008, sobre criterios comunes de acreditaci\u00f3n para garantizar la calidad de los centros y servicios del Sistema para la Autonom\u00eda y Atenci\u00f3n a la Dependencia. Este nuevo acuerdo, que tiene como finalidad establecer unos requisitos y unos est\u00e1ndares sobre los recursos humanos en tanto al n\u00famero de profesionales, su formaci\u00f3n y su actualizaci\u00f3n para el desempe\u00f1o del puesto de trabajo, establece cual es la cualificaci\u00f3n profesional para directores, cuidadores y gerocultores que prestan sus [&hellip;]<\/p>\n","protected":false},"author":2,"featured_media":1054,"comment_status":"open","ping_status":"open","sticky":false,"template":"","format":"standard","meta":{"footnotes":""},"categories":[1],"tags":[],"yoast_head":"<!-- This site is optimized with the Yoast SEO plugin v21.7 - https:\/\/yoast.com\/wordpress\/plugins\/seo\/ -->\n<title>Cualificaci\u00f3n de los profesionales de atenci\u00f3n sanitaria: El nuevo escenario - Blog Inforesidencias.com<\/title>\n<meta name=\"description\" content=\"La cualificaci\u00f3n profesional de quienes trabajan en atenci\u00f3n directa con personas mayores vuelve a ser un tema de actualidad.\" \/>\n<meta name=\"robots\" content=\"index, follow, max-snippet:-1, max-image-preview:large, max-video-preview:-1\" \/>\n<link rel=\"canonical\" href=\"https:\/\/www.inforesidencias.com\/blog\/index.php\/2018\/01\/23\/cualificacion-de-los-profesionales-de-atencion-sanitaria-el-nuevo-escenario-2\/\" \/>\n<meta property=\"og:locale\" content=\"es_ES\" \/>\n<meta property=\"og:type\" content=\"article\" \/>\n<meta property=\"og:title\" content=\"Cualificaci\u00f3n de los profesionales de atenci\u00f3n sanitaria: El nuevo escenario - Blog Inforesidencias.com\" \/>\n<meta property=\"og:description\" content=\"La cualificaci\u00f3n profesional de quienes trabajan en atenci\u00f3n directa con personas mayores vuelve a ser un tema de actualidad.\" \/>\n<meta property=\"og:url\" content=\"https:\/\/www.inforesidencias.com\/blog\/index.php\/2018\/01\/23\/cualificacion-de-los-profesionales-de-atencion-sanitaria-el-nuevo-escenario-2\/\" \/>\n<meta property=\"og:site_name\" content=\"Blog Inforesidencias.com\" \/>\n<meta property=\"article:publisher\" content=\"https:\/\/www.facebook.com\/Inforesidencias\/\" \/>\n<meta property=\"article:author\" content=\"https:\/\/www.facebook.com\/josep.demarti\" \/>\n<meta property=\"article:published_time\" content=\"2018-01-23T11:25:30+00:00\" \/>\n<meta property=\"og:image\" content=\"https:\/\/www.inforesidencias.com\/blog\/wp-content\/uploads\/2017\/03\/Captura-de-pantalla-2017-03-27-a-las-10.02.13.png\" \/>\n\t<meta property=\"og:image:width\" content=\"436\" \/>\n\t<meta property=\"og:image:height\" content=\"584\" \/>\n\t<meta property=\"og:image:type\" content=\"image\/png\" \/>\n<meta name=\"author\" content=\"Josep de Mart\u00ed\" \/>\n<meta name=\"twitter:card\" content=\"summary_large_image\" \/>\n<meta name=\"twitter:creator\" content=\"@blog-ir\" \/>\n<meta name=\"twitter:site\" content=\"@inforesidencias\" \/>\n<meta name=\"twitter:label1\" content=\"Escrito por\" \/>\n\t<meta name=\"twitter:data1\" content=\"Josep de Mart\u00ed\" \/>\n\t<meta name=\"twitter:label2\" content=\"Tiempo de lectura\" \/>\n\t<meta name=\"twitter:data2\" content=\"4 minutos\" \/>\n<script type=\"application\/ld+json\" class=\"yoast-schema-graph\">{\"@context\":\"https:\/\/schema.org\",\"@graph\":[{\"@type\":\"WebPage\",\"@id\":\"https:\/\/www.inforesidencias.com\/blog\/index.php\/2018\/01\/23\/cualificacion-de-los-profesionales-de-atencion-sanitaria-el-nuevo-escenario-2\/\",\"url\":\"https:\/\/www.inforesidencias.com\/blog\/index.php\/2018\/01\/23\/cualificacion-de-los-profesionales-de-atencion-sanitaria-el-nuevo-escenario-2\/\",\"name\":\"Cualificaci\u00f3n de los profesionales de atenci\u00f3n sanitaria: El nuevo escenario - Blog Inforesidencias.com\",\"isPartOf\":{\"@id\":\"https:\/\/www.inforesidencias.com\/blog\/#website\"},\"datePublished\":\"2018-01-23T11:25:30+00:00\",\"dateModified\":\"2018-01-23T11:25:30+00:00\",\"author\":{\"@id\":\"https:\/\/www.inforesidencias.com\/blog\/#\/schema\/person\/9e146774d1eb3bc1c0316242a3898628\"},\"description\":\"La cualificaci\u00f3n profesional de quienes trabajan en atenci\u00f3n directa con personas mayores vuelve a ser un tema de actualidad.\",\"breadcrumb\":{\"@id\":\"https:\/\/www.inforesidencias.com\/blog\/index.php\/2018\/01\/23\/cualificacion-de-los-profesionales-de-atencion-sanitaria-el-nuevo-escenario-2\/#breadcrumb\"},\"inLanguage\":\"es\",\"potentialAction\":[{\"@type\":\"ReadAction\",\"target\":[\"https:\/\/www.inforesidencias.com\/blog\/index.php\/2018\/01\/23\/cualificacion-de-los-profesionales-de-atencion-sanitaria-el-nuevo-escenario-2\/\"]}]},{\"@type\":\"BreadcrumbList\",\"@id\":\"https:\/\/www.inforesidencias.com\/blog\/index.php\/2018\/01\/23\/cualificacion-de-los-profesionales-de-atencion-sanitaria-el-nuevo-escenario-2\/#breadcrumb\",\"itemListElement\":[{\"@type\":\"ListItem\",\"position\":1,\"name\":\"Home\",\"item\":\"https:\/\/www.inforesidencias.com\/blog\/\"},{\"@type\":\"ListItem\",\"position\":2,\"name\":\"Cualificaci\u00f3n de los profesionales de atenci\u00f3n sanitaria: El nuevo escenario\"}]},{\"@type\":\"WebSite\",\"@id\":\"https:\/\/www.inforesidencias.com\/blog\/#website\",\"url\":\"https:\/\/www.inforesidencias.com\/blog\/\",\"name\":\"Blog Inforesidencias.com\",\"description\":\"El buscador de residencias de la 3\u00aa edad\",\"potentialAction\":[{\"@type\":\"SearchAction\",\"target\":{\"@type\":\"EntryPoint\",\"urlTemplate\":\"https:\/\/www.inforesidencias.com\/blog\/?s={search_term_string}\"},\"query-input\":\"required name=search_term_string\"}],\"inLanguage\":\"es\"},{\"@type\":\"Person\",\"@id\":\"https:\/\/www.inforesidencias.com\/blog\/#\/schema\/person\/9e146774d1eb3bc1c0316242a3898628\",\"name\":\"Josep de Mart\u00ed\",\"image\":{\"@type\":\"ImageObject\",\"inLanguage\":\"es\",\"@id\":\"https:\/\/www.inforesidencias.com\/blog\/#\/schema\/person\/image\/\",\"url\":\"https:\/\/secure.gravatar.com\/avatar\/de0302c4806c00c4cebff396a798c1ff?s=96&d=mm&r=g\",\"contentUrl\":\"https:\/\/secure.gravatar.com\/avatar\/de0302c4806c00c4cebff396a798c1ff?s=96&d=mm&r=g\",\"caption\":\"Josep de Mart\u00ed\"},\"sameAs\":[\"https:\/\/www.inforesidencias.com\",\"https:\/\/www.facebook.com\/josep.demarti\",\"https:\/\/twitter.com\/blog-ir\"],\"url\":\"https:\/\/www.inforesidencias.com\/blog\/index.php\/author\/josepdemarti\/\"}]}<\/script>\n<!-- \/ Yoast SEO plugin. -->","yoast_head_json":{"title":"Cualificaci\u00f3n de los profesionales de atenci\u00f3n sanitaria: El nuevo escenario - Blog Inforesidencias.com","description":"La cualificaci\u00f3n profesional de quienes trabajan en atenci\u00f3n directa con personas mayores vuelve a ser un tema de actualidad.","robots":{"index":"index","follow":"follow","max-snippet":"max-snippet:-1","max-image-preview":"max-image-preview:large","max-video-preview":"max-video-preview:-1"},"canonical":"https:\/\/www.inforesidencias.com\/blog\/index.php\/2018\/01\/23\/cualificacion-de-los-profesionales-de-atencion-sanitaria-el-nuevo-escenario-2\/","og_locale":"es_ES","og_type":"article","og_title":"Cualificaci\u00f3n de los profesionales de atenci\u00f3n sanitaria: El nuevo escenario - Blog Inforesidencias.com","og_description":"La cualificaci\u00f3n profesional de quienes trabajan en atenci\u00f3n directa con personas mayores vuelve a ser un tema de actualidad.","og_url":"https:\/\/www.inforesidencias.com\/blog\/index.php\/2018\/01\/23\/cualificacion-de-los-profesionales-de-atencion-sanitaria-el-nuevo-escenario-2\/","og_site_name":"Blog Inforesidencias.com","article_publisher":"https:\/\/www.facebook.com\/Inforesidencias\/","article_author":"https:\/\/www.facebook.com\/josep.demarti","article_published_time":"2018-01-23T11:25:30+00:00","og_image":[{"width":436,"height":584,"url":"https:\/\/www.inforesidencias.com\/blog\/wp-content\/uploads\/2017\/03\/Captura-de-pantalla-2017-03-27-a-las-10.02.13.png","type":"image\/png"}],"author":"Josep de Mart\u00ed","twitter_card":"summary_large_image","twitter_creator":"@blog-ir","twitter_site":"@inforesidencias","twitter_misc":{"Escrito por":"Josep de Mart\u00ed","Tiempo de lectura":"4 minutos"},"schema":{"@context":"https:\/\/schema.org","@graph":[{"@type":"WebPage","@id":"https:\/\/www.inforesidencias.com\/blog\/index.php\/2018\/01\/23\/cualificacion-de-los-profesionales-de-atencion-sanitaria-el-nuevo-escenario-2\/","url":"https:\/\/www.inforesidencias.com\/blog\/index.php\/2018\/01\/23\/cualificacion-de-los-profesionales-de-atencion-sanitaria-el-nuevo-escenario-2\/","name":"Cualificaci\u00f3n de los profesionales de atenci\u00f3n sanitaria: El nuevo escenario - Blog Inforesidencias.com","isPartOf":{"@id":"https:\/\/www.inforesidencias.com\/blog\/#website"},"datePublished":"2018-01-23T11:25:30+00:00","dateModified":"2018-01-23T11:25:30+00:00","author":{"@id":"https:\/\/www.inforesidencias.com\/blog\/#\/schema\/person\/9e146774d1eb3bc1c0316242a3898628"},"description":"La cualificaci\u00f3n profesional de quienes trabajan en atenci\u00f3n directa con personas mayores vuelve a ser un tema de actualidad.","breadcrumb":{"@id":"https:\/\/www.inforesidencias.com\/blog\/index.php\/2018\/01\/23\/cualificacion-de-los-profesionales-de-atencion-sanitaria-el-nuevo-escenario-2\/#breadcrumb"},"inLanguage":"es","potentialAction":[{"@type":"ReadAction","target":["https:\/\/www.inforesidencias.com\/blog\/index.php\/2018\/01\/23\/cualificacion-de-los-profesionales-de-atencion-sanitaria-el-nuevo-escenario-2\/"]}]},{"@type":"BreadcrumbList","@id":"https:\/\/www.inforesidencias.com\/blog\/index.php\/2018\/01\/23\/cualificacion-de-los-profesionales-de-atencion-sanitaria-el-nuevo-escenario-2\/#breadcrumb","itemListElement":[{"@type":"ListItem","position":1,"name":"Home","item":"https:\/\/www.inforesidencias.com\/blog\/"},{"@type":"ListItem","position":2,"name":"Cualificaci\u00f3n de los profesionales de atenci\u00f3n sanitaria: El nuevo escenario"}]},{"@type":"WebSite","@id":"https:\/\/www.inforesidencias.com\/blog\/#website","url":"https:\/\/www.inforesidencias.com\/blog\/","name":"Blog Inforesidencias.com","description":"El buscador de residencias de la 3\u00aa edad","potentialAction":[{"@type":"SearchAction","target":{"@type":"EntryPoint","urlTemplate":"https:\/\/www.inforesidencias.com\/blog\/?s={search_term_string}"},"query-input":"required name=search_term_string"}],"inLanguage":"es"},{"@type":"Person","@id":"https:\/\/www.inforesidencias.com\/blog\/#\/schema\/person\/9e146774d1eb3bc1c0316242a3898628","name":"Josep de Mart\u00ed","image":{"@type":"ImageObject","inLanguage":"es","@id":"https:\/\/www.inforesidencias.com\/blog\/#\/schema\/person\/image\/","url":"https:\/\/secure.gravatar.com\/avatar\/de0302c4806c00c4cebff396a798c1ff?s=96&d=mm&r=g","contentUrl":"https:\/\/secure.gravatar.com\/avatar\/de0302c4806c00c4cebff396a798c1ff?s=96&d=mm&r=g","caption":"Josep de Mart\u00ed"},"sameAs":["https:\/\/www.inforesidencias.com","https:\/\/www.facebook.com\/josep.demarti","https:\/\/twitter.com\/blog-ir"],"url":"https:\/\/www.inforesidencias.com\/blog\/index.php\/author\/josepdemarti\/"}]}},"_links":{"self":[{"href":"https:\/\/www.inforesidencias.com\/blog\/index.php\/wp-json\/wp\/v2\/posts\/1400"}],"collection":[{"href":"https:\/\/www.inforesidencias.com\/blog\/index.php\/wp-json\/wp\/v2\/posts"}],"about":[{"href":"https:\/\/www.inforesidencias.com\/blog\/index.php\/wp-json\/wp\/v2\/types\/post"}],"author":[{"embeddable":true,"href":"https:\/\/www.inforesidencias.com\/blog\/index.php\/wp-json\/wp\/v2\/users\/2"}],"replies":[{"embeddable":true,"href":"https:\/\/www.inforesidencias.com\/blog\/index.php\/wp-json\/wp\/v2\/comments?post=1400"}],"version-history":[{"count":1,"href":"https:\/\/www.inforesidencias.com\/blog\/index.php\/wp-json\/wp\/v2\/posts\/1400\/revisions"}],"predecessor-version":[{"id":1401,"href":"https:\/\/www.inforesidencias.com\/blog\/index.php\/wp-json\/wp\/v2\/posts\/1400\/revisions\/1401"}],"wp:featuredmedia":[{"embeddable":true,"href":"https:\/\/www.inforesidencias.com\/blog\/index.php\/wp-json\/wp\/v2\/media\/1054"}],"wp:attachment":[{"href":"https:\/\/www.inforesidencias.com\/blog\/index.php\/wp-json\/wp\/v2\/media?parent=1400"}],"wp:term":[{"taxonomy":"category","embeddable":true,"href":"https:\/\/www.inforesidencias.com\/blog\/index.php\/wp-json\/wp\/v2\/categories?post=1400"},{"taxonomy":"post_tag","embeddable":true,"href":"https:\/\/www.inforesidencias.com\/blog\/index.php\/wp-json\/wp\/v2\/tags?post=1400"}],"curies":[{"name":"wp","href":"https:\/\/api.w.org\/{rel}","templated":true}]}}