{"id":1426,"date":"2018-03-27T10:30:28","date_gmt":"2018-03-27T10:30:28","guid":{"rendered":"https:\/\/www.inforesidencias.com\/blog\/?p=1426"},"modified":"2018-03-09T13:32:27","modified_gmt":"2018-03-09T13:32:27","slug":"la-edad-que-sentimos-frente-a-la-edad-que-tenemos","status":"publish","type":"post","link":"https:\/\/www.inforesidencias.com\/blog\/index.php\/2018\/03\/27\/la-edad-que-sentimos-frente-a-la-edad-que-tenemos\/","title":{"rendered":"La edad que sentimos frente a la edad que tenemos"},"content":{"rendered":"<p style=\"text-align: justify\">Un estudio hecho en Canad\u00e1 revela que, de media, los canadienses se sienten siete a\u00f1os m\u00e1s j\u00f3venes de lo que indica su fecha de nacimiento. Este dato se da de manera homog\u00e9nea en todo el pa\u00eds. El estudio se\u00f1ala, adem\u00e1s, que cuanta m\u00e1s edad tienen las personas, m\u00e1s aumenta la sensaci\u00f3n. Son datos que tienen una fuerte carga psicol\u00f3gica y sociol\u00f3gica que llevan a interesantes reflexiones sobre a qu\u00e9 edad nos hacemos viejos, si somos viejos por c\u00f3mo nos sentimos, por c\u00f3mo nos hacen sentir o simplemente porque lo marca el calendario o la administraci\u00f3n. No sabemos si ser\u00e1n extrapolables los datos a nuestra realidad, pero parece que gran medida pueden serlo y ,de todas maneras, dan pistas muy interesantes.<\/p>\n<h1 style=\"text-align: justify\">C\u00f3mo nos sentimos<\/h1>\n<p style=\"text-align: justify\">En esta l\u00ednea, entre los 18 y los 24 a\u00f1os, las personas se sienten dos a\u00f1os mayores que su edad real, lo que se relaciona con el impulso natural de querer ser independiente, adulto y tenido en cuenta, pero, entre los 25 y 34 a\u00f1os, la sensaci\u00f3n cambia: a los 27 la persona se identifica con la edad que tiene para enseguida sentirse un a\u00f1o m\u00e1s joven. Entre los 35 y 44 la sensaci\u00f3n aumenta a 5 a\u00f1os m\u00e1s joven; entre los 45 y 54 a\u00f1os la diferencia es 8 a\u00f1os. Entre 55 y 64 estamos ya con 11 a\u00f1os de diferencia y a partir de los 65 se llega hasta a sentirse 14 a\u00f1os m\u00e1s joven. Una explicaci\u00f3n plausible es la de que, a pesar de que se cumplen a\u00f1os, las personas se ven con salud y ganas de seguir haciendo cosas, adem\u00e1s del deseo de mantenerse con buen aspecto o, simplemente, hay quien se niega a envejecer.<\/p>\n<p style=\"text-align: justify\">Es los pa\u00edses desarrollados el envejecimiento acelerado de la poblaci\u00f3n est\u00e1 acompa\u00f1ado por un aumento del deseo en las personas mayores de una calidad de vida acorde con lo que se ha tenido antes de la jubilaci\u00f3n. No se trata solo de cumplir a\u00f1os, sino de que los a\u00f1os posteriores a la etapa laboral sean de calidad en todos los sentidos: de salud, de oferta de ocio, de oportunidades de participaci\u00f3n&#8230;, es decir, que al dejar de hacer un trabajo remunerado, el tiempo que se libera suponga una oportunidad para hacer otras cosas: estudiar, apuntarse a un proyecto social, viajar, etc. Envejecimiento activo es un mantra que se repite en las diferentes administraciones, colectivos de personas mayores, residencias de la tercera edad&#8230; Hay un impulso por crear alternativas de convivencia que implican innovaci\u00f3n como las unidades residenciales, compartir vivienda o la vida en el domicilio con un asistente, lo mismo que se llenan las aulas de mayores de las universidades o aumenta el n\u00famero de voluntarios que una vez jubilados ofrecen sus conocimientos y tiempo a las m\u00e1s diversas ONG. Es importante se\u00f1alar que, adem\u00e1s del aumento del n\u00famero de la personas mayores, es definitivo el dato de que quienes se est\u00e1n jubilando ahora no son los mismos a nivel de formaci\u00f3n que los de hace 20 a\u00f1os. De hecho, es frecuente que un reci\u00e9n jubilado de 65 a\u00f1os tenga m\u00e1s en com\u00fan en cuanto a su conocimiento de nuevas tecnolog\u00edas, gustos y referentes culturales con una persona de 40 a\u00f1os que con otra de 80.<\/p>\n<p style=\"text-align: justify\">Nos sorprendemos afirmando cosas como \u00abun joven de 35 a\u00f1os\u00bb, cuando no hace tanto esa edad correspond\u00eda a adultos hechos y derechos que ten\u00edan ya varios hijos y vidas establecidas. La edad de maternidad se est\u00e1 retrasando y cuando una mujer tiene un hijo a los 23 a\u00f1os, la edad habitual hace solo unos a\u00f1os, el comentario es \u00ab\u00a1tan joven y ya mam\u00e1\u00bb. Este retraso que alarga la infancia, prolonga la adolescencia y retrasa la emancipaci\u00f3n se va trasladando a lo largo del ciclo vital y, si adem\u00e1s acompa\u00f1a la salud y servicios sanitarios adecuados, la sensaci\u00f3n de tener menos edad que la que marca en carn\u00e9 de identidad se hace natural. Tambi\u00e9n parece ser que sentirse \u00abjoven de esp\u00edritu\u00bb es un actitud positiva que conlleva beneficios en la vida en general, no solo en las actividades e intereses, sino en las perspectivas vitales y en una ayuda para mantenerse en forma y cumplir a\u00f1os de manera el envejecimiento sea un fen\u00f3meno que obligue a adaptar ciertas actividades, pero no a prescindir de ellas.<\/p>\n<p style=\"text-align: justify\"><a href=\"https:\/\/www.inforesidencias.com\/blog\/wp-content\/uploads\/2018\/03\/mayores-activos1.jpg\"><img decoding=\"async\" loading=\"lazy\" class=\"alignleft size-full wp-image-1431\" src=\"https:\/\/www.inforesidencias.com\/blog\/wp-content\/uploads\/2018\/03\/mayores-activos1.jpg\" alt=\"mayores activos\" width=\"380\" height=\"253\" \/><\/a><\/p>\n<h2 style=\"text-align: justify\">La sociedad del futuro<\/h2>\n<p style=\"text-align: justify\">El reto para los a\u00f1os venideros es c\u00f3mo la sociedad en general afrontar\u00e1 que un sector de la poblaci\u00f3n, cada vez mayor, exija servicios acorde a sus intereses. Se trata de que las instituciones tomen conciencia de que se debe cambiar la manera de afrontar el envejecimiento de la poblaci\u00f3n, pues llegar a la tercera edad no implicar\u00e1 necesariamente una merma en la calidad de vida y, desde luego, ser\u00e1 una exigencia que se procure que esta se mantenga. Se trata, pues, de que las personas mayores vean sus necesidades econ\u00f3micas cubiertas con un sistema de pensiones que elimine incertidumbres econ\u00f3micas y d\u00e9 tranquilidad; que el sistema de salud disponga de unos servicios adecuados; que se creen los servicios sociales necesarios para las diversas realidades, lo que implica una oferta variada de atenci\u00f3n y modelos de convivencia; y, sobre todo, lo fundamental es que la sociedad vea a las personas mayores como motores valiosos de aprendizaje y conocimiento, valore su experiencia y aproveche su energ\u00eda y ganas de hacer cosas.<\/p>\n<p style=\"text-align: justify\">Si las personas de m\u00e1s de 65 a\u00f1os se sienten j\u00f3venes y con ganas de vivir, crear e innovar, la sociedad en general tiene una incre\u00edble oportunidad que no debe desaprovechar. Tener la perspectiva de una esperanza de vida de m\u00e1s de 80 a\u00f1os y la sensaci\u00f3n de que los a\u00f1os vividos son solo un datos en un papel es una gran oportunidad. Est\u00e1 en manos de todos aprovecharla y de fomentar que la energ\u00eda que genera la vitalidad de sentirse bien y con ganas de ser alguien valioso, que aporta y disfruta de la vida, tenga la edad que tenga, nos acompa\u00f1e siempre.<\/p>\n","protected":false},"excerpt":{"rendered":"<p>Un estudio hecho en Canad\u00e1 revela que, de media, los canadienses se sienten siete a\u00f1os m\u00e1s j\u00f3venes de lo que indica su fecha de nacimiento. Este dato se da de manera homog\u00e9nea en todo el pa\u00eds. El estudio se\u00f1ala, adem\u00e1s, que cuanta m\u00e1s edad tienen las personas, m\u00e1s aumenta la sensaci\u00f3n. Son datos que tienen una fuerte carga psicol\u00f3gica y sociol\u00f3gica que llevan a interesantes reflexiones sobre a qu\u00e9 edad nos hacemos viejos, si somos viejos por c\u00f3mo nos sentimos, por c\u00f3mo nos hacen sentir o simplemente porque lo marca el calendario o la administraci\u00f3n. No sabemos si ser\u00e1n extrapolables los datos a nuestra realidad, pero parece que gran medida pueden serlo y ,de todas maneras, dan pistas muy interesantes. C\u00f3mo nos sentimos En esta l\u00ednea, entre los 18 y los 24 a\u00f1os, las personas se sienten dos a\u00f1os mayores que su edad real, lo que se relaciona con el [&hellip;]<\/p>\n","protected":false},"author":2,"featured_media":1431,"comment_status":"open","ping_status":"open","sticky":false,"template":"","format":"standard","meta":{"footnotes":""},"categories":[1],"tags":[],"yoast_head":"<!-- This site is optimized with the Yoast SEO plugin v21.7 - https:\/\/yoast.com\/wordpress\/plugins\/seo\/ -->\n<title>La edad que sentimos frente a la edad que tenemos - Blog Inforesidencias.com<\/title>\n<meta name=\"description\" content=\"Las personas mayores se sienten mucho m\u00e1s j\u00f3venes que su edad real. Esta sensaci\u00f3n de juventud y las ganas de hacer actividades, marcar\u00e1 nuestro futuro.\" \/>\n<meta name=\"robots\" content=\"index, follow, max-snippet:-1, max-image-preview:large, max-video-preview:-1\" \/>\n<link rel=\"canonical\" href=\"https:\/\/www.inforesidencias.com\/blog\/index.php\/2018\/03\/27\/la-edad-que-sentimos-frente-a-la-edad-que-tenemos\/\" \/>\n<meta property=\"og:locale\" content=\"es_ES\" \/>\n<meta property=\"og:type\" content=\"article\" \/>\n<meta property=\"og:title\" content=\"La edad que sentimos frente a la edad que tenemos - Blog Inforesidencias.com\" \/>\n<meta property=\"og:description\" content=\"Las personas mayores se sienten mucho m\u00e1s j\u00f3venes que su edad real. Esta sensaci\u00f3n de juventud y las ganas de hacer actividades, marcar\u00e1 nuestro futuro.\" \/>\n<meta property=\"og:url\" content=\"https:\/\/www.inforesidencias.com\/blog\/index.php\/2018\/03\/27\/la-edad-que-sentimos-frente-a-la-edad-que-tenemos\/\" \/>\n<meta property=\"og:site_name\" content=\"Blog Inforesidencias.com\" \/>\n<meta property=\"article:publisher\" content=\"https:\/\/www.facebook.com\/Inforesidencias\/\" \/>\n<meta property=\"article:author\" content=\"https:\/\/www.facebook.com\/josep.demarti\" \/>\n<meta property=\"article:published_time\" content=\"2018-03-27T10:30:28+00:00\" \/>\n<meta property=\"article:modified_time\" content=\"2018-03-09T13:32:27+00:00\" \/>\n<meta property=\"og:image\" content=\"https:\/\/www.inforesidencias.com\/blog\/wp-content\/uploads\/2018\/03\/mayores-activos1.jpg\" \/>\n\t<meta property=\"og:image:width\" content=\"380\" \/>\n\t<meta property=\"og:image:height\" content=\"253\" \/>\n\t<meta property=\"og:image:type\" content=\"image\/jpeg\" \/>\n<meta name=\"author\" content=\"Josep de Mart\u00ed\" \/>\n<meta name=\"twitter:card\" content=\"summary_large_image\" \/>\n<meta name=\"twitter:creator\" content=\"@blog-ir\" \/>\n<meta name=\"twitter:site\" content=\"@inforesidencias\" \/>\n<meta name=\"twitter:label1\" content=\"Escrito por\" \/>\n\t<meta name=\"twitter:data1\" content=\"Josep de Mart\u00ed\" \/>\n\t<meta name=\"twitter:label2\" content=\"Tiempo de lectura\" \/>\n\t<meta name=\"twitter:data2\" content=\"5 minutos\" \/>\n<script type=\"application\/ld+json\" class=\"yoast-schema-graph\">{\"@context\":\"https:\/\/schema.org\",\"@graph\":[{\"@type\":\"WebPage\",\"@id\":\"https:\/\/www.inforesidencias.com\/blog\/index.php\/2018\/03\/27\/la-edad-que-sentimos-frente-a-la-edad-que-tenemos\/\",\"url\":\"https:\/\/www.inforesidencias.com\/blog\/index.php\/2018\/03\/27\/la-edad-que-sentimos-frente-a-la-edad-que-tenemos\/\",\"name\":\"La edad que sentimos frente a la edad que tenemos - Blog Inforesidencias.com\",\"isPartOf\":{\"@id\":\"https:\/\/www.inforesidencias.com\/blog\/#website\"},\"datePublished\":\"2018-03-27T10:30:28+00:00\",\"dateModified\":\"2018-03-09T13:32:27+00:00\",\"author\":{\"@id\":\"https:\/\/www.inforesidencias.com\/blog\/#\/schema\/person\/9e146774d1eb3bc1c0316242a3898628\"},\"description\":\"Las personas mayores se sienten mucho m\u00e1s j\u00f3venes que su edad real. Esta sensaci\u00f3n de juventud y las ganas de hacer actividades, marcar\u00e1 nuestro futuro.\",\"breadcrumb\":{\"@id\":\"https:\/\/www.inforesidencias.com\/blog\/index.php\/2018\/03\/27\/la-edad-que-sentimos-frente-a-la-edad-que-tenemos\/#breadcrumb\"},\"inLanguage\":\"es\",\"potentialAction\":[{\"@type\":\"ReadAction\",\"target\":[\"https:\/\/www.inforesidencias.com\/blog\/index.php\/2018\/03\/27\/la-edad-que-sentimos-frente-a-la-edad-que-tenemos\/\"]}]},{\"@type\":\"BreadcrumbList\",\"@id\":\"https:\/\/www.inforesidencias.com\/blog\/index.php\/2018\/03\/27\/la-edad-que-sentimos-frente-a-la-edad-que-tenemos\/#breadcrumb\",\"itemListElement\":[{\"@type\":\"ListItem\",\"position\":1,\"name\":\"Home\",\"item\":\"https:\/\/www.inforesidencias.com\/blog\/\"},{\"@type\":\"ListItem\",\"position\":2,\"name\":\"La edad que sentimos frente a la edad que tenemos\"}]},{\"@type\":\"WebSite\",\"@id\":\"https:\/\/www.inforesidencias.com\/blog\/#website\",\"url\":\"https:\/\/www.inforesidencias.com\/blog\/\",\"name\":\"Blog Inforesidencias.com\",\"description\":\"El buscador de residencias de la 3\u00aa edad\",\"potentialAction\":[{\"@type\":\"SearchAction\",\"target\":{\"@type\":\"EntryPoint\",\"urlTemplate\":\"https:\/\/www.inforesidencias.com\/blog\/?s={search_term_string}\"},\"query-input\":\"required name=search_term_string\"}],\"inLanguage\":\"es\"},{\"@type\":\"Person\",\"@id\":\"https:\/\/www.inforesidencias.com\/blog\/#\/schema\/person\/9e146774d1eb3bc1c0316242a3898628\",\"name\":\"Josep de Mart\u00ed\",\"image\":{\"@type\":\"ImageObject\",\"inLanguage\":\"es\",\"@id\":\"https:\/\/www.inforesidencias.com\/blog\/#\/schema\/person\/image\/\",\"url\":\"https:\/\/secure.gravatar.com\/avatar\/de0302c4806c00c4cebff396a798c1ff?s=96&d=mm&r=g\",\"contentUrl\":\"https:\/\/secure.gravatar.com\/avatar\/de0302c4806c00c4cebff396a798c1ff?s=96&d=mm&r=g\",\"caption\":\"Josep de Mart\u00ed\"},\"sameAs\":[\"https:\/\/www.inforesidencias.com\",\"https:\/\/www.facebook.com\/josep.demarti\",\"https:\/\/twitter.com\/blog-ir\"],\"url\":\"https:\/\/www.inforesidencias.com\/blog\/index.php\/author\/josepdemarti\/\"}]}<\/script>\n<!-- \/ Yoast SEO plugin. -->","yoast_head_json":{"title":"La edad que sentimos frente a la edad que tenemos - Blog Inforesidencias.com","description":"Las personas mayores se sienten mucho m\u00e1s j\u00f3venes que su edad real. Esta sensaci\u00f3n de juventud y las ganas de hacer actividades, marcar\u00e1 nuestro futuro.","robots":{"index":"index","follow":"follow","max-snippet":"max-snippet:-1","max-image-preview":"max-image-preview:large","max-video-preview":"max-video-preview:-1"},"canonical":"https:\/\/www.inforesidencias.com\/blog\/index.php\/2018\/03\/27\/la-edad-que-sentimos-frente-a-la-edad-que-tenemos\/","og_locale":"es_ES","og_type":"article","og_title":"La edad que sentimos frente a la edad que tenemos - Blog Inforesidencias.com","og_description":"Las personas mayores se sienten mucho m\u00e1s j\u00f3venes que su edad real. Esta sensaci\u00f3n de juventud y las ganas de hacer actividades, marcar\u00e1 nuestro futuro.","og_url":"https:\/\/www.inforesidencias.com\/blog\/index.php\/2018\/03\/27\/la-edad-que-sentimos-frente-a-la-edad-que-tenemos\/","og_site_name":"Blog Inforesidencias.com","article_publisher":"https:\/\/www.facebook.com\/Inforesidencias\/","article_author":"https:\/\/www.facebook.com\/josep.demarti","article_published_time":"2018-03-27T10:30:28+00:00","article_modified_time":"2018-03-09T13:32:27+00:00","og_image":[{"width":380,"height":253,"url":"https:\/\/www.inforesidencias.com\/blog\/wp-content\/uploads\/2018\/03\/mayores-activos1.jpg","type":"image\/jpeg"}],"author":"Josep de Mart\u00ed","twitter_card":"summary_large_image","twitter_creator":"@blog-ir","twitter_site":"@inforesidencias","twitter_misc":{"Escrito por":"Josep de Mart\u00ed","Tiempo de lectura":"5 minutos"},"schema":{"@context":"https:\/\/schema.org","@graph":[{"@type":"WebPage","@id":"https:\/\/www.inforesidencias.com\/blog\/index.php\/2018\/03\/27\/la-edad-que-sentimos-frente-a-la-edad-que-tenemos\/","url":"https:\/\/www.inforesidencias.com\/blog\/index.php\/2018\/03\/27\/la-edad-que-sentimos-frente-a-la-edad-que-tenemos\/","name":"La edad que sentimos frente a la edad que tenemos - Blog Inforesidencias.com","isPartOf":{"@id":"https:\/\/www.inforesidencias.com\/blog\/#website"},"datePublished":"2018-03-27T10:30:28+00:00","dateModified":"2018-03-09T13:32:27+00:00","author":{"@id":"https:\/\/www.inforesidencias.com\/blog\/#\/schema\/person\/9e146774d1eb3bc1c0316242a3898628"},"description":"Las personas mayores se sienten mucho m\u00e1s j\u00f3venes que su edad real. Esta sensaci\u00f3n de juventud y las ganas de hacer actividades, marcar\u00e1 nuestro futuro.","breadcrumb":{"@id":"https:\/\/www.inforesidencias.com\/blog\/index.php\/2018\/03\/27\/la-edad-que-sentimos-frente-a-la-edad-que-tenemos\/#breadcrumb"},"inLanguage":"es","potentialAction":[{"@type":"ReadAction","target":["https:\/\/www.inforesidencias.com\/blog\/index.php\/2018\/03\/27\/la-edad-que-sentimos-frente-a-la-edad-que-tenemos\/"]}]},{"@type":"BreadcrumbList","@id":"https:\/\/www.inforesidencias.com\/blog\/index.php\/2018\/03\/27\/la-edad-que-sentimos-frente-a-la-edad-que-tenemos\/#breadcrumb","itemListElement":[{"@type":"ListItem","position":1,"name":"Home","item":"https:\/\/www.inforesidencias.com\/blog\/"},{"@type":"ListItem","position":2,"name":"La edad que sentimos frente a la edad que tenemos"}]},{"@type":"WebSite","@id":"https:\/\/www.inforesidencias.com\/blog\/#website","url":"https:\/\/www.inforesidencias.com\/blog\/","name":"Blog Inforesidencias.com","description":"El buscador de residencias de la 3\u00aa edad","potentialAction":[{"@type":"SearchAction","target":{"@type":"EntryPoint","urlTemplate":"https:\/\/www.inforesidencias.com\/blog\/?s={search_term_string}"},"query-input":"required name=search_term_string"}],"inLanguage":"es"},{"@type":"Person","@id":"https:\/\/www.inforesidencias.com\/blog\/#\/schema\/person\/9e146774d1eb3bc1c0316242a3898628","name":"Josep de Mart\u00ed","image":{"@type":"ImageObject","inLanguage":"es","@id":"https:\/\/www.inforesidencias.com\/blog\/#\/schema\/person\/image\/","url":"https:\/\/secure.gravatar.com\/avatar\/de0302c4806c00c4cebff396a798c1ff?s=96&d=mm&r=g","contentUrl":"https:\/\/secure.gravatar.com\/avatar\/de0302c4806c00c4cebff396a798c1ff?s=96&d=mm&r=g","caption":"Josep de Mart\u00ed"},"sameAs":["https:\/\/www.inforesidencias.com","https:\/\/www.facebook.com\/josep.demarti","https:\/\/twitter.com\/blog-ir"],"url":"https:\/\/www.inforesidencias.com\/blog\/index.php\/author\/josepdemarti\/"}]}},"_links":{"self":[{"href":"https:\/\/www.inforesidencias.com\/blog\/index.php\/wp-json\/wp\/v2\/posts\/1426"}],"collection":[{"href":"https:\/\/www.inforesidencias.com\/blog\/index.php\/wp-json\/wp\/v2\/posts"}],"about":[{"href":"https:\/\/www.inforesidencias.com\/blog\/index.php\/wp-json\/wp\/v2\/types\/post"}],"author":[{"embeddable":true,"href":"https:\/\/www.inforesidencias.com\/blog\/index.php\/wp-json\/wp\/v2\/users\/2"}],"replies":[{"embeddable":true,"href":"https:\/\/www.inforesidencias.com\/blog\/index.php\/wp-json\/wp\/v2\/comments?post=1426"}],"version-history":[{"count":3,"href":"https:\/\/www.inforesidencias.com\/blog\/index.php\/wp-json\/wp\/v2\/posts\/1426\/revisions"}],"predecessor-version":[{"id":1432,"href":"https:\/\/www.inforesidencias.com\/blog\/index.php\/wp-json\/wp\/v2\/posts\/1426\/revisions\/1432"}],"wp:featuredmedia":[{"embeddable":true,"href":"https:\/\/www.inforesidencias.com\/blog\/index.php\/wp-json\/wp\/v2\/media\/1431"}],"wp:attachment":[{"href":"https:\/\/www.inforesidencias.com\/blog\/index.php\/wp-json\/wp\/v2\/media?parent=1426"}],"wp:term":[{"taxonomy":"category","embeddable":true,"href":"https:\/\/www.inforesidencias.com\/blog\/index.php\/wp-json\/wp\/v2\/categories?post=1426"},{"taxonomy":"post_tag","embeddable":true,"href":"https:\/\/www.inforesidencias.com\/blog\/index.php\/wp-json\/wp\/v2\/tags?post=1426"}],"curies":[{"name":"wp","href":"https:\/\/api.w.org\/{rel}","templated":true}]}}