{"id":1464,"date":"2018-04-06T10:40:35","date_gmt":"2018-04-06T10:40:35","guid":{"rendered":"https:\/\/www.inforesidencias.com\/blog\/?p=1464"},"modified":"2018-04-06T10:40:35","modified_gmt":"2018-04-06T10:40:35","slug":"es-el-alzheimer-la-epidemia-de-los-paises-desarrollados-del-s-xxi","status":"publish","type":"post","link":"https:\/\/www.inforesidencias.com\/blog\/index.php\/2018\/04\/06\/es-el-alzheimer-la-epidemia-de-los-paises-desarrollados-del-s-xxi\/","title":{"rendered":"\u00bfEs el alzh\u00e9imer \u00abla epidemia\u00bb de los pa\u00edses desarrollados del s.XXI?"},"content":{"rendered":"<p>El magn\u00edfico logro de aumentar la esperanza de vida de las personas est\u00e1 acompa\u00f1ado de muchos interrogantes que plantean dilemas \u00e9ticos y desaf\u00edos sociales. El envejecimiento general de la poblaci\u00f3n en los pa\u00edses desarrollados crea din\u00e1micas hasta ahora no contempladas y las personas mayores ven aumentada su capacidad de influencia y sus demandas a nivel de participaci\u00f3n y sociosanitaria.<\/p>\n<p>El avance de la medicina y de la sociedad en general permite vivir m\u00e1s y con mayores comodidades a una buena parte de las personas que superan la edad de jubilaci\u00f3n, hasta el punto de que se estira el concepto de anciano y no se considera a alguien merecedor de ese calificativo hasta que supera una edad muy avanzada o presenta un deterioro apreciable.<\/p>\n<p>Pero el aumento de la longevidad hace que aumenten a su vez las enfermedades neurodegenerativas, entre ellas, el alzh\u00e9imer, que en se ha dado en llamar por algunos como \u00abepidemia del siglo XXI\u00bb, en sentido figurado, claro est\u00e1, por el incremento del n\u00famero de casos, y no solo en edades avanzadas.<\/p>\n<p><a href=\"https:\/\/www.inforesidencias.com\/blog\/wp-content\/uploads\/2018\/03\/convivir-con-la-demencia-y-el-alzheimer1.png\"><img decoding=\"async\" loading=\"lazy\" class=\"alignleft size-full wp-image-1443\" src=\"https:\/\/www.inforesidencias.com\/blog\/wp-content\/uploads\/2018\/03\/convivir-con-la-demencia-y-el-alzheimer1.png\" alt=\"convivir-con-la-demencia-y-el-alzheimer\" width=\"350\" height=\"259\" \/><\/a><\/p>\n<p>En la actualidad, m\u00e1s de 46 millones de personas sufren demencia en todo el mundo, una cifra superior a toda la poblaci\u00f3n espa\u00f1ola. <a href=\"https:\/\/www.inforesidencias.com\/blog\/index.php\/2016\/11\/16\/que-esta-pasando-con-el-alzheimer\/\">Si la tendencia contin\u00faa como hasta ahora, en 2050 habr\u00e1n 135 millones<\/a>, la mayor\u00eda mujeres, pues son enfermedades asociadas a la edad y la mujer tiene una mayor esperanza de vida. Una parte importante estar\u00e1 diagnosticada de alzh\u00e9imer. En Espa\u00f1a, una de cada diez personas mayores de 65 a\u00f1os padece alzh\u00e9imer. A los 85, afecta a una de cada tres personas. En total se calcula que hay m\u00e1s de 1 125 000 personas afectadas y que repercute en la vida de otros cuatro millones y medio. La previsi\u00f3n es que en 20 o 30 a\u00f1os se doblar\u00e1 el n\u00famero de personas afectadas.<\/p>\n<p>El drama personal y social del alzh\u00e9imer genera unas necesidades en las familias y en las personas afectadas que se prolongan en el tiempo y que tienen componentes de deterioro f\u00edsico y p\u00e9rdida personal que hacen que la enfermedad sea especialmente dram\u00e1tica. Actualmente, este mal no tiene cura. En 1907 por el m\u00e9dico alem\u00e1n Alois Alzheimer describi\u00f3 por primera vez la enfermedad y placas amiloides o neur\u00edticas al hacer la necropsia del cerebro de una mujer que hab\u00eda padecido esta demencia.<\/p>\n<p>No est\u00e1 claro su origen, se cree que entre cinco y 10 por ciento de los casos pudieran tener un componente gen\u00e9tico, pero no hay estudios concluyentes. Lo que est\u00e1 claro es que igual que el resto del cuerpo, nuestras neuronas envejecen, mueren y no se regeneran. Por causas que se desconocen, la prote\u00edna beta amiloide se mueve a trav\u00e9s de las neuronas, se queda fuera de ellas y comienza a polimerizarse y a formar placas amiloides en el cerebro, una de las claves de la aparici\u00f3n del alzh\u00e9imer, la otra es que los axones (una de las tres partes de las neuronas) que est\u00e1n formados por neurofibrillas, empiezan a doblarse al envejecer, por lo que se dificulta su funci\u00f3n de llevar informaci\u00f3n consciente y refleja de una neurona a otra. Esta p\u00e9rdida de las conexiones entre las neuronas es la que origina los primeros s\u00edntomas del alzh\u00e9imer: la p\u00e9rdida de memoria. Adem\u00e1s de la p\u00e9rdida de memoria, uno de los s\u00edntomas de que puede haber mal de alzh\u00e9imer es la p\u00e9rdida de olfato.<\/p>\n<p>La esperanza es que se est\u00e1n invirtiendo muchos recursos en investigar las razones de la enfermedad y se est\u00e1 buscando un remedio que aunque no pueda revertir los efectos del deterioro, s\u00ed pueda al menos detenerlo, sobre todo cuando est\u00e1 en sus primeras fases. Son muy importantes todos los avances que han constatado factores de riesgo como la herencia, s\u00edndrome metab\u00f3lico, el sobrepeso, el alcoholismo, el tabaquismo, etc. que ayudan en la prevenci\u00f3n y tambi\u00e9n los esfuerzos por encontrar terapias de estimulaci\u00f3n cognitiva que ralenticen el avance del mal. Pero la esperanza en los avances cient\u00edficos y la confianza en los tratamientos no deben hacer olvidar el enorme coste personal que supone esta enfermedad para quien la padece y sus familias, adem\u00e1s del coste econ\u00f3mico que les supone.<\/p>\n<p>Se debe a la hora de cuantificar los costes sociales de esta enfermedad la vida media de una persona diagnosticada con alzh\u00e9imer, los a\u00f1os que pasa en su domicilio, los servicios que precisa tanto m\u00e9dicos como sociales, los apoyos que debe recibir y, por \u00faltimo, si el deterioro impide en adecuado cuidado o convivencia en el hogar, la estancia en una residencia geri\u00e1trica con la dotaci\u00f3n adecuada. No es desde\u00f1able a\u00f1adir el coste personal y econ\u00f3mico de las personas cuidadoras familiares, en una inmensa mayor\u00eda mujeres, que renuncian en numerosos casos a su trabajo remunerado para atender a la persona enferma, lo que supone una p\u00e9rdida econ\u00f3mica, una merma en su pensi\u00f3n futura y, en general, una p\u00e9rdida de autoestima personal.<\/p>\n<p>Los poderes p\u00fablicos no pueden cerrar los ojos ante esta realidad, pues cada d\u00eda que pasa se diagnostican m\u00e1s personas y aumenta el problema. Para acometer con garant\u00edas un futuro con un alto porcentaje de poblaci\u00f3n envejecida y con un aumento de las enfermedades neurodegenerativas, las administraciones deben ponerse ya a planear los servicios y acciones que deben acometerse.<\/p>\n<p>Los planes de envejecimiento activo son una parte. A pesar de su importancia y el reconocimiento general de su papel preventivo en el desarrollo de trastornos cognitivos, todav\u00eda queda mucho por hacer en cuanto a su implantaci\u00f3n de manera sistem\u00e1tica y que no sean solo iniciativas felices de la concejal\u00eda de mayores de los ayuntamientos o de las consejer\u00edas, sino que sean aut\u00e9nticos pilares del fomento de la salud y la calidad de vida de las personas mayores. Otra parte es el diagn\u00f3stico precoz. Cada cierto tiempo surgen nuevos test, cada vez m\u00e1s eficaces, que son un instrumento cave para poder aplicar terapias lo antes posible para frenar el avance de la enfermedad.<\/p>\n<p>Es necesario, pues, que todos los elementos de diagn\u00f3stico precoz de los que se disponga se puedan utilizar con rapidez y eficacia. Luego est\u00e1 el apoyo directo a los enfermos y a sus familias una vez la enfermedad se ha declarado. Para ello se dispone de la ayuda a domicilio, el apoyo psicol\u00f3gico, los programas de respiro, los centros de d\u00eda y las unidades especializadas, pero esto no llega a todas las familias, sobre todo a las que viven en zonas rurales, y para otras resulta fuera de su alcance econ\u00f3mico, no hay que olvidar que los recortes en los presupuestos de dependencia no han sido revertidos en su mayor\u00eda.<\/p>\n<p>Los poderes p\u00fablicos tienen la obligaci\u00f3n de garantizar una atenci\u00f3n adecuada a los enfermos y a sus familias. No tienen la excusa de la ignorancia, pues se viene advirtiendo desde hace ya tiempo.<\/p>\n","protected":false},"excerpt":{"rendered":"<p>El magn\u00edfico logro de aumentar la esperanza de vida de las personas est\u00e1 acompa\u00f1ado de muchos interrogantes que plantean dilemas \u00e9ticos y desaf\u00edos sociales. El envejecimiento general de la poblaci\u00f3n en los pa\u00edses desarrollados crea din\u00e1micas hasta ahora no contempladas y las personas mayores ven aumentada su capacidad de influencia y sus demandas a nivel de participaci\u00f3n y sociosanitaria. El avance de la medicina y de la sociedad en general permite vivir m\u00e1s y con mayores comodidades a una buena parte de las personas que superan la edad de jubilaci\u00f3n, hasta el punto de que se estira el concepto de anciano y no se considera a alguien merecedor de ese calificativo hasta que supera una edad muy avanzada o presenta un deterioro apreciable. Pero el aumento de la longevidad hace que aumenten a su vez las enfermedades neurodegenerativas, entre ellas, el alzh\u00e9imer, que en se ha dado en llamar por [&hellip;]<\/p>\n","protected":false},"author":2,"featured_media":1441,"comment_status":"open","ping_status":"open","sticky":false,"template":"","format":"standard","meta":{"footnotes":""},"categories":[1],"tags":[],"yoast_head":"<!-- This site is optimized with the Yoast SEO plugin v21.7 - https:\/\/yoast.com\/wordpress\/plugins\/seo\/ -->\n<title>\u00bfEs el alzh\u00e9imer &quot;la epidemia&quot; de los pa\u00edses desarrollados del s.XXI? - Blog Inforesidencias.com<\/title>\n<meta name=\"description\" content=\"La esperanza de vida no deja de aumentar. Cuanto m\u00e1s vivimos m\u00e1s envejece nuestro cerebro y m\u00e1s expuestos estamos a enfermedades como el alzh\u00e9imer.\" \/>\n<meta name=\"robots\" content=\"index, follow, max-snippet:-1, max-image-preview:large, max-video-preview:-1\" \/>\n<link rel=\"canonical\" href=\"https:\/\/www.inforesidencias.com\/blog\/index.php\/2018\/04\/06\/es-el-alzheimer-la-epidemia-de-los-paises-desarrollados-del-s-xxi\/\" \/>\n<meta property=\"og:locale\" content=\"es_ES\" \/>\n<meta property=\"og:type\" content=\"article\" \/>\n<meta property=\"og:title\" content=\"\u00bfEs el alzh\u00e9imer &quot;la epidemia&quot; de los pa\u00edses desarrollados del s.XXI? - Blog Inforesidencias.com\" \/>\n<meta property=\"og:description\" content=\"La esperanza de vida no deja de aumentar. Cuanto m\u00e1s vivimos m\u00e1s envejece nuestro cerebro y m\u00e1s expuestos estamos a enfermedades como el alzh\u00e9imer.\" \/>\n<meta property=\"og:url\" content=\"https:\/\/www.inforesidencias.com\/blog\/index.php\/2018\/04\/06\/es-el-alzheimer-la-epidemia-de-los-paises-desarrollados-del-s-xxi\/\" \/>\n<meta property=\"og:site_name\" content=\"Blog Inforesidencias.com\" \/>\n<meta property=\"article:publisher\" content=\"https:\/\/www.facebook.com\/Inforesidencias\/\" \/>\n<meta property=\"article:author\" content=\"https:\/\/www.facebook.com\/josep.demarti\" \/>\n<meta property=\"article:published_time\" content=\"2018-04-06T10:40:35+00:00\" \/>\n<meta property=\"og:image\" content=\"https:\/\/www.inforesidencias.com\/blog\/wp-content\/uploads\/2018\/03\/convivir-con-la-demencia-y-el-alzheimer.png\" \/>\n\t<meta property=\"og:image:width\" content=\"350\" \/>\n\t<meta property=\"og:image:height\" content=\"259\" \/>\n\t<meta property=\"og:image:type\" content=\"image\/png\" \/>\n<meta name=\"author\" content=\"Josep de Mart\u00ed\" \/>\n<meta name=\"twitter:card\" content=\"summary_large_image\" \/>\n<meta name=\"twitter:creator\" content=\"@blog-ir\" \/>\n<meta name=\"twitter:site\" content=\"@inforesidencias\" \/>\n<meta name=\"twitter:label1\" content=\"Escrito por\" \/>\n\t<meta name=\"twitter:data1\" content=\"Josep de Mart\u00ed\" \/>\n\t<meta name=\"twitter:label2\" content=\"Tiempo de lectura\" \/>\n\t<meta name=\"twitter:data2\" content=\"6 minutos\" \/>\n<script type=\"application\/ld+json\" class=\"yoast-schema-graph\">{\"@context\":\"https:\/\/schema.org\",\"@graph\":[{\"@type\":\"WebPage\",\"@id\":\"https:\/\/www.inforesidencias.com\/blog\/index.php\/2018\/04\/06\/es-el-alzheimer-la-epidemia-de-los-paises-desarrollados-del-s-xxi\/\",\"url\":\"https:\/\/www.inforesidencias.com\/blog\/index.php\/2018\/04\/06\/es-el-alzheimer-la-epidemia-de-los-paises-desarrollados-del-s-xxi\/\",\"name\":\"\u00bfEs el alzh\u00e9imer \\\"la epidemia\\\" de los pa\u00edses desarrollados del s.XXI? - Blog Inforesidencias.com\",\"isPartOf\":{\"@id\":\"https:\/\/www.inforesidencias.com\/blog\/#website\"},\"datePublished\":\"2018-04-06T10:40:35+00:00\",\"dateModified\":\"2018-04-06T10:40:35+00:00\",\"author\":{\"@id\":\"https:\/\/www.inforesidencias.com\/blog\/#\/schema\/person\/9e146774d1eb3bc1c0316242a3898628\"},\"description\":\"La esperanza de vida no deja de aumentar. Cuanto m\u00e1s vivimos m\u00e1s envejece nuestro cerebro y m\u00e1s expuestos estamos a enfermedades como el alzh\u00e9imer.\",\"breadcrumb\":{\"@id\":\"https:\/\/www.inforesidencias.com\/blog\/index.php\/2018\/04\/06\/es-el-alzheimer-la-epidemia-de-los-paises-desarrollados-del-s-xxi\/#breadcrumb\"},\"inLanguage\":\"es\",\"potentialAction\":[{\"@type\":\"ReadAction\",\"target\":[\"https:\/\/www.inforesidencias.com\/blog\/index.php\/2018\/04\/06\/es-el-alzheimer-la-epidemia-de-los-paises-desarrollados-del-s-xxi\/\"]}]},{\"@type\":\"BreadcrumbList\",\"@id\":\"https:\/\/www.inforesidencias.com\/blog\/index.php\/2018\/04\/06\/es-el-alzheimer-la-epidemia-de-los-paises-desarrollados-del-s-xxi\/#breadcrumb\",\"itemListElement\":[{\"@type\":\"ListItem\",\"position\":1,\"name\":\"Home\",\"item\":\"https:\/\/www.inforesidencias.com\/blog\/\"},{\"@type\":\"ListItem\",\"position\":2,\"name\":\"\u00bfEs el alzh\u00e9imer \u00abla epidemia\u00bb de los pa\u00edses desarrollados del s.XXI?\"}]},{\"@type\":\"WebSite\",\"@id\":\"https:\/\/www.inforesidencias.com\/blog\/#website\",\"url\":\"https:\/\/www.inforesidencias.com\/blog\/\",\"name\":\"Blog Inforesidencias.com\",\"description\":\"El buscador de residencias de la 3\u00aa edad\",\"potentialAction\":[{\"@type\":\"SearchAction\",\"target\":{\"@type\":\"EntryPoint\",\"urlTemplate\":\"https:\/\/www.inforesidencias.com\/blog\/?s={search_term_string}\"},\"query-input\":\"required name=search_term_string\"}],\"inLanguage\":\"es\"},{\"@type\":\"Person\",\"@id\":\"https:\/\/www.inforesidencias.com\/blog\/#\/schema\/person\/9e146774d1eb3bc1c0316242a3898628\",\"name\":\"Josep de Mart\u00ed\",\"image\":{\"@type\":\"ImageObject\",\"inLanguage\":\"es\",\"@id\":\"https:\/\/www.inforesidencias.com\/blog\/#\/schema\/person\/image\/\",\"url\":\"https:\/\/secure.gravatar.com\/avatar\/de0302c4806c00c4cebff396a798c1ff?s=96&d=mm&r=g\",\"contentUrl\":\"https:\/\/secure.gravatar.com\/avatar\/de0302c4806c00c4cebff396a798c1ff?s=96&d=mm&r=g\",\"caption\":\"Josep de Mart\u00ed\"},\"sameAs\":[\"https:\/\/www.inforesidencias.com\",\"https:\/\/www.facebook.com\/josep.demarti\",\"https:\/\/twitter.com\/blog-ir\"],\"url\":\"https:\/\/www.inforesidencias.com\/blog\/index.php\/author\/josepdemarti\/\"}]}<\/script>\n<!-- \/ Yoast SEO plugin. -->","yoast_head_json":{"title":"\u00bfEs el alzh\u00e9imer \"la epidemia\" de los pa\u00edses desarrollados del s.XXI? - Blog Inforesidencias.com","description":"La esperanza de vida no deja de aumentar. Cuanto m\u00e1s vivimos m\u00e1s envejece nuestro cerebro y m\u00e1s expuestos estamos a enfermedades como el alzh\u00e9imer.","robots":{"index":"index","follow":"follow","max-snippet":"max-snippet:-1","max-image-preview":"max-image-preview:large","max-video-preview":"max-video-preview:-1"},"canonical":"https:\/\/www.inforesidencias.com\/blog\/index.php\/2018\/04\/06\/es-el-alzheimer-la-epidemia-de-los-paises-desarrollados-del-s-xxi\/","og_locale":"es_ES","og_type":"article","og_title":"\u00bfEs el alzh\u00e9imer \"la epidemia\" de los pa\u00edses desarrollados del s.XXI? - Blog Inforesidencias.com","og_description":"La esperanza de vida no deja de aumentar. Cuanto m\u00e1s vivimos m\u00e1s envejece nuestro cerebro y m\u00e1s expuestos estamos a enfermedades como el alzh\u00e9imer.","og_url":"https:\/\/www.inforesidencias.com\/blog\/index.php\/2018\/04\/06\/es-el-alzheimer-la-epidemia-de-los-paises-desarrollados-del-s-xxi\/","og_site_name":"Blog Inforesidencias.com","article_publisher":"https:\/\/www.facebook.com\/Inforesidencias\/","article_author":"https:\/\/www.facebook.com\/josep.demarti","article_published_time":"2018-04-06T10:40:35+00:00","og_image":[{"width":350,"height":259,"url":"https:\/\/www.inforesidencias.com\/blog\/wp-content\/uploads\/2018\/03\/convivir-con-la-demencia-y-el-alzheimer.png","type":"image\/png"}],"author":"Josep de Mart\u00ed","twitter_card":"summary_large_image","twitter_creator":"@blog-ir","twitter_site":"@inforesidencias","twitter_misc":{"Escrito por":"Josep de Mart\u00ed","Tiempo de lectura":"6 minutos"},"schema":{"@context":"https:\/\/schema.org","@graph":[{"@type":"WebPage","@id":"https:\/\/www.inforesidencias.com\/blog\/index.php\/2018\/04\/06\/es-el-alzheimer-la-epidemia-de-los-paises-desarrollados-del-s-xxi\/","url":"https:\/\/www.inforesidencias.com\/blog\/index.php\/2018\/04\/06\/es-el-alzheimer-la-epidemia-de-los-paises-desarrollados-del-s-xxi\/","name":"\u00bfEs el alzh\u00e9imer \"la epidemia\" de los pa\u00edses desarrollados del s.XXI? - Blog Inforesidencias.com","isPartOf":{"@id":"https:\/\/www.inforesidencias.com\/blog\/#website"},"datePublished":"2018-04-06T10:40:35+00:00","dateModified":"2018-04-06T10:40:35+00:00","author":{"@id":"https:\/\/www.inforesidencias.com\/blog\/#\/schema\/person\/9e146774d1eb3bc1c0316242a3898628"},"description":"La esperanza de vida no deja de aumentar. Cuanto m\u00e1s vivimos m\u00e1s envejece nuestro cerebro y m\u00e1s expuestos estamos a enfermedades como el alzh\u00e9imer.","breadcrumb":{"@id":"https:\/\/www.inforesidencias.com\/blog\/index.php\/2018\/04\/06\/es-el-alzheimer-la-epidemia-de-los-paises-desarrollados-del-s-xxi\/#breadcrumb"},"inLanguage":"es","potentialAction":[{"@type":"ReadAction","target":["https:\/\/www.inforesidencias.com\/blog\/index.php\/2018\/04\/06\/es-el-alzheimer-la-epidemia-de-los-paises-desarrollados-del-s-xxi\/"]}]},{"@type":"BreadcrumbList","@id":"https:\/\/www.inforesidencias.com\/blog\/index.php\/2018\/04\/06\/es-el-alzheimer-la-epidemia-de-los-paises-desarrollados-del-s-xxi\/#breadcrumb","itemListElement":[{"@type":"ListItem","position":1,"name":"Home","item":"https:\/\/www.inforesidencias.com\/blog\/"},{"@type":"ListItem","position":2,"name":"\u00bfEs el alzh\u00e9imer \u00abla epidemia\u00bb de los pa\u00edses desarrollados del s.XXI?"}]},{"@type":"WebSite","@id":"https:\/\/www.inforesidencias.com\/blog\/#website","url":"https:\/\/www.inforesidencias.com\/blog\/","name":"Blog Inforesidencias.com","description":"El buscador de residencias de la 3\u00aa edad","potentialAction":[{"@type":"SearchAction","target":{"@type":"EntryPoint","urlTemplate":"https:\/\/www.inforesidencias.com\/blog\/?s={search_term_string}"},"query-input":"required name=search_term_string"}],"inLanguage":"es"},{"@type":"Person","@id":"https:\/\/www.inforesidencias.com\/blog\/#\/schema\/person\/9e146774d1eb3bc1c0316242a3898628","name":"Josep de Mart\u00ed","image":{"@type":"ImageObject","inLanguage":"es","@id":"https:\/\/www.inforesidencias.com\/blog\/#\/schema\/person\/image\/","url":"https:\/\/secure.gravatar.com\/avatar\/de0302c4806c00c4cebff396a798c1ff?s=96&d=mm&r=g","contentUrl":"https:\/\/secure.gravatar.com\/avatar\/de0302c4806c00c4cebff396a798c1ff?s=96&d=mm&r=g","caption":"Josep de Mart\u00ed"},"sameAs":["https:\/\/www.inforesidencias.com","https:\/\/www.facebook.com\/josep.demarti","https:\/\/twitter.com\/blog-ir"],"url":"https:\/\/www.inforesidencias.com\/blog\/index.php\/author\/josepdemarti\/"}]}},"_links":{"self":[{"href":"https:\/\/www.inforesidencias.com\/blog\/index.php\/wp-json\/wp\/v2\/posts\/1464"}],"collection":[{"href":"https:\/\/www.inforesidencias.com\/blog\/index.php\/wp-json\/wp\/v2\/posts"}],"about":[{"href":"https:\/\/www.inforesidencias.com\/blog\/index.php\/wp-json\/wp\/v2\/types\/post"}],"author":[{"embeddable":true,"href":"https:\/\/www.inforesidencias.com\/blog\/index.php\/wp-json\/wp\/v2\/users\/2"}],"replies":[{"embeddable":true,"href":"https:\/\/www.inforesidencias.com\/blog\/index.php\/wp-json\/wp\/v2\/comments?post=1464"}],"version-history":[{"count":3,"href":"https:\/\/www.inforesidencias.com\/blog\/index.php\/wp-json\/wp\/v2\/posts\/1464\/revisions"}],"predecessor-version":[{"id":1467,"href":"https:\/\/www.inforesidencias.com\/blog\/index.php\/wp-json\/wp\/v2\/posts\/1464\/revisions\/1467"}],"wp:featuredmedia":[{"embeddable":true,"href":"https:\/\/www.inforesidencias.com\/blog\/index.php\/wp-json\/wp\/v2\/media\/1441"}],"wp:attachment":[{"href":"https:\/\/www.inforesidencias.com\/blog\/index.php\/wp-json\/wp\/v2\/media?parent=1464"}],"wp:term":[{"taxonomy":"category","embeddable":true,"href":"https:\/\/www.inforesidencias.com\/blog\/index.php\/wp-json\/wp\/v2\/categories?post=1464"},{"taxonomy":"post_tag","embeddable":true,"href":"https:\/\/www.inforesidencias.com\/blog\/index.php\/wp-json\/wp\/v2\/tags?post=1464"}],"curies":[{"name":"wp","href":"https:\/\/api.w.org\/{rel}","templated":true}]}}