{"id":1473,"date":"2018-04-24T09:07:42","date_gmt":"2018-04-24T09:07:42","guid":{"rendered":"https:\/\/www.inforesidencias.com\/blog\/?p=1473"},"modified":"2018-04-11T11:36:01","modified_gmt":"2018-04-11T11:36:01","slug":"mi-primera-experiencia-en-geriatria","status":"publish","type":"post","link":"https:\/\/www.inforesidencias.com\/blog\/index.php\/2018\/04\/24\/mi-primera-experiencia-en-geriatria\/","title":{"rendered":"Mi primera experiencia en geriatr\u00eda"},"content":{"rendered":"<p style=\"text-align: justify\">Hoy compartimos una bonita historia de la primera experiencia laboral y en el sector de la geriatr\u00eda de Miriam Hidalgo. Una enfermera que hace 8 a\u00f1os, tuvo su primera oportunidad de entrar en el mundo laboral en una residencia de ancianos. Este articulo fue publicado hace unas semanas por la revista \u00ab<a href=\"http:\/\/www.enfermeria21.com\/revistas\/metas\/\">Metas de enfermer\u00eda<\/a>\u00ab. Les agradecemos que nos hayan permitido difundirlo.<\/p>\n<p style=\"text-align: justify\">Reci\u00e9n acabada mi carrera de Diplomada en Enfermer\u00eda y orgullosa de conseguirlo me dispuse a echar Curr\u00edculum por la zona. Fui a una Residencia Geri\u00e1trica, que ten\u00eda un puesto de enfermera. Quer\u00eda trabajar, era mi ilusi\u00f3n, pero no ten\u00eda experiencia.<\/p>\n<p style=\"text-align: justify\">Dej\u00e9 mi Curr\u00edculum y para mi sorpresa tras dos d\u00edas, recib\u00ed una llamada: Buenos d\u00edas, te llamo de la Residencia SR, es por un Curr\u00edculum de Enfermera, \u00bfPodr\u00eda venir a hacer una entrevista? Contest\u00e9 r\u00e1pidamente: \u201c S\u00ed, claro\u201d. \u00a1Incre\u00edble, me hab\u00edan llamado para mi primera entrevista!<\/p>\n<p style=\"text-align: justify\">Tras hablar un rato con la directora me dijo: \u201cEmpiezas esta misma semana\u201d. \u00bfQu\u00e9\u2026?, \u00bfc\u00f3mo\u2026?<\/p>\n<p style=\"text-align: justify\">\u201cTranquila, te ayudaremos, porque estar\u00e1s sola. Tu compa\u00f1era se va de vacaciones\u201d. \u00a1Vaya marr\u00f3n!, pens\u00e9, \u00bfy si tengo dudas?&#8230; Para mi sorpresa, la directora era tambi\u00e9n enfermera, no sab\u00eda si eso era bueno o malo, \u00bfsi ten\u00eda alguna duda tendr\u00eda que pregunt\u00e1rselo a la \u201cjefa\u201d? y qu\u00e9 pensar\u00eda de m\u00ed.<a href=\"https:\/\/www.inforesidencias.com\/blog\/wp-content\/uploads\/2018\/04\/image1.jpeg\"><img decoding=\"async\" loading=\"lazy\" class=\"alignleft size-full wp-image-1474\" src=\"https:\/\/www.inforesidencias.com\/blog\/wp-content\/uploads\/2018\/04\/image1.jpeg\" alt=\"Miriam Hidalgo\" width=\"298\" height=\"334\" \/><\/a><\/p>\n<p style=\"text-align: justify\">Desde el primer d\u00eda tuve una gran ayuda por su parte, a la cual he de reconocer como gran profesional enfermera.<\/p>\n<p style=\"text-align: justify\">Mi primer d\u00eda fue agotador. \u00bfC\u00f3mo dar medicaci\u00f3n a 60 personas mayores sin conocerlas? Elabor\u00e9 un croquis con sus sitios en los comedores, se\u00f1alando caracter\u00edsticas de cada uno: Florencia, silla de ruedas, viste de negro; Juli\u00e1n chasca dientes, etc.<\/p>\n<p style=\"text-align: justify\">Poco a poco fui aprendiendo sus nombres y parte de su historial m\u00e9dico. Pasaba la tarde cargando pastillas de distintas formas y colores en aquella bandeja interminable de pastillero, se me juntaba con la consulta m\u00e9dica, modificar hojas de medicaci\u00f3n, atender sus demandas, etc.<\/p>\n<p style=\"text-align: justify\">Por suerte fui cogiendo la rutina, ten\u00eda tiempo de hablar y conocer a esas personas a las que apenas pod\u00eda dirigirme al principio. Me encantaba escucharlos.<\/p>\n<p style=\"text-align: justify\">Recuerdo cuando me acerque a una se\u00f1ora, vestida de negro, muy seria, Vicenta se llamaba. Ni siquiera me mir\u00f3. No sab\u00eda el porqu\u00e9 de esas formas, si yo no hab\u00eda hecho nada. Me sent\u00e9 su lado, y yo misma me pregunt\u00e9: \u201c<strong>Y ahora, \u00bfqu\u00e9 hago?\u201d<\/strong><strong>.<\/strong> Simplemente puse mi mano encima de la suya, la se\u00f1ora me la cubri\u00f3 y se ech\u00f3 a llorar. <a href=\"https:\/\/www.inforesidencias.com\/blog\/index.php\/2017\/05\/22\/relato-corto-sobre-personas-mayores-reinaldo-y-la-pena\/\">\u201cHija, estoy muy sola\u201d<\/a>, me dijo. Un d\u00eda decidi\u00f3 contarme su historia. En ese momento sent\u00ed que eso tambi\u00e9n era mi trabajo.<\/p>\n<p style=\"text-align: justify\">Pasaron los d\u00edas y me fui ubicando, fui aprendiendo de esas personas a un ritmo inesperado y enseguida pude ir conjugando todo lo que estudiado con su realidad.<\/p>\n<p style=\"text-align: justify\">\u00a1Ay Julita! La novia de Zapatero, del que se pasaba el d\u00eda hablando y dando besos a las fotos del m\u00f3vil. Era gru\u00f1ona como ella sola, pero que al final se rend\u00eda siempre si la hablabas de chicos. C\u00e1ndido, todo un Don Juan, perdi\u00f3 hace a\u00f1os a su amada esposa y desde entonces no se rend\u00eda a volver a encontrar el amor. Se enamor\u00f3 de una compa\u00f1era, cay\u00f3 frustrado por no ser correspondido. Agust\u00edn, residente v\u00e1lido tambi\u00e9n viudo que entraba y sal\u00eda del centro. Todos los domingos que me tocaba trabajar cuando iba a salir me dec\u00eda \u201c\u00bftraigo churros?\u201d Telesforo, un adorable gru\u00f1\u00f3n, era puro cari\u00f1o, enganchado todo el d\u00eda a su concentrador de ox\u00edgeno, estaba all\u00ed con su mujer, Fausta, encantadora y con sus \u201casfixios\u201d como dec\u00eda Telesforo. F\u00e1tima, su nieta, d\u00eda tras d\u00eda all\u00ed estaba con ellos, con gran vocaci\u00f3n. Empez\u00f3 a estudiar auxiliar de enfermer\u00eda, a\u00fan recuerdo las tardes en el sal\u00f3n del centro, explic\u00e1ndole los tipos de diabetes, las funciones del sistema circulatorio\u2026 Se titul\u00f3 como auxiliar y fue contratada.<\/p>\n<p style=\"text-align: justify\">\u00a0Podr\u00eda seguir recordando a Matilde, Sagrario, \u00c1ngel, personas que en su mayor\u00eda se sent\u00edan abandonados a su suerte, pero que jam\u00e1s perdieron su sonrisa y su capacidad de querer. En los tres a\u00f1os que form\u00e9 parte del centro, recib\u00ed m\u00e1s abrazos y besos que en toda mi vida. Tanto es as\u00ed que cuando me fui,\u00a0<strong>la mayor p\u00e9rdida fue esas muestras diarias de afecto, hasta creo que tuve un particular s\u00edndrome de abstinencia<\/strong><strong>.<\/strong><\/p>\n<p style=\"text-align: justify\"><strong>\u00a0<\/strong>Aprend\u00ed que, no s\u00f3lo curar y administrar medicaci\u00f3n eran parte de mi rutina. Aprend\u00ed a escuchar, aprend\u00ed que una caricia, un beso, un abrazo calma m\u00e1s que un Paracetamol y m\u00e1s efectiva que una Paroxetina.<\/p>\n<p style=\"text-align: justify\">Seguro que en el camino comet\u00ed muchos errores, pero mi sentir vocacional y mi formaci\u00f3n marcaron el camino para encontrar las respuestas y soluciones al trabajo diario y poder hacer m\u00e1s agradable la vida de esas personas que tanto me proporcionaban. Aunque el primer d\u00eda de nada me valieron todos los libros aprendidos, poco a poco fui encontr\u00e1ndolos sentido.<\/p>\n<p style=\"text-align: justify\">All\u00ed aprend\u00ed mis principios, aprend\u00ed a ser persona y sobre todo aprend\u00ed algo fundamental: SER PROFESIONAL.<\/p>\n","protected":false},"excerpt":{"rendered":"<p>Hoy compartimos una bonita historia de la primera experiencia laboral y en el sector de la geriatr\u00eda de Miriam Hidalgo. Una enfermera que hace 8 a\u00f1os, tuvo su primera oportunidad de entrar en el mundo laboral en una residencia de ancianos. Este articulo fue publicado hace unas semanas por la revista \u00abMetas de enfermer\u00eda\u00ab. Les agradecemos que nos hayan permitido difundirlo. Reci\u00e9n acabada mi carrera de Diplomada en Enfermer\u00eda y orgullosa de conseguirlo me dispuse a echar Curr\u00edculum por la zona. Fui a una Residencia Geri\u00e1trica, que ten\u00eda un puesto de enfermera. Quer\u00eda trabajar, era mi ilusi\u00f3n, pero no ten\u00eda experiencia. Dej\u00e9 mi Curr\u00edculum y para mi sorpresa tras dos d\u00edas, recib\u00ed una llamada: Buenos d\u00edas, te llamo de la Residencia SR, es por un Curr\u00edculum de Enfermera, \u00bfPodr\u00eda venir a hacer una entrevista? Contest\u00e9 r\u00e1pidamente: \u201c S\u00ed, claro\u201d. \u00a1Incre\u00edble, me hab\u00edan llamado para mi primera entrevista! Tras hablar un [&hellip;]<\/p>\n","protected":false},"author":2,"featured_media":1474,"comment_status":"open","ping_status":"open","sticky":false,"template":"","format":"standard","meta":{"footnotes":""},"categories":[1],"tags":[],"yoast_head":"<!-- This site is optimized with the Yoast SEO plugin v21.7 - https:\/\/yoast.com\/wordpress\/plugins\/seo\/ -->\n<title>Mi primera experiencia en geriatr\u00eda - Blog Inforesidencias.com<\/title>\n<meta name=\"description\" content=\"El mundo de la geriatr\u00eda no es algo que a veces te llame de primeras, pero se recuerda con cari\u00f1o si tu primera experiencia laboral es en la atenci\u00f3n a mayores\" \/>\n<meta name=\"robots\" content=\"index, follow, max-snippet:-1, max-image-preview:large, max-video-preview:-1\" \/>\n<link rel=\"canonical\" href=\"https:\/\/www.inforesidencias.com\/blog\/index.php\/2018\/04\/24\/mi-primera-experiencia-en-geriatria\/\" \/>\n<meta property=\"og:locale\" content=\"es_ES\" \/>\n<meta property=\"og:type\" content=\"article\" \/>\n<meta property=\"og:title\" content=\"Mi primera experiencia en geriatr\u00eda - Blog Inforesidencias.com\" \/>\n<meta property=\"og:description\" content=\"El mundo de la geriatr\u00eda no es algo que a veces te llame de primeras, pero se recuerda con cari\u00f1o si tu primera experiencia laboral es en la atenci\u00f3n a mayores\" \/>\n<meta property=\"og:url\" content=\"https:\/\/www.inforesidencias.com\/blog\/index.php\/2018\/04\/24\/mi-primera-experiencia-en-geriatria\/\" \/>\n<meta property=\"og:site_name\" content=\"Blog Inforesidencias.com\" \/>\n<meta property=\"article:publisher\" content=\"https:\/\/www.facebook.com\/Inforesidencias\/\" \/>\n<meta property=\"article:author\" content=\"https:\/\/www.facebook.com\/josep.demarti\" \/>\n<meta property=\"article:published_time\" content=\"2018-04-24T09:07:42+00:00\" \/>\n<meta property=\"article:modified_time\" content=\"2018-04-11T11:36:01+00:00\" \/>\n<meta property=\"og:image\" content=\"https:\/\/www.inforesidencias.com\/blog\/wp-content\/uploads\/2018\/04\/image1.jpeg\" \/>\n\t<meta property=\"og:image:width\" content=\"298\" \/>\n\t<meta property=\"og:image:height\" content=\"334\" \/>\n\t<meta property=\"og:image:type\" content=\"image\/jpeg\" \/>\n<meta name=\"author\" content=\"Josep de Mart\u00ed\" \/>\n<meta name=\"twitter:card\" content=\"summary_large_image\" \/>\n<meta name=\"twitter:creator\" content=\"@blog-ir\" \/>\n<meta name=\"twitter:site\" content=\"@inforesidencias\" \/>\n<meta name=\"twitter:label1\" content=\"Escrito por\" \/>\n\t<meta name=\"twitter:data1\" content=\"Josep de Mart\u00ed\" \/>\n\t<meta name=\"twitter:label2\" content=\"Tiempo de lectura\" \/>\n\t<meta name=\"twitter:data2\" content=\"4 minutos\" \/>\n<script type=\"application\/ld+json\" class=\"yoast-schema-graph\">{\"@context\":\"https:\/\/schema.org\",\"@graph\":[{\"@type\":\"WebPage\",\"@id\":\"https:\/\/www.inforesidencias.com\/blog\/index.php\/2018\/04\/24\/mi-primera-experiencia-en-geriatria\/\",\"url\":\"https:\/\/www.inforesidencias.com\/blog\/index.php\/2018\/04\/24\/mi-primera-experiencia-en-geriatria\/\",\"name\":\"Mi primera experiencia en geriatr\u00eda - Blog Inforesidencias.com\",\"isPartOf\":{\"@id\":\"https:\/\/www.inforesidencias.com\/blog\/#website\"},\"datePublished\":\"2018-04-24T09:07:42+00:00\",\"dateModified\":\"2018-04-11T11:36:01+00:00\",\"author\":{\"@id\":\"https:\/\/www.inforesidencias.com\/blog\/#\/schema\/person\/9e146774d1eb3bc1c0316242a3898628\"},\"description\":\"El mundo de la geriatr\u00eda no es algo que a veces te llame de primeras, pero se recuerda con cari\u00f1o si tu primera experiencia laboral es en la atenci\u00f3n a mayores\",\"breadcrumb\":{\"@id\":\"https:\/\/www.inforesidencias.com\/blog\/index.php\/2018\/04\/24\/mi-primera-experiencia-en-geriatria\/#breadcrumb\"},\"inLanguage\":\"es\",\"potentialAction\":[{\"@type\":\"ReadAction\",\"target\":[\"https:\/\/www.inforesidencias.com\/blog\/index.php\/2018\/04\/24\/mi-primera-experiencia-en-geriatria\/\"]}]},{\"@type\":\"BreadcrumbList\",\"@id\":\"https:\/\/www.inforesidencias.com\/blog\/index.php\/2018\/04\/24\/mi-primera-experiencia-en-geriatria\/#breadcrumb\",\"itemListElement\":[{\"@type\":\"ListItem\",\"position\":1,\"name\":\"Home\",\"item\":\"https:\/\/www.inforesidencias.com\/blog\/\"},{\"@type\":\"ListItem\",\"position\":2,\"name\":\"Mi primera experiencia en geriatr\u00eda\"}]},{\"@type\":\"WebSite\",\"@id\":\"https:\/\/www.inforesidencias.com\/blog\/#website\",\"url\":\"https:\/\/www.inforesidencias.com\/blog\/\",\"name\":\"Blog Inforesidencias.com\",\"description\":\"El buscador de residencias de la 3\u00aa edad\",\"potentialAction\":[{\"@type\":\"SearchAction\",\"target\":{\"@type\":\"EntryPoint\",\"urlTemplate\":\"https:\/\/www.inforesidencias.com\/blog\/?s={search_term_string}\"},\"query-input\":\"required name=search_term_string\"}],\"inLanguage\":\"es\"},{\"@type\":\"Person\",\"@id\":\"https:\/\/www.inforesidencias.com\/blog\/#\/schema\/person\/9e146774d1eb3bc1c0316242a3898628\",\"name\":\"Josep de Mart\u00ed\",\"image\":{\"@type\":\"ImageObject\",\"inLanguage\":\"es\",\"@id\":\"https:\/\/www.inforesidencias.com\/blog\/#\/schema\/person\/image\/\",\"url\":\"https:\/\/secure.gravatar.com\/avatar\/de0302c4806c00c4cebff396a798c1ff?s=96&d=mm&r=g\",\"contentUrl\":\"https:\/\/secure.gravatar.com\/avatar\/de0302c4806c00c4cebff396a798c1ff?s=96&d=mm&r=g\",\"caption\":\"Josep de Mart\u00ed\"},\"sameAs\":[\"https:\/\/www.inforesidencias.com\",\"https:\/\/www.facebook.com\/josep.demarti\",\"https:\/\/twitter.com\/blog-ir\"],\"url\":\"https:\/\/www.inforesidencias.com\/blog\/index.php\/author\/josepdemarti\/\"}]}<\/script>\n<!-- \/ Yoast SEO plugin. -->","yoast_head_json":{"title":"Mi primera experiencia en geriatr\u00eda - Blog Inforesidencias.com","description":"El mundo de la geriatr\u00eda no es algo que a veces te llame de primeras, pero se recuerda con cari\u00f1o si tu primera experiencia laboral es en la atenci\u00f3n a mayores","robots":{"index":"index","follow":"follow","max-snippet":"max-snippet:-1","max-image-preview":"max-image-preview:large","max-video-preview":"max-video-preview:-1"},"canonical":"https:\/\/www.inforesidencias.com\/blog\/index.php\/2018\/04\/24\/mi-primera-experiencia-en-geriatria\/","og_locale":"es_ES","og_type":"article","og_title":"Mi primera experiencia en geriatr\u00eda - Blog Inforesidencias.com","og_description":"El mundo de la geriatr\u00eda no es algo que a veces te llame de primeras, pero se recuerda con cari\u00f1o si tu primera experiencia laboral es en la atenci\u00f3n a mayores","og_url":"https:\/\/www.inforesidencias.com\/blog\/index.php\/2018\/04\/24\/mi-primera-experiencia-en-geriatria\/","og_site_name":"Blog Inforesidencias.com","article_publisher":"https:\/\/www.facebook.com\/Inforesidencias\/","article_author":"https:\/\/www.facebook.com\/josep.demarti","article_published_time":"2018-04-24T09:07:42+00:00","article_modified_time":"2018-04-11T11:36:01+00:00","og_image":[{"width":298,"height":334,"url":"https:\/\/www.inforesidencias.com\/blog\/wp-content\/uploads\/2018\/04\/image1.jpeg","type":"image\/jpeg"}],"author":"Josep de Mart\u00ed","twitter_card":"summary_large_image","twitter_creator":"@blog-ir","twitter_site":"@inforesidencias","twitter_misc":{"Escrito por":"Josep de Mart\u00ed","Tiempo de lectura":"4 minutos"},"schema":{"@context":"https:\/\/schema.org","@graph":[{"@type":"WebPage","@id":"https:\/\/www.inforesidencias.com\/blog\/index.php\/2018\/04\/24\/mi-primera-experiencia-en-geriatria\/","url":"https:\/\/www.inforesidencias.com\/blog\/index.php\/2018\/04\/24\/mi-primera-experiencia-en-geriatria\/","name":"Mi primera experiencia en geriatr\u00eda - Blog Inforesidencias.com","isPartOf":{"@id":"https:\/\/www.inforesidencias.com\/blog\/#website"},"datePublished":"2018-04-24T09:07:42+00:00","dateModified":"2018-04-11T11:36:01+00:00","author":{"@id":"https:\/\/www.inforesidencias.com\/blog\/#\/schema\/person\/9e146774d1eb3bc1c0316242a3898628"},"description":"El mundo de la geriatr\u00eda no es algo que a veces te llame de primeras, pero se recuerda con cari\u00f1o si tu primera experiencia laboral es en la atenci\u00f3n a mayores","breadcrumb":{"@id":"https:\/\/www.inforesidencias.com\/blog\/index.php\/2018\/04\/24\/mi-primera-experiencia-en-geriatria\/#breadcrumb"},"inLanguage":"es","potentialAction":[{"@type":"ReadAction","target":["https:\/\/www.inforesidencias.com\/blog\/index.php\/2018\/04\/24\/mi-primera-experiencia-en-geriatria\/"]}]},{"@type":"BreadcrumbList","@id":"https:\/\/www.inforesidencias.com\/blog\/index.php\/2018\/04\/24\/mi-primera-experiencia-en-geriatria\/#breadcrumb","itemListElement":[{"@type":"ListItem","position":1,"name":"Home","item":"https:\/\/www.inforesidencias.com\/blog\/"},{"@type":"ListItem","position":2,"name":"Mi primera experiencia en geriatr\u00eda"}]},{"@type":"WebSite","@id":"https:\/\/www.inforesidencias.com\/blog\/#website","url":"https:\/\/www.inforesidencias.com\/blog\/","name":"Blog Inforesidencias.com","description":"El buscador de residencias de la 3\u00aa edad","potentialAction":[{"@type":"SearchAction","target":{"@type":"EntryPoint","urlTemplate":"https:\/\/www.inforesidencias.com\/blog\/?s={search_term_string}"},"query-input":"required name=search_term_string"}],"inLanguage":"es"},{"@type":"Person","@id":"https:\/\/www.inforesidencias.com\/blog\/#\/schema\/person\/9e146774d1eb3bc1c0316242a3898628","name":"Josep de Mart\u00ed","image":{"@type":"ImageObject","inLanguage":"es","@id":"https:\/\/www.inforesidencias.com\/blog\/#\/schema\/person\/image\/","url":"https:\/\/secure.gravatar.com\/avatar\/de0302c4806c00c4cebff396a798c1ff?s=96&d=mm&r=g","contentUrl":"https:\/\/secure.gravatar.com\/avatar\/de0302c4806c00c4cebff396a798c1ff?s=96&d=mm&r=g","caption":"Josep de Mart\u00ed"},"sameAs":["https:\/\/www.inforesidencias.com","https:\/\/www.facebook.com\/josep.demarti","https:\/\/twitter.com\/blog-ir"],"url":"https:\/\/www.inforesidencias.com\/blog\/index.php\/author\/josepdemarti\/"}]}},"_links":{"self":[{"href":"https:\/\/www.inforesidencias.com\/blog\/index.php\/wp-json\/wp\/v2\/posts\/1473"}],"collection":[{"href":"https:\/\/www.inforesidencias.com\/blog\/index.php\/wp-json\/wp\/v2\/posts"}],"about":[{"href":"https:\/\/www.inforesidencias.com\/blog\/index.php\/wp-json\/wp\/v2\/types\/post"}],"author":[{"embeddable":true,"href":"https:\/\/www.inforesidencias.com\/blog\/index.php\/wp-json\/wp\/v2\/users\/2"}],"replies":[{"embeddable":true,"href":"https:\/\/www.inforesidencias.com\/blog\/index.php\/wp-json\/wp\/v2\/comments?post=1473"}],"version-history":[{"count":3,"href":"https:\/\/www.inforesidencias.com\/blog\/index.php\/wp-json\/wp\/v2\/posts\/1473\/revisions"}],"predecessor-version":[{"id":1477,"href":"https:\/\/www.inforesidencias.com\/blog\/index.php\/wp-json\/wp\/v2\/posts\/1473\/revisions\/1477"}],"wp:featuredmedia":[{"embeddable":true,"href":"https:\/\/www.inforesidencias.com\/blog\/index.php\/wp-json\/wp\/v2\/media\/1474"}],"wp:attachment":[{"href":"https:\/\/www.inforesidencias.com\/blog\/index.php\/wp-json\/wp\/v2\/media?parent=1473"}],"wp:term":[{"taxonomy":"category","embeddable":true,"href":"https:\/\/www.inforesidencias.com\/blog\/index.php\/wp-json\/wp\/v2\/categories?post=1473"},{"taxonomy":"post_tag","embeddable":true,"href":"https:\/\/www.inforesidencias.com\/blog\/index.php\/wp-json\/wp\/v2\/tags?post=1473"}],"curies":[{"name":"wp","href":"https:\/\/api.w.org\/{rel}","templated":true}]}}