{"id":1478,"date":"2018-04-12T14:29:21","date_gmt":"2018-04-12T14:29:21","guid":{"rendered":"https:\/\/www.inforesidencias.com\/blog\/?p=1478"},"modified":"2018-04-12T14:29:21","modified_gmt":"2018-04-12T14:29:21","slug":"preguntanos-nuevo-proyecto-de-fatec-con-los-mayores","status":"publish","type":"post","link":"https:\/\/www.inforesidencias.com\/blog\/index.php\/2018\/04\/12\/preguntanos-nuevo-proyecto-de-fatec-con-los-mayores\/","title":{"rendered":"Preg\u00fantanos, nuevo proyecto de FATEC con los mayores"},"content":{"rendered":"<p style=\"text-align: justify\">Hoy nos escriben nuestros amigos de FATEC (la federaci\u00f3n catalana de asociaciones de personas mayores de Catalu\u00f1a), que siguen desarrollando nuevos proyectos y programas en relaci\u00f3n con las residencias de mayores:<\/p>\n<p style=\"text-align: justify\">El pasado martes d\u00eda 3 de abril, el Equipo de Residencias de <a href=\"http:\/\/www.fatec.cat\/\">FATEC<\/a>, present\u00f3 en el Centro Teresa Duran de Cornell\u00e0 de Llobregat, dentro de su programa \u2013Cornell\u00e0 Cuida- la primera jornada de su nuevo proyecto \u201c<strong>Preg\u00fantanos&#8230;.\u201d<\/strong>. Junto con el programa que viene desarrollando desde el a\u00f1o 2011, <strong>\u201c La Residencia en la que me gustar\u00eda ir a vivir\u201d<\/strong>.<\/p>\n<p style=\"text-align: justify\">En esta jornada se expuso cu\u00e1l es el alcance de este programa, como se desarrollan las visitas a las residencias, en que consiste nuestra tarea, y qu\u00e9 sue\u00f1o nuestros objetivos.<\/p>\n<p style=\"text-align: justify\"><a href=\"https:\/\/www.inforesidencias.com\/blog\/wp-content\/uploads\/2018\/04\/fatec600-5.gif\"><img decoding=\"async\" loading=\"lazy\" class=\"alignleft size-full wp-image-1486\" src=\"https:\/\/www.inforesidencias.com\/blog\/wp-content\/uploads\/2018\/04\/fatec600-5.gif\" alt=\"fatec600 (5\" width=\"300\" height=\"200\" \/><\/a><\/p>\n<p style=\"text-align: justify\">Uno de los resultados del proyecto es el llamado <strong>\u201csumario de aspectos positivos observados\u201d<\/strong>, que esta en la web de FATEC. Este sumario se actualiza regularmente al ir observando nuevos aspectos positivos al visitar nuevas residencias. Estos aspectos positivos los hemos observado en residencias de Catalu\u00f1a.<\/p>\n<p style=\"text-align: justify\">Desde FATEC queremos hacer divulgaci\u00f3n por que creemos que si se dan en unas residencias se pueden dar en otras y por que puede ser \u00fatil para personas grandes que buscan una residencia, por los que ya viven en una, por sus familiares y por los profesionales que cuidan a las personas mayores.<\/p>\n<p style=\"text-align: justify\">Despu\u00e9s de la exposici\u00f3n, con apoyo audiovisual, se estableci\u00f3 un coloquio muy animado y enriquecedor entre los asistentes, haciendo bueno el t\u00edtulo de nuestro nuevo proyecto \u201cPreg\u00fantanos&#8230;..\u201d, y abriendo la posibilidad de continuar y ampliar esta exposici\u00f3n en pr\u00f3ximas jornadas.<\/p>\n<p style=\"text-align: justify\">Grupo Residencias de FATEC<\/p>\n<p>Barcelona, abril 2018<\/p>\n<p>&nbsp;<\/p>\n","protected":false},"excerpt":{"rendered":"<p>Hoy nos escriben nuestros amigos de FATEC (la federaci\u00f3n catalana de asociaciones de personas mayores de Catalu\u00f1a), que siguen desarrollando nuevos proyectos y programas en relaci\u00f3n con las residencias de mayores: El pasado martes d\u00eda 3 de abril, el Equipo de Residencias de FATEC, present\u00f3 en el Centro Teresa Duran de Cornell\u00e0 de Llobregat, dentro de su programa \u2013Cornell\u00e0 Cuida- la primera jornada de su nuevo proyecto \u201cPreg\u00fantanos&#8230;.\u201d. Junto con el programa que viene desarrollando desde el a\u00f1o 2011, \u201c La Residencia en la que me gustar\u00eda ir a vivir\u201d. En esta jornada se expuso cu\u00e1l es el alcance de este programa, como se desarrollan las visitas a las residencias, en que consiste nuestra tarea, y qu\u00e9 sue\u00f1o nuestros objetivos. Uno de los resultados del proyecto es el llamado \u201csumario de aspectos positivos observados\u201d, que esta en la web de FATEC. Este sumario se actualiza regularmente al ir observando nuevos [&hellip;]<\/p>\n","protected":false},"author":2,"featured_media":1480,"comment_status":"open","ping_status":"open","sticky":false,"template":"","format":"standard","meta":{"footnotes":""},"categories":[1],"tags":[],"yoast_head":"<!-- This site is optimized with the Yoast SEO plugin v21.7 - https:\/\/yoast.com\/wordpress\/plugins\/seo\/ -->\n<title>Preg\u00fantanos, nuevo proyecto de FATEC con los mayores - Blog Inforesidencias.com<\/title>\n<meta name=\"description\" content=\"FATEC ha realizado un nuevo proyecto &quot;Preg\u00fantanos&quot;. A trav\u00e9s de esta iniciativa y otras se busca que los mayores puedan dar su opini\u00f3n sobre las residencias\" \/>\n<meta name=\"robots\" content=\"index, follow, max-snippet:-1, max-image-preview:large, max-video-preview:-1\" \/>\n<link rel=\"canonical\" href=\"https:\/\/www.inforesidencias.com\/blog\/index.php\/2018\/04\/12\/preguntanos-nuevo-proyecto-de-fatec-con-los-mayores\/\" \/>\n<meta property=\"og:locale\" content=\"es_ES\" \/>\n<meta property=\"og:type\" content=\"article\" \/>\n<meta property=\"og:title\" content=\"Preg\u00fantanos, nuevo proyecto de FATEC con los mayores - Blog Inforesidencias.com\" \/>\n<meta property=\"og:description\" content=\"FATEC ha realizado un nuevo proyecto &quot;Preg\u00fantanos&quot;. A trav\u00e9s de esta iniciativa y otras se busca que los mayores puedan dar su opini\u00f3n sobre las residencias\" \/>\n<meta property=\"og:url\" content=\"https:\/\/www.inforesidencias.com\/blog\/index.php\/2018\/04\/12\/preguntanos-nuevo-proyecto-de-fatec-con-los-mayores\/\" \/>\n<meta property=\"og:site_name\" content=\"Blog Inforesidencias.com\" \/>\n<meta property=\"article:publisher\" content=\"https:\/\/www.facebook.com\/Inforesidencias\/\" \/>\n<meta property=\"article:author\" content=\"https:\/\/www.facebook.com\/josep.demarti\" \/>\n<meta property=\"article:published_time\" content=\"2018-04-12T14:29:21+00:00\" \/>\n<meta property=\"og:image\" content=\"https:\/\/www.inforesidencias.com\/blog\/wp-content\/uploads\/2018\/04\/fatec600.gif\" \/>\n\t<meta property=\"og:image:width\" content=\"500\" \/>\n\t<meta property=\"og:image:height\" content=\"202\" \/>\n\t<meta property=\"og:image:type\" content=\"image\/gif\" \/>\n<meta name=\"author\" content=\"Josep de Mart\u00ed\" \/>\n<meta name=\"twitter:card\" content=\"summary_large_image\" \/>\n<meta name=\"twitter:creator\" content=\"@blog-ir\" \/>\n<meta name=\"twitter:site\" content=\"@inforesidencias\" \/>\n<meta name=\"twitter:label1\" content=\"Escrito por\" \/>\n\t<meta name=\"twitter:data1\" content=\"Josep de Mart\u00ed\" \/>\n\t<meta name=\"twitter:label2\" content=\"Tiempo de lectura\" \/>\n\t<meta name=\"twitter:data2\" content=\"1 minuto\" \/>\n<script type=\"application\/ld+json\" class=\"yoast-schema-graph\">{\"@context\":\"https:\/\/schema.org\",\"@graph\":[{\"@type\":\"WebPage\",\"@id\":\"https:\/\/www.inforesidencias.com\/blog\/index.php\/2018\/04\/12\/preguntanos-nuevo-proyecto-de-fatec-con-los-mayores\/\",\"url\":\"https:\/\/www.inforesidencias.com\/blog\/index.php\/2018\/04\/12\/preguntanos-nuevo-proyecto-de-fatec-con-los-mayores\/\",\"name\":\"Preg\u00fantanos, nuevo proyecto de FATEC con los mayores - Blog Inforesidencias.com\",\"isPartOf\":{\"@id\":\"https:\/\/www.inforesidencias.com\/blog\/#website\"},\"datePublished\":\"2018-04-12T14:29:21+00:00\",\"dateModified\":\"2018-04-12T14:29:21+00:00\",\"author\":{\"@id\":\"https:\/\/www.inforesidencias.com\/blog\/#\/schema\/person\/9e146774d1eb3bc1c0316242a3898628\"},\"description\":\"FATEC ha realizado un nuevo proyecto \\\"Preg\u00fantanos\\\". A trav\u00e9s de esta iniciativa y otras se busca que los mayores puedan dar su opini\u00f3n sobre las residencias\",\"breadcrumb\":{\"@id\":\"https:\/\/www.inforesidencias.com\/blog\/index.php\/2018\/04\/12\/preguntanos-nuevo-proyecto-de-fatec-con-los-mayores\/#breadcrumb\"},\"inLanguage\":\"es\",\"potentialAction\":[{\"@type\":\"ReadAction\",\"target\":[\"https:\/\/www.inforesidencias.com\/blog\/index.php\/2018\/04\/12\/preguntanos-nuevo-proyecto-de-fatec-con-los-mayores\/\"]}]},{\"@type\":\"BreadcrumbList\",\"@id\":\"https:\/\/www.inforesidencias.com\/blog\/index.php\/2018\/04\/12\/preguntanos-nuevo-proyecto-de-fatec-con-los-mayores\/#breadcrumb\",\"itemListElement\":[{\"@type\":\"ListItem\",\"position\":1,\"name\":\"Home\",\"item\":\"https:\/\/www.inforesidencias.com\/blog\/\"},{\"@type\":\"ListItem\",\"position\":2,\"name\":\"Preg\u00fantanos, nuevo proyecto de FATEC con los mayores\"}]},{\"@type\":\"WebSite\",\"@id\":\"https:\/\/www.inforesidencias.com\/blog\/#website\",\"url\":\"https:\/\/www.inforesidencias.com\/blog\/\",\"name\":\"Blog Inforesidencias.com\",\"description\":\"El buscador de residencias de la 3\u00aa edad\",\"potentialAction\":[{\"@type\":\"SearchAction\",\"target\":{\"@type\":\"EntryPoint\",\"urlTemplate\":\"https:\/\/www.inforesidencias.com\/blog\/?s={search_term_string}\"},\"query-input\":\"required name=search_term_string\"}],\"inLanguage\":\"es\"},{\"@type\":\"Person\",\"@id\":\"https:\/\/www.inforesidencias.com\/blog\/#\/schema\/person\/9e146774d1eb3bc1c0316242a3898628\",\"name\":\"Josep de Mart\u00ed\",\"image\":{\"@type\":\"ImageObject\",\"inLanguage\":\"es\",\"@id\":\"https:\/\/www.inforesidencias.com\/blog\/#\/schema\/person\/image\/\",\"url\":\"https:\/\/secure.gravatar.com\/avatar\/de0302c4806c00c4cebff396a798c1ff?s=96&d=mm&r=g\",\"contentUrl\":\"https:\/\/secure.gravatar.com\/avatar\/de0302c4806c00c4cebff396a798c1ff?s=96&d=mm&r=g\",\"caption\":\"Josep de Mart\u00ed\"},\"sameAs\":[\"https:\/\/www.inforesidencias.com\",\"https:\/\/www.facebook.com\/josep.demarti\",\"https:\/\/twitter.com\/blog-ir\"],\"url\":\"https:\/\/www.inforesidencias.com\/blog\/index.php\/author\/josepdemarti\/\"}]}<\/script>\n<!-- \/ Yoast SEO plugin. -->","yoast_head_json":{"title":"Preg\u00fantanos, nuevo proyecto de FATEC con los mayores - Blog Inforesidencias.com","description":"FATEC ha realizado un nuevo proyecto \"Preg\u00fantanos\". A trav\u00e9s de esta iniciativa y otras se busca que los mayores puedan dar su opini\u00f3n sobre las residencias","robots":{"index":"index","follow":"follow","max-snippet":"max-snippet:-1","max-image-preview":"max-image-preview:large","max-video-preview":"max-video-preview:-1"},"canonical":"https:\/\/www.inforesidencias.com\/blog\/index.php\/2018\/04\/12\/preguntanos-nuevo-proyecto-de-fatec-con-los-mayores\/","og_locale":"es_ES","og_type":"article","og_title":"Preg\u00fantanos, nuevo proyecto de FATEC con los mayores - Blog Inforesidencias.com","og_description":"FATEC ha realizado un nuevo proyecto \"Preg\u00fantanos\". A trav\u00e9s de esta iniciativa y otras se busca que los mayores puedan dar su opini\u00f3n sobre las residencias","og_url":"https:\/\/www.inforesidencias.com\/blog\/index.php\/2018\/04\/12\/preguntanos-nuevo-proyecto-de-fatec-con-los-mayores\/","og_site_name":"Blog Inforesidencias.com","article_publisher":"https:\/\/www.facebook.com\/Inforesidencias\/","article_author":"https:\/\/www.facebook.com\/josep.demarti","article_published_time":"2018-04-12T14:29:21+00:00","og_image":[{"width":500,"height":202,"url":"https:\/\/www.inforesidencias.com\/blog\/wp-content\/uploads\/2018\/04\/fatec600.gif","type":"image\/gif"}],"author":"Josep de Mart\u00ed","twitter_card":"summary_large_image","twitter_creator":"@blog-ir","twitter_site":"@inforesidencias","twitter_misc":{"Escrito por":"Josep de Mart\u00ed","Tiempo de lectura":"1 minuto"},"schema":{"@context":"https:\/\/schema.org","@graph":[{"@type":"WebPage","@id":"https:\/\/www.inforesidencias.com\/blog\/index.php\/2018\/04\/12\/preguntanos-nuevo-proyecto-de-fatec-con-los-mayores\/","url":"https:\/\/www.inforesidencias.com\/blog\/index.php\/2018\/04\/12\/preguntanos-nuevo-proyecto-de-fatec-con-los-mayores\/","name":"Preg\u00fantanos, nuevo proyecto de FATEC con los mayores - Blog Inforesidencias.com","isPartOf":{"@id":"https:\/\/www.inforesidencias.com\/blog\/#website"},"datePublished":"2018-04-12T14:29:21+00:00","dateModified":"2018-04-12T14:29:21+00:00","author":{"@id":"https:\/\/www.inforesidencias.com\/blog\/#\/schema\/person\/9e146774d1eb3bc1c0316242a3898628"},"description":"FATEC ha realizado un nuevo proyecto \"Preg\u00fantanos\". A trav\u00e9s de esta iniciativa y otras se busca que los mayores puedan dar su opini\u00f3n sobre las residencias","breadcrumb":{"@id":"https:\/\/www.inforesidencias.com\/blog\/index.php\/2018\/04\/12\/preguntanos-nuevo-proyecto-de-fatec-con-los-mayores\/#breadcrumb"},"inLanguage":"es","potentialAction":[{"@type":"ReadAction","target":["https:\/\/www.inforesidencias.com\/blog\/index.php\/2018\/04\/12\/preguntanos-nuevo-proyecto-de-fatec-con-los-mayores\/"]}]},{"@type":"BreadcrumbList","@id":"https:\/\/www.inforesidencias.com\/blog\/index.php\/2018\/04\/12\/preguntanos-nuevo-proyecto-de-fatec-con-los-mayores\/#breadcrumb","itemListElement":[{"@type":"ListItem","position":1,"name":"Home","item":"https:\/\/www.inforesidencias.com\/blog\/"},{"@type":"ListItem","position":2,"name":"Preg\u00fantanos, nuevo proyecto de FATEC con los mayores"}]},{"@type":"WebSite","@id":"https:\/\/www.inforesidencias.com\/blog\/#website","url":"https:\/\/www.inforesidencias.com\/blog\/","name":"Blog Inforesidencias.com","description":"El buscador de residencias de la 3\u00aa edad","potentialAction":[{"@type":"SearchAction","target":{"@type":"EntryPoint","urlTemplate":"https:\/\/www.inforesidencias.com\/blog\/?s={search_term_string}"},"query-input":"required name=search_term_string"}],"inLanguage":"es"},{"@type":"Person","@id":"https:\/\/www.inforesidencias.com\/blog\/#\/schema\/person\/9e146774d1eb3bc1c0316242a3898628","name":"Josep de Mart\u00ed","image":{"@type":"ImageObject","inLanguage":"es","@id":"https:\/\/www.inforesidencias.com\/blog\/#\/schema\/person\/image\/","url":"https:\/\/secure.gravatar.com\/avatar\/de0302c4806c00c4cebff396a798c1ff?s=96&d=mm&r=g","contentUrl":"https:\/\/secure.gravatar.com\/avatar\/de0302c4806c00c4cebff396a798c1ff?s=96&d=mm&r=g","caption":"Josep de Mart\u00ed"},"sameAs":["https:\/\/www.inforesidencias.com","https:\/\/www.facebook.com\/josep.demarti","https:\/\/twitter.com\/blog-ir"],"url":"https:\/\/www.inforesidencias.com\/blog\/index.php\/author\/josepdemarti\/"}]}},"_links":{"self":[{"href":"https:\/\/www.inforesidencias.com\/blog\/index.php\/wp-json\/wp\/v2\/posts\/1478"}],"collection":[{"href":"https:\/\/www.inforesidencias.com\/blog\/index.php\/wp-json\/wp\/v2\/posts"}],"about":[{"href":"https:\/\/www.inforesidencias.com\/blog\/index.php\/wp-json\/wp\/v2\/types\/post"}],"author":[{"embeddable":true,"href":"https:\/\/www.inforesidencias.com\/blog\/index.php\/wp-json\/wp\/v2\/users\/2"}],"replies":[{"embeddable":true,"href":"https:\/\/www.inforesidencias.com\/blog\/index.php\/wp-json\/wp\/v2\/comments?post=1478"}],"version-history":[{"count":3,"href":"https:\/\/www.inforesidencias.com\/blog\/index.php\/wp-json\/wp\/v2\/posts\/1478\/revisions"}],"predecessor-version":[{"id":1487,"href":"https:\/\/www.inforesidencias.com\/blog\/index.php\/wp-json\/wp\/v2\/posts\/1478\/revisions\/1487"}],"wp:featuredmedia":[{"embeddable":true,"href":"https:\/\/www.inforesidencias.com\/blog\/index.php\/wp-json\/wp\/v2\/media\/1480"}],"wp:attachment":[{"href":"https:\/\/www.inforesidencias.com\/blog\/index.php\/wp-json\/wp\/v2\/media?parent=1478"}],"wp:term":[{"taxonomy":"category","embeddable":true,"href":"https:\/\/www.inforesidencias.com\/blog\/index.php\/wp-json\/wp\/v2\/categories?post=1478"},{"taxonomy":"post_tag","embeddable":true,"href":"https:\/\/www.inforesidencias.com\/blog\/index.php\/wp-json\/wp\/v2\/tags?post=1478"}],"curies":[{"name":"wp","href":"https:\/\/api.w.org\/{rel}","templated":true}]}}