{"id":1492,"date":"2018-05-02T10:29:45","date_gmt":"2018-05-02T10:29:45","guid":{"rendered":"https:\/\/www.inforesidencias.com\/blog\/?p=1492"},"modified":"2018-04-27T10:30:48","modified_gmt":"2018-04-27T10:30:48","slug":"de-la-residencia-al-programa-de-citas","status":"publish","type":"post","link":"https:\/\/www.inforesidencias.com\/blog\/index.php\/2018\/05\/02\/de-la-residencia-al-programa-de-citas\/","title":{"rendered":"De la residencia al programa de citas"},"content":{"rendered":"<p>El concurso Aurelia entraba siempre la \u00faltima en el comedor a la hora de cenar. Aunque ya lo sab\u00edan las chicas encargadas de servir el primer plato, siempre les fastidiaba tener que acercarse de nuevo a la mesa de Aurelia tras haber servido las otras. En rutina que iba desde la primera mesa del lado derecho a la salida de la cocina y luego en sentido de las agujas del reloj hasta completar el comedor, Aurelia era el minuto suelto en una cuesti\u00f3n mec\u00e1nica, pues si se le pon\u00eda el primer plato cuando tocaba, con seguridad lo encontrar\u00eda fr\u00edo cuando se sentaba.<\/p>\n<p>Las caras severas de cada d\u00eda solo provocaban en Aurelia una sonrisilla; ni siquiera hac\u00edan que se acelerara lo m\u00e1s m\u00ednimo su paso hasta su asiento. Cuando se sentaba en la mesa, sus tres compa\u00f1eras ya esperaban que les retiraran sus platos y se la quedaban mirando. Sab\u00eda que causaba expectaci\u00f3n en ellas, por lo que prolongaba el placer que esto le produc\u00eda lo m\u00e1ximo posible.<\/p>\n<p>La conversaci\u00f3n era siempre parecida.<\/p>\n<p>\u2014\u00bfHoy han ligado? \u2014dec\u00eda Amalia con la boca llena de pan.<\/p>\n<p>\u2014\u00bfY por qu\u00e9 no te quedas a verlo si tanto te interesa? Todos los d\u00edas igual \u2014contestaba Aurelia.<\/p>\n<p>\u2014Porque no me gusta ser la \u00faltima a la que dan de comer. \u2014Amalia siempre explicaba las cosas con grandes gestos.<\/p>\n<p>\u2014Vamos, por tragona \u2014conclu\u00eda Aurelia.<\/p>\n<p>\u2014Venga, no seas as\u00ed \u2014terciaba Juana\u2014. Qu\u00e9, alguno de los nuestros.<\/p>\n<p>Y entonces Aurelia les contaba qu\u00e9 parejas del concurso parec\u00eda que congeniaban, cu\u00e1les se las ve\u00eda que no iban a llegar a ning\u00fan lado, que si hab\u00eda un se\u00f1or que no estaba mal, pero que en cuanto empezaba a hablar lo estropeaba, que una se\u00f1ora hab\u00eda triunfado y eso que parec\u00eda que llevaba peluca.<\/p>\n<p>Aurelia hab\u00eda pedido a sus hijos una televisi\u00f3n para ella. Le gustaban ciertos programas que en el sal\u00f3n com\u00fan no se pon\u00edan. Sobre todo le hac\u00edan much\u00edsima gracia los programas de buscar pareja, se part\u00eda de risa ante la torpeza o el desparpajo y se admiraba de la cantidad de gente que se prestaba a exponerse ante la audiencia de esa manera. \u00abO est\u00e1n muy desesperados o pagan bien por ir, por que no lo entiendo\u00bb se dec\u00eda.<\/p>\n<p>En la residencia para mayores en la que viv\u00eda desde hac\u00eda dos a\u00f1os Aurelia estaba a gusto. Hab\u00eda conseguido un peque\u00f1o c\u00edrculo de amistades con las que compart\u00eda recuerdos y confidencias. Sus tres compa\u00f1eras de mesa de comedor eran las m\u00e1s cercanas. Cuando se sentaban a charlar, c\u00f3mplices, se sent\u00edan como en una pandilla en la que cualquier sue\u00f1o se pod\u00eda cumplir. A pesar de estar todas en los 70 sent\u00edan que su tiempo no hab\u00eda acabado, que todav\u00eda quedaban oportunidades para la amistad y la alegr\u00eda y, en secreto,<a href=\"https:\/\/www.inforesidencias.com\/blog\/index.php\/2017\/10\/03\/personas-mayores-y-sensualidad\/\"> Aurelia tambi\u00e9n pensaba que para el amor<\/a>. Por<br \/>\neso le encantaba el programa de citas de animosos jubilados que con la falta de pudor de quien ya viene de vuelta de todo, probaban fortuna.<\/p>\n<p>Aunque sus amigas eran lo mejor de la residencia, Aurelia era feliz en su habitaci\u00f3n, con sus fotos, libros y pudiendo ver en su televisor lo que le parec\u00eda y comentarlo en voz alta con ella misma. Las auxiliares pasaban por el pasillo y se re\u00edan ante sus comentarios.<\/p>\n<p>\u2014Ese t\u00edo m\u00e1s feo que pegar a un padre y encima con exigencias, pues si fuera yo nia recoger billetes que le acompa\u00f1aba. Mira ella, que se ha hecho la manicura y todo. \u00a1No se te ocurra, so boba! \u00a1Ese t\u00edo solo quiere que le laves los calzoncillos!<\/p>\n<p>Sin darse cuenta levantaba la voz y se alborotaba toda. Por eso todos en la residencia conoc\u00edan su afici\u00f3n y perdonaban que llegara tarde a la cena.<\/p>\n<p>Concha, de las cuatro comadres la m\u00e1s lanzada, tuvo una ocurrencia. \u00bfQu\u00e9 pasar\u00eda si apuntaban a Aurelia al programa de citas para jubilados? No hab\u00eda nada que perder y seguro que si la cog\u00edan ser\u00eda un acontecimiento y se lo pasar\u00edan bomba a su costa. Se lo coment\u00f3 a Juana y a Amalia, esta \u00faltima recelaba de que la cogieran, vivir en una residencia seguro que condicionaba.<\/p>\n<p>Las dos primeras semanas tras enviar la carta al programa las tres compinchadas no hac\u00edan m\u00e1s que soltar risitas, cuchichear y lanzarse miradas de complicidad, ante primero el mosqueo y luego el abierto enfado de Aurelia que no entend\u00eda lo que pasaba. Pero con el paso del tiempo se olvidaron del asunto, pues estaba claro que no iban a tener en cuenta a su amiga, a pesar de que hab\u00edan puesto una foto de ella de hac\u00eda diez a\u00f1os que le hab\u00edan escamoteado de un \u00e1lbum familiar.<\/p>\n<p>A los tres meses, Aurelia recibi\u00f3 una llamada. Era una invitaci\u00f3n a participar en el programa. No se lo pod\u00eda creer. Cuando se lo dijo a sus amigas y estas empezaron a re\u00edr entendi\u00f3 su comportamiento extra\u00f1o de semanas anteriores. Decidi\u00f3 ir. La directora de la residencia le dese\u00f3 suerte y le dio dos besos, las chicas del comedor la abrazaron, el chico de la fisio le dio consejos para que se relajara, en la peluquer\u00eda la dejaron estupenda. Su popularidad subi\u00f3 como la espuma cuando un coche de la productora la recogi\u00f3 en la entrada principal.<\/p>\n<p><a href=\"https:\/\/www.inforesidencias.com\/blog\/wp-content\/uploads\/2018\/04\/ancianos-cenando.jpg\"><img decoding=\"async\" loading=\"lazy\" class=\"alignleft size-full wp-image-1494\" src=\"https:\/\/www.inforesidencias.com\/blog\/wp-content\/uploads\/2018\/04\/ancianos-cenando.jpg\" alt=\"ancianos cenando\" width=\"250\" height=\"250\" \/><\/a><\/p>\n<p>Toda la residencia se reuni\u00f3 en el sal\u00f3n de la televisi\u00f3n para ver a Aurelia, no faltaba ni un auxiliar. Al enfocarla por primera vez, todos empezaron a aplaudir y a gritar.<\/p>\n<p>\u2014\u00a1Qu\u00e9 guapa!<\/p>\n<p>\u2014\u00a1Pues la tele hace gorda! \u2014A ver a quien le ponen de novio, ja, ja, ja&#8230;<\/p>\n<p>Le presentaron a un hombre de unos 75 a\u00f1os, hablador, trajeado, nervioso como ella. Eran tres mujeres y tres hombres, tres posibles parejas. Aurelia y su presunto pretendiente intercambiaron cuatro frases hechas, el presentador hizo unas gracias, forz\u00f3 que se prometieran que llamar\u00edan por tel\u00e9fono y sin m\u00e1s acab\u00f3 la aventura televisiva de Aurelia.<\/p>\n<p>De vuelta a la residencia, se sent\u00eda flotando. Todo hab\u00eda sido como una aventura que hubiera vivido otra persona. Cuando entr\u00f3 al enorme recibidor la recibi\u00f3 un griter\u00edo de felicitaciones y abrazos. Con el papel con el tel\u00e9fono apuntado del hombre en el bolso se sinti\u00f3 como una estrella. \u00abNo s\u00e9 si le llamar\u00e9 o me llamar\u00e1. Me da igual. \u00a1Qu\u00e9 gran d\u00eda!\u00bb<\/p>\n","protected":false},"excerpt":{"rendered":"<p>El concurso Aurelia entraba siempre la \u00faltima en el comedor a la hora de cenar. Aunque ya lo sab\u00edan las chicas encargadas de servir el primer plato, siempre les fastidiaba tener que acercarse de nuevo a la mesa de Aurelia tras haber servido las otras. En rutina que iba desde la primera mesa del lado derecho a la salida de la cocina y luego en sentido de las agujas del reloj hasta completar el comedor, Aurelia era el minuto suelto en una cuesti\u00f3n mec\u00e1nica, pues si se le pon\u00eda el primer plato cuando tocaba, con seguridad lo encontrar\u00eda fr\u00edo cuando se sentaba. Las caras severas de cada d\u00eda solo provocaban en Aurelia una sonrisilla; ni siquiera hac\u00edan que se acelerara lo m\u00e1s m\u00ednimo su paso hasta su asiento. Cuando se sentaba en la mesa, sus tres compa\u00f1eras ya esperaban que les retiraran sus platos y se la quedaban mirando. Sab\u00eda [&hellip;]<\/p>\n","protected":false},"author":2,"featured_media":1494,"comment_status":"open","ping_status":"open","sticky":false,"template":"","format":"standard","meta":{"footnotes":""},"categories":[1],"tags":[],"yoast_head":"<!-- This site is optimized with the Yoast SEO plugin v21.7 - https:\/\/yoast.com\/wordpress\/plugins\/seo\/ -->\n<title>De la residencia al programa de citas - Blog Inforesidencias.com<\/title>\n<meta name=\"description\" content=\"Viviendo en una residencia tienes que sentirte como en casa. Aurelia hace todo el d\u00eda lo que le gusta y hasta participa en un programa de citas.\" \/>\n<meta name=\"robots\" content=\"index, follow, max-snippet:-1, max-image-preview:large, max-video-preview:-1\" \/>\n<link rel=\"canonical\" href=\"https:\/\/www.inforesidencias.com\/blog\/index.php\/2018\/05\/02\/de-la-residencia-al-programa-de-citas\/\" \/>\n<meta property=\"og:locale\" content=\"es_ES\" \/>\n<meta property=\"og:type\" content=\"article\" \/>\n<meta property=\"og:title\" content=\"De la residencia al programa de citas - Blog Inforesidencias.com\" \/>\n<meta property=\"og:description\" content=\"Viviendo en una residencia tienes que sentirte como en casa. Aurelia hace todo el d\u00eda lo que le gusta y hasta participa en un programa de citas.\" \/>\n<meta property=\"og:url\" content=\"https:\/\/www.inforesidencias.com\/blog\/index.php\/2018\/05\/02\/de-la-residencia-al-programa-de-citas\/\" \/>\n<meta property=\"og:site_name\" content=\"Blog Inforesidencias.com\" \/>\n<meta property=\"article:publisher\" content=\"https:\/\/www.facebook.com\/Inforesidencias\/\" \/>\n<meta property=\"article:author\" content=\"https:\/\/www.facebook.com\/josep.demarti\" \/>\n<meta property=\"article:published_time\" content=\"2018-05-02T10:29:45+00:00\" \/>\n<meta property=\"article:modified_time\" content=\"2018-04-27T10:30:48+00:00\" \/>\n<meta property=\"og:image\" content=\"https:\/\/www.inforesidencias.com\/blog\/wp-content\/uploads\/2018\/04\/ancianos-cenando.jpg\" \/>\n\t<meta property=\"og:image:width\" content=\"250\" \/>\n\t<meta property=\"og:image:height\" content=\"250\" \/>\n\t<meta property=\"og:image:type\" content=\"image\/jpeg\" \/>\n<meta name=\"author\" content=\"Josep de Mart\u00ed\" \/>\n<meta name=\"twitter:card\" content=\"summary_large_image\" \/>\n<meta name=\"twitter:creator\" content=\"@blog-ir\" \/>\n<meta name=\"twitter:site\" content=\"@inforesidencias\" \/>\n<meta name=\"twitter:label1\" content=\"Escrito por\" \/>\n\t<meta name=\"twitter:data1\" content=\"Josep de Mart\u00ed\" \/>\n\t<meta name=\"twitter:label2\" content=\"Tiempo de lectura\" \/>\n\t<meta name=\"twitter:data2\" content=\"6 minutos\" \/>\n<script type=\"application\/ld+json\" class=\"yoast-schema-graph\">{\"@context\":\"https:\/\/schema.org\",\"@graph\":[{\"@type\":\"WebPage\",\"@id\":\"https:\/\/www.inforesidencias.com\/blog\/index.php\/2018\/05\/02\/de-la-residencia-al-programa-de-citas\/\",\"url\":\"https:\/\/www.inforesidencias.com\/blog\/index.php\/2018\/05\/02\/de-la-residencia-al-programa-de-citas\/\",\"name\":\"De la residencia al programa de citas - Blog Inforesidencias.com\",\"isPartOf\":{\"@id\":\"https:\/\/www.inforesidencias.com\/blog\/#website\"},\"datePublished\":\"2018-05-02T10:29:45+00:00\",\"dateModified\":\"2018-04-27T10:30:48+00:00\",\"author\":{\"@id\":\"https:\/\/www.inforesidencias.com\/blog\/#\/schema\/person\/9e146774d1eb3bc1c0316242a3898628\"},\"description\":\"Viviendo en una residencia tienes que sentirte como en casa. Aurelia hace todo el d\u00eda lo que le gusta y hasta participa en un programa de citas.\",\"breadcrumb\":{\"@id\":\"https:\/\/www.inforesidencias.com\/blog\/index.php\/2018\/05\/02\/de-la-residencia-al-programa-de-citas\/#breadcrumb\"},\"inLanguage\":\"es\",\"potentialAction\":[{\"@type\":\"ReadAction\",\"target\":[\"https:\/\/www.inforesidencias.com\/blog\/index.php\/2018\/05\/02\/de-la-residencia-al-programa-de-citas\/\"]}]},{\"@type\":\"BreadcrumbList\",\"@id\":\"https:\/\/www.inforesidencias.com\/blog\/index.php\/2018\/05\/02\/de-la-residencia-al-programa-de-citas\/#breadcrumb\",\"itemListElement\":[{\"@type\":\"ListItem\",\"position\":1,\"name\":\"Home\",\"item\":\"https:\/\/www.inforesidencias.com\/blog\/\"},{\"@type\":\"ListItem\",\"position\":2,\"name\":\"De la residencia al programa de citas\"}]},{\"@type\":\"WebSite\",\"@id\":\"https:\/\/www.inforesidencias.com\/blog\/#website\",\"url\":\"https:\/\/www.inforesidencias.com\/blog\/\",\"name\":\"Blog Inforesidencias.com\",\"description\":\"El buscador de residencias de la 3\u00aa edad\",\"potentialAction\":[{\"@type\":\"SearchAction\",\"target\":{\"@type\":\"EntryPoint\",\"urlTemplate\":\"https:\/\/www.inforesidencias.com\/blog\/?s={search_term_string}\"},\"query-input\":\"required name=search_term_string\"}],\"inLanguage\":\"es\"},{\"@type\":\"Person\",\"@id\":\"https:\/\/www.inforesidencias.com\/blog\/#\/schema\/person\/9e146774d1eb3bc1c0316242a3898628\",\"name\":\"Josep de Mart\u00ed\",\"image\":{\"@type\":\"ImageObject\",\"inLanguage\":\"es\",\"@id\":\"https:\/\/www.inforesidencias.com\/blog\/#\/schema\/person\/image\/\",\"url\":\"https:\/\/secure.gravatar.com\/avatar\/de0302c4806c00c4cebff396a798c1ff?s=96&d=mm&r=g\",\"contentUrl\":\"https:\/\/secure.gravatar.com\/avatar\/de0302c4806c00c4cebff396a798c1ff?s=96&d=mm&r=g\",\"caption\":\"Josep de Mart\u00ed\"},\"sameAs\":[\"https:\/\/www.inforesidencias.com\",\"https:\/\/www.facebook.com\/josep.demarti\",\"https:\/\/twitter.com\/blog-ir\"],\"url\":\"https:\/\/www.inforesidencias.com\/blog\/index.php\/author\/josepdemarti\/\"}]}<\/script>\n<!-- \/ Yoast SEO plugin. -->","yoast_head_json":{"title":"De la residencia al programa de citas - Blog Inforesidencias.com","description":"Viviendo en una residencia tienes que sentirte como en casa. Aurelia hace todo el d\u00eda lo que le gusta y hasta participa en un programa de citas.","robots":{"index":"index","follow":"follow","max-snippet":"max-snippet:-1","max-image-preview":"max-image-preview:large","max-video-preview":"max-video-preview:-1"},"canonical":"https:\/\/www.inforesidencias.com\/blog\/index.php\/2018\/05\/02\/de-la-residencia-al-programa-de-citas\/","og_locale":"es_ES","og_type":"article","og_title":"De la residencia al programa de citas - Blog Inforesidencias.com","og_description":"Viviendo en una residencia tienes que sentirte como en casa. Aurelia hace todo el d\u00eda lo que le gusta y hasta participa en un programa de citas.","og_url":"https:\/\/www.inforesidencias.com\/blog\/index.php\/2018\/05\/02\/de-la-residencia-al-programa-de-citas\/","og_site_name":"Blog Inforesidencias.com","article_publisher":"https:\/\/www.facebook.com\/Inforesidencias\/","article_author":"https:\/\/www.facebook.com\/josep.demarti","article_published_time":"2018-05-02T10:29:45+00:00","article_modified_time":"2018-04-27T10:30:48+00:00","og_image":[{"width":250,"height":250,"url":"https:\/\/www.inforesidencias.com\/blog\/wp-content\/uploads\/2018\/04\/ancianos-cenando.jpg","type":"image\/jpeg"}],"author":"Josep de Mart\u00ed","twitter_card":"summary_large_image","twitter_creator":"@blog-ir","twitter_site":"@inforesidencias","twitter_misc":{"Escrito por":"Josep de Mart\u00ed","Tiempo de lectura":"6 minutos"},"schema":{"@context":"https:\/\/schema.org","@graph":[{"@type":"WebPage","@id":"https:\/\/www.inforesidencias.com\/blog\/index.php\/2018\/05\/02\/de-la-residencia-al-programa-de-citas\/","url":"https:\/\/www.inforesidencias.com\/blog\/index.php\/2018\/05\/02\/de-la-residencia-al-programa-de-citas\/","name":"De la residencia al programa de citas - Blog Inforesidencias.com","isPartOf":{"@id":"https:\/\/www.inforesidencias.com\/blog\/#website"},"datePublished":"2018-05-02T10:29:45+00:00","dateModified":"2018-04-27T10:30:48+00:00","author":{"@id":"https:\/\/www.inforesidencias.com\/blog\/#\/schema\/person\/9e146774d1eb3bc1c0316242a3898628"},"description":"Viviendo en una residencia tienes que sentirte como en casa. Aurelia hace todo el d\u00eda lo que le gusta y hasta participa en un programa de citas.","breadcrumb":{"@id":"https:\/\/www.inforesidencias.com\/blog\/index.php\/2018\/05\/02\/de-la-residencia-al-programa-de-citas\/#breadcrumb"},"inLanguage":"es","potentialAction":[{"@type":"ReadAction","target":["https:\/\/www.inforesidencias.com\/blog\/index.php\/2018\/05\/02\/de-la-residencia-al-programa-de-citas\/"]}]},{"@type":"BreadcrumbList","@id":"https:\/\/www.inforesidencias.com\/blog\/index.php\/2018\/05\/02\/de-la-residencia-al-programa-de-citas\/#breadcrumb","itemListElement":[{"@type":"ListItem","position":1,"name":"Home","item":"https:\/\/www.inforesidencias.com\/blog\/"},{"@type":"ListItem","position":2,"name":"De la residencia al programa de citas"}]},{"@type":"WebSite","@id":"https:\/\/www.inforesidencias.com\/blog\/#website","url":"https:\/\/www.inforesidencias.com\/blog\/","name":"Blog Inforesidencias.com","description":"El buscador de residencias de la 3\u00aa edad","potentialAction":[{"@type":"SearchAction","target":{"@type":"EntryPoint","urlTemplate":"https:\/\/www.inforesidencias.com\/blog\/?s={search_term_string}"},"query-input":"required name=search_term_string"}],"inLanguage":"es"},{"@type":"Person","@id":"https:\/\/www.inforesidencias.com\/blog\/#\/schema\/person\/9e146774d1eb3bc1c0316242a3898628","name":"Josep de Mart\u00ed","image":{"@type":"ImageObject","inLanguage":"es","@id":"https:\/\/www.inforesidencias.com\/blog\/#\/schema\/person\/image\/","url":"https:\/\/secure.gravatar.com\/avatar\/de0302c4806c00c4cebff396a798c1ff?s=96&d=mm&r=g","contentUrl":"https:\/\/secure.gravatar.com\/avatar\/de0302c4806c00c4cebff396a798c1ff?s=96&d=mm&r=g","caption":"Josep de Mart\u00ed"},"sameAs":["https:\/\/www.inforesidencias.com","https:\/\/www.facebook.com\/josep.demarti","https:\/\/twitter.com\/blog-ir"],"url":"https:\/\/www.inforesidencias.com\/blog\/index.php\/author\/josepdemarti\/"}]}},"_links":{"self":[{"href":"https:\/\/www.inforesidencias.com\/blog\/index.php\/wp-json\/wp\/v2\/posts\/1492"}],"collection":[{"href":"https:\/\/www.inforesidencias.com\/blog\/index.php\/wp-json\/wp\/v2\/posts"}],"about":[{"href":"https:\/\/www.inforesidencias.com\/blog\/index.php\/wp-json\/wp\/v2\/types\/post"}],"author":[{"embeddable":true,"href":"https:\/\/www.inforesidencias.com\/blog\/index.php\/wp-json\/wp\/v2\/users\/2"}],"replies":[{"embeddable":true,"href":"https:\/\/www.inforesidencias.com\/blog\/index.php\/wp-json\/wp\/v2\/comments?post=1492"}],"version-history":[{"count":3,"href":"https:\/\/www.inforesidencias.com\/blog\/index.php\/wp-json\/wp\/v2\/posts\/1492\/revisions"}],"predecessor-version":[{"id":1496,"href":"https:\/\/www.inforesidencias.com\/blog\/index.php\/wp-json\/wp\/v2\/posts\/1492\/revisions\/1496"}],"wp:featuredmedia":[{"embeddable":true,"href":"https:\/\/www.inforesidencias.com\/blog\/index.php\/wp-json\/wp\/v2\/media\/1494"}],"wp:attachment":[{"href":"https:\/\/www.inforesidencias.com\/blog\/index.php\/wp-json\/wp\/v2\/media?parent=1492"}],"wp:term":[{"taxonomy":"category","embeddable":true,"href":"https:\/\/www.inforesidencias.com\/blog\/index.php\/wp-json\/wp\/v2\/categories?post=1492"},{"taxonomy":"post_tag","embeddable":true,"href":"https:\/\/www.inforesidencias.com\/blog\/index.php\/wp-json\/wp\/v2\/tags?post=1492"}],"curies":[{"name":"wp","href":"https:\/\/api.w.org\/{rel}","templated":true}]}}