{"id":1504,"date":"2018-05-16T09:16:24","date_gmt":"2018-05-16T09:16:24","guid":{"rendered":"https:\/\/www.inforesidencias.com\/blog\/?p=1504"},"modified":"2018-05-10T10:22:14","modified_gmt":"2018-05-10T10:22:14","slug":"la-busqueda-del-bienestar-en-la-tercera-edad","status":"publish","type":"post","link":"https:\/\/www.inforesidencias.com\/blog\/index.php\/2018\/05\/16\/la-busqueda-del-bienestar-en-la-tercera-edad\/","title":{"rendered":"La b\u00fasqueda del bienestar en la tercera edad"},"content":{"rendered":"<p>El paso de los a\u00f1os conlleva de manera inevitable un deterioro f\u00edsico. Pero, a no ser que se trate de enfermedades invalidantes concretas, como las que llevan asociado deterioro cognitivo, no estar en plenitud f\u00edsica o mental no tiene porqu\u00e9 ser sin\u00f3nimo de infelicidad.<\/p>\n<p>Poner en valor la experiencia, las habilidades y conocimientos adquiridos con el paso de los a\u00f1os y tener perspectivas, sue\u00f1os y ganas de hacer cosas, pueden suplir en buena medida la p\u00e9rdida de vigor o los achaques. Es decir, se puede ser feliz, aunque se cumplan muchos a\u00f1os.<\/p>\n<p>Una de las claves es adaptarse con naturalidad a la nueva realidad personal, a los cambios que se producen y hacer de ellos oportunidades. No se podr\u00e1n hacer las mismas cosas que cuando se tienen 20 a\u00f1os, pero la perspectiva del tiempo hace que las personas nos demos cuenta de facetas de la vida que cuando se es joven pasan desapercibidas.<\/p>\n<p>Hay una llamada \u00abparadoja de la edad\u00bb, que se\u00f1ala que las personas son m\u00e1s felices y tienen menos estr\u00e9s cuantos m\u00e1s a\u00f1os cumplen. <a href=\"https:\/\/www.inforesidencias.com\/blog\/index.php\/2018\/03\/27\/la-edad-que-sentimos-frente-a-la-edad-que-tenemos\/\">La explicaci\u00f3n es que la perspectiva de los a\u00f1os hace que se vea de otra manera el futuro y se disfrute del presente<\/a>.<\/p>\n<p>Estamos observando al gran n\u00famero de personas mayores que se lanzan a la calle a manifestarse por sus pensiones, por la violencia de g\u00e9nero, por causas de todo tipo y, en su mayor\u00eda, manifiestan en deseo de que sus reivindicaciones sean \u00fatiles no para ellos, sino para las generaciones futuras. Ese deseo, esa sensaci\u00f3n de que se pueden hacer cosas con cualquier edad es la que llena las aulas de la tercera edad en las universidades y la que agota las plazas en los viajes para mayores. Se une la sensaci\u00f3n de deber cumplido y de que es el momento propio. Tener las obligaciones resueltas (crianza de los hijos, hipotecas&#8230;) libera de responsabilidades y da la oportunidad de realizar deseos como aprender un nuevo oficio, cantar en un coro, hacer teatro aficionado, viajar, pasar tiempo con los amigos, etc., actividades que contribuyen de manera definitiva a la felicidad.<\/p>\n<p><a href=\"https:\/\/www.inforesidencias.com\/blog\/wp-content\/uploads\/2018\/05\/actividades-bienestar-tercera-edad.jpg\"><img decoding=\"async\" loading=\"lazy\" class=\"alignleft size-full wp-image-1508\" src=\"https:\/\/www.inforesidencias.com\/blog\/wp-content\/uploads\/2018\/05\/actividades-bienestar-tercera-edad.jpg\" alt=\"actividades bienestar tercera edad\" width=\"380\" height=\"237\" \/><\/a><\/p>\n<p>Para poder llevar una vida buena es necesario que las actividades y deseos se acomoden con las capacidades. Es decir, los cambios implicar\u00e1n ciertas renuncias que deber\u00e1n ser aceptadas y si no se pueden solventar, deber\u00e1 cambiarse de objetivo. Una rotura de cadera, posiblemente, limite las opciones de hacer escalada o largas marchas, pero es una oportunidad para aprender a pintar, apuntarse a un club de lectura o, aprovechando la rehabilitaci\u00f3n, ir a nadar varias veces a la semana.<\/p>\n<p>Disfrutar de la vida no quiere decir que la juventud, la salud y el vigor sean eternos. Disfrutar de la vida tiene que ver con las adaptaciones que nosotros mismos bas\u00e1ndonos en nuestras capacidades y opciones en cada momento vital.<\/p>\n<p>En la tercera edad puede abundar la empat\u00eda y hacer labores sociales importantes; el amor, que puede abrir nuevas posibilidades de relaciones; la amistad, que es fuente de salud mental&#8230; Se pueden abrir oportunidades gracias a la disposici\u00f3n de m\u00e1s tiempo propio.<\/p>\n<p>Pero no todas las personas tienen las mismas herramientas para enfrentarse a los a\u00f1os. Muchas deben seguir con obligaciones de cuidado hasta edades avanzadas por razones familiares, un n\u00famero muy importante no dispone de capacidad econ\u00f3mica que les permita una vida desahogada y, muchas, generaciones enteras, han vivido una educaci\u00f3n y unos a\u00f1os que les ha creado una manera de ver la vida m\u00e1s pesimista, menos l\u00fadica o m\u00e1s ligada a penurias y obligaciones que a deseos y ganas de realizaci\u00f3n personal.<\/p>\n<p>Seg\u00fan lo dicho, eres variables condicionan de manera determinante: la experiencia, la edad y la generaci\u00f3n a la que se pertenece. La edad influye en la capacidad f\u00edsica y mental. La experiencia es particular de cada uno y la educaci\u00f3n recibida, su trabajo, lugar de residencia&#8230;, es decir experiencias vitales de todo tipo afectar\u00e1n a la conducta, reacciones ante las novedades, fomento o abandono de las relaciones personales o a las perspectivas de hacer cosas nuevas. En cuanto a la generaci\u00f3n, es una marca que se comparte con los coet\u00e1neos y que puede ser pesada: generaci\u00f3n de la posguerra, los ni\u00f1os de la emigraci\u00f3n, etc. que para algunas personas es una carga pesada.<\/p>\n<p>Lo que es una realidad que se impone es que con el envejecimiento de las sociedades y el aumento de la esperanza de vida, la sociedad est\u00e1 cambiado y debe adaptarse a las expectativas de un n\u00famero creciente de personas mayores que reclama todo tipo de servicios, que los reclama con fuerza, y a las que no les vale cualquier cosa. Y eso es muy bueno. Se trata de un cambio demogr\u00e1fico y sociol\u00f3gico para el que debemos estar preparados.<\/p>\n<p>La emancipaci\u00f3n de los j\u00f3venes se retrasa, los hijos llegan m\u00e1s tarde, nos jubilaremos con m\u00e1s edad y tendremos por delante muchos a\u00f1os. Cada vez m\u00e1s, las personas mayores disponen de oportunidades para una vida plena. Los cuidados de la salud hacen que la calidad de vida de una persona mayor sea mucho mejor que hace treinta a\u00f1os, los servicios sociosanitarios proporcionan coberturas que, si bien insuficientes, son fundamentales y deber\u00e1n ampliarse. Tambi\u00e9n se puede llevar una buena vida en una residencia para la tercera edad o en una soluci\u00f3n de vivienda compartida.<\/p>\n<p>Pero para que las personas mayores sean felices, lo fundamental es su deseo de serlo, su capacidad para adaptarse a los cambios y el fomento de una red social que acompa\u00f1e y apoye.<\/p>\n","protected":false},"excerpt":{"rendered":"<p>El paso de los a\u00f1os conlleva de manera inevitable un deterioro f\u00edsico. Pero, a no ser que se trate de enfermedades invalidantes concretas, como las que llevan asociado deterioro cognitivo, no estar en plenitud f\u00edsica o mental no tiene porqu\u00e9 ser sin\u00f3nimo de infelicidad. Poner en valor la experiencia, las habilidades y conocimientos adquiridos con el paso de los a\u00f1os y tener perspectivas, sue\u00f1os y ganas de hacer cosas, pueden suplir en buena medida la p\u00e9rdida de vigor o los achaques. Es decir, se puede ser feliz, aunque se cumplan muchos a\u00f1os. Una de las claves es adaptarse con naturalidad a la nueva realidad personal, a los cambios que se producen y hacer de ellos oportunidades. No se podr\u00e1n hacer las mismas cosas que cuando se tienen 20 a\u00f1os, pero la perspectiva del tiempo hace que las personas nos demos cuenta de facetas de la vida que cuando se es [&hellip;]<\/p>\n","protected":false},"author":2,"featured_media":1507,"comment_status":"open","ping_status":"open","sticky":false,"template":"","format":"standard","meta":{"footnotes":""},"categories":[1],"tags":[],"yoast_head":"<!-- This site is optimized with the Yoast SEO plugin v21.7 - https:\/\/yoast.com\/wordpress\/plugins\/seo\/ -->\n<title>La b\u00fasqueda del bienestar en la tercera edad - Blog Inforesidencias.com<\/title>\n<meta name=\"description\" content=\"Es vital para alcanzar el bienestar en la tercera edad, definir o redefinir nuestros preferencias, gustos y objetivos y perseguirlos con optimismo y entusiasmo.\" \/>\n<meta name=\"robots\" content=\"index, follow, max-snippet:-1, max-image-preview:large, max-video-preview:-1\" \/>\n<link rel=\"canonical\" href=\"https:\/\/www.inforesidencias.com\/blog\/index.php\/2018\/05\/16\/la-busqueda-del-bienestar-en-la-tercera-edad\/\" \/>\n<meta property=\"og:locale\" content=\"es_ES\" \/>\n<meta property=\"og:type\" content=\"article\" \/>\n<meta property=\"og:title\" content=\"La b\u00fasqueda del bienestar en la tercera edad - Blog Inforesidencias.com\" \/>\n<meta property=\"og:description\" content=\"Es vital para alcanzar el bienestar en la tercera edad, definir o redefinir nuestros preferencias, gustos y objetivos y perseguirlos con optimismo y entusiasmo.\" \/>\n<meta property=\"og:url\" content=\"https:\/\/www.inforesidencias.com\/blog\/index.php\/2018\/05\/16\/la-busqueda-del-bienestar-en-la-tercera-edad\/\" \/>\n<meta property=\"og:site_name\" content=\"Blog Inforesidencias.com\" \/>\n<meta property=\"article:publisher\" content=\"https:\/\/www.facebook.com\/Inforesidencias\/\" \/>\n<meta property=\"article:author\" content=\"https:\/\/www.facebook.com\/josep.demarti\" \/>\n<meta property=\"article:published_time\" content=\"2018-05-16T09:16:24+00:00\" \/>\n<meta property=\"article:modified_time\" content=\"2018-05-10T10:22:14+00:00\" \/>\n<meta property=\"og:image\" content=\"https:\/\/www.inforesidencias.com\/blog\/wp-content\/uploads\/2018\/05\/buscando-el-bienestaer-en-la-tercera-edad.jpg\" \/>\n\t<meta property=\"og:image:width\" content=\"380\" \/>\n\t<meta property=\"og:image:height\" content=\"295\" \/>\n\t<meta property=\"og:image:type\" content=\"image\/jpeg\" \/>\n<meta name=\"author\" content=\"Josep de Mart\u00ed\" \/>\n<meta name=\"twitter:card\" content=\"summary_large_image\" \/>\n<meta name=\"twitter:creator\" content=\"@blog-ir\" \/>\n<meta name=\"twitter:site\" content=\"@inforesidencias\" \/>\n<meta name=\"twitter:label1\" content=\"Escrito por\" \/>\n\t<meta name=\"twitter:data1\" content=\"Josep de Mart\u00ed\" \/>\n\t<meta name=\"twitter:label2\" content=\"Tiempo de lectura\" \/>\n\t<meta name=\"twitter:data2\" content=\"5 minutos\" \/>\n<script type=\"application\/ld+json\" class=\"yoast-schema-graph\">{\"@context\":\"https:\/\/schema.org\",\"@graph\":[{\"@type\":\"WebPage\",\"@id\":\"https:\/\/www.inforesidencias.com\/blog\/index.php\/2018\/05\/16\/la-busqueda-del-bienestar-en-la-tercera-edad\/\",\"url\":\"https:\/\/www.inforesidencias.com\/blog\/index.php\/2018\/05\/16\/la-busqueda-del-bienestar-en-la-tercera-edad\/\",\"name\":\"La b\u00fasqueda del bienestar en la tercera edad - Blog Inforesidencias.com\",\"isPartOf\":{\"@id\":\"https:\/\/www.inforesidencias.com\/blog\/#website\"},\"datePublished\":\"2018-05-16T09:16:24+00:00\",\"dateModified\":\"2018-05-10T10:22:14+00:00\",\"author\":{\"@id\":\"https:\/\/www.inforesidencias.com\/blog\/#\/schema\/person\/9e146774d1eb3bc1c0316242a3898628\"},\"description\":\"Es vital para alcanzar el bienestar en la tercera edad, definir o redefinir nuestros preferencias, gustos y objetivos y perseguirlos con optimismo y entusiasmo.\",\"breadcrumb\":{\"@id\":\"https:\/\/www.inforesidencias.com\/blog\/index.php\/2018\/05\/16\/la-busqueda-del-bienestar-en-la-tercera-edad\/#breadcrumb\"},\"inLanguage\":\"es\",\"potentialAction\":[{\"@type\":\"ReadAction\",\"target\":[\"https:\/\/www.inforesidencias.com\/blog\/index.php\/2018\/05\/16\/la-busqueda-del-bienestar-en-la-tercera-edad\/\"]}]},{\"@type\":\"BreadcrumbList\",\"@id\":\"https:\/\/www.inforesidencias.com\/blog\/index.php\/2018\/05\/16\/la-busqueda-del-bienestar-en-la-tercera-edad\/#breadcrumb\",\"itemListElement\":[{\"@type\":\"ListItem\",\"position\":1,\"name\":\"Home\",\"item\":\"https:\/\/www.inforesidencias.com\/blog\/\"},{\"@type\":\"ListItem\",\"position\":2,\"name\":\"La b\u00fasqueda del bienestar en la tercera edad\"}]},{\"@type\":\"WebSite\",\"@id\":\"https:\/\/www.inforesidencias.com\/blog\/#website\",\"url\":\"https:\/\/www.inforesidencias.com\/blog\/\",\"name\":\"Blog Inforesidencias.com\",\"description\":\"El buscador de residencias de la 3\u00aa edad\",\"potentialAction\":[{\"@type\":\"SearchAction\",\"target\":{\"@type\":\"EntryPoint\",\"urlTemplate\":\"https:\/\/www.inforesidencias.com\/blog\/?s={search_term_string}\"},\"query-input\":\"required name=search_term_string\"}],\"inLanguage\":\"es\"},{\"@type\":\"Person\",\"@id\":\"https:\/\/www.inforesidencias.com\/blog\/#\/schema\/person\/9e146774d1eb3bc1c0316242a3898628\",\"name\":\"Josep de Mart\u00ed\",\"image\":{\"@type\":\"ImageObject\",\"inLanguage\":\"es\",\"@id\":\"https:\/\/www.inforesidencias.com\/blog\/#\/schema\/person\/image\/\",\"url\":\"https:\/\/secure.gravatar.com\/avatar\/de0302c4806c00c4cebff396a798c1ff?s=96&d=mm&r=g\",\"contentUrl\":\"https:\/\/secure.gravatar.com\/avatar\/de0302c4806c00c4cebff396a798c1ff?s=96&d=mm&r=g\",\"caption\":\"Josep de Mart\u00ed\"},\"sameAs\":[\"https:\/\/www.inforesidencias.com\",\"https:\/\/www.facebook.com\/josep.demarti\",\"https:\/\/twitter.com\/blog-ir\"],\"url\":\"https:\/\/www.inforesidencias.com\/blog\/index.php\/author\/josepdemarti\/\"}]}<\/script>\n<!-- \/ Yoast SEO plugin. -->","yoast_head_json":{"title":"La b\u00fasqueda del bienestar en la tercera edad - Blog Inforesidencias.com","description":"Es vital para alcanzar el bienestar en la tercera edad, definir o redefinir nuestros preferencias, gustos y objetivos y perseguirlos con optimismo y entusiasmo.","robots":{"index":"index","follow":"follow","max-snippet":"max-snippet:-1","max-image-preview":"max-image-preview:large","max-video-preview":"max-video-preview:-1"},"canonical":"https:\/\/www.inforesidencias.com\/blog\/index.php\/2018\/05\/16\/la-busqueda-del-bienestar-en-la-tercera-edad\/","og_locale":"es_ES","og_type":"article","og_title":"La b\u00fasqueda del bienestar en la tercera edad - Blog Inforesidencias.com","og_description":"Es vital para alcanzar el bienestar en la tercera edad, definir o redefinir nuestros preferencias, gustos y objetivos y perseguirlos con optimismo y entusiasmo.","og_url":"https:\/\/www.inforesidencias.com\/blog\/index.php\/2018\/05\/16\/la-busqueda-del-bienestar-en-la-tercera-edad\/","og_site_name":"Blog Inforesidencias.com","article_publisher":"https:\/\/www.facebook.com\/Inforesidencias\/","article_author":"https:\/\/www.facebook.com\/josep.demarti","article_published_time":"2018-05-16T09:16:24+00:00","article_modified_time":"2018-05-10T10:22:14+00:00","og_image":[{"width":380,"height":295,"url":"https:\/\/www.inforesidencias.com\/blog\/wp-content\/uploads\/2018\/05\/buscando-el-bienestaer-en-la-tercera-edad.jpg","type":"image\/jpeg"}],"author":"Josep de Mart\u00ed","twitter_card":"summary_large_image","twitter_creator":"@blog-ir","twitter_site":"@inforesidencias","twitter_misc":{"Escrito por":"Josep de Mart\u00ed","Tiempo de lectura":"5 minutos"},"schema":{"@context":"https:\/\/schema.org","@graph":[{"@type":"WebPage","@id":"https:\/\/www.inforesidencias.com\/blog\/index.php\/2018\/05\/16\/la-busqueda-del-bienestar-en-la-tercera-edad\/","url":"https:\/\/www.inforesidencias.com\/blog\/index.php\/2018\/05\/16\/la-busqueda-del-bienestar-en-la-tercera-edad\/","name":"La b\u00fasqueda del bienestar en la tercera edad - Blog Inforesidencias.com","isPartOf":{"@id":"https:\/\/www.inforesidencias.com\/blog\/#website"},"datePublished":"2018-05-16T09:16:24+00:00","dateModified":"2018-05-10T10:22:14+00:00","author":{"@id":"https:\/\/www.inforesidencias.com\/blog\/#\/schema\/person\/9e146774d1eb3bc1c0316242a3898628"},"description":"Es vital para alcanzar el bienestar en la tercera edad, definir o redefinir nuestros preferencias, gustos y objetivos y perseguirlos con optimismo y entusiasmo.","breadcrumb":{"@id":"https:\/\/www.inforesidencias.com\/blog\/index.php\/2018\/05\/16\/la-busqueda-del-bienestar-en-la-tercera-edad\/#breadcrumb"},"inLanguage":"es","potentialAction":[{"@type":"ReadAction","target":["https:\/\/www.inforesidencias.com\/blog\/index.php\/2018\/05\/16\/la-busqueda-del-bienestar-en-la-tercera-edad\/"]}]},{"@type":"BreadcrumbList","@id":"https:\/\/www.inforesidencias.com\/blog\/index.php\/2018\/05\/16\/la-busqueda-del-bienestar-en-la-tercera-edad\/#breadcrumb","itemListElement":[{"@type":"ListItem","position":1,"name":"Home","item":"https:\/\/www.inforesidencias.com\/blog\/"},{"@type":"ListItem","position":2,"name":"La b\u00fasqueda del bienestar en la tercera edad"}]},{"@type":"WebSite","@id":"https:\/\/www.inforesidencias.com\/blog\/#website","url":"https:\/\/www.inforesidencias.com\/blog\/","name":"Blog Inforesidencias.com","description":"El buscador de residencias de la 3\u00aa edad","potentialAction":[{"@type":"SearchAction","target":{"@type":"EntryPoint","urlTemplate":"https:\/\/www.inforesidencias.com\/blog\/?s={search_term_string}"},"query-input":"required name=search_term_string"}],"inLanguage":"es"},{"@type":"Person","@id":"https:\/\/www.inforesidencias.com\/blog\/#\/schema\/person\/9e146774d1eb3bc1c0316242a3898628","name":"Josep de Mart\u00ed","image":{"@type":"ImageObject","inLanguage":"es","@id":"https:\/\/www.inforesidencias.com\/blog\/#\/schema\/person\/image\/","url":"https:\/\/secure.gravatar.com\/avatar\/de0302c4806c00c4cebff396a798c1ff?s=96&d=mm&r=g","contentUrl":"https:\/\/secure.gravatar.com\/avatar\/de0302c4806c00c4cebff396a798c1ff?s=96&d=mm&r=g","caption":"Josep de Mart\u00ed"},"sameAs":["https:\/\/www.inforesidencias.com","https:\/\/www.facebook.com\/josep.demarti","https:\/\/twitter.com\/blog-ir"],"url":"https:\/\/www.inforesidencias.com\/blog\/index.php\/author\/josepdemarti\/"}]}},"_links":{"self":[{"href":"https:\/\/www.inforesidencias.com\/blog\/index.php\/wp-json\/wp\/v2\/posts\/1504"}],"collection":[{"href":"https:\/\/www.inforesidencias.com\/blog\/index.php\/wp-json\/wp\/v2\/posts"}],"about":[{"href":"https:\/\/www.inforesidencias.com\/blog\/index.php\/wp-json\/wp\/v2\/types\/post"}],"author":[{"embeddable":true,"href":"https:\/\/www.inforesidencias.com\/blog\/index.php\/wp-json\/wp\/v2\/users\/2"}],"replies":[{"embeddable":true,"href":"https:\/\/www.inforesidencias.com\/blog\/index.php\/wp-json\/wp\/v2\/comments?post=1504"}],"version-history":[{"count":3,"href":"https:\/\/www.inforesidencias.com\/blog\/index.php\/wp-json\/wp\/v2\/posts\/1504\/revisions"}],"predecessor-version":[{"id":1509,"href":"https:\/\/www.inforesidencias.com\/blog\/index.php\/wp-json\/wp\/v2\/posts\/1504\/revisions\/1509"}],"wp:featuredmedia":[{"embeddable":true,"href":"https:\/\/www.inforesidencias.com\/blog\/index.php\/wp-json\/wp\/v2\/media\/1507"}],"wp:attachment":[{"href":"https:\/\/www.inforesidencias.com\/blog\/index.php\/wp-json\/wp\/v2\/media?parent=1504"}],"wp:term":[{"taxonomy":"category","embeddable":true,"href":"https:\/\/www.inforesidencias.com\/blog\/index.php\/wp-json\/wp\/v2\/categories?post=1504"},{"taxonomy":"post_tag","embeddable":true,"href":"https:\/\/www.inforesidencias.com\/blog\/index.php\/wp-json\/wp\/v2\/tags?post=1504"}],"curies":[{"name":"wp","href":"https:\/\/api.w.org\/{rel}","templated":true}]}}