{"id":1522,"date":"2018-05-22T07:27:20","date_gmt":"2018-05-22T07:27:20","guid":{"rendered":"https:\/\/www.inforesidencias.com\/blog\/?p=1522"},"modified":"2018-05-22T07:27:20","modified_gmt":"2018-05-22T07:27:20","slug":"que-es-la-sarcopenia","status":"publish","type":"post","link":"https:\/\/www.inforesidencias.com\/blog\/index.php\/2018\/05\/22\/que-es-la-sarcopenia\/","title":{"rendered":"\u00bfQu\u00e9 es la sarcopenia?"},"content":{"rendered":"<p>Hoy nos escriben nuestros amigos y profesionales de la <a href=\"https:\/\/allegra.cat\/es\/\">residencia Allegra<\/a>, de Sabadell, quienes nos han permitido difundir este interesante art\u00edculo que publicaron en su blog hace un tiempo. Y es que a medida que nos hacemos mayores, solemos padecer m\u00e1s dolores y molestias que antes no sent\u00edamos.<\/p>\n<p>Uno de los s\u00edndromes geri\u00e1tricos m\u00e1s comunes en la actualidad es la sarcopenia. Tambi\u00e9n es uno de los m\u00e1s desconocidos para la poblaci\u00f3n en general, aunque sus efectos s\u00ed que son comunes, como por ejemplo las ca\u00eddas. Muchas son las preguntas que nos surgen al ver la palabra \u201csarcopenia\u201d en un informe m\u00e9dico o cuando alg\u00fan profesional sanitario la pronuncia.<\/p>\n<p>En este post explicaremos de forma sencilla qu\u00e9 es la sarcopenia, de d\u00f3nde viene, qu\u00e9 produce y c\u00f3mo podemos evitarla o prevenir sus efectos.<\/p>\n<h1>Definici\u00f3n: No es tarea f\u00e1cil<\/h1>\n<p>Empecemos pues por el principio, definiendo qu\u00e9 es la sarcopenia. La palabra proviene de la conjunci\u00f3n de las palabras del griego antiguo sarx, que quiere decir carne, y penia, que significa p\u00e9rdida. Con lo que tenemos una definici\u00f3n muy b\u00e1sica que la sarcopenia es p\u00e9rdida de carne. \u00bfP\u00e9rdida de carne? S\u00ed, concretamente p\u00e9rdida de masa muscular.<\/p>\n<p>Cuando se produce un diagn\u00f3stico de sarcopenia, quiere decir que el m\u00fasculo pierde fibras musculares con lo cual pierde tambi\u00e9n fuerza. Y, de forma m\u00e1s concreta, se da en los m\u00fasculos esquel\u00e9ticos, que son los que controlamos de forma voluntaria. Y esta p\u00e9rdida de masa muscular y de fuerza se da de forma gradual, progresivamente: con el envejecimiento progresivo, el m\u00fasculo pierde volumen y fuerza, con el consecuente riesgo de sufrir ca\u00eddas, aumento del sedentarismo y otras consecuencias que veremos posteriormente. Por tanto, la definici\u00f3n clara es la p\u00e9rdida gradual y progresiva de masa muscular y fuerza de los m\u00fasculos esquel\u00e9ticos, aquellos que controlamos de forma voluntaria.<\/p>\n<h2>Causas de la sarcopenia<\/h2>\n<p>Hay diversas causas o mecanismos que pueden conllevar a la sarcopenia. Y en una misma persona de pueden dar m\u00e1s de una y de dos. Aunque normalmente va asociada al envejecimiento progresivo, pueden haber causas que aceleren su aparici\u00f3n. B\u00e1sicamente las resumiremos en 6 posibles causas o mecanismos. Son las siguientes:<\/p>\n<p><a href=\"https:\/\/www.inforesidencias.com\/blog\/wp-content\/uploads\/2018\/05\/perdida-de-tono-muscular1.jpg\"><img decoding=\"async\" loading=\"lazy\" class=\"alignleft size-full wp-image-1519\" src=\"https:\/\/www.inforesidencias.com\/blog\/wp-content\/uploads\/2018\/05\/perdida-de-tono-muscular1.jpg\" alt=\"perdida de tono muscular\" width=\"300\" height=\"271\" \/><\/a><\/p>\n<p>\u2022 <span style=\"text-decoration: underline\">Relacionadas con la edad<\/span>: Es el factor casi m\u00e1s predominante. Con el paso de los a\u00f1os aparecen alteraciones en el sistema hormonal humano que provocan una serie de disfunciones a nivel interno y celular.<\/p>\n<p>\u2022 <span style=\"text-decoration: underline\">Relacionadas con la falta de uso del m\u00fasculo<\/span>: el sedentarismo, la falta de ejercicio es uno de los precursores que la disminuci\u00f3n de masa muscular y volumen muscular se inicie prematuramente y adem\u00e1s progrese.<\/p>\n<p>\u2022 <span style=\"text-decoration: underline\">Relacionadas con la nutrici\u00f3n<\/span>: una nutrici\u00f3n inadecuada para la edad y\/o una mala absorci\u00f3n de la misma pueden detonar el inicio prematuro.<\/p>\n<p>\u2022 <span style=\"text-decoration: underline\">Relacionadas con el sistema endocrino<\/span>: alteraciones en la secreci\u00f3n de hormonas pueden derivar en desajustes como resistencia a la insulina o alteraciones de la gl\u00e1ndula tiroides provocando el inicio de los procesos de p\u00e9rdida de masa muscular.<\/p>\n<p>\u2022 <span style=\"text-decoration: underline\">Relacionadas con enfermedades neurodegenerativas:<\/span> el avance de una enfermedad neurodegenerativa conlleva la aparici\u00f3n de la sarcopenia.<\/p>\n<p>\u2022 <span style=\"text-decoration: underline\">Relacionadas con la caquexia<\/span>: La caquexia es el t\u00e9rmino m\u00e9dico que se refiere a consumir recursos corporales debido a una enfermedad.<\/p>\n<h3><strong>\u00bfY SUS CONSECUENCIAS?<\/strong><\/h3>\n<p>Pues van directamente relacionadas con todo aquello que afecte a la funcionalidad, al movimiento y a la resistencia, aumentando las necesidades de atenci\u00f3n y ayuda a la persona mayor. Por ello al aparecer la sarcopenia, aparece tambi\u00e9n la fatiga. A la persona le cuesta m\u00e1s moverse, con lo que entra en un c\u00edrculo vicioso pues al no moverse, m\u00e1s cansada esta y menos capacidad tiene para recuperar su actividad, aumentando sus necesidades vitales y la ayuda de terceros.<\/p>\n<p>Hay una relaci\u00f3n directa y clara entre esta debilidad con las ca\u00eddas. A la persona mayor le cuesta m\u00e1s moverse, tiene menos reflejos, menos resistencia y su equilibrio est\u00e1 m\u00e1s afectado, provocando que una <a href=\"https:\/\/www.inforesidencias.com\/blog\/index.php\/2015\/08\/03\/tai-chi-para-tercera-edad\/\">peque\u00f1a inestabilidad se convierta en una ca\u00edda<\/a>.<\/p>\n<p>Tambi\u00e9n se ven afectadas las actividades de la vida diaria, cuando la persona mayor empieza a no realizarlas por s\u00ed misma, con la afectaci\u00f3n de tener una mala nutrici\u00f3n, entrando otra vez en un c\u00edrculo vicioso.<\/p>\n<p>Aparece el s\u00edndrome de fragilidad que se caracteriza por una alteraci\u00f3n de la nutrici\u00f3n, falta de movilidad y agotamiento, que conlleva una alteraci\u00f3n en la velocidad de la marcha, provocando que se camine de forma m\u00e1s lenta. Los estudios m\u00e9dicos y cient\u00edficos actuales confirman que un indicador para considerar \u201cfr\u00e1gil\u201d a alguien es que tenga una velocidad de la marcha de m\u00e1s de 1 metro por segundo. Y, mayoritariamente, las personas con este indicador tambi\u00e9n padecen de sarcopenia.<\/p>\n<h4><strong>\u00bfExiste tratamiento para la sarcopenia?<\/strong><\/h4>\n<p>Al entrar en la tercera edad de la vida, la sarcopenia tiende a aparecer pero hay remedio para frenar su avance. Para ello es necesario combatirla en tres \u00e1mbitos clave:<\/p>\n<p><a href=\"https:\/\/www.inforesidencias.com\/blog\/wp-content\/uploads\/2018\/05\/luchando-contra-la-sarcopenia.jpg\"><img decoding=\"async\" loading=\"lazy\" class=\"alignleft size-full wp-image-1514\" src=\"https:\/\/www.inforesidencias.com\/blog\/wp-content\/uploads\/2018\/05\/luchando-contra-la-sarcopenia.jpg\" alt=\"luchando contra la sarcopenia\" width=\"450\" height=\"300\" \/><\/a><\/p>\n<p>\u2022 <span style=\"text-decoration: underline\">Nutrici\u00f3n<\/span>: Un buena alimentaci\u00f3n, con una necesaria presencia de prote\u00ednas y a\u00f1adiendo una buena educaci\u00f3n alimentaria, ser\u00e1 del todo beneficiosa para contrarrestar los efectos del agotamiento.<\/p>\n<p>\u2022 <span style=\"text-decoration: underline\">Ejercicio f\u00edsico<\/span>: Es la clave para frenar y prevenir el avance de la p\u00e9rdida de fuerza y masa muscular. Un ejercicio activo y contra resistencia (aunque sea contra la fuerza de la gravedad) es lo ideal.<\/p>\n<p>\u2022 <span style=\"text-decoration: underline\">Control sanitario y farmacia<\/span>: Indispensable tener un control por parte de nuestro m\u00e9dico de cabecera, para adelantarnos lo m\u00e1ximo posible a las necesidades que podamos tener.<\/p>\n<p>&nbsp;<\/p>\n<p>Muchas gracias a la residencia Allegra por permitirnos difundir su art\u00edculo. Nos consta adem\u00e1s, que ellos trabajan en la prevenci\u00f3n y tratamiento de este y otros s\u00edntomas desde una visi\u00f3n hol\u00edstica y multidisciplinar<\/p>\n","protected":false},"excerpt":{"rendered":"<p>Hoy nos escriben nuestros amigos y profesionales de la residencia Allegra, de Sabadell, quienes nos han permitido difundir este interesante art\u00edculo que publicaron en su blog hace un tiempo. Y es que a medida que nos hacemos mayores, solemos padecer m\u00e1s dolores y molestias que antes no sent\u00edamos. Uno de los s\u00edndromes geri\u00e1tricos m\u00e1s comunes en la actualidad es la sarcopenia. Tambi\u00e9n es uno de los m\u00e1s desconocidos para la poblaci\u00f3n en general, aunque sus efectos s\u00ed que son comunes, como por ejemplo las ca\u00eddas. Muchas son las preguntas que nos surgen al ver la palabra \u201csarcopenia\u201d en un informe m\u00e9dico o cuando alg\u00fan profesional sanitario la pronuncia. En este post explicaremos de forma sencilla qu\u00e9 es la sarcopenia, de d\u00f3nde viene, qu\u00e9 produce y c\u00f3mo podemos evitarla o prevenir sus efectos. Definici\u00f3n: No es tarea f\u00e1cil Empecemos pues por el principio, definiendo qu\u00e9 es la sarcopenia. La palabra proviene [&hellip;]<\/p>\n","protected":false},"author":2,"featured_media":1518,"comment_status":"open","ping_status":"open","sticky":false,"template":"","format":"standard","meta":{"footnotes":""},"categories":[1],"tags":[],"yoast_head":"<!-- This site is optimized with the Yoast SEO plugin v21.7 - https:\/\/yoast.com\/wordpress\/plugins\/seo\/ -->\n<title>\u00bfQu\u00e9 es la sarcopenia? - Blog Inforesidencias.com<\/title>\n<meta name=\"description\" content=\"Uno de los s\u00edndromes geri\u00e1tricos m\u00e1s comunes en la actualidad es la sarcopenia. Y esta tiene que ver con la perdida de masa muscular\" \/>\n<meta name=\"robots\" content=\"index, follow, max-snippet:-1, max-image-preview:large, max-video-preview:-1\" \/>\n<link rel=\"canonical\" href=\"https:\/\/www.inforesidencias.com\/blog\/index.php\/2018\/05\/22\/que-es-la-sarcopenia\/\" \/>\n<meta property=\"og:locale\" content=\"es_ES\" \/>\n<meta property=\"og:type\" content=\"article\" \/>\n<meta property=\"og:title\" content=\"\u00bfQu\u00e9 es la sarcopenia? - Blog Inforesidencias.com\" \/>\n<meta property=\"og:description\" content=\"Uno de los s\u00edndromes geri\u00e1tricos m\u00e1s comunes en la actualidad es la sarcopenia. Y esta tiene que ver con la perdida de masa muscular\" \/>\n<meta property=\"og:url\" content=\"https:\/\/www.inforesidencias.com\/blog\/index.php\/2018\/05\/22\/que-es-la-sarcopenia\/\" \/>\n<meta property=\"og:site_name\" content=\"Blog Inforesidencias.com\" \/>\n<meta property=\"article:publisher\" content=\"https:\/\/www.facebook.com\/Inforesidencias\/\" \/>\n<meta property=\"article:author\" content=\"https:\/\/www.facebook.com\/josep.demarti\" \/>\n<meta property=\"article:published_time\" content=\"2018-05-22T07:27:20+00:00\" \/>\n<meta property=\"og:image\" content=\"https:\/\/www.inforesidencias.com\/blog\/wp-content\/uploads\/2018\/05\/perdida-de-tono-muscular.jpg\" \/>\n\t<meta property=\"og:image:width\" content=\"450\" \/>\n\t<meta property=\"og:image:height\" content=\"406\" \/>\n\t<meta property=\"og:image:type\" content=\"image\/jpeg\" \/>\n<meta name=\"author\" content=\"Josep de Mart\u00ed\" \/>\n<meta name=\"twitter:card\" content=\"summary_large_image\" \/>\n<meta name=\"twitter:creator\" content=\"@blog-ir\" \/>\n<meta name=\"twitter:site\" content=\"@inforesidencias\" \/>\n<meta name=\"twitter:label1\" content=\"Escrito por\" \/>\n\t<meta name=\"twitter:data1\" content=\"Josep de Mart\u00ed\" \/>\n\t<meta name=\"twitter:label2\" content=\"Tiempo de lectura\" \/>\n\t<meta name=\"twitter:data2\" content=\"5 minutos\" \/>\n<script type=\"application\/ld+json\" class=\"yoast-schema-graph\">{\"@context\":\"https:\/\/schema.org\",\"@graph\":[{\"@type\":\"WebPage\",\"@id\":\"https:\/\/www.inforesidencias.com\/blog\/index.php\/2018\/05\/22\/que-es-la-sarcopenia\/\",\"url\":\"https:\/\/www.inforesidencias.com\/blog\/index.php\/2018\/05\/22\/que-es-la-sarcopenia\/\",\"name\":\"\u00bfQu\u00e9 es la sarcopenia? - Blog Inforesidencias.com\",\"isPartOf\":{\"@id\":\"https:\/\/www.inforesidencias.com\/blog\/#website\"},\"datePublished\":\"2018-05-22T07:27:20+00:00\",\"dateModified\":\"2018-05-22T07:27:20+00:00\",\"author\":{\"@id\":\"https:\/\/www.inforesidencias.com\/blog\/#\/schema\/person\/9e146774d1eb3bc1c0316242a3898628\"},\"description\":\"Uno de los s\u00edndromes geri\u00e1tricos m\u00e1s comunes en la actualidad es la sarcopenia. Y esta tiene que ver con la perdida de masa muscular\",\"breadcrumb\":{\"@id\":\"https:\/\/www.inforesidencias.com\/blog\/index.php\/2018\/05\/22\/que-es-la-sarcopenia\/#breadcrumb\"},\"inLanguage\":\"es\",\"potentialAction\":[{\"@type\":\"ReadAction\",\"target\":[\"https:\/\/www.inforesidencias.com\/blog\/index.php\/2018\/05\/22\/que-es-la-sarcopenia\/\"]}]},{\"@type\":\"BreadcrumbList\",\"@id\":\"https:\/\/www.inforesidencias.com\/blog\/index.php\/2018\/05\/22\/que-es-la-sarcopenia\/#breadcrumb\",\"itemListElement\":[{\"@type\":\"ListItem\",\"position\":1,\"name\":\"Home\",\"item\":\"https:\/\/www.inforesidencias.com\/blog\/\"},{\"@type\":\"ListItem\",\"position\":2,\"name\":\"\u00bfQu\u00e9 es la sarcopenia?\"}]},{\"@type\":\"WebSite\",\"@id\":\"https:\/\/www.inforesidencias.com\/blog\/#website\",\"url\":\"https:\/\/www.inforesidencias.com\/blog\/\",\"name\":\"Blog Inforesidencias.com\",\"description\":\"El buscador de residencias de la 3\u00aa edad\",\"potentialAction\":[{\"@type\":\"SearchAction\",\"target\":{\"@type\":\"EntryPoint\",\"urlTemplate\":\"https:\/\/www.inforesidencias.com\/blog\/?s={search_term_string}\"},\"query-input\":\"required name=search_term_string\"}],\"inLanguage\":\"es\"},{\"@type\":\"Person\",\"@id\":\"https:\/\/www.inforesidencias.com\/blog\/#\/schema\/person\/9e146774d1eb3bc1c0316242a3898628\",\"name\":\"Josep de Mart\u00ed\",\"image\":{\"@type\":\"ImageObject\",\"inLanguage\":\"es\",\"@id\":\"https:\/\/www.inforesidencias.com\/blog\/#\/schema\/person\/image\/\",\"url\":\"https:\/\/secure.gravatar.com\/avatar\/de0302c4806c00c4cebff396a798c1ff?s=96&d=mm&r=g\",\"contentUrl\":\"https:\/\/secure.gravatar.com\/avatar\/de0302c4806c00c4cebff396a798c1ff?s=96&d=mm&r=g\",\"caption\":\"Josep de Mart\u00ed\"},\"sameAs\":[\"https:\/\/www.inforesidencias.com\",\"https:\/\/www.facebook.com\/josep.demarti\",\"https:\/\/twitter.com\/blog-ir\"],\"url\":\"https:\/\/www.inforesidencias.com\/blog\/index.php\/author\/josepdemarti\/\"}]}<\/script>\n<!-- \/ Yoast SEO plugin. -->","yoast_head_json":{"title":"\u00bfQu\u00e9 es la sarcopenia? - Blog Inforesidencias.com","description":"Uno de los s\u00edndromes geri\u00e1tricos m\u00e1s comunes en la actualidad es la sarcopenia. Y esta tiene que ver con la perdida de masa muscular","robots":{"index":"index","follow":"follow","max-snippet":"max-snippet:-1","max-image-preview":"max-image-preview:large","max-video-preview":"max-video-preview:-1"},"canonical":"https:\/\/www.inforesidencias.com\/blog\/index.php\/2018\/05\/22\/que-es-la-sarcopenia\/","og_locale":"es_ES","og_type":"article","og_title":"\u00bfQu\u00e9 es la sarcopenia? - Blog Inforesidencias.com","og_description":"Uno de los s\u00edndromes geri\u00e1tricos m\u00e1s comunes en la actualidad es la sarcopenia. Y esta tiene que ver con la perdida de masa muscular","og_url":"https:\/\/www.inforesidencias.com\/blog\/index.php\/2018\/05\/22\/que-es-la-sarcopenia\/","og_site_name":"Blog Inforesidencias.com","article_publisher":"https:\/\/www.facebook.com\/Inforesidencias\/","article_author":"https:\/\/www.facebook.com\/josep.demarti","article_published_time":"2018-05-22T07:27:20+00:00","og_image":[{"width":450,"height":406,"url":"https:\/\/www.inforesidencias.com\/blog\/wp-content\/uploads\/2018\/05\/perdida-de-tono-muscular.jpg","type":"image\/jpeg"}],"author":"Josep de Mart\u00ed","twitter_card":"summary_large_image","twitter_creator":"@blog-ir","twitter_site":"@inforesidencias","twitter_misc":{"Escrito por":"Josep de Mart\u00ed","Tiempo de lectura":"5 minutos"},"schema":{"@context":"https:\/\/schema.org","@graph":[{"@type":"WebPage","@id":"https:\/\/www.inforesidencias.com\/blog\/index.php\/2018\/05\/22\/que-es-la-sarcopenia\/","url":"https:\/\/www.inforesidencias.com\/blog\/index.php\/2018\/05\/22\/que-es-la-sarcopenia\/","name":"\u00bfQu\u00e9 es la sarcopenia? - Blog Inforesidencias.com","isPartOf":{"@id":"https:\/\/www.inforesidencias.com\/blog\/#website"},"datePublished":"2018-05-22T07:27:20+00:00","dateModified":"2018-05-22T07:27:20+00:00","author":{"@id":"https:\/\/www.inforesidencias.com\/blog\/#\/schema\/person\/9e146774d1eb3bc1c0316242a3898628"},"description":"Uno de los s\u00edndromes geri\u00e1tricos m\u00e1s comunes en la actualidad es la sarcopenia. Y esta tiene que ver con la perdida de masa muscular","breadcrumb":{"@id":"https:\/\/www.inforesidencias.com\/blog\/index.php\/2018\/05\/22\/que-es-la-sarcopenia\/#breadcrumb"},"inLanguage":"es","potentialAction":[{"@type":"ReadAction","target":["https:\/\/www.inforesidencias.com\/blog\/index.php\/2018\/05\/22\/que-es-la-sarcopenia\/"]}]},{"@type":"BreadcrumbList","@id":"https:\/\/www.inforesidencias.com\/blog\/index.php\/2018\/05\/22\/que-es-la-sarcopenia\/#breadcrumb","itemListElement":[{"@type":"ListItem","position":1,"name":"Home","item":"https:\/\/www.inforesidencias.com\/blog\/"},{"@type":"ListItem","position":2,"name":"\u00bfQu\u00e9 es la sarcopenia?"}]},{"@type":"WebSite","@id":"https:\/\/www.inforesidencias.com\/blog\/#website","url":"https:\/\/www.inforesidencias.com\/blog\/","name":"Blog Inforesidencias.com","description":"El buscador de residencias de la 3\u00aa edad","potentialAction":[{"@type":"SearchAction","target":{"@type":"EntryPoint","urlTemplate":"https:\/\/www.inforesidencias.com\/blog\/?s={search_term_string}"},"query-input":"required name=search_term_string"}],"inLanguage":"es"},{"@type":"Person","@id":"https:\/\/www.inforesidencias.com\/blog\/#\/schema\/person\/9e146774d1eb3bc1c0316242a3898628","name":"Josep de Mart\u00ed","image":{"@type":"ImageObject","inLanguage":"es","@id":"https:\/\/www.inforesidencias.com\/blog\/#\/schema\/person\/image\/","url":"https:\/\/secure.gravatar.com\/avatar\/de0302c4806c00c4cebff396a798c1ff?s=96&d=mm&r=g","contentUrl":"https:\/\/secure.gravatar.com\/avatar\/de0302c4806c00c4cebff396a798c1ff?s=96&d=mm&r=g","caption":"Josep de Mart\u00ed"},"sameAs":["https:\/\/www.inforesidencias.com","https:\/\/www.facebook.com\/josep.demarti","https:\/\/twitter.com\/blog-ir"],"url":"https:\/\/www.inforesidencias.com\/blog\/index.php\/author\/josepdemarti\/"}]}},"_links":{"self":[{"href":"https:\/\/www.inforesidencias.com\/blog\/index.php\/wp-json\/wp\/v2\/posts\/1522"}],"collection":[{"href":"https:\/\/www.inforesidencias.com\/blog\/index.php\/wp-json\/wp\/v2\/posts"}],"about":[{"href":"https:\/\/www.inforesidencias.com\/blog\/index.php\/wp-json\/wp\/v2\/types\/post"}],"author":[{"embeddable":true,"href":"https:\/\/www.inforesidencias.com\/blog\/index.php\/wp-json\/wp\/v2\/users\/2"}],"replies":[{"embeddable":true,"href":"https:\/\/www.inforesidencias.com\/blog\/index.php\/wp-json\/wp\/v2\/comments?post=1522"}],"version-history":[{"count":2,"href":"https:\/\/www.inforesidencias.com\/blog\/index.php\/wp-json\/wp\/v2\/posts\/1522\/revisions"}],"predecessor-version":[{"id":1524,"href":"https:\/\/www.inforesidencias.com\/blog\/index.php\/wp-json\/wp\/v2\/posts\/1522\/revisions\/1524"}],"wp:featuredmedia":[{"embeddable":true,"href":"https:\/\/www.inforesidencias.com\/blog\/index.php\/wp-json\/wp\/v2\/media\/1518"}],"wp:attachment":[{"href":"https:\/\/www.inforesidencias.com\/blog\/index.php\/wp-json\/wp\/v2\/media?parent=1522"}],"wp:term":[{"taxonomy":"category","embeddable":true,"href":"https:\/\/www.inforesidencias.com\/blog\/index.php\/wp-json\/wp\/v2\/categories?post=1522"},{"taxonomy":"post_tag","embeddable":true,"href":"https:\/\/www.inforesidencias.com\/blog\/index.php\/wp-json\/wp\/v2\/tags?post=1522"}],"curies":[{"name":"wp","href":"https:\/\/api.w.org\/{rel}","templated":true}]}}