{"id":1543,"date":"2018-06-14T14:30:00","date_gmt":"2018-06-14T14:30:00","guid":{"rendered":"https:\/\/www.inforesidencias.com\/blog\/?p=1543"},"modified":"2018-06-14T14:30:00","modified_gmt":"2018-06-14T14:30:00","slug":"el-sueno-hecho-realidad-del-abuelo-valentin-de-tornero-a-escritor-de-cuentos","status":"publish","type":"post","link":"https:\/\/www.inforesidencias.com\/blog\/index.php\/2018\/06\/14\/el-sueno-hecho-realidad-del-abuelo-valentin-de-tornero-a-escritor-de-cuentos\/","title":{"rendered":"El sue\u00f1o hecho realidad del \u00ababuelo Valent\u00edn\u00bb. De tornero a escritor de cuentos"},"content":{"rendered":"<p style=\"text-align: justify\">Desde la revista para mayores\u00a0<a href=\"https:\/\/www.qmayor.com\/\">Qmayor<\/a> nos llega esta interesante recomendaci\u00f3n. Una vez m\u00e1s queda demostrado que nunca es tarde para cumplir un sue\u00f1o&#8230; Aunque a veces nos haga falta un empujoncito.<\/p>\n<p style=\"text-align: justify\"><strong>A sus 90 a\u00f1os, Valent\u00edn Huerta cumple su sue\u00f1o gracias a la perseverancia de su nieta Elena.<\/strong><\/p>\n<p style=\"text-align: justify\">Su pasi\u00f3n por las historias y su amor incondicional por los ni\u00f1os, sumado a una incansable vitalidad, le han llevado a alcanzar su deseo de publicar sus historias. Un claro ejemplo de<strong>\u00a0envejecimiento generativo<\/strong>.<\/p>\n<p style=\"text-align: justify\">\u201cAbuelo, quiero que te inventes un cuento\u201d, le pide su nieta. As\u00ed empieza la historia de Valent\u00edn, el abuelito cuentacuentos, que no ha parado de crecer y de crear historias y ya suman m\u00e1s de ochenta. Desde hace seis a\u00f1os, Valent\u00edn, en su af\u00e1n de compartir y llegar a todos los ni\u00f1os y ni\u00f1as, comparte en su blog sus relatos infantiles.<\/p>\n<p style=\"text-align: justify\">El d\u00eda de su 90 cumplea\u00f1os, Valent\u00edn Huerta acudi\u00f3 al centro cultural de su barrio para realizar un cuentacuentos, su aut\u00e9ntica pasi\u00f3n. Sentado, frente al p\u00fablico, el abuelito Valent\u00edn desconoc\u00eda la sorpresa que le esperaba. Tornero retirado, Valent\u00edn ten\u00eda un gran sue\u00f1o que se ha convertido en realidad: que una editorial publicara sus cuentos infantiles. La editorial\u00a0<em>LoQueNoExiste<\/em>, con sede en Madrid, es la encargada de llevar a cabo este proyecto.<\/p>\n<p style=\"text-align: justify\"><a href=\"https:\/\/www.inforesidencias.com\/blog\/wp-content\/uploads\/2018\/06\/el-abuelo-Valentin-y-su-nieta.jpg\"><img decoding=\"async\" loading=\"lazy\" class=\"alignleft size-full wp-image-1544\" src=\"https:\/\/www.inforesidencias.com\/blog\/wp-content\/uploads\/2018\/06\/el-abuelo-Valentin-y-su-nieta.jpg\" alt=\"el abuelo Valentin y su nieta\" width=\"400\" height=\"329\" \/><\/a><\/p>\n<p style=\"text-align: justify\"><a href=\"https:\/\/www.inforesidencias.com\/blog\/index.php\/2017\/05\/22\/relato-corto-sobre-personas-mayores-reinaldo-y-la-pena\/\">Los relatos<\/a> est\u00e1n inspirados en la naturaleza, en animales dom\u00e9sticos y salvajes, y transmiten valores humanistas como la bondad, la amabilidad y la generosidad. El Abuelito Valent\u00edn, como as\u00ed le gusta llamarse, transmite pasi\u00f3n en casa frase y destaca valores como la integraci\u00f3n y la solidaridad para construir una sociedad mejor, con valores y sin miedos. Adem\u00e1s, explica en sus narraciones las emociones y relaciones de los abuelos con sus nietos. La obra del abuelo cuentacuentos aporta seguridad, confianza y empoderamiento a los ni\u00f1os gracias a mensajes directos, divertidos y con moraleja final.<\/p>\n<p style=\"text-align: justify\">La editorial LoQueNoExiste cumple con este lanzamiento el sue\u00f1o de Valent\u00edn de dejar un legado para todos los ni\u00f1os y ni\u00f1as sin miedo. La obra es una colecci\u00f3n de 40 cuentos infantiles creados por el autor sin mayor ayuda que su bondad y creatividad.<\/p>\n<h1 style=\"text-align: justify\"><strong>El autor<\/strong><\/h1>\n<p style=\"text-align: justify\">Valent\u00edn Huerta Mart\u00ednez es escritor de cuentos infantiles desde hace m\u00e1s de 20 a\u00f1os. Adem\u00e1s, realiza cuentacuentos en colegios y hospitales infantiles para inculcar su amor por la literatura a los m\u00e1s peque\u00f1os. Desde hace seis a\u00f1os publica sus cuentos en su blog personal, una de las bit\u00e1coras de cuentos infantiles en espa\u00f1ol con m\u00e1s seguidores.<\/p>\n<h2 style=\"text-align: justify\"><strong>La Editorial\u00a0<\/strong><\/h2>\n<p style=\"text-align: justify\">La editorial\u00a0<strong>LoQueNoExiste<\/strong>\u00a0fue creada por Mercedes Pescador en 2007 con el fin de lanzar libros en tem\u00e1ticas necesarias, de gran impacto social y contribuir a su difusi\u00f3n. Otros t\u00edtulos en son: Comunicaci\u00f3n en cuatro pasos, de Mercedes Pescador; Mujer, poder y dinero, de Alicia E. Kaufmann, Depresi\u00f3n. Todas las respuestas para entenderla y superarla, de Francisco Alonso-Fern\u00e1ndez y Rosi Rodriguez Loranca; You Can Do It! El \u00faltimo empuj\u00f3n a tu ingl\u00e9s, de Hel\u00e9na Kur\u00e7ab; o Lo importante no es c\u00f3mo te caes, sino c\u00f3mo te levantas, de Stanley Bendelac. LoQueNoExiste cuenta con la agencia Medialuna, que coordina las campa\u00f1as de Comunicaci\u00f3n y Relaciones P\u00fablicas de cada uno de sus lanzamientos editoriales.<\/p>\n<p style=\"text-align: justify\">Para finalizar dar de nuevo las gracias a la revista Qmayor por permitirnos difundir este art\u00edculo. La historia del abuelo Valent\u00edn ilustra perfectamente parte del lema de esta revista \u00abLa revista para mayores inquetos\u00bb<\/p>\n","protected":false},"excerpt":{"rendered":"<p>Desde la revista para mayores\u00a0Qmayor nos llega esta interesante recomendaci\u00f3n. Una vez m\u00e1s queda demostrado que nunca es tarde para cumplir un sue\u00f1o&#8230; Aunque a veces nos haga falta un empujoncito. A sus 90 a\u00f1os, Valent\u00edn Huerta cumple su sue\u00f1o gracias a la perseverancia de su nieta Elena. Su pasi\u00f3n por las historias y su amor incondicional por los ni\u00f1os, sumado a una incansable vitalidad, le han llevado a alcanzar su deseo de publicar sus historias. Un claro ejemplo de\u00a0envejecimiento generativo. \u201cAbuelo, quiero que te inventes un cuento\u201d, le pide su nieta. As\u00ed empieza la historia de Valent\u00edn, el abuelito cuentacuentos, que no ha parado de crecer y de crear historias y ya suman m\u00e1s de ochenta. Desde hace seis a\u00f1os, Valent\u00edn, en su af\u00e1n de compartir y llegar a todos los ni\u00f1os y ni\u00f1as, comparte en su blog sus relatos infantiles. El d\u00eda de su 90 cumplea\u00f1os, Valent\u00edn Huerta [&hellip;]<\/p>\n","protected":false},"author":2,"featured_media":1544,"comment_status":"open","ping_status":"open","sticky":false,"template":"","format":"standard","meta":{"footnotes":""},"categories":[1],"tags":[],"yoast_head":"<!-- This site is optimized with the Yoast SEO plugin v21.7 - https:\/\/yoast.com\/wordpress\/plugins\/seo\/ -->\n<title>El sue\u00f1o hecho realidad del &quot;abuelo Valent\u00edn&quot;. De tornero a escritor de cuentos - Blog Inforesidencias.com<\/title>\n<meta name=\"description\" content=\"Esta vez es el &quot;abuelo Valent\u00edn&quot; quien hizo realidad su sue\u00f1o de publicar un libro con sus cuentos infantiles\" \/>\n<meta name=\"robots\" content=\"index, follow, max-snippet:-1, max-image-preview:large, max-video-preview:-1\" \/>\n<link rel=\"canonical\" href=\"https:\/\/www.inforesidencias.com\/blog\/index.php\/2018\/06\/14\/el-sueno-hecho-realidad-del-abuelo-valentin-de-tornero-a-escritor-de-cuentos\/\" \/>\n<meta property=\"og:locale\" content=\"es_ES\" \/>\n<meta property=\"og:type\" content=\"article\" \/>\n<meta property=\"og:title\" content=\"El sue\u00f1o hecho realidad del &quot;abuelo Valent\u00edn&quot;. De tornero a escritor de cuentos - Blog Inforesidencias.com\" \/>\n<meta property=\"og:description\" content=\"Esta vez es el &quot;abuelo Valent\u00edn&quot; quien hizo realidad su sue\u00f1o de publicar un libro con sus cuentos infantiles\" \/>\n<meta property=\"og:url\" content=\"https:\/\/www.inforesidencias.com\/blog\/index.php\/2018\/06\/14\/el-sueno-hecho-realidad-del-abuelo-valentin-de-tornero-a-escritor-de-cuentos\/\" \/>\n<meta property=\"og:site_name\" content=\"Blog Inforesidencias.com\" \/>\n<meta property=\"article:publisher\" content=\"https:\/\/www.facebook.com\/Inforesidencias\/\" \/>\n<meta property=\"article:author\" content=\"https:\/\/www.facebook.com\/josep.demarti\" \/>\n<meta property=\"article:published_time\" content=\"2018-06-14T14:30:00+00:00\" \/>\n<meta property=\"og:image\" content=\"https:\/\/www.inforesidencias.com\/blog\/wp-content\/uploads\/2018\/06\/el-abuelo-Valentin-y-su-nieta.jpg\" \/>\n\t<meta property=\"og:image:width\" content=\"400\" \/>\n\t<meta property=\"og:image:height\" content=\"329\" \/>\n\t<meta property=\"og:image:type\" content=\"image\/jpeg\" \/>\n<meta name=\"author\" content=\"Josep de Mart\u00ed\" \/>\n<meta name=\"twitter:card\" content=\"summary_large_image\" \/>\n<meta name=\"twitter:creator\" content=\"@blog-ir\" \/>\n<meta name=\"twitter:site\" content=\"@inforesidencias\" \/>\n<meta name=\"twitter:label1\" content=\"Escrito por\" \/>\n\t<meta name=\"twitter:data1\" content=\"Josep de Mart\u00ed\" \/>\n\t<meta name=\"twitter:label2\" content=\"Tiempo de lectura\" \/>\n\t<meta name=\"twitter:data2\" content=\"3 minutos\" \/>\n<script type=\"application\/ld+json\" class=\"yoast-schema-graph\">{\"@context\":\"https:\/\/schema.org\",\"@graph\":[{\"@type\":\"WebPage\",\"@id\":\"https:\/\/www.inforesidencias.com\/blog\/index.php\/2018\/06\/14\/el-sueno-hecho-realidad-del-abuelo-valentin-de-tornero-a-escritor-de-cuentos\/\",\"url\":\"https:\/\/www.inforesidencias.com\/blog\/index.php\/2018\/06\/14\/el-sueno-hecho-realidad-del-abuelo-valentin-de-tornero-a-escritor-de-cuentos\/\",\"name\":\"El sue\u00f1o hecho realidad del \\\"abuelo Valent\u00edn\\\". De tornero a escritor de cuentos - Blog Inforesidencias.com\",\"isPartOf\":{\"@id\":\"https:\/\/www.inforesidencias.com\/blog\/#website\"},\"datePublished\":\"2018-06-14T14:30:00+00:00\",\"dateModified\":\"2018-06-14T14:30:00+00:00\",\"author\":{\"@id\":\"https:\/\/www.inforesidencias.com\/blog\/#\/schema\/person\/9e146774d1eb3bc1c0316242a3898628\"},\"description\":\"Esta vez es el \\\"abuelo Valent\u00edn\\\" quien hizo realidad su sue\u00f1o de publicar un libro con sus cuentos infantiles\",\"breadcrumb\":{\"@id\":\"https:\/\/www.inforesidencias.com\/blog\/index.php\/2018\/06\/14\/el-sueno-hecho-realidad-del-abuelo-valentin-de-tornero-a-escritor-de-cuentos\/#breadcrumb\"},\"inLanguage\":\"es\",\"potentialAction\":[{\"@type\":\"ReadAction\",\"target\":[\"https:\/\/www.inforesidencias.com\/blog\/index.php\/2018\/06\/14\/el-sueno-hecho-realidad-del-abuelo-valentin-de-tornero-a-escritor-de-cuentos\/\"]}]},{\"@type\":\"BreadcrumbList\",\"@id\":\"https:\/\/www.inforesidencias.com\/blog\/index.php\/2018\/06\/14\/el-sueno-hecho-realidad-del-abuelo-valentin-de-tornero-a-escritor-de-cuentos\/#breadcrumb\",\"itemListElement\":[{\"@type\":\"ListItem\",\"position\":1,\"name\":\"Home\",\"item\":\"https:\/\/www.inforesidencias.com\/blog\/\"},{\"@type\":\"ListItem\",\"position\":2,\"name\":\"El sue\u00f1o hecho realidad del \u00ababuelo Valent\u00edn\u00bb. De tornero a escritor de cuentos\"}]},{\"@type\":\"WebSite\",\"@id\":\"https:\/\/www.inforesidencias.com\/blog\/#website\",\"url\":\"https:\/\/www.inforesidencias.com\/blog\/\",\"name\":\"Blog Inforesidencias.com\",\"description\":\"El buscador de residencias de la 3\u00aa edad\",\"potentialAction\":[{\"@type\":\"SearchAction\",\"target\":{\"@type\":\"EntryPoint\",\"urlTemplate\":\"https:\/\/www.inforesidencias.com\/blog\/?s={search_term_string}\"},\"query-input\":\"required name=search_term_string\"}],\"inLanguage\":\"es\"},{\"@type\":\"Person\",\"@id\":\"https:\/\/www.inforesidencias.com\/blog\/#\/schema\/person\/9e146774d1eb3bc1c0316242a3898628\",\"name\":\"Josep de Mart\u00ed\",\"image\":{\"@type\":\"ImageObject\",\"inLanguage\":\"es\",\"@id\":\"https:\/\/www.inforesidencias.com\/blog\/#\/schema\/person\/image\/\",\"url\":\"https:\/\/secure.gravatar.com\/avatar\/de0302c4806c00c4cebff396a798c1ff?s=96&d=mm&r=g\",\"contentUrl\":\"https:\/\/secure.gravatar.com\/avatar\/de0302c4806c00c4cebff396a798c1ff?s=96&d=mm&r=g\",\"caption\":\"Josep de Mart\u00ed\"},\"sameAs\":[\"https:\/\/www.inforesidencias.com\",\"https:\/\/www.facebook.com\/josep.demarti\",\"https:\/\/twitter.com\/blog-ir\"],\"url\":\"https:\/\/www.inforesidencias.com\/blog\/index.php\/author\/josepdemarti\/\"}]}<\/script>\n<!-- \/ Yoast SEO plugin. -->","yoast_head_json":{"title":"El sue\u00f1o hecho realidad del \"abuelo Valent\u00edn\". De tornero a escritor de cuentos - Blog Inforesidencias.com","description":"Esta vez es el \"abuelo Valent\u00edn\" quien hizo realidad su sue\u00f1o de publicar un libro con sus cuentos infantiles","robots":{"index":"index","follow":"follow","max-snippet":"max-snippet:-1","max-image-preview":"max-image-preview:large","max-video-preview":"max-video-preview:-1"},"canonical":"https:\/\/www.inforesidencias.com\/blog\/index.php\/2018\/06\/14\/el-sueno-hecho-realidad-del-abuelo-valentin-de-tornero-a-escritor-de-cuentos\/","og_locale":"es_ES","og_type":"article","og_title":"El sue\u00f1o hecho realidad del \"abuelo Valent\u00edn\". De tornero a escritor de cuentos - Blog Inforesidencias.com","og_description":"Esta vez es el \"abuelo Valent\u00edn\" quien hizo realidad su sue\u00f1o de publicar un libro con sus cuentos infantiles","og_url":"https:\/\/www.inforesidencias.com\/blog\/index.php\/2018\/06\/14\/el-sueno-hecho-realidad-del-abuelo-valentin-de-tornero-a-escritor-de-cuentos\/","og_site_name":"Blog Inforesidencias.com","article_publisher":"https:\/\/www.facebook.com\/Inforesidencias\/","article_author":"https:\/\/www.facebook.com\/josep.demarti","article_published_time":"2018-06-14T14:30:00+00:00","og_image":[{"width":400,"height":329,"url":"https:\/\/www.inforesidencias.com\/blog\/wp-content\/uploads\/2018\/06\/el-abuelo-Valentin-y-su-nieta.jpg","type":"image\/jpeg"}],"author":"Josep de Mart\u00ed","twitter_card":"summary_large_image","twitter_creator":"@blog-ir","twitter_site":"@inforesidencias","twitter_misc":{"Escrito por":"Josep de Mart\u00ed","Tiempo de lectura":"3 minutos"},"schema":{"@context":"https:\/\/schema.org","@graph":[{"@type":"WebPage","@id":"https:\/\/www.inforesidencias.com\/blog\/index.php\/2018\/06\/14\/el-sueno-hecho-realidad-del-abuelo-valentin-de-tornero-a-escritor-de-cuentos\/","url":"https:\/\/www.inforesidencias.com\/blog\/index.php\/2018\/06\/14\/el-sueno-hecho-realidad-del-abuelo-valentin-de-tornero-a-escritor-de-cuentos\/","name":"El sue\u00f1o hecho realidad del \"abuelo Valent\u00edn\". De tornero a escritor de cuentos - Blog Inforesidencias.com","isPartOf":{"@id":"https:\/\/www.inforesidencias.com\/blog\/#website"},"datePublished":"2018-06-14T14:30:00+00:00","dateModified":"2018-06-14T14:30:00+00:00","author":{"@id":"https:\/\/www.inforesidencias.com\/blog\/#\/schema\/person\/9e146774d1eb3bc1c0316242a3898628"},"description":"Esta vez es el \"abuelo Valent\u00edn\" quien hizo realidad su sue\u00f1o de publicar un libro con sus cuentos infantiles","breadcrumb":{"@id":"https:\/\/www.inforesidencias.com\/blog\/index.php\/2018\/06\/14\/el-sueno-hecho-realidad-del-abuelo-valentin-de-tornero-a-escritor-de-cuentos\/#breadcrumb"},"inLanguage":"es","potentialAction":[{"@type":"ReadAction","target":["https:\/\/www.inforesidencias.com\/blog\/index.php\/2018\/06\/14\/el-sueno-hecho-realidad-del-abuelo-valentin-de-tornero-a-escritor-de-cuentos\/"]}]},{"@type":"BreadcrumbList","@id":"https:\/\/www.inforesidencias.com\/blog\/index.php\/2018\/06\/14\/el-sueno-hecho-realidad-del-abuelo-valentin-de-tornero-a-escritor-de-cuentos\/#breadcrumb","itemListElement":[{"@type":"ListItem","position":1,"name":"Home","item":"https:\/\/www.inforesidencias.com\/blog\/"},{"@type":"ListItem","position":2,"name":"El sue\u00f1o hecho realidad del \u00ababuelo Valent\u00edn\u00bb. De tornero a escritor de cuentos"}]},{"@type":"WebSite","@id":"https:\/\/www.inforesidencias.com\/blog\/#website","url":"https:\/\/www.inforesidencias.com\/blog\/","name":"Blog Inforesidencias.com","description":"El buscador de residencias de la 3\u00aa edad","potentialAction":[{"@type":"SearchAction","target":{"@type":"EntryPoint","urlTemplate":"https:\/\/www.inforesidencias.com\/blog\/?s={search_term_string}"},"query-input":"required name=search_term_string"}],"inLanguage":"es"},{"@type":"Person","@id":"https:\/\/www.inforesidencias.com\/blog\/#\/schema\/person\/9e146774d1eb3bc1c0316242a3898628","name":"Josep de Mart\u00ed","image":{"@type":"ImageObject","inLanguage":"es","@id":"https:\/\/www.inforesidencias.com\/blog\/#\/schema\/person\/image\/","url":"https:\/\/secure.gravatar.com\/avatar\/de0302c4806c00c4cebff396a798c1ff?s=96&d=mm&r=g","contentUrl":"https:\/\/secure.gravatar.com\/avatar\/de0302c4806c00c4cebff396a798c1ff?s=96&d=mm&r=g","caption":"Josep de Mart\u00ed"},"sameAs":["https:\/\/www.inforesidencias.com","https:\/\/www.facebook.com\/josep.demarti","https:\/\/twitter.com\/blog-ir"],"url":"https:\/\/www.inforesidencias.com\/blog\/index.php\/author\/josepdemarti\/"}]}},"_links":{"self":[{"href":"https:\/\/www.inforesidencias.com\/blog\/index.php\/wp-json\/wp\/v2\/posts\/1543"}],"collection":[{"href":"https:\/\/www.inforesidencias.com\/blog\/index.php\/wp-json\/wp\/v2\/posts"}],"about":[{"href":"https:\/\/www.inforesidencias.com\/blog\/index.php\/wp-json\/wp\/v2\/types\/post"}],"author":[{"embeddable":true,"href":"https:\/\/www.inforesidencias.com\/blog\/index.php\/wp-json\/wp\/v2\/users\/2"}],"replies":[{"embeddable":true,"href":"https:\/\/www.inforesidencias.com\/blog\/index.php\/wp-json\/wp\/v2\/comments?post=1543"}],"version-history":[{"count":4,"href":"https:\/\/www.inforesidencias.com\/blog\/index.php\/wp-json\/wp\/v2\/posts\/1543\/revisions"}],"predecessor-version":[{"id":1548,"href":"https:\/\/www.inforesidencias.com\/blog\/index.php\/wp-json\/wp\/v2\/posts\/1543\/revisions\/1548"}],"wp:featuredmedia":[{"embeddable":true,"href":"https:\/\/www.inforesidencias.com\/blog\/index.php\/wp-json\/wp\/v2\/media\/1544"}],"wp:attachment":[{"href":"https:\/\/www.inforesidencias.com\/blog\/index.php\/wp-json\/wp\/v2\/media?parent=1543"}],"wp:term":[{"taxonomy":"category","embeddable":true,"href":"https:\/\/www.inforesidencias.com\/blog\/index.php\/wp-json\/wp\/v2\/categories?post=1543"},{"taxonomy":"post_tag","embeddable":true,"href":"https:\/\/www.inforesidencias.com\/blog\/index.php\/wp-json\/wp\/v2\/tags?post=1543"}],"curies":[{"name":"wp","href":"https:\/\/api.w.org\/{rel}","templated":true}]}}