{"id":1549,"date":"2018-06-21T14:58:09","date_gmt":"2018-06-21T14:58:09","guid":{"rendered":"https:\/\/www.inforesidencias.com\/blog\/?p=1549"},"modified":"2018-06-21T14:59:10","modified_gmt":"2018-06-21T14:59:10","slug":"el-arte-como-paliativo-para-el-sufrimiento-de-personas-que-conviven-con-la-enfermedad","status":"publish","type":"post","link":"https:\/\/www.inforesidencias.com\/blog\/index.php\/2018\/06\/21\/el-arte-como-paliativo-para-el-sufrimiento-de-personas-que-conviven-con-la-enfermedad\/","title":{"rendered":"El arte como paliativo para el sufrimiento de personas que conviven con la enfermedad"},"content":{"rendered":"<p style=\"text-align: justify\">Esta semana nos escribe <a href=\"https:\/\/www.linkedin.com\/in\/silviafernandezcadevall\/\">Silvia Fernandez<\/a>, educadora social y directora y cofundadora de Arte Paliativo. Su nombre quiz\u00e1 resulte muy revelador, pero las tareas que llevan a cabo con las personas a las que tratan van mucho ya de lo que nos podemos imaginar.\u00a0<strong><a href=\"http:\/\/artepaliativo.org\/index.php\">Artepaliativo<\/a> <\/strong>es una entidad social\u00a0que acompa\u00f1a el\u00a0bienestar emocional\u00a0de personas que padecen una enfermedad avanzada o a final de vida a trav\u00e9s del proceso creativo en sesiones individuales o talleres grupales, en el hospital o a domicilio. Hay que a\u00f1adir adem\u00e1s que ella misma asegura que seria genial y muy beneficioso poder trabajar tambi\u00e9n con las personas mayores que viven en residencias. Empezamos!<\/p>\n<p style=\"text-align: justify\">La poblaci\u00f3n est\u00e1 m\u00e1s envejecida, que las enfermedades cr\u00f3nicas aumentan y que la medicina avanza y por consiguiente se alarga el final de la vida, lo cual implica que se deben atender paliativamente a un mayor n\u00famero de personas. As\u00ed lo explicaban ya, Sanz, J. i Pascual, A. en el 2003\u00a0<strong>\u201cHay que rescatar y redescubrir, si cabe, el fen\u00f3meno de \u201ccuidar\u201d, actualmente eclipsado por la sobre expansi\u00f3n de los aspectos curativos de la medicina\u201d.<\/strong><\/p>\n<p style=\"text-align: justify\">\u00bfPero nos hemos planteado como afrontar esta situaci\u00f3n? \u00bfSomos conscientes de la importancia de reforzar la persona en su totalidad, m\u00e1s all\u00e1 de la dimensi\u00f3n f\u00edsica? \u00bfTenemos consciencia de que el \u00faltimo tramo de la vida puede ser una oportunidad para encontrar el sentido de la vida y despedirse de la propia existencia con consciencia y dignidad? \u00bfSomos conscientes de los efectos an\u00edmicos que la condici\u00f3n que una enfermedad avanzada puede generar en la persona? Y la pregunta m\u00e1s importante \u00bfTenemos confianza en que estos efectos se pueden trabajar, cuidar y diluir?<\/p>\n<p style=\"text-align: justify\">Es por esto, que la entidad social\u00a0Arte Paliativo acompa\u00f1a el bienestar y el sufrimiento emocional de personas que padecen una enfermedad avanzada o al final de vida a trav\u00e9s de la expresi\u00f3n art\u00edstica, el counselling, la educaci\u00f3n social y las bellas artes.<\/p>\n<p style=\"text-align: justify\"><a href=\"https:\/\/www.inforesidencias.com\/blog\/wp-content\/uploads\/2018\/06\/Logo_20x14_transparent2.png\"><img decoding=\"async\" loading=\"lazy\" class=\"alignleft size-full wp-image-1555\" src=\"https:\/\/www.inforesidencias.com\/blog\/wp-content\/uploads\/2018\/06\/Logo_20x14_transparent2.png\" alt=\"arte paliativo\" width=\"250\" height=\"177\" \/><\/a><\/p>\n<p style=\"text-align: justify\"><em>\u00bf<\/em><strong><em>Qu\u00e9 pasa en una sesi\u00f3n grupal de Arte Paliativo?<\/em><\/strong><\/p>\n<p style=\"text-align: justify\">Antes que nada, pasamos por todas las habitaciones de la planta para invitar personalmente a las personas que est\u00e1n en el hospital, tanto pacientes como familiares. Les explicamos que es una actividad abierta y gratuita, a la que pueden llegar cuando quieran y marchar cuando quieran.<\/p>\n<p style=\"text-align: justify\">Cuando lleguen se encuentran una mesa llena de material pl\u00e1stico muy diverso: l\u00e1piz de colores, hilos, pasta de papel, objetos naturales, telas, agujas de media y de aguja de gancho, lanas, pintura, pinceles, dibujos para pintar como mandalas u otras im\u00e1genes, entre otros.<\/p>\n<p style=\"text-align: justify\">Les explicamos el motivo que nos trae all\u00ed, y es que hemos comprobado que el arte va muy bien para relajarse, expresar emociones, recordar, divertirse, sentirse bien con una misma, darse cuenta de que pueden hacer muchas m\u00e1s cosas de las que se piensan, as\u00ed que les damos un espacio donde hacerlo. Tambi\u00e9n les decimos que es un taller muy libre, en el que pueden elegir qu\u00e9 hacer y como hacerlo, que el resultado final no es lo m\u00e1s importante sino estar all\u00e1, juntos, atrevi\u00e9ndose a explorar los materiales art\u00edsticos y expresar emociones libremente, si lo necesitaran.<\/p>\n<p style=\"text-align: justify\">Nuestra manera de trabajar es proporcionando mucha libertad y sobre todo validando todo el que hacen, anim\u00e1ndolos a apostar por la diferencia. Hay personas que se sienten c\u00f3modas de entrada con esta premisa (la de la libertad) y enseguida se ponen a trabajar en una imagen. Otros, se sienten perdidas, que quiere decir esto? Y ahora qu\u00e9 hago? En estos casos les damos una propuesta de actividad que se les d\u00e9 confianza y tranquilidad, como por ejemplo pintar un mandala o una flor que les guste. Cuando ya traen algunas sesiones, y han asimilado que el espacio est\u00e1 vac\u00edo de juicio poco a poco van recuperando la confianza en sus propias ideas y opiniones, as\u00ed como recuperando el sentido y el gusto a la autonom\u00eda, y empieza a renacer la ilusi\u00f3n para crear algo propio, genuino. No es que antes no se los gustara sentirse aut\u00f3nomos, con s\u00f3lo que ya no lo recordaban, hac\u00eda tiempos que no lo experimentaban, y se hab\u00edan olvidado del bien que les hac\u00eda.<\/p>\n<div id=\"attachment_1550\" style=\"width: 410px\" class=\"wp-caption alignleft\"><a href=\"https:\/\/www.inforesidencias.com\/blog\/wp-content\/uploads\/2018\/06\/silvia-fernandez.jpg\"><img aria-describedby=\"caption-attachment-1550\" decoding=\"async\" loading=\"lazy\" class=\"size-full wp-image-1550\" src=\"https:\/\/www.inforesidencias.com\/blog\/wp-content\/uploads\/2018\/06\/silvia-fernandez.jpg\" alt=\"Silvia Fernandez, directora de arte paliativo\" width=\"400\" height=\"267\" \/><\/a><p id=\"caption-attachment-1550\" class=\"wp-caption-text\">Silvia Fernandez, directora de arte paliativo<\/p><\/div>\n<p style=\"text-align: justify\">Esta forma de intervenci\u00f3n permite que cada persona se exprese desde sus inquietudes, intereses est\u00e9ticos, conceptuales y mat\u00e9ricos, y sobre todo, desde su necesidad. As\u00ed, aunque el taller es grupal, el proceso y la intervenci\u00f3n terap\u00e9utica es mayoritariamente individual.<\/p>\n<p style=\"text-align: justify\">En una misma sesi\u00f3n pues, pueden convivir experiencias muy diversas pero que conducen en todo el mundo hacia el mismo fin: una mejora en el estado an\u00edmico.<\/p>\n<h2><\/h2>\n<h2><em>\u00a0<\/em><\/h2>\n<h2><em>Ejemplos de experiencias en el Hospital de Terrassa (CST):<\/em><\/h2>\n<p style=\"text-align: justify\">M dice que no sabe pintar, dibujar ni hacer nada art\u00edstico, que ella se ha pasado la vida trabajando y que nunca ha hecho arte. Tambi\u00e9n habla de su inutilidad y del hecho de que ahora ya no puede hacer nada del que hac\u00eda antes (comentario muy recurrente en este contexto).<\/p>\n<p style=\"text-align: justify\">A\u00fan as\u00ed se sienta a la mesa y empieza a tocar el material. Le cuesta conectar con la actividad (es normal que cueste conectar con el inter\u00e9s genuino, aquello propio, sobre todo cuando no lo has sido haciendo durante unos meses), pero en estos casos la intervenci\u00f3n se centra al sostener la sensaci\u00f3n de desilusi\u00f3n y aburrimiento, animando a la persona a no rendirse, a seguir esforz\u00e1ndose para conectar con ella misma.<\/p>\n<p style=\"text-align: justify\">Cuando estaba a punto de abandonar cogi\u00f3 una rama seca y la levant\u00f3, utilizando la plastilina. Una vez aqu\u00ed, ya lo ten\u00eda: empez\u00f3 a coger elementos, objetos y a decorar el \u00e1rbol, hacerlo crecer, darle un vestido. Y consigui\u00f3 hacer una pieza escult\u00f3rica propia, que la llen\u00f3 de orgullo, felicidad y tranquilidad. Hab\u00eda conseguido hacer algo que ten\u00eda sentido por ella, porque era propia y porque lo hab\u00eda hecho desde la libertad.\u00a0\u00a0 \u201c\u00bfC\u00f3mo puede ser que yo haya hecho esto?\u201d El arte nos vincula con la capacidad m\u00e1s pura del ser humano, la capacidad de crear. Y crear nos hace descubrir cosas que no sab\u00edamos de nosotros mismos, y descubrirnos nos conecta con la ilusi\u00f3n de existir.<\/p>\n<p style=\"text-align: justify\">Para acabar, agradecer a Silvia y a sus colaboradores que nos hayan enviado este art\u00edculo. Despu\u00e9s de hablar sobre arte paliativo nos hemos dado cuenta del gran futuro e importancia que tiene la labor que desempe\u00f1an y les animamos a seguir adelante.<\/p>\n","protected":false},"excerpt":{"rendered":"<p>Esta semana nos escribe Silvia Fernandez, educadora social y directora y cofundadora de Arte Paliativo. Su nombre quiz\u00e1 resulte muy revelador, pero las tareas que llevan a cabo con las personas a las que tratan van mucho ya de lo que nos podemos imaginar.\u00a0Artepaliativo es una entidad social\u00a0que acompa\u00f1a el\u00a0bienestar emocional\u00a0de personas que padecen una enfermedad avanzada o a final de vida a trav\u00e9s del proceso creativo en sesiones individuales o talleres grupales, en el hospital o a domicilio. Hay que a\u00f1adir adem\u00e1s que ella misma asegura que seria genial y muy beneficioso poder trabajar tambi\u00e9n con las personas mayores que viven en residencias. Empezamos! La poblaci\u00f3n est\u00e1 m\u00e1s envejecida, que las enfermedades cr\u00f3nicas aumentan y que la medicina avanza y por consiguiente se alarga el final de la vida, lo cual implica que se deben atender paliativamente a un mayor n\u00famero de personas. As\u00ed lo explicaban ya, Sanz, J. [&hellip;]<\/p>\n","protected":false},"author":2,"featured_media":0,"comment_status":"open","ping_status":"open","sticky":false,"template":"","format":"standard","meta":{"footnotes":""},"categories":[1],"tags":[],"yoast_head":"<!-- This site is optimized with the Yoast SEO plugin v21.7 - https:\/\/yoast.com\/wordpress\/plugins\/seo\/ -->\n<title>El arte como paliativo para el sufrimiento de personas que conviven con la enfermedad - Blog Inforesidencias.com<\/title>\n<meta name=\"description\" content=\"El arte paliativo es una forma diferente y beneficiosa de trabajar con personas que padecen una enfermedad avanzada o a final de vida a trav\u00e9s de un proceso creativo.\" \/>\n<meta name=\"robots\" content=\"index, follow, max-snippet:-1, max-image-preview:large, max-video-preview:-1\" \/>\n<link rel=\"canonical\" href=\"https:\/\/www.inforesidencias.com\/blog\/index.php\/2018\/06\/21\/el-arte-como-paliativo-para-el-sufrimiento-de-personas-que-conviven-con-la-enfermedad\/\" \/>\n<meta property=\"og:locale\" content=\"es_ES\" \/>\n<meta property=\"og:type\" content=\"article\" \/>\n<meta property=\"og:title\" content=\"El arte como paliativo para el sufrimiento de personas que conviven con la enfermedad - Blog Inforesidencias.com\" \/>\n<meta property=\"og:description\" content=\"El arte paliativo es una forma diferente y beneficiosa de trabajar con personas que padecen una enfermedad avanzada o a final de vida a trav\u00e9s de un proceso creativo.\" \/>\n<meta property=\"og:url\" content=\"https:\/\/www.inforesidencias.com\/blog\/index.php\/2018\/06\/21\/el-arte-como-paliativo-para-el-sufrimiento-de-personas-que-conviven-con-la-enfermedad\/\" \/>\n<meta property=\"og:site_name\" content=\"Blog Inforesidencias.com\" \/>\n<meta property=\"article:publisher\" content=\"https:\/\/www.facebook.com\/Inforesidencias\/\" \/>\n<meta property=\"article:author\" content=\"https:\/\/www.facebook.com\/josep.demarti\" \/>\n<meta property=\"article:published_time\" content=\"2018-06-21T14:58:09+00:00\" \/>\n<meta property=\"article:modified_time\" content=\"2018-06-21T14:59:10+00:00\" \/>\n<meta property=\"og:image\" content=\"https:\/\/www.inforesidencias.com\/blog\/wp-content\/uploads\/2018\/06\/Logo_20x14_transparent2.png\" \/>\n<meta name=\"author\" content=\"Josep de Mart\u00ed\" \/>\n<meta name=\"twitter:card\" content=\"summary_large_image\" \/>\n<meta name=\"twitter:creator\" content=\"@blog-ir\" \/>\n<meta name=\"twitter:site\" content=\"@inforesidencias\" \/>\n<meta name=\"twitter:label1\" content=\"Escrito por\" \/>\n\t<meta name=\"twitter:data1\" content=\"Josep de Mart\u00ed\" \/>\n\t<meta name=\"twitter:label2\" content=\"Tiempo de lectura\" \/>\n\t<meta name=\"twitter:data2\" content=\"6 minutos\" \/>\n<script type=\"application\/ld+json\" class=\"yoast-schema-graph\">{\"@context\":\"https:\/\/schema.org\",\"@graph\":[{\"@type\":\"WebPage\",\"@id\":\"https:\/\/www.inforesidencias.com\/blog\/index.php\/2018\/06\/21\/el-arte-como-paliativo-para-el-sufrimiento-de-personas-que-conviven-con-la-enfermedad\/\",\"url\":\"https:\/\/www.inforesidencias.com\/blog\/index.php\/2018\/06\/21\/el-arte-como-paliativo-para-el-sufrimiento-de-personas-que-conviven-con-la-enfermedad\/\",\"name\":\"El arte como paliativo para el sufrimiento de personas que conviven con la enfermedad - Blog Inforesidencias.com\",\"isPartOf\":{\"@id\":\"https:\/\/www.inforesidencias.com\/blog\/#website\"},\"datePublished\":\"2018-06-21T14:58:09+00:00\",\"dateModified\":\"2018-06-21T14:59:10+00:00\",\"author\":{\"@id\":\"https:\/\/www.inforesidencias.com\/blog\/#\/schema\/person\/9e146774d1eb3bc1c0316242a3898628\"},\"description\":\"El arte paliativo es una forma diferente y beneficiosa de trabajar con personas que padecen una enfermedad avanzada o a final de vida a trav\u00e9s de un proceso creativo.\",\"breadcrumb\":{\"@id\":\"https:\/\/www.inforesidencias.com\/blog\/index.php\/2018\/06\/21\/el-arte-como-paliativo-para-el-sufrimiento-de-personas-que-conviven-con-la-enfermedad\/#breadcrumb\"},\"inLanguage\":\"es\",\"potentialAction\":[{\"@type\":\"ReadAction\",\"target\":[\"https:\/\/www.inforesidencias.com\/blog\/index.php\/2018\/06\/21\/el-arte-como-paliativo-para-el-sufrimiento-de-personas-que-conviven-con-la-enfermedad\/\"]}]},{\"@type\":\"BreadcrumbList\",\"@id\":\"https:\/\/www.inforesidencias.com\/blog\/index.php\/2018\/06\/21\/el-arte-como-paliativo-para-el-sufrimiento-de-personas-que-conviven-con-la-enfermedad\/#breadcrumb\",\"itemListElement\":[{\"@type\":\"ListItem\",\"position\":1,\"name\":\"Home\",\"item\":\"https:\/\/www.inforesidencias.com\/blog\/\"},{\"@type\":\"ListItem\",\"position\":2,\"name\":\"El arte como paliativo para el sufrimiento de personas que conviven con la enfermedad\"}]},{\"@type\":\"WebSite\",\"@id\":\"https:\/\/www.inforesidencias.com\/blog\/#website\",\"url\":\"https:\/\/www.inforesidencias.com\/blog\/\",\"name\":\"Blog Inforesidencias.com\",\"description\":\"El buscador de residencias de la 3\u00aa edad\",\"potentialAction\":[{\"@type\":\"SearchAction\",\"target\":{\"@type\":\"EntryPoint\",\"urlTemplate\":\"https:\/\/www.inforesidencias.com\/blog\/?s={search_term_string}\"},\"query-input\":\"required name=search_term_string\"}],\"inLanguage\":\"es\"},{\"@type\":\"Person\",\"@id\":\"https:\/\/www.inforesidencias.com\/blog\/#\/schema\/person\/9e146774d1eb3bc1c0316242a3898628\",\"name\":\"Josep de Mart\u00ed\",\"image\":{\"@type\":\"ImageObject\",\"inLanguage\":\"es\",\"@id\":\"https:\/\/www.inforesidencias.com\/blog\/#\/schema\/person\/image\/\",\"url\":\"https:\/\/secure.gravatar.com\/avatar\/de0302c4806c00c4cebff396a798c1ff?s=96&d=mm&r=g\",\"contentUrl\":\"https:\/\/secure.gravatar.com\/avatar\/de0302c4806c00c4cebff396a798c1ff?s=96&d=mm&r=g\",\"caption\":\"Josep de Mart\u00ed\"},\"sameAs\":[\"https:\/\/www.inforesidencias.com\",\"https:\/\/www.facebook.com\/josep.demarti\",\"https:\/\/twitter.com\/blog-ir\"],\"url\":\"https:\/\/www.inforesidencias.com\/blog\/index.php\/author\/josepdemarti\/\"}]}<\/script>\n<!-- \/ Yoast SEO plugin. -->","yoast_head_json":{"title":"El arte como paliativo para el sufrimiento de personas que conviven con la enfermedad - Blog Inforesidencias.com","description":"El arte paliativo es una forma diferente y beneficiosa de trabajar con personas que padecen una enfermedad avanzada o a final de vida a trav\u00e9s de un proceso creativo.","robots":{"index":"index","follow":"follow","max-snippet":"max-snippet:-1","max-image-preview":"max-image-preview:large","max-video-preview":"max-video-preview:-1"},"canonical":"https:\/\/www.inforesidencias.com\/blog\/index.php\/2018\/06\/21\/el-arte-como-paliativo-para-el-sufrimiento-de-personas-que-conviven-con-la-enfermedad\/","og_locale":"es_ES","og_type":"article","og_title":"El arte como paliativo para el sufrimiento de personas que conviven con la enfermedad - Blog Inforesidencias.com","og_description":"El arte paliativo es una forma diferente y beneficiosa de trabajar con personas que padecen una enfermedad avanzada o a final de vida a trav\u00e9s de un proceso creativo.","og_url":"https:\/\/www.inforesidencias.com\/blog\/index.php\/2018\/06\/21\/el-arte-como-paliativo-para-el-sufrimiento-de-personas-que-conviven-con-la-enfermedad\/","og_site_name":"Blog Inforesidencias.com","article_publisher":"https:\/\/www.facebook.com\/Inforesidencias\/","article_author":"https:\/\/www.facebook.com\/josep.demarti","article_published_time":"2018-06-21T14:58:09+00:00","article_modified_time":"2018-06-21T14:59:10+00:00","og_image":[{"url":"https:\/\/www.inforesidencias.com\/blog\/wp-content\/uploads\/2018\/06\/Logo_20x14_transparent2.png"}],"author":"Josep de Mart\u00ed","twitter_card":"summary_large_image","twitter_creator":"@blog-ir","twitter_site":"@inforesidencias","twitter_misc":{"Escrito por":"Josep de Mart\u00ed","Tiempo de lectura":"6 minutos"},"schema":{"@context":"https:\/\/schema.org","@graph":[{"@type":"WebPage","@id":"https:\/\/www.inforesidencias.com\/blog\/index.php\/2018\/06\/21\/el-arte-como-paliativo-para-el-sufrimiento-de-personas-que-conviven-con-la-enfermedad\/","url":"https:\/\/www.inforesidencias.com\/blog\/index.php\/2018\/06\/21\/el-arte-como-paliativo-para-el-sufrimiento-de-personas-que-conviven-con-la-enfermedad\/","name":"El arte como paliativo para el sufrimiento de personas que conviven con la enfermedad - Blog Inforesidencias.com","isPartOf":{"@id":"https:\/\/www.inforesidencias.com\/blog\/#website"},"datePublished":"2018-06-21T14:58:09+00:00","dateModified":"2018-06-21T14:59:10+00:00","author":{"@id":"https:\/\/www.inforesidencias.com\/blog\/#\/schema\/person\/9e146774d1eb3bc1c0316242a3898628"},"description":"El arte paliativo es una forma diferente y beneficiosa de trabajar con personas que padecen una enfermedad avanzada o a final de vida a trav\u00e9s de un proceso creativo.","breadcrumb":{"@id":"https:\/\/www.inforesidencias.com\/blog\/index.php\/2018\/06\/21\/el-arte-como-paliativo-para-el-sufrimiento-de-personas-que-conviven-con-la-enfermedad\/#breadcrumb"},"inLanguage":"es","potentialAction":[{"@type":"ReadAction","target":["https:\/\/www.inforesidencias.com\/blog\/index.php\/2018\/06\/21\/el-arte-como-paliativo-para-el-sufrimiento-de-personas-que-conviven-con-la-enfermedad\/"]}]},{"@type":"BreadcrumbList","@id":"https:\/\/www.inforesidencias.com\/blog\/index.php\/2018\/06\/21\/el-arte-como-paliativo-para-el-sufrimiento-de-personas-que-conviven-con-la-enfermedad\/#breadcrumb","itemListElement":[{"@type":"ListItem","position":1,"name":"Home","item":"https:\/\/www.inforesidencias.com\/blog\/"},{"@type":"ListItem","position":2,"name":"El arte como paliativo para el sufrimiento de personas que conviven con la enfermedad"}]},{"@type":"WebSite","@id":"https:\/\/www.inforesidencias.com\/blog\/#website","url":"https:\/\/www.inforesidencias.com\/blog\/","name":"Blog Inforesidencias.com","description":"El buscador de residencias de la 3\u00aa edad","potentialAction":[{"@type":"SearchAction","target":{"@type":"EntryPoint","urlTemplate":"https:\/\/www.inforesidencias.com\/blog\/?s={search_term_string}"},"query-input":"required name=search_term_string"}],"inLanguage":"es"},{"@type":"Person","@id":"https:\/\/www.inforesidencias.com\/blog\/#\/schema\/person\/9e146774d1eb3bc1c0316242a3898628","name":"Josep de Mart\u00ed","image":{"@type":"ImageObject","inLanguage":"es","@id":"https:\/\/www.inforesidencias.com\/blog\/#\/schema\/person\/image\/","url":"https:\/\/secure.gravatar.com\/avatar\/de0302c4806c00c4cebff396a798c1ff?s=96&d=mm&r=g","contentUrl":"https:\/\/secure.gravatar.com\/avatar\/de0302c4806c00c4cebff396a798c1ff?s=96&d=mm&r=g","caption":"Josep de Mart\u00ed"},"sameAs":["https:\/\/www.inforesidencias.com","https:\/\/www.facebook.com\/josep.demarti","https:\/\/twitter.com\/blog-ir"],"url":"https:\/\/www.inforesidencias.com\/blog\/index.php\/author\/josepdemarti\/"}]}},"_links":{"self":[{"href":"https:\/\/www.inforesidencias.com\/blog\/index.php\/wp-json\/wp\/v2\/posts\/1549"}],"collection":[{"href":"https:\/\/www.inforesidencias.com\/blog\/index.php\/wp-json\/wp\/v2\/posts"}],"about":[{"href":"https:\/\/www.inforesidencias.com\/blog\/index.php\/wp-json\/wp\/v2\/types\/post"}],"author":[{"embeddable":true,"href":"https:\/\/www.inforesidencias.com\/blog\/index.php\/wp-json\/wp\/v2\/users\/2"}],"replies":[{"embeddable":true,"href":"https:\/\/www.inforesidencias.com\/blog\/index.php\/wp-json\/wp\/v2\/comments?post=1549"}],"version-history":[{"count":8,"href":"https:\/\/www.inforesidencias.com\/blog\/index.php\/wp-json\/wp\/v2\/posts\/1549\/revisions"}],"predecessor-version":[{"id":1561,"href":"https:\/\/www.inforesidencias.com\/blog\/index.php\/wp-json\/wp\/v2\/posts\/1549\/revisions\/1561"}],"wp:attachment":[{"href":"https:\/\/www.inforesidencias.com\/blog\/index.php\/wp-json\/wp\/v2\/media?parent=1549"}],"wp:term":[{"taxonomy":"category","embeddable":true,"href":"https:\/\/www.inforesidencias.com\/blog\/index.php\/wp-json\/wp\/v2\/categories?post=1549"},{"taxonomy":"post_tag","embeddable":true,"href":"https:\/\/www.inforesidencias.com\/blog\/index.php\/wp-json\/wp\/v2\/tags?post=1549"}],"curies":[{"name":"wp","href":"https:\/\/api.w.org\/{rel}","templated":true}]}}