{"id":1564,"date":"2018-06-28T09:11:35","date_gmt":"2018-06-28T09:11:35","guid":{"rendered":"https:\/\/www.inforesidencias.com\/blog\/?p=1564"},"modified":"2018-06-28T10:38:48","modified_gmt":"2018-06-28T10:38:48","slug":"unidades-de-convivencia-en-dinamarca","status":"publish","type":"post","link":"https:\/\/www.inforesidencias.com\/blog\/index.php\/2018\/06\/28\/unidades-de-convivencia-en-dinamarca\/","title":{"rendered":"Unidades de convivencia en Noruega"},"content":{"rendered":"<p style=\"text-align: justify\">Entrevistamos a Randi Hakonsen, directora de una residencia en Drammen (Noruega). Randi ha sido entrevistada por Josep de Marti, director de inforesidencias.com. Esta entrevista se hizo en uno de los viajes geroasistenciales que organizamos cada a\u00f1o para conocer como se trabaja con personas mayores en otros pa\u00edses de Europa. En ella, Randi y Josep hablan sobre las unidades de convivencia de esta residencia de poco m\u00e1s de 60 residentes. Randi nos explica el tama\u00f1o de estas unidades, cual es bajo su punto de vista su tama\u00f1o ideal y del personal que trabaja en cada una de ellas.<\/p>\n<p><iframe loading=\"lazy\" width=\"500\" height=\"281\" src=\"https:\/\/www.youtube.com\/embed\/bt6DwJ4g7nI?feature=oembed\" frameborder=\"0\" allow=\"autoplay; encrypted-media\" allowfullscreen><\/iframe><\/p>\n<p style=\"text-align: justify\">Finalmente, la directora nos explica que es lo que m\u00e1s le gusta de su trabajo, lo cual queda demostrado por los propios residentes. Para acabar, no hay que olvidar que esta vez hablamos sobre las unidades de convivencia en Noruega, pero en alguna otra ocasi\u00f3n hemos contado con la colaboraci\u00f3n de Marc Trepat, arquitecto especializado en residencias, quien nos ha dado su visi\u00f3n sobre<a href=\"https:\/\/www.inforesidencias.com\/blog\/index.php\/2016\/07\/09\/aspectos-arquitectonicos-de-las-unidades-de-convivencia-en-residencias\/\"> las unidades de convivencia de otros pa\u00edses como Suecia<\/a>.<\/p>\n","protected":false},"excerpt":{"rendered":"<p>Entrevistamos a Randi Hakonsen, directora de una residencia en Drammen (Noruega). Randi ha sido entrevistada por Josep de Marti, director de inforesidencias.com. Esta entrevista se hizo en uno de los viajes geroasistenciales que organizamos cada a\u00f1o para conocer como se trabaja con personas mayores en otros pa\u00edses de Europa. En ella, Randi y Josep hablan sobre las unidades de convivencia de esta residencia de poco m\u00e1s de 60 residentes. Randi nos explica el tama\u00f1o de estas unidades, cual es bajo su punto de vista su tama\u00f1o ideal y del personal que trabaja en cada una de ellas. Finalmente, la directora nos explica que es lo que m\u00e1s le gusta de su trabajo, lo cual queda demostrado por los propios residentes. Para acabar, no hay que olvidar que esta vez hablamos sobre las unidades de convivencia en Noruega, pero en alguna otra ocasi\u00f3n hemos contado con la colaboraci\u00f3n de Marc Trepat, [&hellip;]<\/p>\n","protected":false},"author":2,"featured_media":1566,"comment_status":"open","ping_status":"open","sticky":false,"template":"","format":"standard","meta":{"footnotes":""},"categories":[1],"tags":[],"yoast_head":"<!-- This site is optimized with the Yoast SEO plugin v21.7 - https:\/\/yoast.com\/wordpress\/plugins\/seo\/ -->\n<title>Unidades de convivencia en Noruega - Blog Inforesidencias.com<\/title>\n<meta name=\"description\" content=\"Las unidades de convivencia son otra forma de pensar en la estancia de las personas mayores en las residencias. Un tipo de construcci\u00f3n que tambi\u00e9n se empieza a ver en Espa\u00f1a\" \/>\n<meta name=\"robots\" content=\"index, follow, max-snippet:-1, max-image-preview:large, max-video-preview:-1\" \/>\n<link rel=\"canonical\" href=\"https:\/\/www.inforesidencias.com\/blog\/index.php\/2018\/06\/28\/unidades-de-convivencia-en-dinamarca\/\" \/>\n<meta property=\"og:locale\" content=\"es_ES\" \/>\n<meta property=\"og:type\" content=\"article\" \/>\n<meta property=\"og:title\" content=\"Unidades de convivencia en Noruega - Blog Inforesidencias.com\" \/>\n<meta property=\"og:description\" content=\"Las unidades de convivencia son otra forma de pensar en la estancia de las personas mayores en las residencias. Un tipo de construcci\u00f3n que tambi\u00e9n se empieza a ver en Espa\u00f1a\" \/>\n<meta property=\"og:url\" content=\"https:\/\/www.inforesidencias.com\/blog\/index.php\/2018\/06\/28\/unidades-de-convivencia-en-dinamarca\/\" \/>\n<meta property=\"og:site_name\" content=\"Blog Inforesidencias.com\" \/>\n<meta property=\"article:publisher\" content=\"https:\/\/www.facebook.com\/Inforesidencias\/\" \/>\n<meta property=\"article:author\" content=\"https:\/\/www.facebook.com\/josep.demarti\" \/>\n<meta property=\"article:published_time\" content=\"2018-06-28T09:11:35+00:00\" \/>\n<meta property=\"article:modified_time\" content=\"2018-06-28T10:38:48+00:00\" \/>\n<meta property=\"og:image\" content=\"https:\/\/www.inforesidencias.com\/blog\/wp-content\/uploads\/2018\/06\/unidad-de-convivencia.png\" \/>\n\t<meta property=\"og:image:width\" content=\"400\" \/>\n\t<meta property=\"og:image:height\" content=\"340\" \/>\n\t<meta property=\"og:image:type\" content=\"image\/png\" \/>\n<meta name=\"author\" content=\"Josep de Mart\u00ed\" \/>\n<meta name=\"twitter:card\" content=\"summary_large_image\" \/>\n<meta name=\"twitter:creator\" content=\"@blog-ir\" \/>\n<meta name=\"twitter:site\" content=\"@inforesidencias\" \/>\n<meta name=\"twitter:label1\" content=\"Escrito por\" \/>\n\t<meta name=\"twitter:data1\" content=\"Josep de Mart\u00ed\" \/>\n\t<meta name=\"twitter:label2\" content=\"Tiempo de lectura\" \/>\n\t<meta name=\"twitter:data2\" content=\"1 minuto\" \/>\n<script type=\"application\/ld+json\" class=\"yoast-schema-graph\">{\"@context\":\"https:\/\/schema.org\",\"@graph\":[{\"@type\":\"WebPage\",\"@id\":\"https:\/\/www.inforesidencias.com\/blog\/index.php\/2018\/06\/28\/unidades-de-convivencia-en-dinamarca\/\",\"url\":\"https:\/\/www.inforesidencias.com\/blog\/index.php\/2018\/06\/28\/unidades-de-convivencia-en-dinamarca\/\",\"name\":\"Unidades de convivencia en Noruega - Blog Inforesidencias.com\",\"isPartOf\":{\"@id\":\"https:\/\/www.inforesidencias.com\/blog\/#website\"},\"datePublished\":\"2018-06-28T09:11:35+00:00\",\"dateModified\":\"2018-06-28T10:38:48+00:00\",\"author\":{\"@id\":\"https:\/\/www.inforesidencias.com\/blog\/#\/schema\/person\/9e146774d1eb3bc1c0316242a3898628\"},\"description\":\"Las unidades de convivencia son otra forma de pensar en la estancia de las personas mayores en las residencias. Un tipo de construcci\u00f3n que tambi\u00e9n se empieza a ver en Espa\u00f1a\",\"breadcrumb\":{\"@id\":\"https:\/\/www.inforesidencias.com\/blog\/index.php\/2018\/06\/28\/unidades-de-convivencia-en-dinamarca\/#breadcrumb\"},\"inLanguage\":\"es\",\"potentialAction\":[{\"@type\":\"ReadAction\",\"target\":[\"https:\/\/www.inforesidencias.com\/blog\/index.php\/2018\/06\/28\/unidades-de-convivencia-en-dinamarca\/\"]}]},{\"@type\":\"BreadcrumbList\",\"@id\":\"https:\/\/www.inforesidencias.com\/blog\/index.php\/2018\/06\/28\/unidades-de-convivencia-en-dinamarca\/#breadcrumb\",\"itemListElement\":[{\"@type\":\"ListItem\",\"position\":1,\"name\":\"Home\",\"item\":\"https:\/\/www.inforesidencias.com\/blog\/\"},{\"@type\":\"ListItem\",\"position\":2,\"name\":\"Unidades de convivencia en Noruega\"}]},{\"@type\":\"WebSite\",\"@id\":\"https:\/\/www.inforesidencias.com\/blog\/#website\",\"url\":\"https:\/\/www.inforesidencias.com\/blog\/\",\"name\":\"Blog Inforesidencias.com\",\"description\":\"El buscador de residencias de la 3\u00aa edad\",\"potentialAction\":[{\"@type\":\"SearchAction\",\"target\":{\"@type\":\"EntryPoint\",\"urlTemplate\":\"https:\/\/www.inforesidencias.com\/blog\/?s={search_term_string}\"},\"query-input\":\"required name=search_term_string\"}],\"inLanguage\":\"es\"},{\"@type\":\"Person\",\"@id\":\"https:\/\/www.inforesidencias.com\/blog\/#\/schema\/person\/9e146774d1eb3bc1c0316242a3898628\",\"name\":\"Josep de Mart\u00ed\",\"image\":{\"@type\":\"ImageObject\",\"inLanguage\":\"es\",\"@id\":\"https:\/\/www.inforesidencias.com\/blog\/#\/schema\/person\/image\/\",\"url\":\"https:\/\/secure.gravatar.com\/avatar\/de0302c4806c00c4cebff396a798c1ff?s=96&d=mm&r=g\",\"contentUrl\":\"https:\/\/secure.gravatar.com\/avatar\/de0302c4806c00c4cebff396a798c1ff?s=96&d=mm&r=g\",\"caption\":\"Josep de Mart\u00ed\"},\"sameAs\":[\"https:\/\/www.inforesidencias.com\",\"https:\/\/www.facebook.com\/josep.demarti\",\"https:\/\/twitter.com\/blog-ir\"],\"url\":\"https:\/\/www.inforesidencias.com\/blog\/index.php\/author\/josepdemarti\/\"}]}<\/script>\n<!-- \/ Yoast SEO plugin. -->","yoast_head_json":{"title":"Unidades de convivencia en Noruega - Blog Inforesidencias.com","description":"Las unidades de convivencia son otra forma de pensar en la estancia de las personas mayores en las residencias. Un tipo de construcci\u00f3n que tambi\u00e9n se empieza a ver en Espa\u00f1a","robots":{"index":"index","follow":"follow","max-snippet":"max-snippet:-1","max-image-preview":"max-image-preview:large","max-video-preview":"max-video-preview:-1"},"canonical":"https:\/\/www.inforesidencias.com\/blog\/index.php\/2018\/06\/28\/unidades-de-convivencia-en-dinamarca\/","og_locale":"es_ES","og_type":"article","og_title":"Unidades de convivencia en Noruega - Blog Inforesidencias.com","og_description":"Las unidades de convivencia son otra forma de pensar en la estancia de las personas mayores en las residencias. Un tipo de construcci\u00f3n que tambi\u00e9n se empieza a ver en Espa\u00f1a","og_url":"https:\/\/www.inforesidencias.com\/blog\/index.php\/2018\/06\/28\/unidades-de-convivencia-en-dinamarca\/","og_site_name":"Blog Inforesidencias.com","article_publisher":"https:\/\/www.facebook.com\/Inforesidencias\/","article_author":"https:\/\/www.facebook.com\/josep.demarti","article_published_time":"2018-06-28T09:11:35+00:00","article_modified_time":"2018-06-28T10:38:48+00:00","og_image":[{"width":400,"height":340,"url":"https:\/\/www.inforesidencias.com\/blog\/wp-content\/uploads\/2018\/06\/unidad-de-convivencia.png","type":"image\/png"}],"author":"Josep de Mart\u00ed","twitter_card":"summary_large_image","twitter_creator":"@blog-ir","twitter_site":"@inforesidencias","twitter_misc":{"Escrito por":"Josep de Mart\u00ed","Tiempo de lectura":"1 minuto"},"schema":{"@context":"https:\/\/schema.org","@graph":[{"@type":"WebPage","@id":"https:\/\/www.inforesidencias.com\/blog\/index.php\/2018\/06\/28\/unidades-de-convivencia-en-dinamarca\/","url":"https:\/\/www.inforesidencias.com\/blog\/index.php\/2018\/06\/28\/unidades-de-convivencia-en-dinamarca\/","name":"Unidades de convivencia en Noruega - Blog Inforesidencias.com","isPartOf":{"@id":"https:\/\/www.inforesidencias.com\/blog\/#website"},"datePublished":"2018-06-28T09:11:35+00:00","dateModified":"2018-06-28T10:38:48+00:00","author":{"@id":"https:\/\/www.inforesidencias.com\/blog\/#\/schema\/person\/9e146774d1eb3bc1c0316242a3898628"},"description":"Las unidades de convivencia son otra forma de pensar en la estancia de las personas mayores en las residencias. Un tipo de construcci\u00f3n que tambi\u00e9n se empieza a ver en Espa\u00f1a","breadcrumb":{"@id":"https:\/\/www.inforesidencias.com\/blog\/index.php\/2018\/06\/28\/unidades-de-convivencia-en-dinamarca\/#breadcrumb"},"inLanguage":"es","potentialAction":[{"@type":"ReadAction","target":["https:\/\/www.inforesidencias.com\/blog\/index.php\/2018\/06\/28\/unidades-de-convivencia-en-dinamarca\/"]}]},{"@type":"BreadcrumbList","@id":"https:\/\/www.inforesidencias.com\/blog\/index.php\/2018\/06\/28\/unidades-de-convivencia-en-dinamarca\/#breadcrumb","itemListElement":[{"@type":"ListItem","position":1,"name":"Home","item":"https:\/\/www.inforesidencias.com\/blog\/"},{"@type":"ListItem","position":2,"name":"Unidades de convivencia en Noruega"}]},{"@type":"WebSite","@id":"https:\/\/www.inforesidencias.com\/blog\/#website","url":"https:\/\/www.inforesidencias.com\/blog\/","name":"Blog Inforesidencias.com","description":"El buscador de residencias de la 3\u00aa edad","potentialAction":[{"@type":"SearchAction","target":{"@type":"EntryPoint","urlTemplate":"https:\/\/www.inforesidencias.com\/blog\/?s={search_term_string}"},"query-input":"required name=search_term_string"}],"inLanguage":"es"},{"@type":"Person","@id":"https:\/\/www.inforesidencias.com\/blog\/#\/schema\/person\/9e146774d1eb3bc1c0316242a3898628","name":"Josep de Mart\u00ed","image":{"@type":"ImageObject","inLanguage":"es","@id":"https:\/\/www.inforesidencias.com\/blog\/#\/schema\/person\/image\/","url":"https:\/\/secure.gravatar.com\/avatar\/de0302c4806c00c4cebff396a798c1ff?s=96&d=mm&r=g","contentUrl":"https:\/\/secure.gravatar.com\/avatar\/de0302c4806c00c4cebff396a798c1ff?s=96&d=mm&r=g","caption":"Josep de Mart\u00ed"},"sameAs":["https:\/\/www.inforesidencias.com","https:\/\/www.facebook.com\/josep.demarti","https:\/\/twitter.com\/blog-ir"],"url":"https:\/\/www.inforesidencias.com\/blog\/index.php\/author\/josepdemarti\/"}]}},"_links":{"self":[{"href":"https:\/\/www.inforesidencias.com\/blog\/index.php\/wp-json\/wp\/v2\/posts\/1564"}],"collection":[{"href":"https:\/\/www.inforesidencias.com\/blog\/index.php\/wp-json\/wp\/v2\/posts"}],"about":[{"href":"https:\/\/www.inforesidencias.com\/blog\/index.php\/wp-json\/wp\/v2\/types\/post"}],"author":[{"embeddable":true,"href":"https:\/\/www.inforesidencias.com\/blog\/index.php\/wp-json\/wp\/v2\/users\/2"}],"replies":[{"embeddable":true,"href":"https:\/\/www.inforesidencias.com\/blog\/index.php\/wp-json\/wp\/v2\/comments?post=1564"}],"version-history":[{"count":12,"href":"https:\/\/www.inforesidencias.com\/blog\/index.php\/wp-json\/wp\/v2\/posts\/1564\/revisions"}],"predecessor-version":[{"id":1577,"href":"https:\/\/www.inforesidencias.com\/blog\/index.php\/wp-json\/wp\/v2\/posts\/1564\/revisions\/1577"}],"wp:featuredmedia":[{"embeddable":true,"href":"https:\/\/www.inforesidencias.com\/blog\/index.php\/wp-json\/wp\/v2\/media\/1566"}],"wp:attachment":[{"href":"https:\/\/www.inforesidencias.com\/blog\/index.php\/wp-json\/wp\/v2\/media?parent=1564"}],"wp:term":[{"taxonomy":"category","embeddable":true,"href":"https:\/\/www.inforesidencias.com\/blog\/index.php\/wp-json\/wp\/v2\/categories?post=1564"},{"taxonomy":"post_tag","embeddable":true,"href":"https:\/\/www.inforesidencias.com\/blog\/index.php\/wp-json\/wp\/v2\/tags?post=1564"}],"curies":[{"name":"wp","href":"https:\/\/api.w.org\/{rel}","templated":true}]}}