{"id":16,"date":"2004-12-16T06:46:00","date_gmt":"2004-12-16T06:46:00","guid":{"rendered":"http:\/\/inforesidencias.wordpress.com\/2004\/12\/16\/es-la-guerra-fria"},"modified":"2004-12-16T06:46:00","modified_gmt":"2004-12-16T06:46:00","slug":"es-la-guerra-fria","status":"publish","type":"post","link":"https:\/\/www.inforesidencias.com\/blog\/index.php\/2004\/12\/16\/es-la-guerra-fria\/","title":{"rendered":">Es la guerra (fr\u00eda)"},"content":{"rendered":"<p>&gt;\u00bfSe acuerda ya alguien de cuando el sector estaba punto de unificarse y s\u00f3lo era cuesti\u00f3n de poco tiempo para que una \u00fanica voz preponderante hablase por todos?<\/p>\n<p>S\u00f3lo han pasado unos meses desde que estas noticias llenaban las p\u00e1ginas de esta publicaci\u00f3n y parece ya algo muy lejano.<\/p>\n<p>Quiz\u00e1 el factor determinante de la paralizaci\u00f3n del proceso de unificaci\u00f3n fue la creaci\u00f3n de la Confederaci\u00f3n Espa\u00f1ola de Atenci\u00f3n a la Dependencia, como dicen unos, quiz\u00e1 lo fue  la resistencia a hacer circular algunos cargos directivos, como dicen otros.<\/p>\n<p>Sea como sea , lo que es cierto es que, de un tiempo a esta parte, los que nos movemos por el sector sin ser propietarios o directivos de residencias notamos un grado de acritud que hasta hace bien poco nos era desconocido.<\/p>\n<p>No es extra\u00f1o o\u00edr hablar de asociaciones que est\u00e1n a punto de pasarse de la Federaci\u00f3n a la Confederaci\u00f3n (o viceversa), o de residencias que piensan cambiar o ya han cambiado de \u201cbando\u201d.  Esto no deber\u00eda resultar sorprendente si existiesen unas pol\u00edticas marcad\u00edsimamente diferentes entre ambas organizaciones, cosa que, si sucede en la realidad, se nos escapa a la mayor parte de observadores.<\/p>\n<p>Desde mi perspectiva no veo que el an\u00e1lisis global del sector sea sustancialmente diferente entre las diferentes partes (y por eso estuvieron a punto de unificarse); no creo que el planteamiento de partida ante el pr\u00f3ximo convenio sea muy diferente ni que el an\u00e1lisis global de la situaci\u00f3n difiera tanto. <\/p>\n<p>\u00bfPor qu\u00e9 entonces, se est\u00e1n haciendo imputaciones tan graves?, como decir que una patronal  est\u00e1 abogando por la desaparici\u00f3n de todas las residencias peque\u00f1as o que act\u00faa como c\u00f3mplice de la administraci\u00f3n en contra del sector (quien lea esta publicaci\u00f3n sabr\u00e1 bien de qu\u00e9 estoy hablando).<\/p>\n<p>Yo tengo mi humilde interpretaci\u00f3n:  No hay una discrepancia radical en la visi\u00f3n de los problemas del sector pero s\u00ed  de la dimensi\u00f3n de los mismos.  La Federaci\u00f3n entiende que debe existir una estructura fuerte a nivel nacional mientras la Confederaci\u00f3n considera que el peso fundamental debe situarse a nivel auton\u00f3mico.  La Federaci\u00f3n aboga por que el sector sea eminentemente \u201csocial\u201d (residencias, centros de d\u00eda, atenci\u00f3n domiciliaria), la Confederaci\u00f3n por una visi\u00f3n m\u00e1s sociosanitaria que no impide la entrada de hospitales u otros servicios m\u00e1s \u201csanitarios\u201d.<\/p>\n<p>\u00bfSon situaciones irreconciliables?  Creo que no.  Pero tambi\u00e9n creo que, antes de que se pueda producir la ansiada unificaci\u00f3n, ambos lados deben medir sus fuerzas y parece que el momento y lugar en que se producir\u00e1 esa medici\u00f3n ser\u00e1 la constituci\u00f3n de la pr\u00f3xima mesa de negociaci\u00f3n del convenio colectivo.<\/p>\n<p>En este escenario veo yo que se est\u00e1n moviendo las cosas:  Los \u201cbailes de siglas\u201d las cartas subidas de tono y el trabajo callado de acumulaci\u00f3n de acreditaciones.  <\/p>\n<p>Despu\u00e9s vendr\u00e1 la negociaci\u00f3n de un convenio crucial, que requerir\u00e1 (como cuesti\u00f3n de vida o muerte para el sector) la m\u00e1xima unidad en la parte patronal y despu\u00e9s, sabiendo qui\u00e9n representa a qui\u00e9n, con toda seguridad, la unificaci\u00f3n de los dos lados.<\/p>\n<p>Nos esperan, pues unos meses de \u201cguerra fr\u00eda\u201d en los que a casi todo el mundo se le pregunta \u201c\u00bfy t\u00fa de qu\u00e9 lado est\u00e1s?\u201d.  Esperemos que la cordura haga mantener puentes tendidos ya que \u00e9stos ser\u00e1n indispensables para afrontar importantes retos que le toca afrontar al sector.<\/p>\n","protected":false},"excerpt":{"rendered":"<p>&gt;\u00bfSe acuerda ya alguien de cuando el sector estaba punto de unificarse y s\u00f3lo era cuesti\u00f3n de poco tiempo para que una \u00fanica voz preponderante hablase por todos? S\u00f3lo han pasado unos meses desde que estas noticias llenaban las p\u00e1ginas de esta publicaci\u00f3n y parece ya algo muy lejano. Quiz\u00e1 el factor determinante de la paralizaci\u00f3n del proceso de unificaci\u00f3n fue la creaci\u00f3n de la Confederaci\u00f3n Espa\u00f1ola de Atenci\u00f3n a la Dependencia, como dicen unos, quiz\u00e1 lo fue la resistencia a hacer circular algunos cargos directivos, como dicen otros. Sea como sea , lo que es cierto es que, de un tiempo a esta parte, los que nos movemos por el sector sin ser propietarios o directivos de residencias notamos un grado de acritud que hasta hace bien poco nos era desconocido. No es extra\u00f1o o\u00edr hablar de asociaciones que est\u00e1n a punto de pasarse de la Federaci\u00f3n a la [&hellip;]<\/p>\n","protected":false},"author":2,"featured_media":0,"comment_status":"open","ping_status":"open","sticky":false,"template":"","format":"standard","meta":{"footnotes":""},"categories":[1],"tags":[],"yoast_head":"<!-- This site is optimized with the Yoast SEO plugin v21.7 - https:\/\/yoast.com\/wordpress\/plugins\/seo\/ -->\n<title>&gt;Es la guerra (fr\u00eda) - Blog Inforesidencias.com<\/title>\n<meta name=\"robots\" content=\"index, follow, max-snippet:-1, max-image-preview:large, max-video-preview:-1\" \/>\n<link rel=\"canonical\" href=\"https:\/\/www.inforesidencias.com\/blog\/index.php\/2004\/12\/16\/es-la-guerra-fria\/\" \/>\n<meta property=\"og:locale\" content=\"es_ES\" \/>\n<meta property=\"og:type\" content=\"article\" \/>\n<meta property=\"og:title\" content=\"&gt;Es la guerra (fr\u00eda) - Blog Inforesidencias.com\" \/>\n<meta property=\"og:description\" content=\"&gt;\u00bfSe acuerda ya alguien de cuando el sector estaba punto de unificarse y s\u00f3lo era cuesti\u00f3n de poco tiempo para que una \u00fanica voz preponderante hablase por todos? S\u00f3lo han pasado unos meses desde que estas noticias llenaban las p\u00e1ginas de esta publicaci\u00f3n y parece ya algo muy lejano. Quiz\u00e1 el factor determinante de la paralizaci\u00f3n del proceso de unificaci\u00f3n fue la creaci\u00f3n de la Confederaci\u00f3n Espa\u00f1ola de Atenci\u00f3n a la Dependencia, como dicen unos, quiz\u00e1 lo fue la resistencia a hacer circular algunos cargos directivos, como dicen otros. Sea como sea , lo que es cierto es que, de un tiempo a esta parte, los que nos movemos por el sector sin ser propietarios o directivos de residencias notamos un grado de acritud que hasta hace bien poco nos era desconocido. No es extra\u00f1o o\u00edr hablar de asociaciones que est\u00e1n a punto de pasarse de la Federaci\u00f3n a la [&hellip;]\" \/>\n<meta property=\"og:url\" content=\"https:\/\/www.inforesidencias.com\/blog\/index.php\/2004\/12\/16\/es-la-guerra-fria\/\" \/>\n<meta property=\"og:site_name\" content=\"Blog Inforesidencias.com\" \/>\n<meta property=\"article:publisher\" content=\"https:\/\/www.facebook.com\/Inforesidencias\/\" \/>\n<meta property=\"article:author\" content=\"https:\/\/www.facebook.com\/josep.demarti\" \/>\n<meta property=\"article:published_time\" content=\"2004-12-16T06:46:00+00:00\" \/>\n<meta name=\"author\" content=\"Josep de Mart\u00ed\" \/>\n<meta name=\"twitter:card\" content=\"summary_large_image\" \/>\n<meta name=\"twitter:creator\" content=\"@blog-ir\" \/>\n<meta name=\"twitter:site\" content=\"@inforesidencias\" \/>\n<meta name=\"twitter:label1\" content=\"Escrito por\" \/>\n\t<meta name=\"twitter:data1\" content=\"Josep de Mart\u00ed\" \/>\n\t<meta name=\"twitter:label2\" content=\"Tiempo de lectura\" \/>\n\t<meta name=\"twitter:data2\" content=\"3 minutos\" \/>\n<script type=\"application\/ld+json\" class=\"yoast-schema-graph\">{\"@context\":\"https:\/\/schema.org\",\"@graph\":[{\"@type\":\"WebPage\",\"@id\":\"https:\/\/www.inforesidencias.com\/blog\/index.php\/2004\/12\/16\/es-la-guerra-fria\/\",\"url\":\"https:\/\/www.inforesidencias.com\/blog\/index.php\/2004\/12\/16\/es-la-guerra-fria\/\",\"name\":\">Es la guerra (fr\u00eda) - Blog Inforesidencias.com\",\"isPartOf\":{\"@id\":\"https:\/\/www.inforesidencias.com\/blog\/#website\"},\"datePublished\":\"2004-12-16T06:46:00+00:00\",\"dateModified\":\"2004-12-16T06:46:00+00:00\",\"author\":{\"@id\":\"https:\/\/www.inforesidencias.com\/blog\/#\/schema\/person\/9e146774d1eb3bc1c0316242a3898628\"},\"breadcrumb\":{\"@id\":\"https:\/\/www.inforesidencias.com\/blog\/index.php\/2004\/12\/16\/es-la-guerra-fria\/#breadcrumb\"},\"inLanguage\":\"es\",\"potentialAction\":[{\"@type\":\"ReadAction\",\"target\":[\"https:\/\/www.inforesidencias.com\/blog\/index.php\/2004\/12\/16\/es-la-guerra-fria\/\"]}]},{\"@type\":\"BreadcrumbList\",\"@id\":\"https:\/\/www.inforesidencias.com\/blog\/index.php\/2004\/12\/16\/es-la-guerra-fria\/#breadcrumb\",\"itemListElement\":[{\"@type\":\"ListItem\",\"position\":1,\"name\":\"Home\",\"item\":\"https:\/\/www.inforesidencias.com\/blog\/\"},{\"@type\":\"ListItem\",\"position\":2,\"name\":\">Es la guerra (fr\u00eda)\"}]},{\"@type\":\"WebSite\",\"@id\":\"https:\/\/www.inforesidencias.com\/blog\/#website\",\"url\":\"https:\/\/www.inforesidencias.com\/blog\/\",\"name\":\"Blog Inforesidencias.com\",\"description\":\"El buscador de residencias de la 3\u00aa edad\",\"potentialAction\":[{\"@type\":\"SearchAction\",\"target\":{\"@type\":\"EntryPoint\",\"urlTemplate\":\"https:\/\/www.inforesidencias.com\/blog\/?s={search_term_string}\"},\"query-input\":\"required name=search_term_string\"}],\"inLanguage\":\"es\"},{\"@type\":\"Person\",\"@id\":\"https:\/\/www.inforesidencias.com\/blog\/#\/schema\/person\/9e146774d1eb3bc1c0316242a3898628\",\"name\":\"Josep de Mart\u00ed\",\"image\":{\"@type\":\"ImageObject\",\"inLanguage\":\"es\",\"@id\":\"https:\/\/www.inforesidencias.com\/blog\/#\/schema\/person\/image\/\",\"url\":\"https:\/\/secure.gravatar.com\/avatar\/de0302c4806c00c4cebff396a798c1ff?s=96&d=mm&r=g\",\"contentUrl\":\"https:\/\/secure.gravatar.com\/avatar\/de0302c4806c00c4cebff396a798c1ff?s=96&d=mm&r=g\",\"caption\":\"Josep de Mart\u00ed\"},\"sameAs\":[\"https:\/\/www.inforesidencias.com\",\"https:\/\/www.facebook.com\/josep.demarti\",\"https:\/\/twitter.com\/blog-ir\"],\"url\":\"https:\/\/www.inforesidencias.com\/blog\/index.php\/author\/josepdemarti\/\"}]}<\/script>\n<!-- \/ Yoast SEO plugin. -->","yoast_head_json":{"title":">Es la guerra (fr\u00eda) - Blog Inforesidencias.com","robots":{"index":"index","follow":"follow","max-snippet":"max-snippet:-1","max-image-preview":"max-image-preview:large","max-video-preview":"max-video-preview:-1"},"canonical":"https:\/\/www.inforesidencias.com\/blog\/index.php\/2004\/12\/16\/es-la-guerra-fria\/","og_locale":"es_ES","og_type":"article","og_title":">Es la guerra (fr\u00eda) - Blog Inforesidencias.com","og_description":"&gt;\u00bfSe acuerda ya alguien de cuando el sector estaba punto de unificarse y s\u00f3lo era cuesti\u00f3n de poco tiempo para que una \u00fanica voz preponderante hablase por todos? S\u00f3lo han pasado unos meses desde que estas noticias llenaban las p\u00e1ginas de esta publicaci\u00f3n y parece ya algo muy lejano. Quiz\u00e1 el factor determinante de la paralizaci\u00f3n del proceso de unificaci\u00f3n fue la creaci\u00f3n de la Confederaci\u00f3n Espa\u00f1ola de Atenci\u00f3n a la Dependencia, como dicen unos, quiz\u00e1 lo fue la resistencia a hacer circular algunos cargos directivos, como dicen otros. Sea como sea , lo que es cierto es que, de un tiempo a esta parte, los que nos movemos por el sector sin ser propietarios o directivos de residencias notamos un grado de acritud que hasta hace bien poco nos era desconocido. No es extra\u00f1o o\u00edr hablar de asociaciones que est\u00e1n a punto de pasarse de la Federaci\u00f3n a la [&hellip;]","og_url":"https:\/\/www.inforesidencias.com\/blog\/index.php\/2004\/12\/16\/es-la-guerra-fria\/","og_site_name":"Blog Inforesidencias.com","article_publisher":"https:\/\/www.facebook.com\/Inforesidencias\/","article_author":"https:\/\/www.facebook.com\/josep.demarti","article_published_time":"2004-12-16T06:46:00+00:00","author":"Josep de Mart\u00ed","twitter_card":"summary_large_image","twitter_creator":"@blog-ir","twitter_site":"@inforesidencias","twitter_misc":{"Escrito por":"Josep de Mart\u00ed","Tiempo de lectura":"3 minutos"},"schema":{"@context":"https:\/\/schema.org","@graph":[{"@type":"WebPage","@id":"https:\/\/www.inforesidencias.com\/blog\/index.php\/2004\/12\/16\/es-la-guerra-fria\/","url":"https:\/\/www.inforesidencias.com\/blog\/index.php\/2004\/12\/16\/es-la-guerra-fria\/","name":">Es la guerra (fr\u00eda) - Blog Inforesidencias.com","isPartOf":{"@id":"https:\/\/www.inforesidencias.com\/blog\/#website"},"datePublished":"2004-12-16T06:46:00+00:00","dateModified":"2004-12-16T06:46:00+00:00","author":{"@id":"https:\/\/www.inforesidencias.com\/blog\/#\/schema\/person\/9e146774d1eb3bc1c0316242a3898628"},"breadcrumb":{"@id":"https:\/\/www.inforesidencias.com\/blog\/index.php\/2004\/12\/16\/es-la-guerra-fria\/#breadcrumb"},"inLanguage":"es","potentialAction":[{"@type":"ReadAction","target":["https:\/\/www.inforesidencias.com\/blog\/index.php\/2004\/12\/16\/es-la-guerra-fria\/"]}]},{"@type":"BreadcrumbList","@id":"https:\/\/www.inforesidencias.com\/blog\/index.php\/2004\/12\/16\/es-la-guerra-fria\/#breadcrumb","itemListElement":[{"@type":"ListItem","position":1,"name":"Home","item":"https:\/\/www.inforesidencias.com\/blog\/"},{"@type":"ListItem","position":2,"name":">Es la guerra (fr\u00eda)"}]},{"@type":"WebSite","@id":"https:\/\/www.inforesidencias.com\/blog\/#website","url":"https:\/\/www.inforesidencias.com\/blog\/","name":"Blog Inforesidencias.com","description":"El buscador de residencias de la 3\u00aa edad","potentialAction":[{"@type":"SearchAction","target":{"@type":"EntryPoint","urlTemplate":"https:\/\/www.inforesidencias.com\/blog\/?s={search_term_string}"},"query-input":"required name=search_term_string"}],"inLanguage":"es"},{"@type":"Person","@id":"https:\/\/www.inforesidencias.com\/blog\/#\/schema\/person\/9e146774d1eb3bc1c0316242a3898628","name":"Josep de Mart\u00ed","image":{"@type":"ImageObject","inLanguage":"es","@id":"https:\/\/www.inforesidencias.com\/blog\/#\/schema\/person\/image\/","url":"https:\/\/secure.gravatar.com\/avatar\/de0302c4806c00c4cebff396a798c1ff?s=96&d=mm&r=g","contentUrl":"https:\/\/secure.gravatar.com\/avatar\/de0302c4806c00c4cebff396a798c1ff?s=96&d=mm&r=g","caption":"Josep de Mart\u00ed"},"sameAs":["https:\/\/www.inforesidencias.com","https:\/\/www.facebook.com\/josep.demarti","https:\/\/twitter.com\/blog-ir"],"url":"https:\/\/www.inforesidencias.com\/blog\/index.php\/author\/josepdemarti\/"}]}},"_links":{"self":[{"href":"https:\/\/www.inforesidencias.com\/blog\/index.php\/wp-json\/wp\/v2\/posts\/16"}],"collection":[{"href":"https:\/\/www.inforesidencias.com\/blog\/index.php\/wp-json\/wp\/v2\/posts"}],"about":[{"href":"https:\/\/www.inforesidencias.com\/blog\/index.php\/wp-json\/wp\/v2\/types\/post"}],"author":[{"embeddable":true,"href":"https:\/\/www.inforesidencias.com\/blog\/index.php\/wp-json\/wp\/v2\/users\/2"}],"replies":[{"embeddable":true,"href":"https:\/\/www.inforesidencias.com\/blog\/index.php\/wp-json\/wp\/v2\/comments?post=16"}],"version-history":[{"count":0,"href":"https:\/\/www.inforesidencias.com\/blog\/index.php\/wp-json\/wp\/v2\/posts\/16\/revisions"}],"wp:attachment":[{"href":"https:\/\/www.inforesidencias.com\/blog\/index.php\/wp-json\/wp\/v2\/media?parent=16"}],"wp:term":[{"taxonomy":"category","embeddable":true,"href":"https:\/\/www.inforesidencias.com\/blog\/index.php\/wp-json\/wp\/v2\/categories?post=16"},{"taxonomy":"post_tag","embeddable":true,"href":"https:\/\/www.inforesidencias.com\/blog\/index.php\/wp-json\/wp\/v2\/tags?post=16"}],"curies":[{"name":"wp","href":"https:\/\/api.w.org\/{rel}","templated":true}]}}