{"id":1637,"date":"2018-10-08T07:47:23","date_gmt":"2018-10-08T07:47:23","guid":{"rendered":"https:\/\/www.inforesidencias.com\/blog\/?p=1637"},"modified":"2018-09-14T09:19:49","modified_gmt":"2018-09-14T09:19:49","slug":"mas-alla-del-alzheimer-como-enfermedad","status":"publish","type":"post","link":"https:\/\/www.inforesidencias.com\/blog\/index.php\/2018\/10\/08\/mas-alla-del-alzheimer-como-enfermedad\/","title":{"rendered":"M\u00e1s all\u00e1 del alzheimer como enfermedad"},"content":{"rendered":"<p style=\"text-align: justify\">El Dr. Carlos Gil G\u00e1lvez nos ha vuelto ha \u00abregalar\u00bb uno de sus interesantes art\u00edculos. Esta vez analizando de forma breve la esperanza de vida y otros factores sobre el alzheimer y algunos retos de una <a href=\"https:\/\/www.inforesidencias.com\/blog\/index.php\/2017\/04\/22\/el-dr-carlos-gil-galvez-escribe-sobre-adaptarse-a-una-sociedad-envejecida\/\">sociedad del futuro envejecida<\/a>.<\/p>\n<p>La esperanza de vida es la pieza clave con la cual se co-crea los m\u00faltiples resultado que conlleva el envejecimiento-vejez. La gerontolog\u00eda intervencionista tiene como objetivo que los que envejecen camino al 2060 lo vivan bien la mayor parte del tiempo posible, donde cualquier tipo de intervenci\u00f3n tienen la intencionalidad de mejorar la calidad de vida, bienestar y que el final de la vida se lo viva con dignidad.<\/p>\n<p style=\"text-align: justify\">En este tramo de la vida que forma parte del final del ciclo vital, la mayor\u00eda de las personas prefieren ser cuidadas en sus propias casas de preferencia por un familiar o ya sea por alguna persona contratada para este objetivo.<\/p>\n<div id=\"attachment_1643\" style=\"width: 310px\" class=\"wp-caption alignleft\"><a href=\"https:\/\/www.inforesidencias.com\/blog\/wp-content\/uploads\/2018\/09\/el-envejecimiento-y-el-alzheimer.jpg\"><img aria-describedby=\"caption-attachment-1643\" decoding=\"async\" loading=\"lazy\" class=\"size-full wp-image-1643\" src=\"https:\/\/www.inforesidencias.com\/blog\/wp-content\/uploads\/2018\/09\/el-envejecimiento-y-el-alzheimer.jpg\" alt=\"el envejecimiento de la poblaci\u00f3n y el alzheimer, un problema global\" width=\"300\" height=\"226\" \/><\/a><p id=\"caption-attachment-1643\" class=\"wp-caption-text\">el envejecimiento de la poblaci\u00f3n y el alzheimer, un problema global<\/p><\/div>\n<p style=\"text-align: justify\">La demencia tipo Alzheimer es una enfermedad con alto impacto en la autonom\u00eda de las personas y deteriora su capacidad funcional de forma diferencial en cada enfermo a lo largo de su evoluci\u00f3n, donde la forma de afrontamiento para cada familias es totalmente distinta co-dependiente de c\/u de ellas, para lo cual la sociedad y los sistemas socio-sanitarios no tiene un PLAN de ACCI\u00d3N en red integral e integrador como respuesta \u00e1gil a sus necesidades en cambio permanente<\/p>\n<p style=\"text-align: justify\">Por el contrario la respuesta del SNS es totalmente fragmentado o no existe. Lo cual se hace evidente tanto en las zonas urbano-rurales perif\u00e9ricas y las \u00e1reas rurales. Pero tambi\u00e9n es un \u00abnicho\u00bb de oportunidades para la nueva \u00abindustria del cuidado\u00bb en tiempos de vejez, como tambi\u00e9n de mucha incertidumbre para las familias que en soledad deben cuidar a estos enfermos.<\/p>\n<p style=\"text-align: justify\">\u00bfEsconde esta enfermedad un gran negocio? \u00bfSe deben desarrollar estrictos controles de calidad asistencial? \u00bfSe puede prevenir esta enfermedad? \u00bfCu\u00e1ndo iniciar la prevenci\u00f3n? Se puede prevenir pero no curar y menos retrasar cuando la enfermedad ya est\u00e1 dando se\u00f1ales de alerta tard\u00eda.<\/p>\n<p style=\"text-align: justify\">Si, actuamos de forma precoz (30-40 a\u00f1os) en los grupos de riesgo, donde la edad es el principal factor de riesgo (FR) no modificable, la educaci\u00f3n, el distr\u00e9s, el factor gen\u00e9tico y la alimentaci\u00f3n.<\/p>\n<p style=\"text-align: justify\">Carlos Gil Galvez, Master en cuidados especializados para enfermos y familiares de enfermos con Alzheimer, Universidad de Salamanca (USAL), ESPA\u00d1A.<\/p>\n<p style=\"text-align: justify\">\n","protected":false},"excerpt":{"rendered":"<p>El Dr. Carlos Gil G\u00e1lvez nos ha vuelto ha \u00abregalar\u00bb uno de sus interesantes art\u00edculos. Esta vez analizando de forma breve la esperanza de vida y otros factores sobre el alzheimer y algunos retos de una sociedad del futuro envejecida. La esperanza de vida es la pieza clave con la cual se co-crea los m\u00faltiples resultado que conlleva el envejecimiento-vejez. La gerontolog\u00eda intervencionista tiene como objetivo que los que envejecen camino al 2060 lo vivan bien la mayor parte del tiempo posible, donde cualquier tipo de intervenci\u00f3n tienen la intencionalidad de mejorar la calidad de vida, bienestar y que el final de la vida se lo viva con dignidad. En este tramo de la vida que forma parte del final del ciclo vital, la mayor\u00eda de las personas prefieren ser cuidadas en sus propias casas de preferencia por un familiar o ya sea por alguna persona contratada para este objetivo. [&hellip;]<\/p>\n","protected":false},"author":2,"featured_media":979,"comment_status":"open","ping_status":"open","sticky":false,"template":"","format":"standard","meta":{"footnotes":""},"categories":[1],"tags":[],"yoast_head":"<!-- This site is optimized with the Yoast SEO plugin v21.7 - https:\/\/yoast.com\/wordpress\/plugins\/seo\/ -->\n<title>M\u00e1s all\u00e1 del alzheimer como enfermedad - Blog Inforesidencias.com<\/title>\n<meta name=\"description\" content=\"Cada muy poco tiempo se publican nuevos estudios sobre como combatir el alzheimer.\u00bf Pero qu\u00e9 hay de otros aspectos como los servicios, prevenci\u00f3n y hasta el negocio alrededor de \u00e9l?\" \/>\n<meta name=\"robots\" content=\"index, follow, max-snippet:-1, max-image-preview:large, max-video-preview:-1\" \/>\n<link rel=\"canonical\" href=\"https:\/\/www.inforesidencias.com\/blog\/index.php\/2018\/10\/08\/mas-alla-del-alzheimer-como-enfermedad\/\" \/>\n<meta property=\"og:locale\" content=\"es_ES\" \/>\n<meta property=\"og:type\" content=\"article\" \/>\n<meta property=\"og:title\" content=\"M\u00e1s all\u00e1 del alzheimer como enfermedad - Blog Inforesidencias.com\" \/>\n<meta property=\"og:description\" content=\"Cada muy poco tiempo se publican nuevos estudios sobre como combatir el alzheimer.\u00bf Pero qu\u00e9 hay de otros aspectos como los servicios, prevenci\u00f3n y hasta el negocio alrededor de \u00e9l?\" \/>\n<meta property=\"og:url\" content=\"https:\/\/www.inforesidencias.com\/blog\/index.php\/2018\/10\/08\/mas-alla-del-alzheimer-como-enfermedad\/\" \/>\n<meta property=\"og:site_name\" content=\"Blog Inforesidencias.com\" \/>\n<meta property=\"article:publisher\" content=\"https:\/\/www.facebook.com\/Inforesidencias\/\" \/>\n<meta property=\"article:author\" content=\"https:\/\/www.facebook.com\/josep.demarti\" \/>\n<meta property=\"article:published_time\" content=\"2018-10-08T07:47:23+00:00\" \/>\n<meta property=\"article:modified_time\" content=\"2018-09-14T09:19:49+00:00\" \/>\n<meta property=\"og:image\" content=\"https:\/\/www.inforesidencias.com\/blog\/wp-content\/uploads\/2017\/02\/Captura-de-pantalla-2017-02-03-a-las-13.10.42.png\" \/>\n\t<meta property=\"og:image:width\" content=\"591\" \/>\n\t<meta property=\"og:image:height\" content=\"664\" \/>\n\t<meta property=\"og:image:type\" content=\"image\/png\" \/>\n<meta name=\"author\" content=\"Josep de Mart\u00ed\" \/>\n<meta name=\"twitter:card\" content=\"summary_large_image\" \/>\n<meta name=\"twitter:creator\" content=\"@blog-ir\" \/>\n<meta name=\"twitter:site\" content=\"@inforesidencias\" \/>\n<meta name=\"twitter:label1\" content=\"Escrito por\" \/>\n\t<meta name=\"twitter:data1\" content=\"Josep de Mart\u00ed\" \/>\n\t<meta name=\"twitter:label2\" content=\"Tiempo de lectura\" \/>\n\t<meta name=\"twitter:data2\" content=\"2 minutos\" \/>\n<script type=\"application\/ld+json\" class=\"yoast-schema-graph\">{\"@context\":\"https:\/\/schema.org\",\"@graph\":[{\"@type\":\"WebPage\",\"@id\":\"https:\/\/www.inforesidencias.com\/blog\/index.php\/2018\/10\/08\/mas-alla-del-alzheimer-como-enfermedad\/\",\"url\":\"https:\/\/www.inforesidencias.com\/blog\/index.php\/2018\/10\/08\/mas-alla-del-alzheimer-como-enfermedad\/\",\"name\":\"M\u00e1s all\u00e1 del alzheimer como enfermedad - Blog Inforesidencias.com\",\"isPartOf\":{\"@id\":\"https:\/\/www.inforesidencias.com\/blog\/#website\"},\"datePublished\":\"2018-10-08T07:47:23+00:00\",\"dateModified\":\"2018-09-14T09:19:49+00:00\",\"author\":{\"@id\":\"https:\/\/www.inforesidencias.com\/blog\/#\/schema\/person\/9e146774d1eb3bc1c0316242a3898628\"},\"description\":\"Cada muy poco tiempo se publican nuevos estudios sobre como combatir el alzheimer.\u00bf Pero qu\u00e9 hay de otros aspectos como los servicios, prevenci\u00f3n y hasta el negocio alrededor de \u00e9l?\",\"breadcrumb\":{\"@id\":\"https:\/\/www.inforesidencias.com\/blog\/index.php\/2018\/10\/08\/mas-alla-del-alzheimer-como-enfermedad\/#breadcrumb\"},\"inLanguage\":\"es\",\"potentialAction\":[{\"@type\":\"ReadAction\",\"target\":[\"https:\/\/www.inforesidencias.com\/blog\/index.php\/2018\/10\/08\/mas-alla-del-alzheimer-como-enfermedad\/\"]}]},{\"@type\":\"BreadcrumbList\",\"@id\":\"https:\/\/www.inforesidencias.com\/blog\/index.php\/2018\/10\/08\/mas-alla-del-alzheimer-como-enfermedad\/#breadcrumb\",\"itemListElement\":[{\"@type\":\"ListItem\",\"position\":1,\"name\":\"Home\",\"item\":\"https:\/\/www.inforesidencias.com\/blog\/\"},{\"@type\":\"ListItem\",\"position\":2,\"name\":\"M\u00e1s all\u00e1 del alzheimer como enfermedad\"}]},{\"@type\":\"WebSite\",\"@id\":\"https:\/\/www.inforesidencias.com\/blog\/#website\",\"url\":\"https:\/\/www.inforesidencias.com\/blog\/\",\"name\":\"Blog Inforesidencias.com\",\"description\":\"El buscador de residencias de la 3\u00aa edad\",\"potentialAction\":[{\"@type\":\"SearchAction\",\"target\":{\"@type\":\"EntryPoint\",\"urlTemplate\":\"https:\/\/www.inforesidencias.com\/blog\/?s={search_term_string}\"},\"query-input\":\"required name=search_term_string\"}],\"inLanguage\":\"es\"},{\"@type\":\"Person\",\"@id\":\"https:\/\/www.inforesidencias.com\/blog\/#\/schema\/person\/9e146774d1eb3bc1c0316242a3898628\",\"name\":\"Josep de Mart\u00ed\",\"image\":{\"@type\":\"ImageObject\",\"inLanguage\":\"es\",\"@id\":\"https:\/\/www.inforesidencias.com\/blog\/#\/schema\/person\/image\/\",\"url\":\"https:\/\/secure.gravatar.com\/avatar\/de0302c4806c00c4cebff396a798c1ff?s=96&d=mm&r=g\",\"contentUrl\":\"https:\/\/secure.gravatar.com\/avatar\/de0302c4806c00c4cebff396a798c1ff?s=96&d=mm&r=g\",\"caption\":\"Josep de Mart\u00ed\"},\"sameAs\":[\"https:\/\/www.inforesidencias.com\",\"https:\/\/www.facebook.com\/josep.demarti\",\"https:\/\/twitter.com\/blog-ir\"],\"url\":\"https:\/\/www.inforesidencias.com\/blog\/index.php\/author\/josepdemarti\/\"}]}<\/script>\n<!-- \/ Yoast SEO plugin. -->","yoast_head_json":{"title":"M\u00e1s all\u00e1 del alzheimer como enfermedad - Blog Inforesidencias.com","description":"Cada muy poco tiempo se publican nuevos estudios sobre como combatir el alzheimer.\u00bf Pero qu\u00e9 hay de otros aspectos como los servicios, prevenci\u00f3n y hasta el negocio alrededor de \u00e9l?","robots":{"index":"index","follow":"follow","max-snippet":"max-snippet:-1","max-image-preview":"max-image-preview:large","max-video-preview":"max-video-preview:-1"},"canonical":"https:\/\/www.inforesidencias.com\/blog\/index.php\/2018\/10\/08\/mas-alla-del-alzheimer-como-enfermedad\/","og_locale":"es_ES","og_type":"article","og_title":"M\u00e1s all\u00e1 del alzheimer como enfermedad - Blog Inforesidencias.com","og_description":"Cada muy poco tiempo se publican nuevos estudios sobre como combatir el alzheimer.\u00bf Pero qu\u00e9 hay de otros aspectos como los servicios, prevenci\u00f3n y hasta el negocio alrededor de \u00e9l?","og_url":"https:\/\/www.inforesidencias.com\/blog\/index.php\/2018\/10\/08\/mas-alla-del-alzheimer-como-enfermedad\/","og_site_name":"Blog Inforesidencias.com","article_publisher":"https:\/\/www.facebook.com\/Inforesidencias\/","article_author":"https:\/\/www.facebook.com\/josep.demarti","article_published_time":"2018-10-08T07:47:23+00:00","article_modified_time":"2018-09-14T09:19:49+00:00","og_image":[{"width":591,"height":664,"url":"https:\/\/www.inforesidencias.com\/blog\/wp-content\/uploads\/2017\/02\/Captura-de-pantalla-2017-02-03-a-las-13.10.42.png","type":"image\/png"}],"author":"Josep de Mart\u00ed","twitter_card":"summary_large_image","twitter_creator":"@blog-ir","twitter_site":"@inforesidencias","twitter_misc":{"Escrito por":"Josep de Mart\u00ed","Tiempo de lectura":"2 minutos"},"schema":{"@context":"https:\/\/schema.org","@graph":[{"@type":"WebPage","@id":"https:\/\/www.inforesidencias.com\/blog\/index.php\/2018\/10\/08\/mas-alla-del-alzheimer-como-enfermedad\/","url":"https:\/\/www.inforesidencias.com\/blog\/index.php\/2018\/10\/08\/mas-alla-del-alzheimer-como-enfermedad\/","name":"M\u00e1s all\u00e1 del alzheimer como enfermedad - Blog Inforesidencias.com","isPartOf":{"@id":"https:\/\/www.inforesidencias.com\/blog\/#website"},"datePublished":"2018-10-08T07:47:23+00:00","dateModified":"2018-09-14T09:19:49+00:00","author":{"@id":"https:\/\/www.inforesidencias.com\/blog\/#\/schema\/person\/9e146774d1eb3bc1c0316242a3898628"},"description":"Cada muy poco tiempo se publican nuevos estudios sobre como combatir el alzheimer.\u00bf Pero qu\u00e9 hay de otros aspectos como los servicios, prevenci\u00f3n y hasta el negocio alrededor de \u00e9l?","breadcrumb":{"@id":"https:\/\/www.inforesidencias.com\/blog\/index.php\/2018\/10\/08\/mas-alla-del-alzheimer-como-enfermedad\/#breadcrumb"},"inLanguage":"es","potentialAction":[{"@type":"ReadAction","target":["https:\/\/www.inforesidencias.com\/blog\/index.php\/2018\/10\/08\/mas-alla-del-alzheimer-como-enfermedad\/"]}]},{"@type":"BreadcrumbList","@id":"https:\/\/www.inforesidencias.com\/blog\/index.php\/2018\/10\/08\/mas-alla-del-alzheimer-como-enfermedad\/#breadcrumb","itemListElement":[{"@type":"ListItem","position":1,"name":"Home","item":"https:\/\/www.inforesidencias.com\/blog\/"},{"@type":"ListItem","position":2,"name":"M\u00e1s all\u00e1 del alzheimer como enfermedad"}]},{"@type":"WebSite","@id":"https:\/\/www.inforesidencias.com\/blog\/#website","url":"https:\/\/www.inforesidencias.com\/blog\/","name":"Blog Inforesidencias.com","description":"El buscador de residencias de la 3\u00aa edad","potentialAction":[{"@type":"SearchAction","target":{"@type":"EntryPoint","urlTemplate":"https:\/\/www.inforesidencias.com\/blog\/?s={search_term_string}"},"query-input":"required name=search_term_string"}],"inLanguage":"es"},{"@type":"Person","@id":"https:\/\/www.inforesidencias.com\/blog\/#\/schema\/person\/9e146774d1eb3bc1c0316242a3898628","name":"Josep de Mart\u00ed","image":{"@type":"ImageObject","inLanguage":"es","@id":"https:\/\/www.inforesidencias.com\/blog\/#\/schema\/person\/image\/","url":"https:\/\/secure.gravatar.com\/avatar\/de0302c4806c00c4cebff396a798c1ff?s=96&d=mm&r=g","contentUrl":"https:\/\/secure.gravatar.com\/avatar\/de0302c4806c00c4cebff396a798c1ff?s=96&d=mm&r=g","caption":"Josep de Mart\u00ed"},"sameAs":["https:\/\/www.inforesidencias.com","https:\/\/www.facebook.com\/josep.demarti","https:\/\/twitter.com\/blog-ir"],"url":"https:\/\/www.inforesidencias.com\/blog\/index.php\/author\/josepdemarti\/"}]}},"_links":{"self":[{"href":"https:\/\/www.inforesidencias.com\/blog\/index.php\/wp-json\/wp\/v2\/posts\/1637"}],"collection":[{"href":"https:\/\/www.inforesidencias.com\/blog\/index.php\/wp-json\/wp\/v2\/posts"}],"about":[{"href":"https:\/\/www.inforesidencias.com\/blog\/index.php\/wp-json\/wp\/v2\/types\/post"}],"author":[{"embeddable":true,"href":"https:\/\/www.inforesidencias.com\/blog\/index.php\/wp-json\/wp\/v2\/users\/2"}],"replies":[{"embeddable":true,"href":"https:\/\/www.inforesidencias.com\/blog\/index.php\/wp-json\/wp\/v2\/comments?post=1637"}],"version-history":[{"count":6,"href":"https:\/\/www.inforesidencias.com\/blog\/index.php\/wp-json\/wp\/v2\/posts\/1637\/revisions"}],"predecessor-version":[{"id":1644,"href":"https:\/\/www.inforesidencias.com\/blog\/index.php\/wp-json\/wp\/v2\/posts\/1637\/revisions\/1644"}],"wp:featuredmedia":[{"embeddable":true,"href":"https:\/\/www.inforesidencias.com\/blog\/index.php\/wp-json\/wp\/v2\/media\/979"}],"wp:attachment":[{"href":"https:\/\/www.inforesidencias.com\/blog\/index.php\/wp-json\/wp\/v2\/media?parent=1637"}],"wp:term":[{"taxonomy":"category","embeddable":true,"href":"https:\/\/www.inforesidencias.com\/blog\/index.php\/wp-json\/wp\/v2\/categories?post=1637"},{"taxonomy":"post_tag","embeddable":true,"href":"https:\/\/www.inforesidencias.com\/blog\/index.php\/wp-json\/wp\/v2\/tags?post=1637"}],"curies":[{"name":"wp","href":"https:\/\/api.w.org\/{rel}","templated":true}]}}