{"id":1646,"date":"2018-09-27T09:04:44","date_gmt":"2018-09-27T09:04:44","guid":{"rendered":"https:\/\/www.inforesidencias.com\/blog\/?p=1646"},"modified":"2018-09-27T09:04:44","modified_gmt":"2018-09-27T09:04:44","slug":"recuerdos-de-un-pasado-por-vivir","status":"publish","type":"post","link":"https:\/\/www.inforesidencias.com\/blog\/index.php\/2018\/09\/27\/recuerdos-de-un-pasado-por-vivir\/","title":{"rendered":"Recuerdos de un pasado por vivir"},"content":{"rendered":"<p style=\"text-align: justify\">Hoy os traemos una historia, un cuento. Un cuento que explica de forma divertida pero veraz el cambio que han experimentado en los \u00faltimos 60-70 a\u00f1os las residencias para personas mayores, antes muy conocidas tambi\u00e9n como asilos.<\/p>\n<p style=\"text-align: justify\">Recuerdo cuando era ni\u00f1a e iba al colegio de monjas. Durante unos cuantos a\u00f1os, creo que entre los siete y los doce, una vez al trimestre nos acerc\u00e1bamos al <a href=\"https:\/\/www.inforesidencias.com\/blog\/index.php\/2004\/02\/12\/residencias-de-religiosas-un-mundo-a-parte\/\">asilo de los ancianitos<\/a>. As\u00ed los llamaban las monjas.<\/p>\n<p style=\"text-align: justify\">En dos perfectas filas \u00edbamos las cuarenta ni\u00f1as uniformadas, con una monja detr\u00e1s y otra delate, a hacer una visita a la enorme casa blanca con un jard\u00edn medio salvaje que estaba a unos trescientos metros del colegio. Las monjas llevaban cada una una caja de galletas. El asilo era un sitio luminoso, con monjas risue\u00f1as vestidas de blanco y azul que contrasataban con las nuestras, adustas y de negro riguroso. Los muebles eran met\u00e1licos, y por todas partes hab\u00eda peque\u00f1as figuras y jarroncitos con flores encima de tapetes de ganchillo. El olor a lej\u00eda y comida de rancho era intenso.<\/p>\n<p style=\"text-align: justify\"><a href=\"https:\/\/www.inforesidencias.com\/blog\/wp-content\/uploads\/2018\/09\/jardin-residencias.jpg\"><img decoding=\"async\" loading=\"lazy\" class=\"alignleft size-full wp-image-1649\" src=\"https:\/\/www.inforesidencias.com\/blog\/wp-content\/uploads\/2018\/09\/jardin-residencias.jpg\" alt=\"jardin residencias\" width=\"380\" height=\"253\" \/><\/a><\/p>\n<p style=\"text-align: justify\">Los viejos que all\u00ed viv\u00edan, porque eran viejos aunque esa palabra estaba prohibida, hab\u00eda que llamarles ancianitos, formaban parte del paisaje. En su mayor\u00eda con la piel muy blanca por la falta de sol y aire libre, vagaban como sin rumbo, sin nada que hacer m\u00e1s que su propio movimiento a ninguna parte. Las monjas nos dec\u00edan que era una obra de caridad, pues estaban ah\u00ed porque sus malvadas familias no les quer\u00edan y se hab\u00edan desecho de ellos.<\/p>\n<p style=\"text-align: justify\">Las monjas que los atend\u00edan eran muy buenas y nosotras deb\u00edamos ayudar y hacer felices una tarde al trimestre a esos pobres, que con muy poco se conforman. Ente el entusiasmo de algunos, la indiferencia de los m\u00e1s y las miradas de desagrado de unos pocos, las monjas nos daban las galletas que repart\u00edamos (cuatro por persona) a los viejos, las coloc\u00e1bamos al lado de la taza de supuesto caf\u00e9 con leche que les daban de merienda. Hecho esto, no pon\u00edamos delante de ellos y cant\u00e1bamos alguna canci\u00f3n, normalmente religiosa, Con flores a Mar\u00eda y cosas as\u00ed. Despu\u00e9s nos \u00edbamos y yo me olvidaba por completo de esas personas hasta el trimestre siguiente.<\/p>\n<p style=\"text-align: justify\">No recuerdo la \u00faltima vez que fui, supongo que eso es porque ser\u00eda como las anteriores. Tengo ahora setenta a\u00f1os. Ya no se llaman asilos, son residencias para la tercera edad. Vivo en una de ellas desde hace medio a\u00f1o y me cuesta adaptarme. Amaba mi casa y mi independencia, es dif\u00edcil asumir que se necesita ayuda para las tareas cotidianas, aunque s\u00e9 que estoy donde debo estar tras la rotura de cadera.<\/p>\n<p style=\"text-align: justify\">Ayer por la tarde recibimos lo que en este sitio llaman \u00abgrupo de animaci\u00f3n\u00bb, unos adolescentes bastante entusiastas que prepararon actividades y juegos que observ\u00e9 desde la distancia. No pude evitar el recuerdo de mis visitas al asilo. Tras la punzada en el coraz\u00f3n, esta ma\u00f1ana he recorrido las salas de mi nueva casa, he hablado con los compa\u00f1eros con los que me he cruzado y con los que he logrado entablar cierta amistad y, por \u00faltimo, he ido a mi sesi\u00f3n de rehabilitaci\u00f3n en la sala de\u00a0fisioterapia. Tras la comida he salido al jard\u00edn a dar un breve paseo, se ha puesto fresco y me he ido a mi habitaci\u00f3n.<\/p>\n<p style=\"text-align: justify\">Por la noche me siento a ver un rato la televisi\u00f3n. A mis compa\u00f1eros les gustan los programas de cotilleo, a m\u00ed los de debates, as\u00ed que cojo un libro y me concentro en la lectura. Me dura poco, mi nueva amiga Elisa se instala a mi lado dispuesta a una velada de charla. Dejo el libro y mientras la oigo hablar de sus hijos, de sus nietos, de lo mal que tiene la piel, de lo que le duele un o\u00eddo&#8230; Pienso en mi vida y en la de los \u00abancianitos\u00bb de mi infancia.<\/p>\n<p style=\"text-align: justify\">Se acerca Luis, una de las personas que est\u00e1n pendientes de nosotros, con afecto se interesa por el libro que tengo entre manos. Pasa Emilia con una taza, la compa\u00f1era que todas las noches toma un poleo mientras juega una partida de cartas. En un extremo Carmen, la otra cuidadora que est\u00e1 de turno, ayuda a Eusebio con un crucigrama que se le resiste. No, este sitio no es aquel que visitaba hace sesenta a\u00f1os.<\/p>\n<p style=\"text-align: justify\">Me despido de Elisa y voy al rinc\u00f3n donde est\u00e1 el ordenador con internet. Nadie lo usa ahora y marco el tel\u00e9fono de mi hija. En el taller de inform\u00e1tica he aprendido mucho. Es la hora en que la puedo llamar, si no, con el cambio horario, la encuentro durmiendo. Hablar con ella viendo su cara, aunque est\u00e9 en Australia, es m\u00e1gico. \u2014Hola, hija, \u00bfc\u00f3mo va la semana? \u2014Hola, mam\u00e1, todo bien por aqu\u00ed, \u00bfqu\u00e9 tal est\u00e1s? Tienes muy buena cara. Pienso un poco la respuesta.<\/p>\n<p style=\"text-align: justify\"><a href=\"https:\/\/www.inforesidencias.com\/blog\/wp-content\/uploads\/2018\/09\/excursion-en-residencias.jpg\"><img decoding=\"async\" loading=\"lazy\" class=\"alignleft size-full wp-image-1654\" src=\"https:\/\/www.inforesidencias.com\/blog\/wp-content\/uploads\/2018\/09\/excursion-en-residencias.jpg\" alt=\"excursion en residencias\" width=\"400\" height=\"267\" \/><\/a><\/p>\n<p style=\"text-align: justify\">Definitivamente, no soy una de esas \u00abancianitas\u00bb ni donde vivo se parece a aquellos asilos. Mi vida es buena, estoy donde tengo que estar y debo aprovechar las oportunidades que tengo aqu\u00ed. \u2014Es que me voy a un balneario tres d\u00edas. No pensaba, pero esta noche lo he decidido, me apuntar\u00e9 ma\u00f1ana. Es una excursi\u00f3n que se organiza desde la residencia. Voy a ponerme a tono e igual hasta me sale un novio. Mi hija se r\u00ede y me mira c\u00f3mplice y feliz. Ella tambi\u00e9n tiene ahora buena cara.<\/p>\n","protected":false},"excerpt":{"rendered":"<p>Hoy os traemos una historia, un cuento. Un cuento que explica de forma divertida pero veraz el cambio que han experimentado en los \u00faltimos 60-70 a\u00f1os las residencias para personas mayores, antes muy conocidas tambi\u00e9n como asilos. Recuerdo cuando era ni\u00f1a e iba al colegio de monjas. Durante unos cuantos a\u00f1os, creo que entre los siete y los doce, una vez al trimestre nos acerc\u00e1bamos al asilo de los ancianitos. As\u00ed los llamaban las monjas. En dos perfectas filas \u00edbamos las cuarenta ni\u00f1as uniformadas, con una monja detr\u00e1s y otra delate, a hacer una visita a la enorme casa blanca con un jard\u00edn medio salvaje que estaba a unos trescientos metros del colegio. Las monjas llevaban cada una una caja de galletas. El asilo era un sitio luminoso, con monjas risue\u00f1as vestidas de blanco y azul que contrasataban con las nuestras, adustas y de negro riguroso. Los muebles eran met\u00e1licos, [&hellip;]<\/p>\n","protected":false},"author":2,"featured_media":1649,"comment_status":"open","ping_status":"open","sticky":false,"template":"","format":"standard","meta":{"footnotes":""},"categories":[1],"tags":[],"yoast_head":"<!-- This site is optimized with the Yoast SEO plugin v21.7 - https:\/\/yoast.com\/wordpress\/plugins\/seo\/ -->\n<title>Recuerdos de un pasado por vivir - Blog Inforesidencias.com<\/title>\n<meta name=\"description\" content=\"Las residencias para personas mayores han experimentado muchos cambios en las \u00faltimas d\u00e9cadas. La historia de esta mujer, ofrece las dos visiones, de anta\u00f1o y actual\" \/>\n<meta name=\"robots\" content=\"index, follow, max-snippet:-1, max-image-preview:large, max-video-preview:-1\" \/>\n<link rel=\"canonical\" href=\"https:\/\/www.inforesidencias.com\/blog\/index.php\/2018\/09\/27\/recuerdos-de-un-pasado-por-vivir\/\" \/>\n<meta property=\"og:locale\" content=\"es_ES\" \/>\n<meta property=\"og:type\" content=\"article\" \/>\n<meta property=\"og:title\" content=\"Recuerdos de un pasado por vivir - Blog Inforesidencias.com\" \/>\n<meta property=\"og:description\" content=\"Las residencias para personas mayores han experimentado muchos cambios en las \u00faltimas d\u00e9cadas. La historia de esta mujer, ofrece las dos visiones, de anta\u00f1o y actual\" \/>\n<meta property=\"og:url\" content=\"https:\/\/www.inforesidencias.com\/blog\/index.php\/2018\/09\/27\/recuerdos-de-un-pasado-por-vivir\/\" \/>\n<meta property=\"og:site_name\" content=\"Blog Inforesidencias.com\" \/>\n<meta property=\"article:publisher\" content=\"https:\/\/www.facebook.com\/Inforesidencias\/\" \/>\n<meta property=\"article:author\" content=\"https:\/\/www.facebook.com\/josep.demarti\" \/>\n<meta property=\"article:published_time\" content=\"2018-09-27T09:04:44+00:00\" \/>\n<meta property=\"og:image\" content=\"https:\/\/www.inforesidencias.com\/blog\/wp-content\/uploads\/2018\/09\/jardin-residencias.jpg\" \/>\n\t<meta property=\"og:image:width\" content=\"380\" \/>\n\t<meta property=\"og:image:height\" content=\"253\" \/>\n\t<meta property=\"og:image:type\" content=\"image\/jpeg\" \/>\n<meta name=\"author\" content=\"Josep de Mart\u00ed\" \/>\n<meta name=\"twitter:card\" content=\"summary_large_image\" \/>\n<meta name=\"twitter:creator\" content=\"@blog-ir\" \/>\n<meta name=\"twitter:site\" content=\"@inforesidencias\" \/>\n<meta name=\"twitter:label1\" content=\"Escrito por\" \/>\n\t<meta name=\"twitter:data1\" content=\"Josep de Mart\u00ed\" \/>\n\t<meta name=\"twitter:label2\" content=\"Tiempo de lectura\" \/>\n\t<meta name=\"twitter:data2\" content=\"5 minutos\" \/>\n<script type=\"application\/ld+json\" class=\"yoast-schema-graph\">{\"@context\":\"https:\/\/schema.org\",\"@graph\":[{\"@type\":\"WebPage\",\"@id\":\"https:\/\/www.inforesidencias.com\/blog\/index.php\/2018\/09\/27\/recuerdos-de-un-pasado-por-vivir\/\",\"url\":\"https:\/\/www.inforesidencias.com\/blog\/index.php\/2018\/09\/27\/recuerdos-de-un-pasado-por-vivir\/\",\"name\":\"Recuerdos de un pasado por vivir - Blog Inforesidencias.com\",\"isPartOf\":{\"@id\":\"https:\/\/www.inforesidencias.com\/blog\/#website\"},\"datePublished\":\"2018-09-27T09:04:44+00:00\",\"dateModified\":\"2018-09-27T09:04:44+00:00\",\"author\":{\"@id\":\"https:\/\/www.inforesidencias.com\/blog\/#\/schema\/person\/9e146774d1eb3bc1c0316242a3898628\"},\"description\":\"Las residencias para personas mayores han experimentado muchos cambios en las \u00faltimas d\u00e9cadas. La historia de esta mujer, ofrece las dos visiones, de anta\u00f1o y actual\",\"breadcrumb\":{\"@id\":\"https:\/\/www.inforesidencias.com\/blog\/index.php\/2018\/09\/27\/recuerdos-de-un-pasado-por-vivir\/#breadcrumb\"},\"inLanguage\":\"es\",\"potentialAction\":[{\"@type\":\"ReadAction\",\"target\":[\"https:\/\/www.inforesidencias.com\/blog\/index.php\/2018\/09\/27\/recuerdos-de-un-pasado-por-vivir\/\"]}]},{\"@type\":\"BreadcrumbList\",\"@id\":\"https:\/\/www.inforesidencias.com\/blog\/index.php\/2018\/09\/27\/recuerdos-de-un-pasado-por-vivir\/#breadcrumb\",\"itemListElement\":[{\"@type\":\"ListItem\",\"position\":1,\"name\":\"Home\",\"item\":\"https:\/\/www.inforesidencias.com\/blog\/\"},{\"@type\":\"ListItem\",\"position\":2,\"name\":\"Recuerdos de un pasado por vivir\"}]},{\"@type\":\"WebSite\",\"@id\":\"https:\/\/www.inforesidencias.com\/blog\/#website\",\"url\":\"https:\/\/www.inforesidencias.com\/blog\/\",\"name\":\"Blog Inforesidencias.com\",\"description\":\"El buscador de residencias de la 3\u00aa edad\",\"potentialAction\":[{\"@type\":\"SearchAction\",\"target\":{\"@type\":\"EntryPoint\",\"urlTemplate\":\"https:\/\/www.inforesidencias.com\/blog\/?s={search_term_string}\"},\"query-input\":\"required name=search_term_string\"}],\"inLanguage\":\"es\"},{\"@type\":\"Person\",\"@id\":\"https:\/\/www.inforesidencias.com\/blog\/#\/schema\/person\/9e146774d1eb3bc1c0316242a3898628\",\"name\":\"Josep de Mart\u00ed\",\"image\":{\"@type\":\"ImageObject\",\"inLanguage\":\"es\",\"@id\":\"https:\/\/www.inforesidencias.com\/blog\/#\/schema\/person\/image\/\",\"url\":\"https:\/\/secure.gravatar.com\/avatar\/de0302c4806c00c4cebff396a798c1ff?s=96&d=mm&r=g\",\"contentUrl\":\"https:\/\/secure.gravatar.com\/avatar\/de0302c4806c00c4cebff396a798c1ff?s=96&d=mm&r=g\",\"caption\":\"Josep de Mart\u00ed\"},\"sameAs\":[\"https:\/\/www.inforesidencias.com\",\"https:\/\/www.facebook.com\/josep.demarti\",\"https:\/\/twitter.com\/blog-ir\"],\"url\":\"https:\/\/www.inforesidencias.com\/blog\/index.php\/author\/josepdemarti\/\"}]}<\/script>\n<!-- \/ Yoast SEO plugin. -->","yoast_head_json":{"title":"Recuerdos de un pasado por vivir - Blog Inforesidencias.com","description":"Las residencias para personas mayores han experimentado muchos cambios en las \u00faltimas d\u00e9cadas. La historia de esta mujer, ofrece las dos visiones, de anta\u00f1o y actual","robots":{"index":"index","follow":"follow","max-snippet":"max-snippet:-1","max-image-preview":"max-image-preview:large","max-video-preview":"max-video-preview:-1"},"canonical":"https:\/\/www.inforesidencias.com\/blog\/index.php\/2018\/09\/27\/recuerdos-de-un-pasado-por-vivir\/","og_locale":"es_ES","og_type":"article","og_title":"Recuerdos de un pasado por vivir - Blog Inforesidencias.com","og_description":"Las residencias para personas mayores han experimentado muchos cambios en las \u00faltimas d\u00e9cadas. La historia de esta mujer, ofrece las dos visiones, de anta\u00f1o y actual","og_url":"https:\/\/www.inforesidencias.com\/blog\/index.php\/2018\/09\/27\/recuerdos-de-un-pasado-por-vivir\/","og_site_name":"Blog Inforesidencias.com","article_publisher":"https:\/\/www.facebook.com\/Inforesidencias\/","article_author":"https:\/\/www.facebook.com\/josep.demarti","article_published_time":"2018-09-27T09:04:44+00:00","og_image":[{"width":380,"height":253,"url":"https:\/\/www.inforesidencias.com\/blog\/wp-content\/uploads\/2018\/09\/jardin-residencias.jpg","type":"image\/jpeg"}],"author":"Josep de Mart\u00ed","twitter_card":"summary_large_image","twitter_creator":"@blog-ir","twitter_site":"@inforesidencias","twitter_misc":{"Escrito por":"Josep de Mart\u00ed","Tiempo de lectura":"5 minutos"},"schema":{"@context":"https:\/\/schema.org","@graph":[{"@type":"WebPage","@id":"https:\/\/www.inforesidencias.com\/blog\/index.php\/2018\/09\/27\/recuerdos-de-un-pasado-por-vivir\/","url":"https:\/\/www.inforesidencias.com\/blog\/index.php\/2018\/09\/27\/recuerdos-de-un-pasado-por-vivir\/","name":"Recuerdos de un pasado por vivir - Blog Inforesidencias.com","isPartOf":{"@id":"https:\/\/www.inforesidencias.com\/blog\/#website"},"datePublished":"2018-09-27T09:04:44+00:00","dateModified":"2018-09-27T09:04:44+00:00","author":{"@id":"https:\/\/www.inforesidencias.com\/blog\/#\/schema\/person\/9e146774d1eb3bc1c0316242a3898628"},"description":"Las residencias para personas mayores han experimentado muchos cambios en las \u00faltimas d\u00e9cadas. La historia de esta mujer, ofrece las dos visiones, de anta\u00f1o y actual","breadcrumb":{"@id":"https:\/\/www.inforesidencias.com\/blog\/index.php\/2018\/09\/27\/recuerdos-de-un-pasado-por-vivir\/#breadcrumb"},"inLanguage":"es","potentialAction":[{"@type":"ReadAction","target":["https:\/\/www.inforesidencias.com\/blog\/index.php\/2018\/09\/27\/recuerdos-de-un-pasado-por-vivir\/"]}]},{"@type":"BreadcrumbList","@id":"https:\/\/www.inforesidencias.com\/blog\/index.php\/2018\/09\/27\/recuerdos-de-un-pasado-por-vivir\/#breadcrumb","itemListElement":[{"@type":"ListItem","position":1,"name":"Home","item":"https:\/\/www.inforesidencias.com\/blog\/"},{"@type":"ListItem","position":2,"name":"Recuerdos de un pasado por vivir"}]},{"@type":"WebSite","@id":"https:\/\/www.inforesidencias.com\/blog\/#website","url":"https:\/\/www.inforesidencias.com\/blog\/","name":"Blog Inforesidencias.com","description":"El buscador de residencias de la 3\u00aa edad","potentialAction":[{"@type":"SearchAction","target":{"@type":"EntryPoint","urlTemplate":"https:\/\/www.inforesidencias.com\/blog\/?s={search_term_string}"},"query-input":"required name=search_term_string"}],"inLanguage":"es"},{"@type":"Person","@id":"https:\/\/www.inforesidencias.com\/blog\/#\/schema\/person\/9e146774d1eb3bc1c0316242a3898628","name":"Josep de Mart\u00ed","image":{"@type":"ImageObject","inLanguage":"es","@id":"https:\/\/www.inforesidencias.com\/blog\/#\/schema\/person\/image\/","url":"https:\/\/secure.gravatar.com\/avatar\/de0302c4806c00c4cebff396a798c1ff?s=96&d=mm&r=g","contentUrl":"https:\/\/secure.gravatar.com\/avatar\/de0302c4806c00c4cebff396a798c1ff?s=96&d=mm&r=g","caption":"Josep de Mart\u00ed"},"sameAs":["https:\/\/www.inforesidencias.com","https:\/\/www.facebook.com\/josep.demarti","https:\/\/twitter.com\/blog-ir"],"url":"https:\/\/www.inforesidencias.com\/blog\/index.php\/author\/josepdemarti\/"}]}},"_links":{"self":[{"href":"https:\/\/www.inforesidencias.com\/blog\/index.php\/wp-json\/wp\/v2\/posts\/1646"}],"collection":[{"href":"https:\/\/www.inforesidencias.com\/blog\/index.php\/wp-json\/wp\/v2\/posts"}],"about":[{"href":"https:\/\/www.inforesidencias.com\/blog\/index.php\/wp-json\/wp\/v2\/types\/post"}],"author":[{"embeddable":true,"href":"https:\/\/www.inforesidencias.com\/blog\/index.php\/wp-json\/wp\/v2\/users\/2"}],"replies":[{"embeddable":true,"href":"https:\/\/www.inforesidencias.com\/blog\/index.php\/wp-json\/wp\/v2\/comments?post=1646"}],"version-history":[{"count":7,"href":"https:\/\/www.inforesidencias.com\/blog\/index.php\/wp-json\/wp\/v2\/posts\/1646\/revisions"}],"predecessor-version":[{"id":1655,"href":"https:\/\/www.inforesidencias.com\/blog\/index.php\/wp-json\/wp\/v2\/posts\/1646\/revisions\/1655"}],"wp:featuredmedia":[{"embeddable":true,"href":"https:\/\/www.inforesidencias.com\/blog\/index.php\/wp-json\/wp\/v2\/media\/1649"}],"wp:attachment":[{"href":"https:\/\/www.inforesidencias.com\/blog\/index.php\/wp-json\/wp\/v2\/media?parent=1646"}],"wp:term":[{"taxonomy":"category","embeddable":true,"href":"https:\/\/www.inforesidencias.com\/blog\/index.php\/wp-json\/wp\/v2\/categories?post=1646"},{"taxonomy":"post_tag","embeddable":true,"href":"https:\/\/www.inforesidencias.com\/blog\/index.php\/wp-json\/wp\/v2\/tags?post=1646"}],"curies":[{"name":"wp","href":"https:\/\/api.w.org\/{rel}","templated":true}]}}