{"id":1669,"date":"2018-10-29T07:57:20","date_gmt":"2018-10-29T07:57:20","guid":{"rendered":"https:\/\/www.inforesidencias.com\/blog\/?p=1669"},"modified":"2018-10-31T10:53:23","modified_gmt":"2018-10-31T10:53:23","slug":"sermade-un-nuevo-servicio-odontologico-para-residencias","status":"publish","type":"post","link":"https:\/\/www.inforesidencias.com\/blog\/index.php\/2018\/10\/29\/sermade-un-nuevo-servicio-odontologico-para-residencias\/","title":{"rendered":"Sermade, un nuevo servicio odontol\u00f3gico para residencias"},"content":{"rendered":"<p style=\"text-align: justify\">Hoy nos escribe Susana Cobos, directora de SMD <a href=\"http:\/\/sermade.es\/WEB\/\">SERMADE<\/a>, una empresa dedicada a proporcionar servicios odontol\u00f3gicos a residencias a trav\u00e9s de sus novedosas unidades m\u00f3viles. Muchas gracias Susana!<\/p>\n<p style=\"text-align: justify\"><a href=\"https:\/\/www.inforesidencias.com\/blog\/wp-content\/uploads\/2018\/10\/Cli\u0301nica-Mo\u0301vil-1.jpg\"><img decoding=\"async\" loading=\"lazy\" class=\"alignleft wp-image-1671\" src=\"https:\/\/www.inforesidencias.com\/blog\/wp-content\/uploads\/2018\/10\/Cli\u0301nica-Mo\u0301vil-1.jpg\" alt=\"Cli\u0301nica Mo\u0301vil para residencias\" width=\"340\" height=\"191\" \/><\/a>El pasado 1 de octubre se celebr\u00f3 el D\u00eda Internacional de las Personas Mayores. Se ha publicado recientemente que, dentro de 22 a\u00f1os, Espa\u00f1a ser\u00e1 el pa\u00eds con mayor esperanza de vida del planeta (85,8 a\u00f1os de media en 2040), superando a Jap\u00f3n. El estudio lo ha realizado el Instituto de Medici\u00f3n y Evaluaci\u00f3n de la Salud de la Universidad de Washington, (IHME) y ha sido publicado por la prestigiosa revista The Lancet.<\/p>\n<p style=\"text-align: justify\"><a href=\"https:\/\/www.inforesidencias.com\/blog\/index.php\/2018\/09\/18\/envejecimiento-y-diversidad-de-necesidades\/\">La composici\u00f3n de la poblaci\u00f3n est\u00e1 cambiando<\/a> y, con ella, la forma de afrontar la gesti\u00f3n de los sistemas y recursos sanitarios. Tal y como recuerdan los autores del estudio, el estancamiento o el avance de la esperanza de vida humana est\u00e1 directamente relacionado con la eficiencia de la gesti\u00f3n sanitaria, la introducci\u00f3n de nuevas t\u00e9cnicas y protocolos de vigilancia de la salud, una buena calidad de vida de la poblaci\u00f3n y la preocupaci\u00f3n de todos los agentes sociales por el bienestar general.<\/p>\n<p style=\"text-align: justify\">Actualmente, todas las organizaciones gubernamentales y empresas privadas dedicadas al cuidado de la salud est\u00e1n dise\u00f1ando programas para concienciar sobre la importancia de tener un envejecimiento saludable. Si para el a\u00f1o 2050 se calcula que los mayores de 60 a\u00f1os representar\u00e1n el 20% de la poblaci\u00f3n mundial, el objetivo es que los mayores envejezcan de una forma activa, saludable y con calidad.<\/p>\n<p style=\"text-align: justify\">Trabajando con este objetivo tambi\u00e9n se encuentran los centros dedicados a la investigaci\u00f3n sobre enfermedades neurodegenerativas que m\u00e1s grado de dependencia generan en esta franja de edad: el Alzheimer, el Parkinson y la demencia senil. En el caso del Alzheimer, este mismo a\u00f1o se ha publicado un estudio realizado en Taiw\u00e1n que parece ser la primera evidencia experimental de una posible asociaci\u00f3n causa-efecto entre infecciones por el virus del Herpes Simple Humano tipo I (HSV1) y el aumento de la probabilidad de padecer Alzheimer.<\/p>\n<p style=\"text-align: justify\">La tecnolog\u00eda digital y el uso de aplicaciones que mejoran el acceso a tratamientos, sin desplazamientos, tambi\u00e9n se vislumbran como un objetivo a corto plazo para mejorar el bienestar social. Poder solicitar citas m\u00e9dicas, realizar consultas o recibir informes y tratamientos a domicilio, son ya una realidad. En el caso de los mayores que viven en<a href=\"https:\/\/www.inforesidencias.com\/centros\/buscador\/residencias\/madrid\/madrid\"> centros residenciales,<\/a> evitar desplazamientos innecesarios a sus familiares, o que los cuidadores no tengan que abandonar los centros durante horas, como acompa\u00f1antes en ausencia de la familia, tambi\u00e9n es una necesidad. De ello fuimos conscientes hace a\u00f1os en SMD Servicio M\u00f3vil Dental, empresa creada en 2014 a partir de CEM Cl\u00ednica Eugenia de Montijo, dirigida m\u00e9dicamente por el Dr. Jos\u00e9 F. Rada Gil, que el pr\u00f3ximo a\u00f1o cumplir\u00e1 su 20\u00ba aniversario tratando paci<span style=\"font-weight: 300;text-align: justify\">entes de todo tipo, mayores ingresados en residencias o personas con discapacidad cognitiva de cualquier edad, con sedaci\u00f3n consciente en gabinete.<\/span><\/p>\n<div id=\"attachment_1674\" style=\"width: 215px\" class=\"wp-caption alignleft\"><a href=\"https:\/\/www.inforesidencias.com\/blog\/wp-content\/uploads\/2018\/10\/Interior-Cli\u0301nica-Mo\u0301vil.jpg\"><img aria-describedby=\"caption-attachment-1674\" decoding=\"async\" loading=\"lazy\" class=\"wp-image-1674\" src=\"https:\/\/www.inforesidencias.com\/blog\/wp-content\/uploads\/2018\/10\/Interior-Cli\u0301nica-Mo\u0301vil.jpg\" alt=\"Interior cli\u0301nica mo\u0301vil para residencias\" width=\"205\" height=\"364\" \/><\/a><p id=\"caption-attachment-1674\" class=\"wp-caption-text\">Interior cli\u0301nica mo\u0301vil para residencias<\/p><\/div>\n<p style=\"text-align: justify\">En Espa\u00f1a no exist\u00eda un servicio de cl\u00ednicas m\u00f3viles, completas, con profesionales especializados en Gerodontolog\u00eda, que pudiesen desplazarse a los centros sociosanitarios para realizar, in situ, tratamientos dentales. El perfil del odont\u00f3logo que trata pacientes con un Alzheimer moderado, demencia senil, S\u00edndrome de Down o cualquier otra deficiencia cognitiva, con o sin movilidad reducida, es especial. Adem\u00e1s de poseer un perfil t\u00e9cnico todoterreno, tienen que poseer gran empat\u00eda y un trato amable y cercano<\/p>\n<p style=\"text-align: justify\">Las enfermedades orales afectan no s\u00f3lo a la persona que las sufren, sino tambi\u00e9n a los cuidadores y terapeutas que est\u00e1n con ella a diario, en su rutina familiar y de los centros residenciales. En SMD trabajamos coordinados con los servicios m\u00e9dicos de los centros para abordar cualquier tratamiento odontol\u00f3gico, fomentamos las campa\u00f1as de salud bucodentales junto con los equipos de direcci\u00f3n de las residencias, y ense\u00f1amos a los cuidadores t\u00e9cnicas para mantener la higiene de sus bocas y pr\u00f3tesis.<\/p>\n<p style=\"text-align: justify\">En SMD Servicio M\u00f3vil Dental, estamos muy orgullosos de ser los pioneros en haber aunado tecnolog\u00eda y desplazamiento con nuestras cl\u00ednicas m\u00f3viles, disfrutamos con el trabajo que realizamos mejorando el bienestar de las personas mayores y nos encanta el feedback diario que recibimos, tanto de ellos, como el de sus familiares, a los que mantenemos constantemente informados, porque nos movemos por ellos. Creemos que la tecnolog\u00eda digital es el presente de la comunicaci\u00f3n y la gesti\u00f3n eficaz de todos nuestros recursos. Nuestra motivaci\u00f3n es el convencimiento de que en el a\u00f1o 2040, a nosotros mismos y a nuestras familias, nos gustar\u00eda que nos tratasen con el mismo calor humano y comodidad que ya somos capaces de ofrecer hoy, en 2018, a nuestros pacientes. Aunar tecnolog\u00eda, comodidad y calidez humana ya es posible.<\/p>\n<p style=\"text-align: justify\"><span style=\"font-weight: 300\"><img decoding=\"async\" loading=\"lazy\" class=\"alignleft wp-image-1670\" src=\"https:\/\/www.inforesidencias.com\/blog\/wp-content\/uploads\/2018\/10\/La-articulista.jpg\" alt=\"Susana SMD\" width=\"130\" height=\"116\" \/><\/span><\/p>\n<p style=\"text-align: justify\"><span style=\"font-weight: 300\">Susana Cobos es directora en <\/span><strong><em>CEM Cl\u00ednica Eugenia de Montijo<\/em><\/strong><span style=\"font-weight: 300\"> y <\/span><strong><em>SMD<\/em><\/strong><em style=\"font-weight: 300\"> <strong>Servicio M\u00f3vil Dental<\/strong><\/em><span style=\"font-weight: 300\">, Microbi\u00f3loga por la UCM, Experta en Gesti\u00f3n de Centros M\u00e9dicos y Unidades Especializadas y divulgadora cient\u00edfica.<\/span><\/p>\n","protected":false},"excerpt":{"rendered":"<p>Hoy nos escribe Susana Cobos, directora de SMD SERMADE, una empresa dedicada a proporcionar servicios odontol\u00f3gicos a residencias a trav\u00e9s de sus novedosas unidades m\u00f3viles. Muchas gracias Susana! El pasado 1 de octubre se celebr\u00f3 el D\u00eda Internacional de las Personas Mayores. Se ha publicado recientemente que, dentro de 22 a\u00f1os, Espa\u00f1a ser\u00e1 el pa\u00eds con mayor esperanza de vida del planeta (85,8 a\u00f1os de media en 2040), superando a Jap\u00f3n. El estudio lo ha realizado el Instituto de Medici\u00f3n y Evaluaci\u00f3n de la Salud de la Universidad de Washington, (IHME) y ha sido publicado por la prestigiosa revista The Lancet. La composici\u00f3n de la poblaci\u00f3n est\u00e1 cambiando y, con ella, la forma de afrontar la gesti\u00f3n de los sistemas y recursos sanitarios. Tal y como recuerdan los autores del estudio, el estancamiento o el avance de la esperanza de vida humana est\u00e1 directamente relacionado con la eficiencia de la [&hellip;]<\/p>\n","protected":false},"author":2,"featured_media":1671,"comment_status":"open","ping_status":"open","sticky":false,"template":"","format":"standard","meta":{"footnotes":""},"categories":[1],"tags":[],"yoast_head":"<!-- This site is optimized with the Yoast SEO plugin v21.7 - https:\/\/yoast.com\/wordpress\/plugins\/seo\/ -->\n<title>Sermade, un nuevo servicio odontol\u00f3gico para residencias - Blog Inforesidencias.com<\/title>\n<meta name=\"description\" content=\"Cada vez hay m\u00e1s servicios para las residencias. En SMD ofrecen atenci\u00f3n odontol\u00f3gica a los residentes en las mismas residencias con sus unidades m\u00f3viles\" \/>\n<meta name=\"robots\" content=\"index, follow, max-snippet:-1, max-image-preview:large, max-video-preview:-1\" \/>\n<link rel=\"canonical\" href=\"https:\/\/www.inforesidencias.com\/blog\/index.php\/2018\/10\/29\/sermade-un-nuevo-servicio-odontologico-para-residencias\/\" \/>\n<meta property=\"og:locale\" content=\"es_ES\" \/>\n<meta property=\"og:type\" content=\"article\" \/>\n<meta property=\"og:title\" content=\"Sermade, un nuevo servicio odontol\u00f3gico para residencias - Blog Inforesidencias.com\" \/>\n<meta property=\"og:description\" content=\"Cada vez hay m\u00e1s servicios para las residencias. En SMD ofrecen atenci\u00f3n odontol\u00f3gica a los residentes en las mismas residencias con sus unidades m\u00f3viles\" \/>\n<meta property=\"og:url\" content=\"https:\/\/www.inforesidencias.com\/blog\/index.php\/2018\/10\/29\/sermade-un-nuevo-servicio-odontologico-para-residencias\/\" \/>\n<meta property=\"og:site_name\" content=\"Blog Inforesidencias.com\" \/>\n<meta property=\"article:publisher\" content=\"https:\/\/www.facebook.com\/Inforesidencias\/\" \/>\n<meta property=\"article:author\" content=\"https:\/\/www.facebook.com\/josep.demarti\" \/>\n<meta property=\"article:published_time\" content=\"2018-10-29T07:57:20+00:00\" \/>\n<meta property=\"article:modified_time\" content=\"2018-10-31T10:53:23+00:00\" \/>\n<meta property=\"og:image\" content=\"https:\/\/www.inforesidencias.com\/blog\/wp-content\/uploads\/2018\/10\/Cli\u0301nica-Mo\u0301vil-1.jpg\" \/>\n\t<meta property=\"og:image:width\" content=\"500\" \/>\n\t<meta property=\"og:image:height\" content=\"281\" \/>\n\t<meta property=\"og:image:type\" content=\"image\/jpeg\" \/>\n<meta name=\"author\" content=\"Josep de Mart\u00ed\" \/>\n<meta name=\"twitter:card\" content=\"summary_large_image\" \/>\n<meta name=\"twitter:creator\" content=\"@blog-ir\" \/>\n<meta name=\"twitter:site\" content=\"@inforesidencias\" \/>\n<meta name=\"twitter:label1\" content=\"Escrito por\" \/>\n\t<meta name=\"twitter:data1\" content=\"Josep de Mart\u00ed\" \/>\n\t<meta name=\"twitter:label2\" content=\"Tiempo de lectura\" \/>\n\t<meta name=\"twitter:data2\" content=\"4 minutos\" \/>\n<script type=\"application\/ld+json\" class=\"yoast-schema-graph\">{\"@context\":\"https:\/\/schema.org\",\"@graph\":[{\"@type\":\"WebPage\",\"@id\":\"https:\/\/www.inforesidencias.com\/blog\/index.php\/2018\/10\/29\/sermade-un-nuevo-servicio-odontologico-para-residencias\/\",\"url\":\"https:\/\/www.inforesidencias.com\/blog\/index.php\/2018\/10\/29\/sermade-un-nuevo-servicio-odontologico-para-residencias\/\",\"name\":\"Sermade, un nuevo servicio odontol\u00f3gico para residencias - Blog Inforesidencias.com\",\"isPartOf\":{\"@id\":\"https:\/\/www.inforesidencias.com\/blog\/#website\"},\"datePublished\":\"2018-10-29T07:57:20+00:00\",\"dateModified\":\"2018-10-31T10:53:23+00:00\",\"author\":{\"@id\":\"https:\/\/www.inforesidencias.com\/blog\/#\/schema\/person\/9e146774d1eb3bc1c0316242a3898628\"},\"description\":\"Cada vez hay m\u00e1s servicios para las residencias. En SMD ofrecen atenci\u00f3n odontol\u00f3gica a los residentes en las mismas residencias con sus unidades m\u00f3viles\",\"breadcrumb\":{\"@id\":\"https:\/\/www.inforesidencias.com\/blog\/index.php\/2018\/10\/29\/sermade-un-nuevo-servicio-odontologico-para-residencias\/#breadcrumb\"},\"inLanguage\":\"es\",\"potentialAction\":[{\"@type\":\"ReadAction\",\"target\":[\"https:\/\/www.inforesidencias.com\/blog\/index.php\/2018\/10\/29\/sermade-un-nuevo-servicio-odontologico-para-residencias\/\"]}]},{\"@type\":\"BreadcrumbList\",\"@id\":\"https:\/\/www.inforesidencias.com\/blog\/index.php\/2018\/10\/29\/sermade-un-nuevo-servicio-odontologico-para-residencias\/#breadcrumb\",\"itemListElement\":[{\"@type\":\"ListItem\",\"position\":1,\"name\":\"Home\",\"item\":\"https:\/\/www.inforesidencias.com\/blog\/\"},{\"@type\":\"ListItem\",\"position\":2,\"name\":\"Sermade, un nuevo servicio odontol\u00f3gico para residencias\"}]},{\"@type\":\"WebSite\",\"@id\":\"https:\/\/www.inforesidencias.com\/blog\/#website\",\"url\":\"https:\/\/www.inforesidencias.com\/blog\/\",\"name\":\"Blog Inforesidencias.com\",\"description\":\"El buscador de residencias de la 3\u00aa edad\",\"potentialAction\":[{\"@type\":\"SearchAction\",\"target\":{\"@type\":\"EntryPoint\",\"urlTemplate\":\"https:\/\/www.inforesidencias.com\/blog\/?s={search_term_string}\"},\"query-input\":\"required name=search_term_string\"}],\"inLanguage\":\"es\"},{\"@type\":\"Person\",\"@id\":\"https:\/\/www.inforesidencias.com\/blog\/#\/schema\/person\/9e146774d1eb3bc1c0316242a3898628\",\"name\":\"Josep de Mart\u00ed\",\"image\":{\"@type\":\"ImageObject\",\"inLanguage\":\"es\",\"@id\":\"https:\/\/www.inforesidencias.com\/blog\/#\/schema\/person\/image\/\",\"url\":\"https:\/\/secure.gravatar.com\/avatar\/de0302c4806c00c4cebff396a798c1ff?s=96&d=mm&r=g\",\"contentUrl\":\"https:\/\/secure.gravatar.com\/avatar\/de0302c4806c00c4cebff396a798c1ff?s=96&d=mm&r=g\",\"caption\":\"Josep de Mart\u00ed\"},\"sameAs\":[\"https:\/\/www.inforesidencias.com\",\"https:\/\/www.facebook.com\/josep.demarti\",\"https:\/\/twitter.com\/blog-ir\"],\"url\":\"https:\/\/www.inforesidencias.com\/blog\/index.php\/author\/josepdemarti\/\"}]}<\/script>\n<!-- \/ Yoast SEO plugin. -->","yoast_head_json":{"title":"Sermade, un nuevo servicio odontol\u00f3gico para residencias - Blog Inforesidencias.com","description":"Cada vez hay m\u00e1s servicios para las residencias. En SMD ofrecen atenci\u00f3n odontol\u00f3gica a los residentes en las mismas residencias con sus unidades m\u00f3viles","robots":{"index":"index","follow":"follow","max-snippet":"max-snippet:-1","max-image-preview":"max-image-preview:large","max-video-preview":"max-video-preview:-1"},"canonical":"https:\/\/www.inforesidencias.com\/blog\/index.php\/2018\/10\/29\/sermade-un-nuevo-servicio-odontologico-para-residencias\/","og_locale":"es_ES","og_type":"article","og_title":"Sermade, un nuevo servicio odontol\u00f3gico para residencias - Blog Inforesidencias.com","og_description":"Cada vez hay m\u00e1s servicios para las residencias. En SMD ofrecen atenci\u00f3n odontol\u00f3gica a los residentes en las mismas residencias con sus unidades m\u00f3viles","og_url":"https:\/\/www.inforesidencias.com\/blog\/index.php\/2018\/10\/29\/sermade-un-nuevo-servicio-odontologico-para-residencias\/","og_site_name":"Blog Inforesidencias.com","article_publisher":"https:\/\/www.facebook.com\/Inforesidencias\/","article_author":"https:\/\/www.facebook.com\/josep.demarti","article_published_time":"2018-10-29T07:57:20+00:00","article_modified_time":"2018-10-31T10:53:23+00:00","og_image":[{"width":500,"height":281,"url":"https:\/\/www.inforesidencias.com\/blog\/wp-content\/uploads\/2018\/10\/Cli\u0301nica-Mo\u0301vil-1.jpg","type":"image\/jpeg"}],"author":"Josep de Mart\u00ed","twitter_card":"summary_large_image","twitter_creator":"@blog-ir","twitter_site":"@inforesidencias","twitter_misc":{"Escrito por":"Josep de Mart\u00ed","Tiempo de lectura":"4 minutos"},"schema":{"@context":"https:\/\/schema.org","@graph":[{"@type":"WebPage","@id":"https:\/\/www.inforesidencias.com\/blog\/index.php\/2018\/10\/29\/sermade-un-nuevo-servicio-odontologico-para-residencias\/","url":"https:\/\/www.inforesidencias.com\/blog\/index.php\/2018\/10\/29\/sermade-un-nuevo-servicio-odontologico-para-residencias\/","name":"Sermade, un nuevo servicio odontol\u00f3gico para residencias - Blog Inforesidencias.com","isPartOf":{"@id":"https:\/\/www.inforesidencias.com\/blog\/#website"},"datePublished":"2018-10-29T07:57:20+00:00","dateModified":"2018-10-31T10:53:23+00:00","author":{"@id":"https:\/\/www.inforesidencias.com\/blog\/#\/schema\/person\/9e146774d1eb3bc1c0316242a3898628"},"description":"Cada vez hay m\u00e1s servicios para las residencias. En SMD ofrecen atenci\u00f3n odontol\u00f3gica a los residentes en las mismas residencias con sus unidades m\u00f3viles","breadcrumb":{"@id":"https:\/\/www.inforesidencias.com\/blog\/index.php\/2018\/10\/29\/sermade-un-nuevo-servicio-odontologico-para-residencias\/#breadcrumb"},"inLanguage":"es","potentialAction":[{"@type":"ReadAction","target":["https:\/\/www.inforesidencias.com\/blog\/index.php\/2018\/10\/29\/sermade-un-nuevo-servicio-odontologico-para-residencias\/"]}]},{"@type":"BreadcrumbList","@id":"https:\/\/www.inforesidencias.com\/blog\/index.php\/2018\/10\/29\/sermade-un-nuevo-servicio-odontologico-para-residencias\/#breadcrumb","itemListElement":[{"@type":"ListItem","position":1,"name":"Home","item":"https:\/\/www.inforesidencias.com\/blog\/"},{"@type":"ListItem","position":2,"name":"Sermade, un nuevo servicio odontol\u00f3gico para residencias"}]},{"@type":"WebSite","@id":"https:\/\/www.inforesidencias.com\/blog\/#website","url":"https:\/\/www.inforesidencias.com\/blog\/","name":"Blog Inforesidencias.com","description":"El buscador de residencias de la 3\u00aa edad","potentialAction":[{"@type":"SearchAction","target":{"@type":"EntryPoint","urlTemplate":"https:\/\/www.inforesidencias.com\/blog\/?s={search_term_string}"},"query-input":"required name=search_term_string"}],"inLanguage":"es"},{"@type":"Person","@id":"https:\/\/www.inforesidencias.com\/blog\/#\/schema\/person\/9e146774d1eb3bc1c0316242a3898628","name":"Josep de Mart\u00ed","image":{"@type":"ImageObject","inLanguage":"es","@id":"https:\/\/www.inforesidencias.com\/blog\/#\/schema\/person\/image\/","url":"https:\/\/secure.gravatar.com\/avatar\/de0302c4806c00c4cebff396a798c1ff?s=96&d=mm&r=g","contentUrl":"https:\/\/secure.gravatar.com\/avatar\/de0302c4806c00c4cebff396a798c1ff?s=96&d=mm&r=g","caption":"Josep de Mart\u00ed"},"sameAs":["https:\/\/www.inforesidencias.com","https:\/\/www.facebook.com\/josep.demarti","https:\/\/twitter.com\/blog-ir"],"url":"https:\/\/www.inforesidencias.com\/blog\/index.php\/author\/josepdemarti\/"}]}},"_links":{"self":[{"href":"https:\/\/www.inforesidencias.com\/blog\/index.php\/wp-json\/wp\/v2\/posts\/1669"}],"collection":[{"href":"https:\/\/www.inforesidencias.com\/blog\/index.php\/wp-json\/wp\/v2\/posts"}],"about":[{"href":"https:\/\/www.inforesidencias.com\/blog\/index.php\/wp-json\/wp\/v2\/types\/post"}],"author":[{"embeddable":true,"href":"https:\/\/www.inforesidencias.com\/blog\/index.php\/wp-json\/wp\/v2\/users\/2"}],"replies":[{"embeddable":true,"href":"https:\/\/www.inforesidencias.com\/blog\/index.php\/wp-json\/wp\/v2\/comments?post=1669"}],"version-history":[{"count":13,"href":"https:\/\/www.inforesidencias.com\/blog\/index.php\/wp-json\/wp\/v2\/posts\/1669\/revisions"}],"predecessor-version":[{"id":1685,"href":"https:\/\/www.inforesidencias.com\/blog\/index.php\/wp-json\/wp\/v2\/posts\/1669\/revisions\/1685"}],"wp:featuredmedia":[{"embeddable":true,"href":"https:\/\/www.inforesidencias.com\/blog\/index.php\/wp-json\/wp\/v2\/media\/1671"}],"wp:attachment":[{"href":"https:\/\/www.inforesidencias.com\/blog\/index.php\/wp-json\/wp\/v2\/media?parent=1669"}],"wp:term":[{"taxonomy":"category","embeddable":true,"href":"https:\/\/www.inforesidencias.com\/blog\/index.php\/wp-json\/wp\/v2\/categories?post=1669"},{"taxonomy":"post_tag","embeddable":true,"href":"https:\/\/www.inforesidencias.com\/blog\/index.php\/wp-json\/wp\/v2\/tags?post=1669"}],"curies":[{"name":"wp","href":"https:\/\/api.w.org\/{rel}","templated":true}]}}