{"id":1696,"date":"2018-11-13T12:51:34","date_gmt":"2018-11-13T12:51:34","guid":{"rendered":"https:\/\/www.inforesidencias.com\/blog\/?p=1696"},"modified":"2018-11-13T12:51:34","modified_gmt":"2018-11-13T12:51:34","slug":"los-animales-en-la-residencia","status":"publish","type":"post","link":"https:\/\/www.inforesidencias.com\/blog\/index.php\/2018\/11\/13\/los-animales-en-la-residencia\/","title":{"rendered":"Los animales en la residencia"},"content":{"rendered":"<p style=\"text-align: justify\">Todos conocemos alguna residencia donde se puede tener animales o se hace terapia con ellos. Pero en esta ocasi\u00f3n contamos una historia que siendo s\u00f3lo un ejemplo, muestra perfectamente el bien que hacen los animales con las personas mayores, Vamos all\u00e1!<\/p>\n<p style=\"text-align: justify\">Una de las cosas que m\u00e1s echaba de menos en la coqueta residencia del centro de la peque\u00f1a ciudad de provincias era el contacto con los animales. Si al menos estuviera en el campo, podr\u00eda o\u00edr los p\u00e1jaros o ver pasar a alg\u00fan gato, pero&#8230;<\/p>\n<p style=\"text-align: justify\">F\u00e9lix hab\u00eda ejercido como veterinario durante cuarenta a\u00f1os en un peque\u00f1o pueblo de la sierra. Adem\u00e1s de velar por la salud de todos los animales dom\u00e9sticos del contorno, sobre todo vacas, ovejas y caballos, a falta de otra familia, siempre hab\u00eda estado acompa\u00f1ado por una peque\u00f1a corte de gatos, perros y hasta en una ocasi\u00f3n de un burro que, al verse sin due\u00f1o, empezaban saciando su hambre en los comederos que pon\u00eda el bondadoso veterinario en la puerta de su casa y acababan qued\u00e1ndose a vivir con \u00e9l. Primero rondaban t\u00edmidos la puerta, pero, enseguida m\u00e1s atrevidos, entraban primero en la consulta y acababan durmiendo junto a la chimenea. Para el burro tuvo que acondicionar el garaje que por unos a\u00f1os se convirti\u00f3 en cuadra mientras que el coche quedaba relegado a la calle.<\/p>\n<p style=\"text-align: justify\">Cuando los a\u00f1os se le hicieron pesados y se dio cuenta de que apa\u00f1\u00e1rselas solo era una tarea trabajosa y una preocupaci\u00f3n para sus sobrinos. Decidi\u00f3 vender su casa, colocar con unos vecinos los dos perros que en ese momento viv\u00edan con \u00e9l y marcharse a la residencia en la ciudad que le habr\u00edan buscado los hijos de su hermana. Era un lugar tranquilo, acogedor, cerca de los chicos con los que ten\u00eda una relaci\u00f3n estupenda y con quienes iba a comer al menos tres d\u00edas a la semana.<\/p>\n<p style=\"text-align: justify\">El precio de la tranquilidad y atenci\u00f3n hab\u00eda sido dejar de convivir con quienes hab\u00edan sido sus compa\u00f1eros peludos. A menudo pensaba que era excesivo y recordaba los nombres de cada animal que hab\u00eda pasado por su vida, sus peculiaridades, sent\u00eda nostalgia por quienes hab\u00eda sido fieles y amistosos y se re\u00eda con aquellos que resultaron ariscos, ego\u00edstas o le hab\u00edan dejado la cicatriz de un mordisco como recuerdo.<\/p>\n<p style=\"text-align: justify\">La nostalgia le invad\u00eda por momentos. No era feliz. Las comodidades, atenciones y actividades con sus compa\u00f1eros de la residencia no llenaban el enorme hueco de una vida dedicada al bienestar de los animales y a darles su afecto.<\/p>\n<p style=\"text-align: justify\">Un d\u00eda, mientras le\u00eda en uno de los salones, un ladrido le sobresalt\u00f3. Levant\u00f3 la vista y se encontr\u00f3 con la mirada de Mar\u00eda, esa auxiliar tan simp\u00e1tica, que se estaba acercando a \u00e9l con una gran sonrisa.<\/p>\n<p style=\"text-align: justify\">\u2014Don F\u00e9lix, tengo una sorpresa para usted. Ha venido alguien que seguro que le va encantar.<\/p>\n<p style=\"text-align: justify\">F\u00e9lix y Mar\u00eda se acercaron a la entrada, Se o\u00eda un alboroto de pisadas, voces, ladridos y, sobre todo, exclamaciones y risas.<\/p>\n<p style=\"text-align: justify\">\u2014Juan \u2014dijo Mar\u00eda dirigi\u00e9ndose a uno de los dos chicos que acompa\u00f1aban a una preciosa pastor belga de color negro\u2014, este es F\u00e9lix, el veterinario del que te habl\u00e9. F\u00e9lix \u2014se dirigi\u00f3 a \u00e9l\u2014, Juan y Miguel pertenecen a la asociaci\u00f3n Perros en la residencia. Como ves, van con perros muy especiales a pasar buenos ratos con personas mayores. Funciona como una terapia. Pens\u00e9 que te agradar\u00eda conocer a estos chicos y, por supuesto, a Jaqui.<\/p>\n<p style=\"text-align: justify\">El instinto de la perra hizo que se acercara a F\u00e9lix que, con mano experta y cari\u00f1osa la acarici\u00f3. Antiguas y placenteras sensaciones subieron desde su mano y le reconfortaron. Sinti\u00f3 un bienestar que hac\u00eda mucho tiempo que estaba olvidado.<\/p>\n<div id=\"attachment_1698\" style=\"width: 380px\" class=\"wp-caption alignleft\"><a href=\"https:\/\/www.inforesidencias.com\/blog\/wp-content\/uploads\/2018\/11\/terapia-con-animales-en-residencia.jpg\"><img aria-describedby=\"caption-attachment-1698\" decoding=\"async\" loading=\"lazy\" class=\"wp-image-1698\" src=\"https:\/\/www.inforesidencias.com\/blog\/wp-content\/uploads\/2018\/11\/terapia-con-animales-en-residencia.jpg\" alt=\"terapia con animales en residencia\" width=\"370\" height=\"247\" \/><\/a><p id=\"caption-attachment-1698\" class=\"wp-caption-text\">terapia con animales en una residencia<\/p><\/div>\n<p style=\"text-align: justify\">Pero lo mejor estaba por llegar. Los recursos de la asociaci\u00f3n siempre eran escasos, las necesidades de <a href=\"https:\/\/www.inforesidencias.com\/blog\/index.php\/2016\/08\/02\/terapia-con-perros-en-la-residencia-mas-alla-de-una-actividad-ludica\/\">los animales que hac\u00edan la terapia <\/a>aumentaban en la medida en que eran m\u00e1s solicitados. Un veterinario voluntario no les vendr\u00eda mal.<\/p>\n<p style=\"text-align: justify\">La vida de F\u00e9lix cambi\u00f3. Desde ese d\u00eda, ya hace un a\u00f1o, todos los martes por la ma\u00f1ana se acerca a la asociaci\u00f3n en autob\u00fas. En el recinto donde conviven tres perros y dos gatos y se turnan los terapeutas-cuidadores revisa la alimentaci\u00f3n de los animales, les pone vacunas, cura peque\u00f1os o grandes males y se siente \u00fatil por primera ven en mucho tiempo. La algarab\u00eda de los perros y el roce insinuante de los gatos le devuelven el vigor y las ganas de a\u00f1os atr\u00e1s. Pero son gratos momentos de conversaci\u00f3n con los chicos que se turnan lo mejor. Le hablan de lo que hacen, de sus vidas, le tienen en cuenta y le muestran lo valiosa que es su ayuda. El caf\u00e9 tras la consulta semanal con sus nuevos amigos y la charla a veces de todo y a menudo de nada le devuelven al mundo.<\/p>\n<p style=\"text-align: justify\">De vez en cuando, tambi\u00e9n acompa\u00f1a a Juan y Miguel, sobre todo cuando van con Jaqui, a las sesiones que hacen en las residencias. Es entonces, cuando ve las expresiones de los ancianos que al acariciar a la perra sonr\u00eden por primera vez en meses, o cuando alguien que llevaba a\u00f1os sin decir nada pronuncia el nombre del perro que ten\u00eda de ni\u00f1o, es en esos momentos cuando siente que todos sus a\u00f1os de profesi\u00f3n le han llevado al mejor de los sitios posibles, un sitio inesperado, el sitio donde quiere estar.<\/p>\n","protected":false},"excerpt":{"rendered":"<p>Todos conocemos alguna residencia donde se puede tener animales o se hace terapia con ellos. Pero en esta ocasi\u00f3n contamos una historia que siendo s\u00f3lo un ejemplo, muestra perfectamente el bien que hacen los animales con las personas mayores, Vamos all\u00e1! Una de las cosas que m\u00e1s echaba de menos en la coqueta residencia del centro de la peque\u00f1a ciudad de provincias era el contacto con los animales. Si al menos estuviera en el campo, podr\u00eda o\u00edr los p\u00e1jaros o ver pasar a alg\u00fan gato, pero&#8230; F\u00e9lix hab\u00eda ejercido como veterinario durante cuarenta a\u00f1os en un peque\u00f1o pueblo de la sierra. Adem\u00e1s de velar por la salud de todos los animales dom\u00e9sticos del contorno, sobre todo vacas, ovejas y caballos, a falta de otra familia, siempre hab\u00eda estado acompa\u00f1ado por una peque\u00f1a corte de gatos, perros y hasta en una ocasi\u00f3n de un burro que, al verse sin due\u00f1o, empezaban [&hellip;]<\/p>\n","protected":false},"author":2,"featured_media":1698,"comment_status":"open","ping_status":"open","sticky":false,"template":"","format":"standard","meta":{"footnotes":""},"categories":[1],"tags":[],"yoast_head":"<!-- This site is optimized with the Yoast SEO plugin v21.7 - https:\/\/yoast.com\/wordpress\/plugins\/seo\/ -->\n<title>Los animales en la residencia - Blog Inforesidencias.com<\/title>\n<meta name=\"description\" content=\"La residencia puede acabar siendo nuestro \u00faltimo hogar. Y isDurante toda la vida en mayor o menor grado interactuamos con los animales. \u00bfPor qu\u00e9 no seguir haci\u00e9ndolo all\u00ed?\" \/>\n<meta name=\"robots\" content=\"index, follow, max-snippet:-1, max-image-preview:large, max-video-preview:-1\" \/>\n<link rel=\"canonical\" href=\"https:\/\/www.inforesidencias.com\/blog\/index.php\/2018\/11\/13\/los-animales-en-la-residencia\/\" \/>\n<meta property=\"og:locale\" content=\"es_ES\" \/>\n<meta property=\"og:type\" content=\"article\" \/>\n<meta property=\"og:title\" content=\"Los animales en la residencia - Blog Inforesidencias.com\" \/>\n<meta property=\"og:description\" content=\"La residencia puede acabar siendo nuestro \u00faltimo hogar. Y isDurante toda la vida en mayor o menor grado interactuamos con los animales. \u00bfPor qu\u00e9 no seguir haci\u00e9ndolo all\u00ed?\" \/>\n<meta property=\"og:url\" content=\"https:\/\/www.inforesidencias.com\/blog\/index.php\/2018\/11\/13\/los-animales-en-la-residencia\/\" \/>\n<meta property=\"og:site_name\" content=\"Blog Inforesidencias.com\" \/>\n<meta property=\"article:publisher\" content=\"https:\/\/www.facebook.com\/Inforesidencias\/\" \/>\n<meta property=\"article:author\" content=\"https:\/\/www.facebook.com\/josep.demarti\" \/>\n<meta property=\"article:published_time\" content=\"2018-11-13T12:51:34+00:00\" \/>\n<meta property=\"og:image\" content=\"https:\/\/www.inforesidencias.com\/blog\/wp-content\/uploads\/2018\/11\/terapia-con-animales-en-residencia.jpg\" \/>\n\t<meta property=\"og:image:width\" content=\"450\" \/>\n\t<meta property=\"og:image:height\" content=\"300\" \/>\n\t<meta property=\"og:image:type\" content=\"image\/jpeg\" \/>\n<meta name=\"author\" content=\"Josep de Mart\u00ed\" \/>\n<meta name=\"twitter:card\" content=\"summary_large_image\" \/>\n<meta name=\"twitter:creator\" content=\"@blog-ir\" \/>\n<meta name=\"twitter:site\" content=\"@inforesidencias\" \/>\n<meta name=\"twitter:label1\" content=\"Escrito por\" \/>\n\t<meta name=\"twitter:data1\" content=\"Josep de Mart\u00ed\" \/>\n\t<meta name=\"twitter:label2\" content=\"Tiempo de lectura\" \/>\n\t<meta name=\"twitter:data2\" content=\"5 minutos\" \/>\n<script type=\"application\/ld+json\" class=\"yoast-schema-graph\">{\"@context\":\"https:\/\/schema.org\",\"@graph\":[{\"@type\":\"WebPage\",\"@id\":\"https:\/\/www.inforesidencias.com\/blog\/index.php\/2018\/11\/13\/los-animales-en-la-residencia\/\",\"url\":\"https:\/\/www.inforesidencias.com\/blog\/index.php\/2018\/11\/13\/los-animales-en-la-residencia\/\",\"name\":\"Los animales en la residencia - Blog Inforesidencias.com\",\"isPartOf\":{\"@id\":\"https:\/\/www.inforesidencias.com\/blog\/#website\"},\"datePublished\":\"2018-11-13T12:51:34+00:00\",\"dateModified\":\"2018-11-13T12:51:34+00:00\",\"author\":{\"@id\":\"https:\/\/www.inforesidencias.com\/blog\/#\/schema\/person\/9e146774d1eb3bc1c0316242a3898628\"},\"description\":\"La residencia puede acabar siendo nuestro \u00faltimo hogar. Y isDurante toda la vida en mayor o menor grado interactuamos con los animales. \u00bfPor qu\u00e9 no seguir haci\u00e9ndolo all\u00ed?\",\"breadcrumb\":{\"@id\":\"https:\/\/www.inforesidencias.com\/blog\/index.php\/2018\/11\/13\/los-animales-en-la-residencia\/#breadcrumb\"},\"inLanguage\":\"es\",\"potentialAction\":[{\"@type\":\"ReadAction\",\"target\":[\"https:\/\/www.inforesidencias.com\/blog\/index.php\/2018\/11\/13\/los-animales-en-la-residencia\/\"]}]},{\"@type\":\"BreadcrumbList\",\"@id\":\"https:\/\/www.inforesidencias.com\/blog\/index.php\/2018\/11\/13\/los-animales-en-la-residencia\/#breadcrumb\",\"itemListElement\":[{\"@type\":\"ListItem\",\"position\":1,\"name\":\"Home\",\"item\":\"https:\/\/www.inforesidencias.com\/blog\/\"},{\"@type\":\"ListItem\",\"position\":2,\"name\":\"Los animales en la residencia\"}]},{\"@type\":\"WebSite\",\"@id\":\"https:\/\/www.inforesidencias.com\/blog\/#website\",\"url\":\"https:\/\/www.inforesidencias.com\/blog\/\",\"name\":\"Blog Inforesidencias.com\",\"description\":\"El buscador de residencias de la 3\u00aa edad\",\"potentialAction\":[{\"@type\":\"SearchAction\",\"target\":{\"@type\":\"EntryPoint\",\"urlTemplate\":\"https:\/\/www.inforesidencias.com\/blog\/?s={search_term_string}\"},\"query-input\":\"required name=search_term_string\"}],\"inLanguage\":\"es\"},{\"@type\":\"Person\",\"@id\":\"https:\/\/www.inforesidencias.com\/blog\/#\/schema\/person\/9e146774d1eb3bc1c0316242a3898628\",\"name\":\"Josep de Mart\u00ed\",\"image\":{\"@type\":\"ImageObject\",\"inLanguage\":\"es\",\"@id\":\"https:\/\/www.inforesidencias.com\/blog\/#\/schema\/person\/image\/\",\"url\":\"https:\/\/secure.gravatar.com\/avatar\/de0302c4806c00c4cebff396a798c1ff?s=96&d=mm&r=g\",\"contentUrl\":\"https:\/\/secure.gravatar.com\/avatar\/de0302c4806c00c4cebff396a798c1ff?s=96&d=mm&r=g\",\"caption\":\"Josep de Mart\u00ed\"},\"sameAs\":[\"https:\/\/www.inforesidencias.com\",\"https:\/\/www.facebook.com\/josep.demarti\",\"https:\/\/twitter.com\/blog-ir\"],\"url\":\"https:\/\/www.inforesidencias.com\/blog\/index.php\/author\/josepdemarti\/\"}]}<\/script>\n<!-- \/ Yoast SEO plugin. -->","yoast_head_json":{"title":"Los animales en la residencia - Blog Inforesidencias.com","description":"La residencia puede acabar siendo nuestro \u00faltimo hogar. Y isDurante toda la vida en mayor o menor grado interactuamos con los animales. \u00bfPor qu\u00e9 no seguir haci\u00e9ndolo all\u00ed?","robots":{"index":"index","follow":"follow","max-snippet":"max-snippet:-1","max-image-preview":"max-image-preview:large","max-video-preview":"max-video-preview:-1"},"canonical":"https:\/\/www.inforesidencias.com\/blog\/index.php\/2018\/11\/13\/los-animales-en-la-residencia\/","og_locale":"es_ES","og_type":"article","og_title":"Los animales en la residencia - Blog Inforesidencias.com","og_description":"La residencia puede acabar siendo nuestro \u00faltimo hogar. Y isDurante toda la vida en mayor o menor grado interactuamos con los animales. \u00bfPor qu\u00e9 no seguir haci\u00e9ndolo all\u00ed?","og_url":"https:\/\/www.inforesidencias.com\/blog\/index.php\/2018\/11\/13\/los-animales-en-la-residencia\/","og_site_name":"Blog Inforesidencias.com","article_publisher":"https:\/\/www.facebook.com\/Inforesidencias\/","article_author":"https:\/\/www.facebook.com\/josep.demarti","article_published_time":"2018-11-13T12:51:34+00:00","og_image":[{"width":450,"height":300,"url":"https:\/\/www.inforesidencias.com\/blog\/wp-content\/uploads\/2018\/11\/terapia-con-animales-en-residencia.jpg","type":"image\/jpeg"}],"author":"Josep de Mart\u00ed","twitter_card":"summary_large_image","twitter_creator":"@blog-ir","twitter_site":"@inforesidencias","twitter_misc":{"Escrito por":"Josep de Mart\u00ed","Tiempo de lectura":"5 minutos"},"schema":{"@context":"https:\/\/schema.org","@graph":[{"@type":"WebPage","@id":"https:\/\/www.inforesidencias.com\/blog\/index.php\/2018\/11\/13\/los-animales-en-la-residencia\/","url":"https:\/\/www.inforesidencias.com\/blog\/index.php\/2018\/11\/13\/los-animales-en-la-residencia\/","name":"Los animales en la residencia - Blog Inforesidencias.com","isPartOf":{"@id":"https:\/\/www.inforesidencias.com\/blog\/#website"},"datePublished":"2018-11-13T12:51:34+00:00","dateModified":"2018-11-13T12:51:34+00:00","author":{"@id":"https:\/\/www.inforesidencias.com\/blog\/#\/schema\/person\/9e146774d1eb3bc1c0316242a3898628"},"description":"La residencia puede acabar siendo nuestro \u00faltimo hogar. Y isDurante toda la vida en mayor o menor grado interactuamos con los animales. \u00bfPor qu\u00e9 no seguir haci\u00e9ndolo all\u00ed?","breadcrumb":{"@id":"https:\/\/www.inforesidencias.com\/blog\/index.php\/2018\/11\/13\/los-animales-en-la-residencia\/#breadcrumb"},"inLanguage":"es","potentialAction":[{"@type":"ReadAction","target":["https:\/\/www.inforesidencias.com\/blog\/index.php\/2018\/11\/13\/los-animales-en-la-residencia\/"]}]},{"@type":"BreadcrumbList","@id":"https:\/\/www.inforesidencias.com\/blog\/index.php\/2018\/11\/13\/los-animales-en-la-residencia\/#breadcrumb","itemListElement":[{"@type":"ListItem","position":1,"name":"Home","item":"https:\/\/www.inforesidencias.com\/blog\/"},{"@type":"ListItem","position":2,"name":"Los animales en la residencia"}]},{"@type":"WebSite","@id":"https:\/\/www.inforesidencias.com\/blog\/#website","url":"https:\/\/www.inforesidencias.com\/blog\/","name":"Blog Inforesidencias.com","description":"El buscador de residencias de la 3\u00aa edad","potentialAction":[{"@type":"SearchAction","target":{"@type":"EntryPoint","urlTemplate":"https:\/\/www.inforesidencias.com\/blog\/?s={search_term_string}"},"query-input":"required name=search_term_string"}],"inLanguage":"es"},{"@type":"Person","@id":"https:\/\/www.inforesidencias.com\/blog\/#\/schema\/person\/9e146774d1eb3bc1c0316242a3898628","name":"Josep de Mart\u00ed","image":{"@type":"ImageObject","inLanguage":"es","@id":"https:\/\/www.inforesidencias.com\/blog\/#\/schema\/person\/image\/","url":"https:\/\/secure.gravatar.com\/avatar\/de0302c4806c00c4cebff396a798c1ff?s=96&d=mm&r=g","contentUrl":"https:\/\/secure.gravatar.com\/avatar\/de0302c4806c00c4cebff396a798c1ff?s=96&d=mm&r=g","caption":"Josep de Mart\u00ed"},"sameAs":["https:\/\/www.inforesidencias.com","https:\/\/www.facebook.com\/josep.demarti","https:\/\/twitter.com\/blog-ir"],"url":"https:\/\/www.inforesidencias.com\/blog\/index.php\/author\/josepdemarti\/"}]}},"_links":{"self":[{"href":"https:\/\/www.inforesidencias.com\/blog\/index.php\/wp-json\/wp\/v2\/posts\/1696"}],"collection":[{"href":"https:\/\/www.inforesidencias.com\/blog\/index.php\/wp-json\/wp\/v2\/posts"}],"about":[{"href":"https:\/\/www.inforesidencias.com\/blog\/index.php\/wp-json\/wp\/v2\/types\/post"}],"author":[{"embeddable":true,"href":"https:\/\/www.inforesidencias.com\/blog\/index.php\/wp-json\/wp\/v2\/users\/2"}],"replies":[{"embeddable":true,"href":"https:\/\/www.inforesidencias.com\/blog\/index.php\/wp-json\/wp\/v2\/comments?post=1696"}],"version-history":[{"count":4,"href":"https:\/\/www.inforesidencias.com\/blog\/index.php\/wp-json\/wp\/v2\/posts\/1696\/revisions"}],"predecessor-version":[{"id":1701,"href":"https:\/\/www.inforesidencias.com\/blog\/index.php\/wp-json\/wp\/v2\/posts\/1696\/revisions\/1701"}],"wp:featuredmedia":[{"embeddable":true,"href":"https:\/\/www.inforesidencias.com\/blog\/index.php\/wp-json\/wp\/v2\/media\/1698"}],"wp:attachment":[{"href":"https:\/\/www.inforesidencias.com\/blog\/index.php\/wp-json\/wp\/v2\/media?parent=1696"}],"wp:term":[{"taxonomy":"category","embeddable":true,"href":"https:\/\/www.inforesidencias.com\/blog\/index.php\/wp-json\/wp\/v2\/categories?post=1696"},{"taxonomy":"post_tag","embeddable":true,"href":"https:\/\/www.inforesidencias.com\/blog\/index.php\/wp-json\/wp\/v2\/tags?post=1696"}],"curies":[{"name":"wp","href":"https:\/\/api.w.org\/{rel}","templated":true}]}}