{"id":17,"date":"2005-01-16T07:39:00","date_gmt":"2005-01-16T07:39:00","guid":{"rendered":"http:\/\/inforesidencias.wordpress.com\/2005\/01\/16\/residencias-grandes-o-pequenas"},"modified":"2005-01-16T07:39:00","modified_gmt":"2005-01-16T07:39:00","slug":"residencias-grandes-o-pequenas","status":"publish","type":"post","link":"https:\/\/www.inforesidencias.com\/blog\/index.php\/2005\/01\/16\/residencias-grandes-o-pequenas\/","title":{"rendered":">RESIDENCIAS GRANDES O PEQUE\u00d1AS"},"content":{"rendered":"<p>&gt;La teor\u00eda del p\u00e9ndulo parece cumplirse en lo que al tama\u00f1o de las residencias se refiere. Si en los a\u00f1os setenta las primeras residencias de pensionistas se constru\u00edan con m\u00e1s de doscientas plazas y pensando en personas v\u00e1lidas, el paso del tiempo ha ido reduciendo el tama\u00f1o de los nuevos establecimientos y centrando el objetivo a cubrir en personas asistidas. En los \u00faltimos a\u00f1os parece que la tendencia vuelve a cambiar:<\/p>\n<p>En las grandes capitales espa\u00f1olas se est\u00e1n inaugurando otra vez residencias privadas de doscientas, o incluso m\u00e1s de doscientas cincuenta plazas y, algunos operadores quieren volver a apostar por el mayor v\u00e1lido ofreciendo conceptos residenciales que se encuentran entre la residencia y la vivienda con servicios.<\/p>\n<p>A pesar de este cambio de tendencia, Espa\u00f1a sigue siendo un pa\u00eds de residencias peque\u00f1as con un sector privado formado eminentemente por centros que acogen a menos de 50 residentes (y con un gran n\u00famero de miniresidencias de menos de 25 plazas).  Residencias que, en muchos casos encuentran enormes dificultades para adecuarse a los nuevos requisitos que surgen en las diferentes comunidades aut\u00f3nomas en lo que respecta a contrataci\u00f3n de profesionales, exigencias arquitect\u00f3nicas y de calidad.  Unas dificultades que surgen del tama\u00f1o ya que las exigencias suelen estar pensadas para centros de determinadas plazas y resultan en proporci\u00f3n muy costosas cuando se aplican a uno peque\u00f1o.<\/p>\n<p>Peri\u00f3dicamente se oyen en algunos foros voces que vaticinan la desaparici\u00f3n del sector de los peque\u00f1os centros en poco tiempo.<\/p>\n<p>Yo creo que hay motivos para pensar que, al menos durante unos cuantos a\u00f1os, van a coexistir en el sector residencias grandes, medianas y peque\u00f1as y uno de ellos es que, a pesar de que las residencias m\u00e1s grandes suelen ofrecer un buen servicio en mayores espacios y un equipo de profesionales m\u00e1s extenso, las residencias peque\u00f1as cuentan con \u201cla simpat\u00eda\u201d del p\u00fablico.<\/p>\n<p>Una prueba de esta \u201csimpat\u00eda\u201d la encontramos en los datos hechos p\u00fablicos por el IMSERSO sobre el estudio \u201c Situaci\u00f3n y evoluci\u00f3n del apoyo informal a los mayores en Espa\u00f1a\u201d.  A parte de la interesente radiograf\u00eda en movimiento que permite comparar la atenci\u00f3n informal de 1994 con la de 2004, hay una pregunta realizada a 1.500 cuidadores informales que tiene mucha relevancia: \u201c\u00bfC\u00f3mo  cree que deber\u00edan ser las residencias para las personas mayores?\u201d.  Casi el 40% dice que deber\u00edan tener menos de 15 plazas; el 16% dice entre 15 y 50.  Si tenemos en cuenta que el 21% dice que no sabe o no contesta. <\/p>\n<p>\u00bfQuiere esto decir que se van a volver a construir de forma generalizada residencias peque\u00f1as?  El peri\u00f3dico la Nueva Espa\u00f1a dec\u00eda el 4 de diciembre que en Asturias las nuevas residencias tend\u00edan a ser de menos de 50 plazas.  La verdad es que dudo que, si eso es as\u00ed en Asturias vaya a convertirse en una tendencia en toda Espa\u00f1a.<\/p>\n<p>Lo que queda claro es que las residencias peque\u00f1as deben mimar a una demanda que, a priori dice preferirlas y las grandes tienen el doble trabajo de seguir ofreciendo servicios de calidad y de saber transmitir esa idea a personas que hoy no buscan residencia pero quiz\u00e1 lo har\u00e1n dentro de unos a\u00f1os.<\/p>\n<p>Nota: pueden verse los resultados del estudio en <a href=\"http:\/\/www.imsersomayores.csic.es\/documentos\/documentos\/imserso-situacion-01.ppt\">la web del Imserso<\/a><\/p>\n","protected":false},"excerpt":{"rendered":"<p>&gt;La teor\u00eda del p\u00e9ndulo parece cumplirse en lo que al tama\u00f1o de las residencias se refiere. Si en los a\u00f1os setenta las primeras residencias de pensionistas se constru\u00edan con m\u00e1s de doscientas plazas y pensando en personas v\u00e1lidas, el paso del tiempo ha ido reduciendo el tama\u00f1o de los nuevos establecimientos y centrando el objetivo a cubrir en personas asistidas. En los \u00faltimos a\u00f1os parece que la tendencia vuelve a cambiar: En las grandes capitales espa\u00f1olas se est\u00e1n inaugurando otra vez residencias privadas de doscientas, o incluso m\u00e1s de doscientas cincuenta plazas y, algunos operadores quieren volver a apostar por el mayor v\u00e1lido ofreciendo conceptos residenciales que se encuentran entre la residencia y la vivienda con servicios. A pesar de este cambio de tendencia, Espa\u00f1a sigue siendo un pa\u00eds de residencias peque\u00f1as con un sector privado formado eminentemente por centros que acogen a menos de 50 residentes (y con un [&hellip;]<\/p>\n","protected":false},"author":2,"featured_media":0,"comment_status":"open","ping_status":"open","sticky":false,"template":"","format":"standard","meta":{"footnotes":""},"categories":[1],"tags":[],"yoast_head":"<!-- This site is optimized with the Yoast SEO plugin v21.7 - https:\/\/yoast.com\/wordpress\/plugins\/seo\/ -->\n<title>&gt;RESIDENCIAS GRANDES O PEQUE\u00d1AS - Blog Inforesidencias.com<\/title>\n<meta name=\"robots\" content=\"index, follow, max-snippet:-1, max-image-preview:large, max-video-preview:-1\" \/>\n<link rel=\"canonical\" href=\"https:\/\/www.inforesidencias.com\/blog\/index.php\/2005\/01\/16\/residencias-grandes-o-pequenas\/\" \/>\n<meta property=\"og:locale\" content=\"es_ES\" \/>\n<meta property=\"og:type\" content=\"article\" \/>\n<meta property=\"og:title\" content=\"&gt;RESIDENCIAS GRANDES O PEQUE\u00d1AS - Blog Inforesidencias.com\" \/>\n<meta property=\"og:description\" content=\"&gt;La teor\u00eda del p\u00e9ndulo parece cumplirse en lo que al tama\u00f1o de las residencias se refiere. Si en los a\u00f1os setenta las primeras residencias de pensionistas se constru\u00edan con m\u00e1s de doscientas plazas y pensando en personas v\u00e1lidas, el paso del tiempo ha ido reduciendo el tama\u00f1o de los nuevos establecimientos y centrando el objetivo a cubrir en personas asistidas. En los \u00faltimos a\u00f1os parece que la tendencia vuelve a cambiar: En las grandes capitales espa\u00f1olas se est\u00e1n inaugurando otra vez residencias privadas de doscientas, o incluso m\u00e1s de doscientas cincuenta plazas y, algunos operadores quieren volver a apostar por el mayor v\u00e1lido ofreciendo conceptos residenciales que se encuentran entre la residencia y la vivienda con servicios. A pesar de este cambio de tendencia, Espa\u00f1a sigue siendo un pa\u00eds de residencias peque\u00f1as con un sector privado formado eminentemente por centros que acogen a menos de 50 residentes (y con un [&hellip;]\" \/>\n<meta property=\"og:url\" content=\"https:\/\/www.inforesidencias.com\/blog\/index.php\/2005\/01\/16\/residencias-grandes-o-pequenas\/\" \/>\n<meta property=\"og:site_name\" content=\"Blog Inforesidencias.com\" \/>\n<meta property=\"article:publisher\" content=\"https:\/\/www.facebook.com\/Inforesidencias\/\" \/>\n<meta property=\"article:author\" content=\"https:\/\/www.facebook.com\/josep.demarti\" \/>\n<meta property=\"article:published_time\" content=\"2005-01-16T07:39:00+00:00\" \/>\n<meta name=\"author\" content=\"Josep de Mart\u00ed\" \/>\n<meta name=\"twitter:card\" content=\"summary_large_image\" \/>\n<meta name=\"twitter:creator\" content=\"@blog-ir\" \/>\n<meta name=\"twitter:site\" content=\"@inforesidencias\" \/>\n<meta name=\"twitter:label1\" content=\"Escrito por\" \/>\n\t<meta name=\"twitter:data1\" content=\"Josep de Mart\u00ed\" \/>\n\t<meta name=\"twitter:label2\" content=\"Tiempo de lectura\" \/>\n\t<meta name=\"twitter:data2\" content=\"3 minutos\" \/>\n<script type=\"application\/ld+json\" class=\"yoast-schema-graph\">{\"@context\":\"https:\/\/schema.org\",\"@graph\":[{\"@type\":\"WebPage\",\"@id\":\"https:\/\/www.inforesidencias.com\/blog\/index.php\/2005\/01\/16\/residencias-grandes-o-pequenas\/\",\"url\":\"https:\/\/www.inforesidencias.com\/blog\/index.php\/2005\/01\/16\/residencias-grandes-o-pequenas\/\",\"name\":\">RESIDENCIAS GRANDES O PEQUE\u00d1AS - Blog Inforesidencias.com\",\"isPartOf\":{\"@id\":\"https:\/\/www.inforesidencias.com\/blog\/#website\"},\"datePublished\":\"2005-01-16T07:39:00+00:00\",\"dateModified\":\"2005-01-16T07:39:00+00:00\",\"author\":{\"@id\":\"https:\/\/www.inforesidencias.com\/blog\/#\/schema\/person\/9e146774d1eb3bc1c0316242a3898628\"},\"breadcrumb\":{\"@id\":\"https:\/\/www.inforesidencias.com\/blog\/index.php\/2005\/01\/16\/residencias-grandes-o-pequenas\/#breadcrumb\"},\"inLanguage\":\"es\",\"potentialAction\":[{\"@type\":\"ReadAction\",\"target\":[\"https:\/\/www.inforesidencias.com\/blog\/index.php\/2005\/01\/16\/residencias-grandes-o-pequenas\/\"]}]},{\"@type\":\"BreadcrumbList\",\"@id\":\"https:\/\/www.inforesidencias.com\/blog\/index.php\/2005\/01\/16\/residencias-grandes-o-pequenas\/#breadcrumb\",\"itemListElement\":[{\"@type\":\"ListItem\",\"position\":1,\"name\":\"Home\",\"item\":\"https:\/\/www.inforesidencias.com\/blog\/\"},{\"@type\":\"ListItem\",\"position\":2,\"name\":\">RESIDENCIAS GRANDES O PEQUE\u00d1AS\"}]},{\"@type\":\"WebSite\",\"@id\":\"https:\/\/www.inforesidencias.com\/blog\/#website\",\"url\":\"https:\/\/www.inforesidencias.com\/blog\/\",\"name\":\"Blog Inforesidencias.com\",\"description\":\"El buscador de residencias de la 3\u00aa edad\",\"potentialAction\":[{\"@type\":\"SearchAction\",\"target\":{\"@type\":\"EntryPoint\",\"urlTemplate\":\"https:\/\/www.inforesidencias.com\/blog\/?s={search_term_string}\"},\"query-input\":\"required name=search_term_string\"}],\"inLanguage\":\"es\"},{\"@type\":\"Person\",\"@id\":\"https:\/\/www.inforesidencias.com\/blog\/#\/schema\/person\/9e146774d1eb3bc1c0316242a3898628\",\"name\":\"Josep de Mart\u00ed\",\"image\":{\"@type\":\"ImageObject\",\"inLanguage\":\"es\",\"@id\":\"https:\/\/www.inforesidencias.com\/blog\/#\/schema\/person\/image\/\",\"url\":\"https:\/\/secure.gravatar.com\/avatar\/de0302c4806c00c4cebff396a798c1ff?s=96&d=mm&r=g\",\"contentUrl\":\"https:\/\/secure.gravatar.com\/avatar\/de0302c4806c00c4cebff396a798c1ff?s=96&d=mm&r=g\",\"caption\":\"Josep de Mart\u00ed\"},\"sameAs\":[\"https:\/\/www.inforesidencias.com\",\"https:\/\/www.facebook.com\/josep.demarti\",\"https:\/\/twitter.com\/blog-ir\"],\"url\":\"https:\/\/www.inforesidencias.com\/blog\/index.php\/author\/josepdemarti\/\"}]}<\/script>\n<!-- \/ Yoast SEO plugin. -->","yoast_head_json":{"title":">RESIDENCIAS GRANDES O PEQUE\u00d1AS - Blog Inforesidencias.com","robots":{"index":"index","follow":"follow","max-snippet":"max-snippet:-1","max-image-preview":"max-image-preview:large","max-video-preview":"max-video-preview:-1"},"canonical":"https:\/\/www.inforesidencias.com\/blog\/index.php\/2005\/01\/16\/residencias-grandes-o-pequenas\/","og_locale":"es_ES","og_type":"article","og_title":">RESIDENCIAS GRANDES O PEQUE\u00d1AS - Blog Inforesidencias.com","og_description":"&gt;La teor\u00eda del p\u00e9ndulo parece cumplirse en lo que al tama\u00f1o de las residencias se refiere. Si en los a\u00f1os setenta las primeras residencias de pensionistas se constru\u00edan con m\u00e1s de doscientas plazas y pensando en personas v\u00e1lidas, el paso del tiempo ha ido reduciendo el tama\u00f1o de los nuevos establecimientos y centrando el objetivo a cubrir en personas asistidas. En los \u00faltimos a\u00f1os parece que la tendencia vuelve a cambiar: En las grandes capitales espa\u00f1olas se est\u00e1n inaugurando otra vez residencias privadas de doscientas, o incluso m\u00e1s de doscientas cincuenta plazas y, algunos operadores quieren volver a apostar por el mayor v\u00e1lido ofreciendo conceptos residenciales que se encuentran entre la residencia y la vivienda con servicios. A pesar de este cambio de tendencia, Espa\u00f1a sigue siendo un pa\u00eds de residencias peque\u00f1as con un sector privado formado eminentemente por centros que acogen a menos de 50 residentes (y con un [&hellip;]","og_url":"https:\/\/www.inforesidencias.com\/blog\/index.php\/2005\/01\/16\/residencias-grandes-o-pequenas\/","og_site_name":"Blog Inforesidencias.com","article_publisher":"https:\/\/www.facebook.com\/Inforesidencias\/","article_author":"https:\/\/www.facebook.com\/josep.demarti","article_published_time":"2005-01-16T07:39:00+00:00","author":"Josep de Mart\u00ed","twitter_card":"summary_large_image","twitter_creator":"@blog-ir","twitter_site":"@inforesidencias","twitter_misc":{"Escrito por":"Josep de Mart\u00ed","Tiempo de lectura":"3 minutos"},"schema":{"@context":"https:\/\/schema.org","@graph":[{"@type":"WebPage","@id":"https:\/\/www.inforesidencias.com\/blog\/index.php\/2005\/01\/16\/residencias-grandes-o-pequenas\/","url":"https:\/\/www.inforesidencias.com\/blog\/index.php\/2005\/01\/16\/residencias-grandes-o-pequenas\/","name":">RESIDENCIAS GRANDES O PEQUE\u00d1AS - Blog Inforesidencias.com","isPartOf":{"@id":"https:\/\/www.inforesidencias.com\/blog\/#website"},"datePublished":"2005-01-16T07:39:00+00:00","dateModified":"2005-01-16T07:39:00+00:00","author":{"@id":"https:\/\/www.inforesidencias.com\/blog\/#\/schema\/person\/9e146774d1eb3bc1c0316242a3898628"},"breadcrumb":{"@id":"https:\/\/www.inforesidencias.com\/blog\/index.php\/2005\/01\/16\/residencias-grandes-o-pequenas\/#breadcrumb"},"inLanguage":"es","potentialAction":[{"@type":"ReadAction","target":["https:\/\/www.inforesidencias.com\/blog\/index.php\/2005\/01\/16\/residencias-grandes-o-pequenas\/"]}]},{"@type":"BreadcrumbList","@id":"https:\/\/www.inforesidencias.com\/blog\/index.php\/2005\/01\/16\/residencias-grandes-o-pequenas\/#breadcrumb","itemListElement":[{"@type":"ListItem","position":1,"name":"Home","item":"https:\/\/www.inforesidencias.com\/blog\/"},{"@type":"ListItem","position":2,"name":">RESIDENCIAS GRANDES O PEQUE\u00d1AS"}]},{"@type":"WebSite","@id":"https:\/\/www.inforesidencias.com\/blog\/#website","url":"https:\/\/www.inforesidencias.com\/blog\/","name":"Blog Inforesidencias.com","description":"El buscador de residencias de la 3\u00aa edad","potentialAction":[{"@type":"SearchAction","target":{"@type":"EntryPoint","urlTemplate":"https:\/\/www.inforesidencias.com\/blog\/?s={search_term_string}"},"query-input":"required name=search_term_string"}],"inLanguage":"es"},{"@type":"Person","@id":"https:\/\/www.inforesidencias.com\/blog\/#\/schema\/person\/9e146774d1eb3bc1c0316242a3898628","name":"Josep de Mart\u00ed","image":{"@type":"ImageObject","inLanguage":"es","@id":"https:\/\/www.inforesidencias.com\/blog\/#\/schema\/person\/image\/","url":"https:\/\/secure.gravatar.com\/avatar\/de0302c4806c00c4cebff396a798c1ff?s=96&d=mm&r=g","contentUrl":"https:\/\/secure.gravatar.com\/avatar\/de0302c4806c00c4cebff396a798c1ff?s=96&d=mm&r=g","caption":"Josep de Mart\u00ed"},"sameAs":["https:\/\/www.inforesidencias.com","https:\/\/www.facebook.com\/josep.demarti","https:\/\/twitter.com\/blog-ir"],"url":"https:\/\/www.inforesidencias.com\/blog\/index.php\/author\/josepdemarti\/"}]}},"_links":{"self":[{"href":"https:\/\/www.inforesidencias.com\/blog\/index.php\/wp-json\/wp\/v2\/posts\/17"}],"collection":[{"href":"https:\/\/www.inforesidencias.com\/blog\/index.php\/wp-json\/wp\/v2\/posts"}],"about":[{"href":"https:\/\/www.inforesidencias.com\/blog\/index.php\/wp-json\/wp\/v2\/types\/post"}],"author":[{"embeddable":true,"href":"https:\/\/www.inforesidencias.com\/blog\/index.php\/wp-json\/wp\/v2\/users\/2"}],"replies":[{"embeddable":true,"href":"https:\/\/www.inforesidencias.com\/blog\/index.php\/wp-json\/wp\/v2\/comments?post=17"}],"version-history":[{"count":0,"href":"https:\/\/www.inforesidencias.com\/blog\/index.php\/wp-json\/wp\/v2\/posts\/17\/revisions"}],"wp:attachment":[{"href":"https:\/\/www.inforesidencias.com\/blog\/index.php\/wp-json\/wp\/v2\/media?parent=17"}],"wp:term":[{"taxonomy":"category","embeddable":true,"href":"https:\/\/www.inforesidencias.com\/blog\/index.php\/wp-json\/wp\/v2\/categories?post=17"},{"taxonomy":"post_tag","embeddable":true,"href":"https:\/\/www.inforesidencias.com\/blog\/index.php\/wp-json\/wp\/v2\/tags?post=17"}],"curies":[{"name":"wp","href":"https:\/\/api.w.org\/{rel}","templated":true}]}}