{"id":1703,"date":"2018-11-22T13:03:29","date_gmt":"2018-11-22T13:03:29","guid":{"rendered":"https:\/\/www.inforesidencias.com\/blog\/?p=1703"},"modified":"2018-11-22T13:03:29","modified_gmt":"2018-11-22T13:03:29","slug":"una-residencia-vista-por-una-residente","status":"publish","type":"post","link":"https:\/\/www.inforesidencias.com\/blog\/index.php\/2018\/11\/22\/una-residencia-vista-por-una-residente\/","title":{"rendered":"Una residencia vista por una residente"},"content":{"rendered":"<p>Hace pocos d\u00edas, dos residentes y una profesional de la <a href=\"http:\/\/www.ibada.cat\/\">residencia Ibada en Navarcles<\/a>, vinieron al programa semanal que inforesidencias tiene en radio Estel, una emisora de Catalu\u00f1a. Por nuestra sorpresa, una de las residentes, la Sra. Carme nos trajo un texto que escribi\u00f3 hace tiempo y que aunque no pudimos leerlo entero en el programa, nos gust\u00f3 tanto que lo quisimos publicar en el blog. Trata sobre como ve ella la residencia. Lo m\u00e1s curioso adem\u00e1s, es que la Sra. Carme trabaj\u00f3 15 a\u00f1os en la residencia antes de jubilarse, y ahora con 85 a\u00f1os, lleva 3 viviendo en ella. Empieza as\u00ed:<\/p>\n<p style=\"text-align: justify\">Despu\u00e9s de una breve conversaci\u00f3n con unos amigos, me pongo a escribir como veo la vida de la residencia, de nuestra residencia.<\/p>\n<h1 style=\"text-align: justify\">La direcci\u00f3n:<\/h1>\n<p style=\"text-align: justify\">Con la gran capacidad para ir descubriendo las ventajas que puedan mejorar y ayudar en todos los aspectos las necesidades o inquietudes de los residentes. Trabajo constante y supervisi\u00f3n para el buen funcionamiento. Trato cercano y amable.<\/p>\n<h2 style=\"text-align: justify\">Los usuarios:<\/h2>\n<p style=\"text-align: justify\">&#8211; Diferentes procedencias<\/p>\n<p style=\"text-align: justify\">&#8211; Dentro de los c\u00e1nones, diferentes edades<\/p>\n<p style=\"text-align: justify\">&#8211; Cada uno con su propio bagaje que han cargado durante la vida<\/p>\n<p style=\"text-align: justify\">&#8211; Y de todo el conjunto, se van formado peque\u00f1os grupos seg\u00fan temperamentos, aficiones, obsesiones, gustos\u2026. Que se pueden definir m\u00e1s o menos as\u00ed:<\/p>\n<p style=\"text-align: justify\"><span style=\"text-decoration: underline\">1\u00ba Grupo arist\u00f3crata:<\/span> Yo siempre me siento aqu\u00ed, con esta persona y esta otra. Es mi sitio.<\/p>\n<p style=\"text-align: justify\"><span style=\"text-decoration: underline\">2\u00ba Grupo investigador:<\/span> Quien entra, quien sale\u2026 facilidad para inventar alguna historia.<\/p>\n<div style=\"width: 310px\" class=\"wp-caption alignleft\"><a href=\"https:\/\/www.inforesidencias.com\/blog\/wp-content\/uploads\/2018\/11\/Josep-de-Marti-y-Carme-de-la-residencia-Ibada.jpg\"><img decoding=\"async\" loading=\"lazy\" class=\"wp-image-1704\" src=\"https:\/\/www.inforesidencias.com\/blog\/wp-content\/uploads\/2018\/11\/Josep-de-Marti-y-Carme-de-la-residencia-Ibada.jpg\" alt=\"Foto del d\u00eda del programa de radio\" width=\"300\" height=\"308\" \/><\/a><p class=\"wp-caption-text\">Foto del d\u00eda del programa de radio Josep de Marti i Merc\u00e8<\/p><\/div>\n<p style=\"text-align: justify\"><span style=\"text-decoration: underline\">3\u00ba Grupo adolorido:<\/span> Yo tengo m\u00e1s dolores que tu.<\/p>\n<p style=\"text-align: justify\"><span style=\"text-decoration: underline\">4\u00baGrupo callado:<\/span> Pero susurra al o\u00eddo del otro.<\/p>\n<p style=\"text-align: justify\"><span style=\"text-decoration: underline\">5\u00ba Grupo conservador:<\/span> Todo se hac\u00eda mejor antes que ahora.<\/p>\n<p style=\"text-align: justify\"><span style=\"text-decoration: underline\">6\u00ba Grupo imparcial:<\/span> Habla con quien haya, se sientan donde hay sitio y se espera cuando se tiene que esperar.<\/p>\n<p style=\"text-align: justify\"><span style=\"text-decoration: underline\">7\u00ba Grupo din\u00e1mico:<\/span> Que participa en diferentes actividades y con buen humor y esp\u00edritu de cr\u00edtica constructiva.<\/p>\n<p style=\"text-align: justify\">Esta diversidad de personas vivimos bajo el mismo techo y en un sitio para ir cultivando nuestra memoria, psicomotricidad, atenci\u00f3n m\u00e9dica, atenci\u00f3n espiritual, fiestas, salidas, manualidades, talleres. Adem\u00e1s hay proximidad con la direcci\u00f3n y los profesionales, con el personal debidamente preparado, comidas equilibradas, servicios de atenci\u00f3n etc. Todo lo que se puede necesitar.Estamos en una casa soleada por la proximidad al bosque y por otro lado podemos contemplar y tenemos muy cerca el pueblo de Navarcles en el que algunos hemos vivido y crecido.<\/p>\n<p style=\"text-align: justify\">Es decir, tenemos un lugar digno para vivir, convivir y morir<\/p>\n<p style=\"text-align: justify\">Como comentamos, tambi\u00e9n nos acompa\u00f1\u00f3 otra persona que tambi\u00e9n vive en la residencia Ibada, y se trata de la Sra. Merc\u00e8. Ella no trajo ning\u00fan texto pero tambi\u00e9n hay que decir que su presencia en el programa fue muy enriquecedora. Desde aqu\u00ed, les damos una vez m\u00e1s gracias a ellas y a la directora de servicios la Sra. Alba por haber venido al programa.<\/p>\n<div id=\"attachment_1710\" style=\"width: 300px\" class=\"wp-caption alignleft\"><a href=\"https:\/\/www.inforesidencias.com\/blog\/wp-content\/uploads\/2018\/11\/Josep-de-Marti-Merce\u0300-y-Carme-.jpg\"><img aria-describedby=\"caption-attachment-1710\" decoding=\"async\" loading=\"lazy\" class=\"size-full wp-image-1710\" src=\"https:\/\/www.inforesidencias.com\/blog\/wp-content\/uploads\/2018\/11\/Josep-de-Marti-Merce\u0300-y-Carme-.jpg\" alt=\"Josep de Marti, Merce\u0300 y Carme de la residencia Ibada\" width=\"290\" height=\"268\" \/><\/a><p id=\"caption-attachment-1710\" class=\"wp-caption-text\">Josep de Marti, Merce\u0300 y Carme de la residencia Ibada<\/p><\/div>\n","protected":false},"excerpt":{"rendered":"<p>Hace pocos d\u00edas, dos residentes y una profesional de la residencia Ibada en Navarcles, vinieron al programa semanal que inforesidencias tiene en radio Estel, una emisora de Catalu\u00f1a. Por nuestra sorpresa, una de las residentes, la Sra. Carme nos trajo un texto que escribi\u00f3 hace tiempo y que aunque no pudimos leerlo entero en el programa, nos gust\u00f3 tanto que lo quisimos publicar en el blog. Trata sobre como ve ella la residencia. Lo m\u00e1s curioso adem\u00e1s, es que la Sra. Carme trabaj\u00f3 15 a\u00f1os en la residencia antes de jubilarse, y ahora con 85 a\u00f1os, lleva 3 viviendo en ella. Empieza as\u00ed: Despu\u00e9s de una breve conversaci\u00f3n con unos amigos, me pongo a escribir como veo la vida de la residencia, de nuestra residencia. La direcci\u00f3n: Con la gran capacidad para ir descubriendo las ventajas que puedan mejorar y ayudar en todos los aspectos las necesidades o inquietudes de [&hellip;]<\/p>\n","protected":false},"author":2,"featured_media":1704,"comment_status":"open","ping_status":"open","sticky":false,"template":"","format":"standard","meta":{"footnotes":""},"categories":[1],"tags":[],"yoast_head":"<!-- This site is optimized with the Yoast SEO plugin v21.7 - https:\/\/yoast.com\/wordpress\/plugins\/seo\/ -->\n<title>Una residencia vista por una residente - Blog Inforesidencias.com<\/title>\n<meta name=\"description\" content=\"Un texto de una residente de la residencia Ibada, donde nos da su visi\u00f3n de como ve ella la residencia desde dentro\" \/>\n<meta name=\"robots\" content=\"index, follow, max-snippet:-1, max-image-preview:large, max-video-preview:-1\" \/>\n<link rel=\"canonical\" href=\"https:\/\/www.inforesidencias.com\/blog\/index.php\/2018\/11\/22\/una-residencia-vista-por-una-residente\/\" \/>\n<meta property=\"og:locale\" content=\"es_ES\" \/>\n<meta property=\"og:type\" content=\"article\" \/>\n<meta property=\"og:title\" content=\"Una residencia vista por una residente - Blog Inforesidencias.com\" \/>\n<meta property=\"og:description\" content=\"Un texto de una residente de la residencia Ibada, donde nos da su visi\u00f3n de como ve ella la residencia desde dentro\" \/>\n<meta property=\"og:url\" content=\"https:\/\/www.inforesidencias.com\/blog\/index.php\/2018\/11\/22\/una-residencia-vista-por-una-residente\/\" \/>\n<meta property=\"og:site_name\" content=\"Blog Inforesidencias.com\" \/>\n<meta property=\"article:publisher\" content=\"https:\/\/www.facebook.com\/Inforesidencias\/\" \/>\n<meta property=\"article:author\" content=\"https:\/\/www.facebook.com\/josep.demarti\" \/>\n<meta property=\"article:published_time\" content=\"2018-11-22T13:03:29+00:00\" \/>\n<meta property=\"og:image\" content=\"https:\/\/www.inforesidencias.com\/blog\/wp-content\/uploads\/2018\/11\/Josep-de-Marti-y-Carme-de-la-residencia-Ibada.jpg\" \/>\n\t<meta property=\"og:image:width\" content=\"500\" \/>\n\t<meta property=\"og:image:height\" content=\"514\" \/>\n\t<meta property=\"og:image:type\" content=\"image\/jpeg\" \/>\n<meta name=\"author\" content=\"Josep de Mart\u00ed\" \/>\n<meta name=\"twitter:card\" content=\"summary_large_image\" \/>\n<meta name=\"twitter:creator\" content=\"@blog-ir\" \/>\n<meta name=\"twitter:site\" content=\"@inforesidencias\" \/>\n<meta name=\"twitter:label1\" content=\"Escrito por\" \/>\n\t<meta name=\"twitter:data1\" content=\"Josep de Mart\u00ed\" \/>\n\t<meta name=\"twitter:label2\" content=\"Tiempo de lectura\" \/>\n\t<meta name=\"twitter:data2\" content=\"3 minutos\" \/>\n<script type=\"application\/ld+json\" class=\"yoast-schema-graph\">{\"@context\":\"https:\/\/schema.org\",\"@graph\":[{\"@type\":\"WebPage\",\"@id\":\"https:\/\/www.inforesidencias.com\/blog\/index.php\/2018\/11\/22\/una-residencia-vista-por-una-residente\/\",\"url\":\"https:\/\/www.inforesidencias.com\/blog\/index.php\/2018\/11\/22\/una-residencia-vista-por-una-residente\/\",\"name\":\"Una residencia vista por una residente - Blog Inforesidencias.com\",\"isPartOf\":{\"@id\":\"https:\/\/www.inforesidencias.com\/blog\/#website\"},\"datePublished\":\"2018-11-22T13:03:29+00:00\",\"dateModified\":\"2018-11-22T13:03:29+00:00\",\"author\":{\"@id\":\"https:\/\/www.inforesidencias.com\/blog\/#\/schema\/person\/9e146774d1eb3bc1c0316242a3898628\"},\"description\":\"Un texto de una residente de la residencia Ibada, donde nos da su visi\u00f3n de como ve ella la residencia desde dentro\",\"breadcrumb\":{\"@id\":\"https:\/\/www.inforesidencias.com\/blog\/index.php\/2018\/11\/22\/una-residencia-vista-por-una-residente\/#breadcrumb\"},\"inLanguage\":\"es\",\"potentialAction\":[{\"@type\":\"ReadAction\",\"target\":[\"https:\/\/www.inforesidencias.com\/blog\/index.php\/2018\/11\/22\/una-residencia-vista-por-una-residente\/\"]}]},{\"@type\":\"BreadcrumbList\",\"@id\":\"https:\/\/www.inforesidencias.com\/blog\/index.php\/2018\/11\/22\/una-residencia-vista-por-una-residente\/#breadcrumb\",\"itemListElement\":[{\"@type\":\"ListItem\",\"position\":1,\"name\":\"Home\",\"item\":\"https:\/\/www.inforesidencias.com\/blog\/\"},{\"@type\":\"ListItem\",\"position\":2,\"name\":\"Una residencia vista por una residente\"}]},{\"@type\":\"WebSite\",\"@id\":\"https:\/\/www.inforesidencias.com\/blog\/#website\",\"url\":\"https:\/\/www.inforesidencias.com\/blog\/\",\"name\":\"Blog Inforesidencias.com\",\"description\":\"El buscador de residencias de la 3\u00aa edad\",\"potentialAction\":[{\"@type\":\"SearchAction\",\"target\":{\"@type\":\"EntryPoint\",\"urlTemplate\":\"https:\/\/www.inforesidencias.com\/blog\/?s={search_term_string}\"},\"query-input\":\"required name=search_term_string\"}],\"inLanguage\":\"es\"},{\"@type\":\"Person\",\"@id\":\"https:\/\/www.inforesidencias.com\/blog\/#\/schema\/person\/9e146774d1eb3bc1c0316242a3898628\",\"name\":\"Josep de Mart\u00ed\",\"image\":{\"@type\":\"ImageObject\",\"inLanguage\":\"es\",\"@id\":\"https:\/\/www.inforesidencias.com\/blog\/#\/schema\/person\/image\/\",\"url\":\"https:\/\/secure.gravatar.com\/avatar\/de0302c4806c00c4cebff396a798c1ff?s=96&d=mm&r=g\",\"contentUrl\":\"https:\/\/secure.gravatar.com\/avatar\/de0302c4806c00c4cebff396a798c1ff?s=96&d=mm&r=g\",\"caption\":\"Josep de Mart\u00ed\"},\"sameAs\":[\"https:\/\/www.inforesidencias.com\",\"https:\/\/www.facebook.com\/josep.demarti\",\"https:\/\/twitter.com\/blog-ir\"],\"url\":\"https:\/\/www.inforesidencias.com\/blog\/index.php\/author\/josepdemarti\/\"}]}<\/script>\n<!-- \/ Yoast SEO plugin. -->","yoast_head_json":{"title":"Una residencia vista por una residente - Blog Inforesidencias.com","description":"Un texto de una residente de la residencia Ibada, donde nos da su visi\u00f3n de como ve ella la residencia desde dentro","robots":{"index":"index","follow":"follow","max-snippet":"max-snippet:-1","max-image-preview":"max-image-preview:large","max-video-preview":"max-video-preview:-1"},"canonical":"https:\/\/www.inforesidencias.com\/blog\/index.php\/2018\/11\/22\/una-residencia-vista-por-una-residente\/","og_locale":"es_ES","og_type":"article","og_title":"Una residencia vista por una residente - Blog Inforesidencias.com","og_description":"Un texto de una residente de la residencia Ibada, donde nos da su visi\u00f3n de como ve ella la residencia desde dentro","og_url":"https:\/\/www.inforesidencias.com\/blog\/index.php\/2018\/11\/22\/una-residencia-vista-por-una-residente\/","og_site_name":"Blog Inforesidencias.com","article_publisher":"https:\/\/www.facebook.com\/Inforesidencias\/","article_author":"https:\/\/www.facebook.com\/josep.demarti","article_published_time":"2018-11-22T13:03:29+00:00","og_image":[{"width":500,"height":514,"url":"https:\/\/www.inforesidencias.com\/blog\/wp-content\/uploads\/2018\/11\/Josep-de-Marti-y-Carme-de-la-residencia-Ibada.jpg","type":"image\/jpeg"}],"author":"Josep de Mart\u00ed","twitter_card":"summary_large_image","twitter_creator":"@blog-ir","twitter_site":"@inforesidencias","twitter_misc":{"Escrito por":"Josep de Mart\u00ed","Tiempo de lectura":"3 minutos"},"schema":{"@context":"https:\/\/schema.org","@graph":[{"@type":"WebPage","@id":"https:\/\/www.inforesidencias.com\/blog\/index.php\/2018\/11\/22\/una-residencia-vista-por-una-residente\/","url":"https:\/\/www.inforesidencias.com\/blog\/index.php\/2018\/11\/22\/una-residencia-vista-por-una-residente\/","name":"Una residencia vista por una residente - Blog Inforesidencias.com","isPartOf":{"@id":"https:\/\/www.inforesidencias.com\/blog\/#website"},"datePublished":"2018-11-22T13:03:29+00:00","dateModified":"2018-11-22T13:03:29+00:00","author":{"@id":"https:\/\/www.inforesidencias.com\/blog\/#\/schema\/person\/9e146774d1eb3bc1c0316242a3898628"},"description":"Un texto de una residente de la residencia Ibada, donde nos da su visi\u00f3n de como ve ella la residencia desde dentro","breadcrumb":{"@id":"https:\/\/www.inforesidencias.com\/blog\/index.php\/2018\/11\/22\/una-residencia-vista-por-una-residente\/#breadcrumb"},"inLanguage":"es","potentialAction":[{"@type":"ReadAction","target":["https:\/\/www.inforesidencias.com\/blog\/index.php\/2018\/11\/22\/una-residencia-vista-por-una-residente\/"]}]},{"@type":"BreadcrumbList","@id":"https:\/\/www.inforesidencias.com\/blog\/index.php\/2018\/11\/22\/una-residencia-vista-por-una-residente\/#breadcrumb","itemListElement":[{"@type":"ListItem","position":1,"name":"Home","item":"https:\/\/www.inforesidencias.com\/blog\/"},{"@type":"ListItem","position":2,"name":"Una residencia vista por una residente"}]},{"@type":"WebSite","@id":"https:\/\/www.inforesidencias.com\/blog\/#website","url":"https:\/\/www.inforesidencias.com\/blog\/","name":"Blog Inforesidencias.com","description":"El buscador de residencias de la 3\u00aa edad","potentialAction":[{"@type":"SearchAction","target":{"@type":"EntryPoint","urlTemplate":"https:\/\/www.inforesidencias.com\/blog\/?s={search_term_string}"},"query-input":"required name=search_term_string"}],"inLanguage":"es"},{"@type":"Person","@id":"https:\/\/www.inforesidencias.com\/blog\/#\/schema\/person\/9e146774d1eb3bc1c0316242a3898628","name":"Josep de Mart\u00ed","image":{"@type":"ImageObject","inLanguage":"es","@id":"https:\/\/www.inforesidencias.com\/blog\/#\/schema\/person\/image\/","url":"https:\/\/secure.gravatar.com\/avatar\/de0302c4806c00c4cebff396a798c1ff?s=96&d=mm&r=g","contentUrl":"https:\/\/secure.gravatar.com\/avatar\/de0302c4806c00c4cebff396a798c1ff?s=96&d=mm&r=g","caption":"Josep de Mart\u00ed"},"sameAs":["https:\/\/www.inforesidencias.com","https:\/\/www.facebook.com\/josep.demarti","https:\/\/twitter.com\/blog-ir"],"url":"https:\/\/www.inforesidencias.com\/blog\/index.php\/author\/josepdemarti\/"}]}},"_links":{"self":[{"href":"https:\/\/www.inforesidencias.com\/blog\/index.php\/wp-json\/wp\/v2\/posts\/1703"}],"collection":[{"href":"https:\/\/www.inforesidencias.com\/blog\/index.php\/wp-json\/wp\/v2\/posts"}],"about":[{"href":"https:\/\/www.inforesidencias.com\/blog\/index.php\/wp-json\/wp\/v2\/types\/post"}],"author":[{"embeddable":true,"href":"https:\/\/www.inforesidencias.com\/blog\/index.php\/wp-json\/wp\/v2\/users\/2"}],"replies":[{"embeddable":true,"href":"https:\/\/www.inforesidencias.com\/blog\/index.php\/wp-json\/wp\/v2\/comments?post=1703"}],"version-history":[{"count":8,"href":"https:\/\/www.inforesidencias.com\/blog\/index.php\/wp-json\/wp\/v2\/posts\/1703\/revisions"}],"predecessor-version":[{"id":1713,"href":"https:\/\/www.inforesidencias.com\/blog\/index.php\/wp-json\/wp\/v2\/posts\/1703\/revisions\/1713"}],"wp:featuredmedia":[{"embeddable":true,"href":"https:\/\/www.inforesidencias.com\/blog\/index.php\/wp-json\/wp\/v2\/media\/1704"}],"wp:attachment":[{"href":"https:\/\/www.inforesidencias.com\/blog\/index.php\/wp-json\/wp\/v2\/media?parent=1703"}],"wp:term":[{"taxonomy":"category","embeddable":true,"href":"https:\/\/www.inforesidencias.com\/blog\/index.php\/wp-json\/wp\/v2\/categories?post=1703"},{"taxonomy":"post_tag","embeddable":true,"href":"https:\/\/www.inforesidencias.com\/blog\/index.php\/wp-json\/wp\/v2\/tags?post=1703"}],"curies":[{"name":"wp","href":"https:\/\/api.w.org\/{rel}","templated":true}]}}