{"id":1721,"date":"2018-11-29T08:51:25","date_gmt":"2018-11-29T08:51:25","guid":{"rendered":"https:\/\/www.inforesidencias.com\/blog\/?p=1721"},"modified":"2018-11-29T08:51:25","modified_gmt":"2018-11-29T08:51:25","slug":"hablando-de-los-centros-de-dia-y-profesionales-islandeses-en-la-radio","status":"publish","type":"post","link":"https:\/\/www.inforesidencias.com\/blog\/index.php\/2018\/11\/29\/hablando-de-los-centros-de-dia-y-profesionales-islandeses-en-la-radio\/","title":{"rendered":"Hablando de los centros de d\u00eda y profesionales islandeses en la radio"},"content":{"rendered":"<p>Como muchas personas ya saben, desde hace unos meses,<a href=\"https:\/\/www.inforesidencias.com\/particulares\"> inforesidencias<\/a> tiene programa de radio llamado \u201c\u00c9s gran ser gran\u201d en radio Estel, una emisora de Catalu\u00f1a con alcance en esta comunidad aut\u00f3noma. Dicho programa se emite los martes en directo de 17 a 18h.<\/p>\n<p style=\"text-align: justify\">Ayer tuvimos la presencia de Manel Vates, director de la residencia\u00a0<a href=\"https:\/\/www.amavir.es\/residencia-de-ancianos-barcelona-amavir-horta\">Amavir Horta<\/a>\u00a0y del Sr. \u00c1lvaro, un residente que lleva ya un tiempo viviendo all\u00ed. Manel nos explic\u00f3 un poco que es el Grupo Amavir, y en concreto cuanto tiempo hace que se cre\u00f3 Amavir Horta, as\u00ed como algunas peculiaridades de su centro. Adem\u00e1s tambi\u00e9n hablamos sobre los centros de d\u00eda, un servicio muy \u00fatil, necesario y beneficioso que tal vez no sea demasiado conocido por la poblaci\u00f3n en general.<\/p>\n<p style=\"text-align: justify\">Con el Sr. \u00c1lvaro tuvimos tambi\u00e9n una agradable e interesante conversaci\u00f3n en la que nos cont\u00f3 como era su d\u00eda a d\u00eda en esa residencia, su visi\u00f3n del centro y lo que m\u00e1s le gustaba de la residencia. No pudimos evitar hacerle algunas preguntas que nos gusta hacer siempre a las personas que viven en las residencias como por ejemplo, que ta era la comida y c\u00f3mo se imaginaba que eran las residencias antes de entrar a vivir en una. Hay que decir, que el Sr. \u00c1lvaro era un \u201cpozo de sabidur\u00eda\u201d y amabilidad y desde aqu\u00ed le queremos agradecer de nuevo, su asistencia al programa.<\/p>\n<p style=\"text-align: justify\"><a href=\"https:\/\/www.inforesidencias.com\/blog\/wp-content\/uploads\/2018\/11\/programaa-27-noviembre-radio-Estel.png\"><img decoding=\"async\" loading=\"lazy\" class=\"aligncenter size-full wp-image-1719\" src=\"https:\/\/www.inforesidencias.com\/blog\/wp-content\/uploads\/2018\/11\/programaa-27-noviembre-radio-Estel.png\" alt=\"Hablando de centros de d\u00eda, islandeses y robots\" width=\"894\" height=\"504\" \/><\/a><strong>** De izquierda a derecha : Marc Rius (Co-conductor del programa), Jose Luis Montserrat, el Sr. \u00c1lvaro, Manel Vates y Carles Reixach (trabajador social)<\/strong><\/p>\n<p style=\"text-align: justify\">Tambi\u00e9n contamos con un colaborador habitual, Jose Luis Montserrat, director de <a href=\"https:\/\/www.inforesidencias.com\/centros\/residencia\/8394\/residencial-palau\">Residencial Palau<\/a>, en Palau de Plegamans. Con \u00e9l, esta vez hablamos primero de la visita que recibi\u00f3 hace unas semanas de un<a href=\"https:\/\/dependencia.info\/buscar\/?q=palau&amp;fecha=indiferente&amp;desde=&amp;hasta=&amp;orden=2&amp;fecha=indiferente&amp;pagina=&amp;tipo=&amp;q_seccion=\">\u00a0grupo de profesionales islandeses<\/a>, que trabajan en el hospital Landsp\u00edtali de Reykjavik. Jose Luis nos cont\u00f3 el porqu\u00e9 de ese viaje a nuestra geograf\u00eda, que fue lo que les explicaron y lo que m\u00e1s les sorprendi\u00f3.<\/p>\n<p style=\"text-align: justify\">Finalmente tambi\u00e9n hablamos sobre el futuro de las residencias en relaci\u00f3n a su personal y a la presencia y\u00a0<a href=\"https:\/\/dependencia.info\/noticia\/2311\/opinion\/etica-robots-y-residencias.html\">aceptaci\u00f3n de robots o instrumentos similare<\/a>s as\u00ed como su aceptaci\u00f3n por parte de los residentes actuales y los que vendr\u00e1n.<\/p>\n<p style=\"text-align: justify\">Os dejamos el enlace del programa y esperamos que nos pod\u00e1is escuchar cada martes de 17 a 18h.<\/p>\n<p style=\"text-align: justify\">Para escuchar el \u00faltimo programa,<a href=\"https:\/\/www.estelfitxers.com\/audio\/20181127-17_00ESGRANSERGRAN.MP3\"> pincha aqu\u00ed<\/a><\/p>\n","protected":false},"excerpt":{"rendered":"<p>Como muchas personas ya saben, desde hace unos meses, inforesidencias tiene programa de radio llamado \u201c\u00c9s gran ser gran\u201d en radio Estel, una emisora de Catalu\u00f1a con alcance en esta comunidad aut\u00f3noma. Dicho programa se emite los martes en directo de 17 a 18h. Ayer tuvimos la presencia de Manel Vates, director de la residencia\u00a0Amavir Horta\u00a0y del Sr. \u00c1lvaro, un residente que lleva ya un tiempo viviendo all\u00ed. Manel nos explic\u00f3 un poco que es el Grupo Amavir, y en concreto cuanto tiempo hace que se cre\u00f3 Amavir Horta, as\u00ed como algunas peculiaridades de su centro. Adem\u00e1s tambi\u00e9n hablamos sobre los centros de d\u00eda, un servicio muy \u00fatil, necesario y beneficioso que tal vez no sea demasiado conocido por la poblaci\u00f3n en general. Con el Sr. \u00c1lvaro tuvimos tambi\u00e9n una agradable e interesante conversaci\u00f3n en la que nos cont\u00f3 como era su d\u00eda a d\u00eda en esa residencia, su visi\u00f3n [&hellip;]<\/p>\n","protected":false},"author":2,"featured_media":0,"comment_status":"open","ping_status":"open","sticky":false,"template":"","format":"standard","meta":{"footnotes":""},"categories":[1],"tags":[],"yoast_head":"<!-- This site is optimized with the Yoast SEO plugin v21.7 - https:\/\/yoast.com\/wordpress\/plugins\/seo\/ -->\n<title>Hablando de los centros de d\u00eda y profesionales islandeses en la radio - Blog Inforesidencias.com<\/title>\n<meta name=\"description\" content=\"En el programa de radio hablamos con Amavir y Residencial Palau sobre los centros de d\u00eda, los profesionales islandeses que han venido de visita y de rob\u00f3tica\" \/>\n<meta name=\"robots\" content=\"index, follow, max-snippet:-1, max-image-preview:large, max-video-preview:-1\" \/>\n<link rel=\"canonical\" href=\"https:\/\/www.inforesidencias.com\/blog\/index.php\/2018\/11\/29\/hablando-de-los-centros-de-dia-y-profesionales-islandeses-en-la-radio\/\" \/>\n<meta property=\"og:locale\" content=\"es_ES\" \/>\n<meta property=\"og:type\" content=\"article\" \/>\n<meta property=\"og:title\" content=\"Hablando de los centros de d\u00eda y profesionales islandeses en la radio - Blog Inforesidencias.com\" \/>\n<meta property=\"og:description\" content=\"En el programa de radio hablamos con Amavir y Residencial Palau sobre los centros de d\u00eda, los profesionales islandeses que han venido de visita y de rob\u00f3tica\" \/>\n<meta property=\"og:url\" content=\"https:\/\/www.inforesidencias.com\/blog\/index.php\/2018\/11\/29\/hablando-de-los-centros-de-dia-y-profesionales-islandeses-en-la-radio\/\" \/>\n<meta property=\"og:site_name\" content=\"Blog Inforesidencias.com\" \/>\n<meta property=\"article:publisher\" content=\"https:\/\/www.facebook.com\/Inforesidencias\/\" \/>\n<meta property=\"article:author\" content=\"https:\/\/www.facebook.com\/josep.demarti\" \/>\n<meta property=\"article:published_time\" content=\"2018-11-29T08:51:25+00:00\" \/>\n<meta property=\"og:image\" content=\"https:\/\/www.inforesidencias.com\/blog\/wp-content\/uploads\/2018\/11\/programaa-27-noviembre-radio-Estel.png\" \/>\n<meta name=\"author\" content=\"Josep de Mart\u00ed\" \/>\n<meta name=\"twitter:card\" content=\"summary_large_image\" \/>\n<meta name=\"twitter:creator\" content=\"@blog-ir\" \/>\n<meta name=\"twitter:site\" content=\"@inforesidencias\" \/>\n<meta name=\"twitter:label1\" content=\"Escrito por\" \/>\n\t<meta name=\"twitter:data1\" content=\"Josep de Mart\u00ed\" \/>\n\t<meta name=\"twitter:label2\" content=\"Tiempo de lectura\" \/>\n\t<meta name=\"twitter:data2\" content=\"2 minutos\" \/>\n<script type=\"application\/ld+json\" class=\"yoast-schema-graph\">{\"@context\":\"https:\/\/schema.org\",\"@graph\":[{\"@type\":\"WebPage\",\"@id\":\"https:\/\/www.inforesidencias.com\/blog\/index.php\/2018\/11\/29\/hablando-de-los-centros-de-dia-y-profesionales-islandeses-en-la-radio\/\",\"url\":\"https:\/\/www.inforesidencias.com\/blog\/index.php\/2018\/11\/29\/hablando-de-los-centros-de-dia-y-profesionales-islandeses-en-la-radio\/\",\"name\":\"Hablando de los centros de d\u00eda y profesionales islandeses en la radio - Blog Inforesidencias.com\",\"isPartOf\":{\"@id\":\"https:\/\/www.inforesidencias.com\/blog\/#website\"},\"datePublished\":\"2018-11-29T08:51:25+00:00\",\"dateModified\":\"2018-11-29T08:51:25+00:00\",\"author\":{\"@id\":\"https:\/\/www.inforesidencias.com\/blog\/#\/schema\/person\/9e146774d1eb3bc1c0316242a3898628\"},\"description\":\"En el programa de radio hablamos con Amavir y Residencial Palau sobre los centros de d\u00eda, los profesionales islandeses que han venido de visita y de rob\u00f3tica\",\"breadcrumb\":{\"@id\":\"https:\/\/www.inforesidencias.com\/blog\/index.php\/2018\/11\/29\/hablando-de-los-centros-de-dia-y-profesionales-islandeses-en-la-radio\/#breadcrumb\"},\"inLanguage\":\"es\",\"potentialAction\":[{\"@type\":\"ReadAction\",\"target\":[\"https:\/\/www.inforesidencias.com\/blog\/index.php\/2018\/11\/29\/hablando-de-los-centros-de-dia-y-profesionales-islandeses-en-la-radio\/\"]}]},{\"@type\":\"BreadcrumbList\",\"@id\":\"https:\/\/www.inforesidencias.com\/blog\/index.php\/2018\/11\/29\/hablando-de-los-centros-de-dia-y-profesionales-islandeses-en-la-radio\/#breadcrumb\",\"itemListElement\":[{\"@type\":\"ListItem\",\"position\":1,\"name\":\"Home\",\"item\":\"https:\/\/www.inforesidencias.com\/blog\/\"},{\"@type\":\"ListItem\",\"position\":2,\"name\":\"Hablando de los centros de d\u00eda y profesionales islandeses en la radio\"}]},{\"@type\":\"WebSite\",\"@id\":\"https:\/\/www.inforesidencias.com\/blog\/#website\",\"url\":\"https:\/\/www.inforesidencias.com\/blog\/\",\"name\":\"Blog Inforesidencias.com\",\"description\":\"El buscador de residencias de la 3\u00aa edad\",\"potentialAction\":[{\"@type\":\"SearchAction\",\"target\":{\"@type\":\"EntryPoint\",\"urlTemplate\":\"https:\/\/www.inforesidencias.com\/blog\/?s={search_term_string}\"},\"query-input\":\"required name=search_term_string\"}],\"inLanguage\":\"es\"},{\"@type\":\"Person\",\"@id\":\"https:\/\/www.inforesidencias.com\/blog\/#\/schema\/person\/9e146774d1eb3bc1c0316242a3898628\",\"name\":\"Josep de Mart\u00ed\",\"image\":{\"@type\":\"ImageObject\",\"inLanguage\":\"es\",\"@id\":\"https:\/\/www.inforesidencias.com\/blog\/#\/schema\/person\/image\/\",\"url\":\"https:\/\/secure.gravatar.com\/avatar\/de0302c4806c00c4cebff396a798c1ff?s=96&d=mm&r=g\",\"contentUrl\":\"https:\/\/secure.gravatar.com\/avatar\/de0302c4806c00c4cebff396a798c1ff?s=96&d=mm&r=g\",\"caption\":\"Josep de Mart\u00ed\"},\"sameAs\":[\"https:\/\/www.inforesidencias.com\",\"https:\/\/www.facebook.com\/josep.demarti\",\"https:\/\/twitter.com\/blog-ir\"],\"url\":\"https:\/\/www.inforesidencias.com\/blog\/index.php\/author\/josepdemarti\/\"}]}<\/script>\n<!-- \/ Yoast SEO plugin. -->","yoast_head_json":{"title":"Hablando de los centros de d\u00eda y profesionales islandeses en la radio - Blog Inforesidencias.com","description":"En el programa de radio hablamos con Amavir y Residencial Palau sobre los centros de d\u00eda, los profesionales islandeses que han venido de visita y de rob\u00f3tica","robots":{"index":"index","follow":"follow","max-snippet":"max-snippet:-1","max-image-preview":"max-image-preview:large","max-video-preview":"max-video-preview:-1"},"canonical":"https:\/\/www.inforesidencias.com\/blog\/index.php\/2018\/11\/29\/hablando-de-los-centros-de-dia-y-profesionales-islandeses-en-la-radio\/","og_locale":"es_ES","og_type":"article","og_title":"Hablando de los centros de d\u00eda y profesionales islandeses en la radio - Blog Inforesidencias.com","og_description":"En el programa de radio hablamos con Amavir y Residencial Palau sobre los centros de d\u00eda, los profesionales islandeses que han venido de visita y de rob\u00f3tica","og_url":"https:\/\/www.inforesidencias.com\/blog\/index.php\/2018\/11\/29\/hablando-de-los-centros-de-dia-y-profesionales-islandeses-en-la-radio\/","og_site_name":"Blog Inforesidencias.com","article_publisher":"https:\/\/www.facebook.com\/Inforesidencias\/","article_author":"https:\/\/www.facebook.com\/josep.demarti","article_published_time":"2018-11-29T08:51:25+00:00","og_image":[{"url":"https:\/\/www.inforesidencias.com\/blog\/wp-content\/uploads\/2018\/11\/programaa-27-noviembre-radio-Estel.png"}],"author":"Josep de Mart\u00ed","twitter_card":"summary_large_image","twitter_creator":"@blog-ir","twitter_site":"@inforesidencias","twitter_misc":{"Escrito por":"Josep de Mart\u00ed","Tiempo de lectura":"2 minutos"},"schema":{"@context":"https:\/\/schema.org","@graph":[{"@type":"WebPage","@id":"https:\/\/www.inforesidencias.com\/blog\/index.php\/2018\/11\/29\/hablando-de-los-centros-de-dia-y-profesionales-islandeses-en-la-radio\/","url":"https:\/\/www.inforesidencias.com\/blog\/index.php\/2018\/11\/29\/hablando-de-los-centros-de-dia-y-profesionales-islandeses-en-la-radio\/","name":"Hablando de los centros de d\u00eda y profesionales islandeses en la radio - Blog Inforesidencias.com","isPartOf":{"@id":"https:\/\/www.inforesidencias.com\/blog\/#website"},"datePublished":"2018-11-29T08:51:25+00:00","dateModified":"2018-11-29T08:51:25+00:00","author":{"@id":"https:\/\/www.inforesidencias.com\/blog\/#\/schema\/person\/9e146774d1eb3bc1c0316242a3898628"},"description":"En el programa de radio hablamos con Amavir y Residencial Palau sobre los centros de d\u00eda, los profesionales islandeses que han venido de visita y de rob\u00f3tica","breadcrumb":{"@id":"https:\/\/www.inforesidencias.com\/blog\/index.php\/2018\/11\/29\/hablando-de-los-centros-de-dia-y-profesionales-islandeses-en-la-radio\/#breadcrumb"},"inLanguage":"es","potentialAction":[{"@type":"ReadAction","target":["https:\/\/www.inforesidencias.com\/blog\/index.php\/2018\/11\/29\/hablando-de-los-centros-de-dia-y-profesionales-islandeses-en-la-radio\/"]}]},{"@type":"BreadcrumbList","@id":"https:\/\/www.inforesidencias.com\/blog\/index.php\/2018\/11\/29\/hablando-de-los-centros-de-dia-y-profesionales-islandeses-en-la-radio\/#breadcrumb","itemListElement":[{"@type":"ListItem","position":1,"name":"Home","item":"https:\/\/www.inforesidencias.com\/blog\/"},{"@type":"ListItem","position":2,"name":"Hablando de los centros de d\u00eda y profesionales islandeses en la radio"}]},{"@type":"WebSite","@id":"https:\/\/www.inforesidencias.com\/blog\/#website","url":"https:\/\/www.inforesidencias.com\/blog\/","name":"Blog Inforesidencias.com","description":"El buscador de residencias de la 3\u00aa edad","potentialAction":[{"@type":"SearchAction","target":{"@type":"EntryPoint","urlTemplate":"https:\/\/www.inforesidencias.com\/blog\/?s={search_term_string}"},"query-input":"required name=search_term_string"}],"inLanguage":"es"},{"@type":"Person","@id":"https:\/\/www.inforesidencias.com\/blog\/#\/schema\/person\/9e146774d1eb3bc1c0316242a3898628","name":"Josep de Mart\u00ed","image":{"@type":"ImageObject","inLanguage":"es","@id":"https:\/\/www.inforesidencias.com\/blog\/#\/schema\/person\/image\/","url":"https:\/\/secure.gravatar.com\/avatar\/de0302c4806c00c4cebff396a798c1ff?s=96&d=mm&r=g","contentUrl":"https:\/\/secure.gravatar.com\/avatar\/de0302c4806c00c4cebff396a798c1ff?s=96&d=mm&r=g","caption":"Josep de Mart\u00ed"},"sameAs":["https:\/\/www.inforesidencias.com","https:\/\/www.facebook.com\/josep.demarti","https:\/\/twitter.com\/blog-ir"],"url":"https:\/\/www.inforesidencias.com\/blog\/index.php\/author\/josepdemarti\/"}]}},"_links":{"self":[{"href":"https:\/\/www.inforesidencias.com\/blog\/index.php\/wp-json\/wp\/v2\/posts\/1721"}],"collection":[{"href":"https:\/\/www.inforesidencias.com\/blog\/index.php\/wp-json\/wp\/v2\/posts"}],"about":[{"href":"https:\/\/www.inforesidencias.com\/blog\/index.php\/wp-json\/wp\/v2\/types\/post"}],"author":[{"embeddable":true,"href":"https:\/\/www.inforesidencias.com\/blog\/index.php\/wp-json\/wp\/v2\/users\/2"}],"replies":[{"embeddable":true,"href":"https:\/\/www.inforesidencias.com\/blog\/index.php\/wp-json\/wp\/v2\/comments?post=1721"}],"version-history":[{"count":10,"href":"https:\/\/www.inforesidencias.com\/blog\/index.php\/wp-json\/wp\/v2\/posts\/1721\/revisions"}],"predecessor-version":[{"id":1731,"href":"https:\/\/www.inforesidencias.com\/blog\/index.php\/wp-json\/wp\/v2\/posts\/1721\/revisions\/1731"}],"wp:attachment":[{"href":"https:\/\/www.inforesidencias.com\/blog\/index.php\/wp-json\/wp\/v2\/media?parent=1721"}],"wp:term":[{"taxonomy":"category","embeddable":true,"href":"https:\/\/www.inforesidencias.com\/blog\/index.php\/wp-json\/wp\/v2\/categories?post=1721"},{"taxonomy":"post_tag","embeddable":true,"href":"https:\/\/www.inforesidencias.com\/blog\/index.php\/wp-json\/wp\/v2\/tags?post=1721"}],"curies":[{"name":"wp","href":"https:\/\/api.w.org\/{rel}","templated":true}]}}