{"id":1735,"date":"2018-12-03T14:34:24","date_gmt":"2018-12-03T14:34:24","guid":{"rendered":"https:\/\/www.inforesidencias.com\/blog\/?p=1735"},"modified":"2018-12-03T14:34:24","modified_gmt":"2018-12-03T14:34:24","slug":"perdida-de-vision-debido-al-envejecimiento","status":"publish","type":"post","link":"https:\/\/www.inforesidencias.com\/blog\/index.php\/2018\/12\/03\/perdida-de-vision-debido-al-envejecimiento\/","title":{"rendered":"Perdida de visi\u00f3n debido al envejecimiento"},"content":{"rendered":"<p style=\"text-align: justify\">Debido al envejecimiento disminuye la vista con la ventaja que existen muchas herramientas para corregir y mejorar la visi\u00f3n, las gafas y las lentes de contacto es de lo m\u00e1s socorrido, no solo por las personas de la tercera edad, sino tambi\u00e9n por toda la poblaci\u00f3n en general. Una persona mayor con una graduaci\u00f3n adecuada de sus lentes de contacto o gafas es una persona independiente y segura.<\/p>\n<p style=\"text-align: justify\">Con el <a href=\"https:\/\/www.inforesidencias.com\/blog\/index.php\/2018\/09\/18\/envejecimiento-y-diversidad-de-necesidades\/\">envejecimiento <\/a>tambi\u00e9n disminuye el di\u00e1metro de la pupila, el iris va cambiando de color a un tono m\u00e1s azulado, se presenta una degeneraci\u00f3n del p\u00e1rpado entre otros muchos cambios en los ojos que afectan a la vis\u00f3n. Las enfermedades m\u00e1s frecuentes son las cataratas y la degeneraci\u00f3n macular asociada a la vejez que afecta a alrededor del 30 % de la poblaci\u00f3n, el glaucoma, la miop\u00eda. Las patolog\u00edas como la diabetes mellitus que generan retinopatica diab\u00e9tica y es lo m\u00e1s frecuente en personas que conviven con esta enfermedad. Se considera que alrededor del 60 % de personas que tienen diabetes durante un lapso de 15 a\u00f1os o m\u00e1s tienen da\u00f1ados los vasos sangu\u00edneos de los ojos y tienen 25 veces m\u00e1s probabilidades de padecer ceguera. Otros factores de riesgo son la hipertensi\u00f3n, el tabaquismo.<\/p>\n<div id=\"attachment_1736\" style=\"width: 410px\" class=\"wp-caption aligncenter\"><a href=\"https:\/\/www.inforesidencias.com\/blog\/wp-content\/uploads\/2018\/12\/persona-mayor-leyendo.jpeg\"><img aria-describedby=\"caption-attachment-1736\" decoding=\"async\" loading=\"lazy\" class=\"size-full wp-image-1736\" src=\"https:\/\/www.inforesidencias.com\/blog\/wp-content\/uploads\/2018\/12\/persona-mayor-leyendo.jpeg\" alt=\"Debido al envejecimiento cada vez vemos peor\" width=\"400\" height=\"266\" \/><\/a><p id=\"caption-attachment-1736\" class=\"wp-caption-text\">Debido al envejecimiento cada vez vemos peor<\/p><\/div>\n<p style=\"text-align: justify\">La poblaci\u00f3n en general deben hacerse una revisi\u00f3n cada 6 meses por el oftalm\u00f3logo y el optometrista para revisar los cambios que se presentan en los ojos y proponer el tratamiento m\u00e1s adecuado, sobre todo si se percibe que que cada vez ve menos, si tiene lagrimeo, ardor de ojos o si molesta mucho la luz. Para los ancianos que padecen diabetes mellitus, hipertensi\u00f3n, hipercolesterolemia o han sufrido alg\u00fan infarto es fundamental est\u00e1 revisi\u00f3n oftalmol\u00f3gica.<\/p>\n<p style=\"text-align: justify\">Para las personas mayores que viven en residencias geri\u00e1tricas, el m\u00e9dico geriatra y la enfermera son los profesionales que deben observar los cambios o escuchar las quejas de los usuarios sobre su mala visi\u00f3n o si las gafas que tienen ya no cumplen la funci\u00f3n, se deben remitir a los especialistas. Afortunadamente los centros geri\u00e1tricos son espacios con una infraestructura libre de obst\u00e1culos y con colores y luces adecuadas que permiten al adulto mayor con visi\u00f3n baja desplazarse sin riesgo de alguna ca\u00edda.<\/p>\n<p style=\"text-align: justify\">Las recomendaciones para las personas mayores es la revisi\u00f3n cada 6 meses con el oftalm\u00f3logo y optometrista, modificar la graduaci\u00f3n de sus gafas y lentes cada vez que sea necesario.<\/p>\n<p style=\"text-align: justify\">Para ampliar la informaci\u00f3n<a href=\"http:\/\/www.cgcoo.es\/download.asp?file=media\/gaceta\/gaceta447\/cientifico3.pdf\"> cl\u00edca aqu\u00ed<\/a><\/p>\n<p style=\"text-align: justify\">\n","protected":false},"excerpt":{"rendered":"<p>Debido al envejecimiento disminuye la vista con la ventaja que existen muchas herramientas para corregir y mejorar la visi\u00f3n, las gafas y las lentes de contacto es de lo m\u00e1s socorrido, no solo por las personas de la tercera edad, sino tambi\u00e9n por toda la poblaci\u00f3n en general. Una persona mayor con una graduaci\u00f3n adecuada de sus lentes de contacto o gafas es una persona independiente y segura. Con el envejecimiento tambi\u00e9n disminuye el di\u00e1metro de la pupila, el iris va cambiando de color a un tono m\u00e1s azulado, se presenta una degeneraci\u00f3n del p\u00e1rpado entre otros muchos cambios en los ojos que afectan a la vis\u00f3n. Las enfermedades m\u00e1s frecuentes son las cataratas y la degeneraci\u00f3n macular asociada a la vejez que afecta a alrededor del 30 % de la poblaci\u00f3n, el glaucoma, la miop\u00eda. Las patolog\u00edas como la diabetes mellitus que generan retinopatica diab\u00e9tica y es lo m\u00e1s [&hellip;]<\/p>\n","protected":false},"author":2,"featured_media":1736,"comment_status":"open","ping_status":"open","sticky":false,"template":"","format":"standard","meta":{"footnotes":""},"categories":[1],"tags":[],"yoast_head":"<!-- This site is optimized with the Yoast SEO plugin v21.7 - https:\/\/yoast.com\/wordpress\/plugins\/seo\/ -->\n<title>Perdida de visi\u00f3n debido al envejecimiento - Blog Inforesidencias.com<\/title>\n<meta name=\"description\" content=\"Debido al envejecimiento progresivo que sufre el ser humano, cada vez vemos peor. Pero por qu\u00e9?. Que recomendaciones hay que seguir?\" \/>\n<meta name=\"robots\" content=\"index, follow, max-snippet:-1, max-image-preview:large, max-video-preview:-1\" \/>\n<link rel=\"canonical\" href=\"https:\/\/www.inforesidencias.com\/blog\/index.php\/2018\/12\/03\/perdida-de-vision-debido-al-envejecimiento\/\" \/>\n<meta property=\"og:locale\" content=\"es_ES\" \/>\n<meta property=\"og:type\" content=\"article\" \/>\n<meta property=\"og:title\" content=\"Perdida de visi\u00f3n debido al envejecimiento - Blog Inforesidencias.com\" \/>\n<meta property=\"og:description\" content=\"Debido al envejecimiento progresivo que sufre el ser humano, cada vez vemos peor. Pero por qu\u00e9?. Que recomendaciones hay que seguir?\" \/>\n<meta property=\"og:url\" content=\"https:\/\/www.inforesidencias.com\/blog\/index.php\/2018\/12\/03\/perdida-de-vision-debido-al-envejecimiento\/\" \/>\n<meta property=\"og:site_name\" content=\"Blog Inforesidencias.com\" \/>\n<meta property=\"article:publisher\" content=\"https:\/\/www.facebook.com\/Inforesidencias\/\" \/>\n<meta property=\"article:author\" content=\"https:\/\/www.facebook.com\/josep.demarti\" \/>\n<meta property=\"article:published_time\" content=\"2018-12-03T14:34:24+00:00\" \/>\n<meta property=\"og:image\" content=\"https:\/\/www.inforesidencias.com\/blog\/wp-content\/uploads\/2018\/12\/persona-mayor-leyendo.jpeg\" \/>\n\t<meta property=\"og:image:width\" content=\"400\" \/>\n\t<meta property=\"og:image:height\" content=\"266\" \/>\n\t<meta property=\"og:image:type\" content=\"image\/jpeg\" \/>\n<meta name=\"author\" content=\"Josep de Mart\u00ed\" \/>\n<meta name=\"twitter:card\" content=\"summary_large_image\" \/>\n<meta name=\"twitter:creator\" content=\"@blog-ir\" \/>\n<meta name=\"twitter:site\" content=\"@inforesidencias\" \/>\n<meta name=\"twitter:label1\" content=\"Escrito por\" \/>\n\t<meta name=\"twitter:data1\" content=\"Josep de Mart\u00ed\" \/>\n\t<meta name=\"twitter:label2\" content=\"Tiempo de lectura\" \/>\n\t<meta name=\"twitter:data2\" content=\"2 minutos\" \/>\n<script type=\"application\/ld+json\" class=\"yoast-schema-graph\">{\"@context\":\"https:\/\/schema.org\",\"@graph\":[{\"@type\":\"WebPage\",\"@id\":\"https:\/\/www.inforesidencias.com\/blog\/index.php\/2018\/12\/03\/perdida-de-vision-debido-al-envejecimiento\/\",\"url\":\"https:\/\/www.inforesidencias.com\/blog\/index.php\/2018\/12\/03\/perdida-de-vision-debido-al-envejecimiento\/\",\"name\":\"Perdida de visi\u00f3n debido al envejecimiento - Blog Inforesidencias.com\",\"isPartOf\":{\"@id\":\"https:\/\/www.inforesidencias.com\/blog\/#website\"},\"datePublished\":\"2018-12-03T14:34:24+00:00\",\"dateModified\":\"2018-12-03T14:34:24+00:00\",\"author\":{\"@id\":\"https:\/\/www.inforesidencias.com\/blog\/#\/schema\/person\/9e146774d1eb3bc1c0316242a3898628\"},\"description\":\"Debido al envejecimiento progresivo que sufre el ser humano, cada vez vemos peor. Pero por qu\u00e9?. Que recomendaciones hay que seguir?\",\"breadcrumb\":{\"@id\":\"https:\/\/www.inforesidencias.com\/blog\/index.php\/2018\/12\/03\/perdida-de-vision-debido-al-envejecimiento\/#breadcrumb\"},\"inLanguage\":\"es\",\"potentialAction\":[{\"@type\":\"ReadAction\",\"target\":[\"https:\/\/www.inforesidencias.com\/blog\/index.php\/2018\/12\/03\/perdida-de-vision-debido-al-envejecimiento\/\"]}]},{\"@type\":\"BreadcrumbList\",\"@id\":\"https:\/\/www.inforesidencias.com\/blog\/index.php\/2018\/12\/03\/perdida-de-vision-debido-al-envejecimiento\/#breadcrumb\",\"itemListElement\":[{\"@type\":\"ListItem\",\"position\":1,\"name\":\"Home\",\"item\":\"https:\/\/www.inforesidencias.com\/blog\/\"},{\"@type\":\"ListItem\",\"position\":2,\"name\":\"Perdida de visi\u00f3n debido al envejecimiento\"}]},{\"@type\":\"WebSite\",\"@id\":\"https:\/\/www.inforesidencias.com\/blog\/#website\",\"url\":\"https:\/\/www.inforesidencias.com\/blog\/\",\"name\":\"Blog Inforesidencias.com\",\"description\":\"El buscador de residencias de la 3\u00aa edad\",\"potentialAction\":[{\"@type\":\"SearchAction\",\"target\":{\"@type\":\"EntryPoint\",\"urlTemplate\":\"https:\/\/www.inforesidencias.com\/blog\/?s={search_term_string}\"},\"query-input\":\"required name=search_term_string\"}],\"inLanguage\":\"es\"},{\"@type\":\"Person\",\"@id\":\"https:\/\/www.inforesidencias.com\/blog\/#\/schema\/person\/9e146774d1eb3bc1c0316242a3898628\",\"name\":\"Josep de Mart\u00ed\",\"image\":{\"@type\":\"ImageObject\",\"inLanguage\":\"es\",\"@id\":\"https:\/\/www.inforesidencias.com\/blog\/#\/schema\/person\/image\/\",\"url\":\"https:\/\/secure.gravatar.com\/avatar\/de0302c4806c00c4cebff396a798c1ff?s=96&d=mm&r=g\",\"contentUrl\":\"https:\/\/secure.gravatar.com\/avatar\/de0302c4806c00c4cebff396a798c1ff?s=96&d=mm&r=g\",\"caption\":\"Josep de Mart\u00ed\"},\"sameAs\":[\"https:\/\/www.inforesidencias.com\",\"https:\/\/www.facebook.com\/josep.demarti\",\"https:\/\/twitter.com\/blog-ir\"],\"url\":\"https:\/\/www.inforesidencias.com\/blog\/index.php\/author\/josepdemarti\/\"}]}<\/script>\n<!-- \/ Yoast SEO plugin. -->","yoast_head_json":{"title":"Perdida de visi\u00f3n debido al envejecimiento - Blog Inforesidencias.com","description":"Debido al envejecimiento progresivo que sufre el ser humano, cada vez vemos peor. Pero por qu\u00e9?. Que recomendaciones hay que seguir?","robots":{"index":"index","follow":"follow","max-snippet":"max-snippet:-1","max-image-preview":"max-image-preview:large","max-video-preview":"max-video-preview:-1"},"canonical":"https:\/\/www.inforesidencias.com\/blog\/index.php\/2018\/12\/03\/perdida-de-vision-debido-al-envejecimiento\/","og_locale":"es_ES","og_type":"article","og_title":"Perdida de visi\u00f3n debido al envejecimiento - Blog Inforesidencias.com","og_description":"Debido al envejecimiento progresivo que sufre el ser humano, cada vez vemos peor. Pero por qu\u00e9?. Que recomendaciones hay que seguir?","og_url":"https:\/\/www.inforesidencias.com\/blog\/index.php\/2018\/12\/03\/perdida-de-vision-debido-al-envejecimiento\/","og_site_name":"Blog Inforesidencias.com","article_publisher":"https:\/\/www.facebook.com\/Inforesidencias\/","article_author":"https:\/\/www.facebook.com\/josep.demarti","article_published_time":"2018-12-03T14:34:24+00:00","og_image":[{"width":400,"height":266,"url":"https:\/\/www.inforesidencias.com\/blog\/wp-content\/uploads\/2018\/12\/persona-mayor-leyendo.jpeg","type":"image\/jpeg"}],"author":"Josep de Mart\u00ed","twitter_card":"summary_large_image","twitter_creator":"@blog-ir","twitter_site":"@inforesidencias","twitter_misc":{"Escrito por":"Josep de Mart\u00ed","Tiempo de lectura":"2 minutos"},"schema":{"@context":"https:\/\/schema.org","@graph":[{"@type":"WebPage","@id":"https:\/\/www.inforesidencias.com\/blog\/index.php\/2018\/12\/03\/perdida-de-vision-debido-al-envejecimiento\/","url":"https:\/\/www.inforesidencias.com\/blog\/index.php\/2018\/12\/03\/perdida-de-vision-debido-al-envejecimiento\/","name":"Perdida de visi\u00f3n debido al envejecimiento - Blog Inforesidencias.com","isPartOf":{"@id":"https:\/\/www.inforesidencias.com\/blog\/#website"},"datePublished":"2018-12-03T14:34:24+00:00","dateModified":"2018-12-03T14:34:24+00:00","author":{"@id":"https:\/\/www.inforesidencias.com\/blog\/#\/schema\/person\/9e146774d1eb3bc1c0316242a3898628"},"description":"Debido al envejecimiento progresivo que sufre el ser humano, cada vez vemos peor. Pero por qu\u00e9?. Que recomendaciones hay que seguir?","breadcrumb":{"@id":"https:\/\/www.inforesidencias.com\/blog\/index.php\/2018\/12\/03\/perdida-de-vision-debido-al-envejecimiento\/#breadcrumb"},"inLanguage":"es","potentialAction":[{"@type":"ReadAction","target":["https:\/\/www.inforesidencias.com\/blog\/index.php\/2018\/12\/03\/perdida-de-vision-debido-al-envejecimiento\/"]}]},{"@type":"BreadcrumbList","@id":"https:\/\/www.inforesidencias.com\/blog\/index.php\/2018\/12\/03\/perdida-de-vision-debido-al-envejecimiento\/#breadcrumb","itemListElement":[{"@type":"ListItem","position":1,"name":"Home","item":"https:\/\/www.inforesidencias.com\/blog\/"},{"@type":"ListItem","position":2,"name":"Perdida de visi\u00f3n debido al envejecimiento"}]},{"@type":"WebSite","@id":"https:\/\/www.inforesidencias.com\/blog\/#website","url":"https:\/\/www.inforesidencias.com\/blog\/","name":"Blog Inforesidencias.com","description":"El buscador de residencias de la 3\u00aa edad","potentialAction":[{"@type":"SearchAction","target":{"@type":"EntryPoint","urlTemplate":"https:\/\/www.inforesidencias.com\/blog\/?s={search_term_string}"},"query-input":"required name=search_term_string"}],"inLanguage":"es"},{"@type":"Person","@id":"https:\/\/www.inforesidencias.com\/blog\/#\/schema\/person\/9e146774d1eb3bc1c0316242a3898628","name":"Josep de Mart\u00ed","image":{"@type":"ImageObject","inLanguage":"es","@id":"https:\/\/www.inforesidencias.com\/blog\/#\/schema\/person\/image\/","url":"https:\/\/secure.gravatar.com\/avatar\/de0302c4806c00c4cebff396a798c1ff?s=96&d=mm&r=g","contentUrl":"https:\/\/secure.gravatar.com\/avatar\/de0302c4806c00c4cebff396a798c1ff?s=96&d=mm&r=g","caption":"Josep de Mart\u00ed"},"sameAs":["https:\/\/www.inforesidencias.com","https:\/\/www.facebook.com\/josep.demarti","https:\/\/twitter.com\/blog-ir"],"url":"https:\/\/www.inforesidencias.com\/blog\/index.php\/author\/josepdemarti\/"}]}},"_links":{"self":[{"href":"https:\/\/www.inforesidencias.com\/blog\/index.php\/wp-json\/wp\/v2\/posts\/1735"}],"collection":[{"href":"https:\/\/www.inforesidencias.com\/blog\/index.php\/wp-json\/wp\/v2\/posts"}],"about":[{"href":"https:\/\/www.inforesidencias.com\/blog\/index.php\/wp-json\/wp\/v2\/types\/post"}],"author":[{"embeddable":true,"href":"https:\/\/www.inforesidencias.com\/blog\/index.php\/wp-json\/wp\/v2\/users\/2"}],"replies":[{"embeddable":true,"href":"https:\/\/www.inforesidencias.com\/blog\/index.php\/wp-json\/wp\/v2\/comments?post=1735"}],"version-history":[{"count":5,"href":"https:\/\/www.inforesidencias.com\/blog\/index.php\/wp-json\/wp\/v2\/posts\/1735\/revisions"}],"predecessor-version":[{"id":1741,"href":"https:\/\/www.inforesidencias.com\/blog\/index.php\/wp-json\/wp\/v2\/posts\/1735\/revisions\/1741"}],"wp:featuredmedia":[{"embeddable":true,"href":"https:\/\/www.inforesidencias.com\/blog\/index.php\/wp-json\/wp\/v2\/media\/1736"}],"wp:attachment":[{"href":"https:\/\/www.inforesidencias.com\/blog\/index.php\/wp-json\/wp\/v2\/media?parent=1735"}],"wp:term":[{"taxonomy":"category","embeddable":true,"href":"https:\/\/www.inforesidencias.com\/blog\/index.php\/wp-json\/wp\/v2\/categories?post=1735"},{"taxonomy":"post_tag","embeddable":true,"href":"https:\/\/www.inforesidencias.com\/blog\/index.php\/wp-json\/wp\/v2\/tags?post=1735"}],"curies":[{"name":"wp","href":"https:\/\/api.w.org\/{rel}","templated":true}]}}