{"id":1742,"date":"2018-12-05T13:25:56","date_gmt":"2018-12-05T13:25:56","guid":{"rendered":"https:\/\/www.inforesidencias.com\/blog\/?p=1742"},"modified":"2018-12-05T13:25:56","modified_gmt":"2018-12-05T13:25:56","slug":"personas-mayores-soledad-querida-la-vitalidad-y-un-libro-de-experiencias","status":"publish","type":"post","link":"https:\/\/www.inforesidencias.com\/blog\/index.php\/2018\/12\/05\/personas-mayores-soledad-querida-la-vitalidad-y-un-libro-de-experiencias\/","title":{"rendered":"Personas mayores, soledad querida, la vitalidad y un libro de experiencias"},"content":{"rendered":"<p style=\"text-align: justify\">En <a href=\"https:\/\/www.inforesidencias.com\/particulares\">inforesidencias.com<\/a> intentamos llegar a\u00a0a las personas mayores, sus familiares, y la gente que trabaja en el sector trav\u00e9s de muchas v\u00edas. Hace ya un tiempo que publicamos el peri\u00f3dico digital <a href=\"https:\/\/dependencia.info\/\">dependencia.info.<\/a> A parte e eso, ya hace unos meses que nos adentramos en la aventura radiof\u00f3nica.<\/p>\n<p style=\"text-align: justify\">Ayer, en otra divertida e interesante emisi\u00f3n del programa \u201c\u00c9s gran ser gran\u201d en radio Estel tuvimos la magn\u00edfica presencia de la Sra. Araceli, que a sus 92 a\u00f1os muestra una vitalidad y optimismo contagiosas.<\/p>\n<p style=\"text-align: justify\">Con ella, y despu\u00e9s de una reflexi\u00f3n inicial de Josep de Mart\u00ed acerca de las personas que viven solas en nuestro pa\u00eds, hablamos de c\u00f3mo es un d\u00eda a d\u00eda en su vida. Ella, prudente como pocas, y sabiendo que el tiempo en la radio es oro, media sus respuestas y nos ped\u00eda que la par\u00e1semos si era necesario. Poco pod\u00eda intuir, la admiraci\u00f3n con la que todos los presentes en el estudio de grabaci\u00f3n y seguramente todos los oyentes, escuchaban sus palabras.<\/p>\n<p style=\"text-align: justify\">Y es que adem\u00e1s, volviendo a lo que hace ella en un d\u00eda normal, la pregunta deber\u00eda haber sido: \u00bfQu\u00e9 no hace?. Porque, aunque <a href=\"https:\/\/www.inforesidencias.com\/blog\/index.php\/2018\/12\/03\/perdida-de-vision-debido-al-envejecimiento\/\">ahora goce de poca visi\u00f3n<\/a>, siempre busca la manera de seguir haciendo todo lo que le gusta adapt\u00e1ndolo a sus capacidades actuales. Y no s\u00f3lo eso, si no que busca nuevos intereses y temas que la mantengan al d\u00eda, entretenida y contenta.<\/p>\n<p style=\"text-align: justify\">El primer claro ejemplo de ello es la lectura, que aunque ahora le cuesta much\u00edsimo ha descubierto en los audiolibros, un nuevo horizonte fant\u00e1stico sin explorar. Por otro lado, est\u00e1 el caminar. Debido a su menguada visi\u00f3n, para no caerse siempre va con alguien cuando sale a la calle y nunca sale si ha llovido. Adem\u00e1s dispone de una amplia red de amistades dentro y fuera de su bloque de toda la vida y a sabido pedir recursos y ayudas cuando lo ha necesitado.<\/p>\n<dl id=\"attachment_1743\" class=\"wp-caption aligncenter\" style=\"width: 810px\">\n<dt class=\"wp-caption-dt\"><a href=\"https:\/\/www.inforesidencias.com\/blog\/wp-content\/uploads\/2018\/12\/PHOTO-2018-12-04-18-03-07.jpg\"><img decoding=\"async\" loading=\"lazy\" class=\"size-full wp-image-1743\" src=\"https:\/\/www.inforesidencias.com\/blog\/wp-content\/uploads\/2018\/12\/PHOTO-2018-12-04-18-03-07.jpg\" alt=\"Las personas mayores hacen cosas increibles\" width=\"800\" height=\"601\" \/><\/a><\/dt>\n<\/dl>\n<p style=\"text-align: justify\"><strong>** De izquierda a derecha: N\u00faria (voluntaria que ayuda a la Sra. Araceli), Marc y Josep (conductores del programa) la Sra. Araceli y Carles (trabajador social y colaborador)<\/strong><\/p>\n<p style=\"text-align: justify\">La otra persona entrevistada del d\u00eda fue la Sra. Marina. Ella a sus 81 a\u00f1os y jubilada despu\u00e9s de una vida dedicada a la profesi\u00f3n del trabajo social, nos atendi\u00f3 para hablar de su libro. Un libro titulado \u201cQu\u00e8 fem amb la tieta Rita\u201d (\u00bfQu\u00e9 hacemos la t\u00eda Rita?). Se trata de un libro en donde ha plasmado vivencias con las que se ha encontrado a lo largo de su dilatada trayectoria profesional y personal. La Sra. Marina, con la ayuda de su hija Carme, nos respondi\u00f3 por tel\u00e9fono a las preguntas que le planteamos acerca del libro, y nos permiti\u00f3 leer en directo un trozo de uno de sus historias.<\/p>\n<p style=\"text-align: justify\">Como siempre, agradecer a la Sra. Araceli y la Sra. Marina su participaci\u00f3n in situ o telef\u00f3nica en el programa y el compartir con todos nosotros su conocimiento y opini\u00f3n.<\/p>\n","protected":false},"excerpt":{"rendered":"<p>En inforesidencias.com intentamos llegar a\u00a0a las personas mayores, sus familiares, y la gente que trabaja en el sector trav\u00e9s de muchas v\u00edas. Hace ya un tiempo que publicamos el peri\u00f3dico digital dependencia.info. A parte e eso, ya hace unos meses que nos adentramos en la aventura radiof\u00f3nica. Ayer, en otra divertida e interesante emisi\u00f3n del programa \u201c\u00c9s gran ser gran\u201d en radio Estel tuvimos la magn\u00edfica presencia de la Sra. Araceli, que a sus 92 a\u00f1os muestra una vitalidad y optimismo contagiosas. Con ella, y despu\u00e9s de una reflexi\u00f3n inicial de Josep de Mart\u00ed acerca de las personas que viven solas en nuestro pa\u00eds, hablamos de c\u00f3mo es un d\u00eda a d\u00eda en su vida. Ella, prudente como pocas, y sabiendo que el tiempo en la radio es oro, media sus respuestas y nos ped\u00eda que la par\u00e1semos si era necesario. Poco pod\u00eda intuir, la admiraci\u00f3n con la que todos [&hellip;]<\/p>\n","protected":false},"author":2,"featured_media":1743,"comment_status":"open","ping_status":"open","sticky":false,"template":"","format":"standard","meta":{"footnotes":""},"categories":[1],"tags":[],"yoast_head":"<!-- This site is optimized with the Yoast SEO plugin v21.7 - https:\/\/yoast.com\/wordpress\/plugins\/seo\/ -->\n<title>Personas mayores, soledad querida, la vitalidad y un libro de experiencias - Blog Inforesidencias.com<\/title>\n<meta name=\"description\" content=\"Solemos pensar que las personas mayores son poco activas. En radio Estel demostramos muchas veces que eso no es verdad y nuestras entrevistadas son buena muestra de ello.\" \/>\n<meta name=\"robots\" content=\"index, follow, max-snippet:-1, max-image-preview:large, max-video-preview:-1\" \/>\n<link rel=\"canonical\" href=\"https:\/\/www.inforesidencias.com\/blog\/index.php\/2018\/12\/05\/personas-mayores-soledad-querida-la-vitalidad-y-un-libro-de-experiencias\/\" \/>\n<meta property=\"og:locale\" content=\"es_ES\" \/>\n<meta property=\"og:type\" content=\"article\" \/>\n<meta property=\"og:title\" content=\"Personas mayores, soledad querida, la vitalidad y un libro de experiencias - Blog Inforesidencias.com\" \/>\n<meta property=\"og:description\" content=\"Solemos pensar que las personas mayores son poco activas. En radio Estel demostramos muchas veces que eso no es verdad y nuestras entrevistadas son buena muestra de ello.\" \/>\n<meta property=\"og:url\" content=\"https:\/\/www.inforesidencias.com\/blog\/index.php\/2018\/12\/05\/personas-mayores-soledad-querida-la-vitalidad-y-un-libro-de-experiencias\/\" \/>\n<meta property=\"og:site_name\" content=\"Blog Inforesidencias.com\" \/>\n<meta property=\"article:publisher\" content=\"https:\/\/www.facebook.com\/Inforesidencias\/\" \/>\n<meta property=\"article:author\" content=\"https:\/\/www.facebook.com\/josep.demarti\" \/>\n<meta property=\"article:published_time\" content=\"2018-12-05T13:25:56+00:00\" \/>\n<meta property=\"og:image\" content=\"https:\/\/www.inforesidencias.com\/blog\/wp-content\/uploads\/2018\/12\/PHOTO-2018-12-04-18-03-07.jpg\" \/>\n\t<meta property=\"og:image:width\" content=\"800\" \/>\n\t<meta property=\"og:image:height\" content=\"601\" \/>\n\t<meta property=\"og:image:type\" content=\"image\/jpeg\" \/>\n<meta name=\"author\" content=\"Josep de Mart\u00ed\" \/>\n<meta name=\"twitter:card\" content=\"summary_large_image\" \/>\n<meta name=\"twitter:creator\" content=\"@blog-ir\" \/>\n<meta name=\"twitter:site\" content=\"@inforesidencias\" \/>\n<meta name=\"twitter:label1\" content=\"Escrito por\" \/>\n\t<meta name=\"twitter:data1\" content=\"Josep de Mart\u00ed\" \/>\n\t<meta name=\"twitter:label2\" content=\"Tiempo de lectura\" \/>\n\t<meta name=\"twitter:data2\" content=\"3 minutos\" \/>\n<script type=\"application\/ld+json\" class=\"yoast-schema-graph\">{\"@context\":\"https:\/\/schema.org\",\"@graph\":[{\"@type\":\"WebPage\",\"@id\":\"https:\/\/www.inforesidencias.com\/blog\/index.php\/2018\/12\/05\/personas-mayores-soledad-querida-la-vitalidad-y-un-libro-de-experiencias\/\",\"url\":\"https:\/\/www.inforesidencias.com\/blog\/index.php\/2018\/12\/05\/personas-mayores-soledad-querida-la-vitalidad-y-un-libro-de-experiencias\/\",\"name\":\"Personas mayores, soledad querida, la vitalidad y un libro de experiencias - Blog Inforesidencias.com\",\"isPartOf\":{\"@id\":\"https:\/\/www.inforesidencias.com\/blog\/#website\"},\"datePublished\":\"2018-12-05T13:25:56+00:00\",\"dateModified\":\"2018-12-05T13:25:56+00:00\",\"author\":{\"@id\":\"https:\/\/www.inforesidencias.com\/blog\/#\/schema\/person\/9e146774d1eb3bc1c0316242a3898628\"},\"description\":\"Solemos pensar que las personas mayores son poco activas. En radio Estel demostramos muchas veces que eso no es verdad y nuestras entrevistadas son buena muestra de ello.\",\"breadcrumb\":{\"@id\":\"https:\/\/www.inforesidencias.com\/blog\/index.php\/2018\/12\/05\/personas-mayores-soledad-querida-la-vitalidad-y-un-libro-de-experiencias\/#breadcrumb\"},\"inLanguage\":\"es\",\"potentialAction\":[{\"@type\":\"ReadAction\",\"target\":[\"https:\/\/www.inforesidencias.com\/blog\/index.php\/2018\/12\/05\/personas-mayores-soledad-querida-la-vitalidad-y-un-libro-de-experiencias\/\"]}]},{\"@type\":\"BreadcrumbList\",\"@id\":\"https:\/\/www.inforesidencias.com\/blog\/index.php\/2018\/12\/05\/personas-mayores-soledad-querida-la-vitalidad-y-un-libro-de-experiencias\/#breadcrumb\",\"itemListElement\":[{\"@type\":\"ListItem\",\"position\":1,\"name\":\"Home\",\"item\":\"https:\/\/www.inforesidencias.com\/blog\/\"},{\"@type\":\"ListItem\",\"position\":2,\"name\":\"Personas mayores, soledad querida, la vitalidad y un libro de experiencias\"}]},{\"@type\":\"WebSite\",\"@id\":\"https:\/\/www.inforesidencias.com\/blog\/#website\",\"url\":\"https:\/\/www.inforesidencias.com\/blog\/\",\"name\":\"Blog Inforesidencias.com\",\"description\":\"El buscador de residencias de la 3\u00aa edad\",\"potentialAction\":[{\"@type\":\"SearchAction\",\"target\":{\"@type\":\"EntryPoint\",\"urlTemplate\":\"https:\/\/www.inforesidencias.com\/blog\/?s={search_term_string}\"},\"query-input\":\"required name=search_term_string\"}],\"inLanguage\":\"es\"},{\"@type\":\"Person\",\"@id\":\"https:\/\/www.inforesidencias.com\/blog\/#\/schema\/person\/9e146774d1eb3bc1c0316242a3898628\",\"name\":\"Josep de Mart\u00ed\",\"image\":{\"@type\":\"ImageObject\",\"inLanguage\":\"es\",\"@id\":\"https:\/\/www.inforesidencias.com\/blog\/#\/schema\/person\/image\/\",\"url\":\"https:\/\/secure.gravatar.com\/avatar\/de0302c4806c00c4cebff396a798c1ff?s=96&d=mm&r=g\",\"contentUrl\":\"https:\/\/secure.gravatar.com\/avatar\/de0302c4806c00c4cebff396a798c1ff?s=96&d=mm&r=g\",\"caption\":\"Josep de Mart\u00ed\"},\"sameAs\":[\"https:\/\/www.inforesidencias.com\",\"https:\/\/www.facebook.com\/josep.demarti\",\"https:\/\/twitter.com\/blog-ir\"],\"url\":\"https:\/\/www.inforesidencias.com\/blog\/index.php\/author\/josepdemarti\/\"}]}<\/script>\n<!-- \/ Yoast SEO plugin. -->","yoast_head_json":{"title":"Personas mayores, soledad querida, la vitalidad y un libro de experiencias - Blog Inforesidencias.com","description":"Solemos pensar que las personas mayores son poco activas. En radio Estel demostramos muchas veces que eso no es verdad y nuestras entrevistadas son buena muestra de ello.","robots":{"index":"index","follow":"follow","max-snippet":"max-snippet:-1","max-image-preview":"max-image-preview:large","max-video-preview":"max-video-preview:-1"},"canonical":"https:\/\/www.inforesidencias.com\/blog\/index.php\/2018\/12\/05\/personas-mayores-soledad-querida-la-vitalidad-y-un-libro-de-experiencias\/","og_locale":"es_ES","og_type":"article","og_title":"Personas mayores, soledad querida, la vitalidad y un libro de experiencias - Blog Inforesidencias.com","og_description":"Solemos pensar que las personas mayores son poco activas. En radio Estel demostramos muchas veces que eso no es verdad y nuestras entrevistadas son buena muestra de ello.","og_url":"https:\/\/www.inforesidencias.com\/blog\/index.php\/2018\/12\/05\/personas-mayores-soledad-querida-la-vitalidad-y-un-libro-de-experiencias\/","og_site_name":"Blog Inforesidencias.com","article_publisher":"https:\/\/www.facebook.com\/Inforesidencias\/","article_author":"https:\/\/www.facebook.com\/josep.demarti","article_published_time":"2018-12-05T13:25:56+00:00","og_image":[{"width":800,"height":601,"url":"https:\/\/www.inforesidencias.com\/blog\/wp-content\/uploads\/2018\/12\/PHOTO-2018-12-04-18-03-07.jpg","type":"image\/jpeg"}],"author":"Josep de Mart\u00ed","twitter_card":"summary_large_image","twitter_creator":"@blog-ir","twitter_site":"@inforesidencias","twitter_misc":{"Escrito por":"Josep de Mart\u00ed","Tiempo de lectura":"3 minutos"},"schema":{"@context":"https:\/\/schema.org","@graph":[{"@type":"WebPage","@id":"https:\/\/www.inforesidencias.com\/blog\/index.php\/2018\/12\/05\/personas-mayores-soledad-querida-la-vitalidad-y-un-libro-de-experiencias\/","url":"https:\/\/www.inforesidencias.com\/blog\/index.php\/2018\/12\/05\/personas-mayores-soledad-querida-la-vitalidad-y-un-libro-de-experiencias\/","name":"Personas mayores, soledad querida, la vitalidad y un libro de experiencias - Blog Inforesidencias.com","isPartOf":{"@id":"https:\/\/www.inforesidencias.com\/blog\/#website"},"datePublished":"2018-12-05T13:25:56+00:00","dateModified":"2018-12-05T13:25:56+00:00","author":{"@id":"https:\/\/www.inforesidencias.com\/blog\/#\/schema\/person\/9e146774d1eb3bc1c0316242a3898628"},"description":"Solemos pensar que las personas mayores son poco activas. En radio Estel demostramos muchas veces que eso no es verdad y nuestras entrevistadas son buena muestra de ello.","breadcrumb":{"@id":"https:\/\/www.inforesidencias.com\/blog\/index.php\/2018\/12\/05\/personas-mayores-soledad-querida-la-vitalidad-y-un-libro-de-experiencias\/#breadcrumb"},"inLanguage":"es","potentialAction":[{"@type":"ReadAction","target":["https:\/\/www.inforesidencias.com\/blog\/index.php\/2018\/12\/05\/personas-mayores-soledad-querida-la-vitalidad-y-un-libro-de-experiencias\/"]}]},{"@type":"BreadcrumbList","@id":"https:\/\/www.inforesidencias.com\/blog\/index.php\/2018\/12\/05\/personas-mayores-soledad-querida-la-vitalidad-y-un-libro-de-experiencias\/#breadcrumb","itemListElement":[{"@type":"ListItem","position":1,"name":"Home","item":"https:\/\/www.inforesidencias.com\/blog\/"},{"@type":"ListItem","position":2,"name":"Personas mayores, soledad querida, la vitalidad y un libro de experiencias"}]},{"@type":"WebSite","@id":"https:\/\/www.inforesidencias.com\/blog\/#website","url":"https:\/\/www.inforesidencias.com\/blog\/","name":"Blog Inforesidencias.com","description":"El buscador de residencias de la 3\u00aa edad","potentialAction":[{"@type":"SearchAction","target":{"@type":"EntryPoint","urlTemplate":"https:\/\/www.inforesidencias.com\/blog\/?s={search_term_string}"},"query-input":"required name=search_term_string"}],"inLanguage":"es"},{"@type":"Person","@id":"https:\/\/www.inforesidencias.com\/blog\/#\/schema\/person\/9e146774d1eb3bc1c0316242a3898628","name":"Josep de Mart\u00ed","image":{"@type":"ImageObject","inLanguage":"es","@id":"https:\/\/www.inforesidencias.com\/blog\/#\/schema\/person\/image\/","url":"https:\/\/secure.gravatar.com\/avatar\/de0302c4806c00c4cebff396a798c1ff?s=96&d=mm&r=g","contentUrl":"https:\/\/secure.gravatar.com\/avatar\/de0302c4806c00c4cebff396a798c1ff?s=96&d=mm&r=g","caption":"Josep de Mart\u00ed"},"sameAs":["https:\/\/www.inforesidencias.com","https:\/\/www.facebook.com\/josep.demarti","https:\/\/twitter.com\/blog-ir"],"url":"https:\/\/www.inforesidencias.com\/blog\/index.php\/author\/josepdemarti\/"}]}},"_links":{"self":[{"href":"https:\/\/www.inforesidencias.com\/blog\/index.php\/wp-json\/wp\/v2\/posts\/1742"}],"collection":[{"href":"https:\/\/www.inforesidencias.com\/blog\/index.php\/wp-json\/wp\/v2\/posts"}],"about":[{"href":"https:\/\/www.inforesidencias.com\/blog\/index.php\/wp-json\/wp\/v2\/types\/post"}],"author":[{"embeddable":true,"href":"https:\/\/www.inforesidencias.com\/blog\/index.php\/wp-json\/wp\/v2\/users\/2"}],"replies":[{"embeddable":true,"href":"https:\/\/www.inforesidencias.com\/blog\/index.php\/wp-json\/wp\/v2\/comments?post=1742"}],"version-history":[{"count":5,"href":"https:\/\/www.inforesidencias.com\/blog\/index.php\/wp-json\/wp\/v2\/posts\/1742\/revisions"}],"predecessor-version":[{"id":1748,"href":"https:\/\/www.inforesidencias.com\/blog\/index.php\/wp-json\/wp\/v2\/posts\/1742\/revisions\/1748"}],"wp:featuredmedia":[{"embeddable":true,"href":"https:\/\/www.inforesidencias.com\/blog\/index.php\/wp-json\/wp\/v2\/media\/1743"}],"wp:attachment":[{"href":"https:\/\/www.inforesidencias.com\/blog\/index.php\/wp-json\/wp\/v2\/media?parent=1742"}],"wp:term":[{"taxonomy":"category","embeddable":true,"href":"https:\/\/www.inforesidencias.com\/blog\/index.php\/wp-json\/wp\/v2\/categories?post=1742"},{"taxonomy":"post_tag","embeddable":true,"href":"https:\/\/www.inforesidencias.com\/blog\/index.php\/wp-json\/wp\/v2\/tags?post=1742"}],"curies":[{"name":"wp","href":"https:\/\/api.w.org\/{rel}","templated":true}]}}