{"id":1769,"date":"2018-12-13T11:52:06","date_gmt":"2018-12-13T11:52:06","guid":{"rendered":"https:\/\/www.inforesidencias.com\/blog\/?p=1769"},"modified":"2018-12-13T12:02:05","modified_gmt":"2018-12-13T12:02:05","slug":"alzheim-art-una-residencia-acp-y-regalos-adaptados-para-navidad","status":"publish","type":"post","link":"https:\/\/www.inforesidencias.com\/blog\/index.php\/2018\/12\/13\/alzheim-art-una-residencia-acp-y-regalos-adaptados-para-navidad\/","title":{"rendered":"Alzheim Art, una residencia ACP y regalos adaptados para navidad"},"content":{"rendered":"<p style=\"text-align: justify\">Una semana m\u00e1s, os traemos un peque\u00f1o resumen del \u00faltimo programa de \u201c\u00c9s gran ser gran\u201d. En esta ocasi\u00f3n no s\u00f3lo hemos hablado con personas que viven o trabajan en una <strong>residencia<\/strong> sino que tambi\u00e9n hemos hablado de actividades culturales para personas con alzheimer.<\/p>\n<p style=\"text-align: justify\">Lo primero que hicimos ahora que se avecinan las fiestas navide\u00f1as fue hablar un poco con Marc Rius (co-conductor del programa) a cerca de un art\u00edculo de la Fundaci\u00f3n Pascual Maragall en el que se dan consejos e indicaciones para saber que regalar a una persona que sufre alzheimer seg\u00fan la fase de afectaci\u00f3n en la que se encuentre.<\/p>\n<p style=\"text-align: justify\">Entre nuestros invitados para ese d\u00eda, nuestra primera entrevistada fue\u00a0la Sra. Teresa Perez. Ella es m\u00e9dico psiquiatra y forma parte del equipo de relaciones p\u00fablicas del Centro de Cultura Contempor\u00e1nea de Barcelona. Con ella hablamos de un programa que esconde m\u00faltiples actividades y beneficios. Se llama <a href=\"http:\/\/www.cccb.org\/es\/comunidades\/alzheimer\"><strong>\u201cAlzheim Art\u201d<\/strong> <\/a>. Teresa nos explic\u00f3 el origen de este proyecto que busca acercar la cultura a las personas con alzheimer. Promueven visitas a las exposiciones temporales, hacen visitas sobre la historia del edificio y tambi\u00e9n llevan a cabo un programa de cine. Adem\u00e1s colaboran con diferentes entidades y asociaciones, centros de d\u00eda, otros museos.\u00a0 Es interesante y muy a tener en cuenta que\u00a0 las visitas se hacen los lunes cuando cierra el museo, cosa que aporta un plus de tranquilidad y sosiego. La entrevista a Teresa, fue interesant\u00edsima y dejamos muchas cosas de las que hablar en el tintero. No obstante, os animo a <a href=\"https:\/\/www.estelfitxers.com\/audio\/20181211-17_00ESGRANSERGRAN.MP3\">escuchar el programa completo<\/a> y la entrevista que le hicimos ya que en unas pocas lineas no se puede plasmar el entusiasmo que transmite cuando habla de este proyecto.<\/p>\n<p style=\"text-align: justify\"><a href=\"https:\/\/www.inforesidencias.com\/blog\/wp-content\/uploads\/2018\/12\/residencia-Parc-Gu\u0308ell-i-Teresa-Alzheim-Art.jpg\"><img decoding=\"async\" loading=\"lazy\" class=\"aligncenter size-full wp-image-1771\" src=\"https:\/\/www.inforesidencias.com\/blog\/wp-content\/uploads\/2018\/12\/residencia-Parc-Gu\u0308ell-i-Teresa-Alzheim-Art.jpg\" alt=\"residencia Parc Gu\u0308ell i Teresa Alzheim Art\" width=\"1050\" height=\"788\" \/><\/a><\/p>\n<p style=\"text-align: justify\">**<strong>De izquierda a derecha: Carles (trabajador social y colaborador), Marc (co-conductor del programa) Teresa Lopez (CCCB) y Henry y Eduard (residente y psic\u00f3logo respectivamente de la\u00a0 residencia Parc G\u00fcell)**<\/strong><\/p>\n<p style=\"text-align: justify\">Tambi\u00e9n hablamos con Eduard, psic\u00f3logo de la <a href=\"https:\/\/www.inforesidencias.com\/centros\/residencia\/11791\/residencia-i-centre-de-dia-parc-g-ell\">residencia y centro de d\u00eda Parc G\u00fcell<\/a> sobre su <strong>residencia<\/strong> y como aplican ellos la atenci\u00f3n centrada en la persona a trav\u00e9s de diferentes iniciativas y actividades que buscan la m\u00e1xima participaci\u00f3n y opini\u00f3n de los residentes ya que al fin y al cabo esa es su casa. Tambi\u00e9n permiten y promueven la personalizaci\u00f3n de las habitaciones de los residentes y muchas cosas m\u00e1s. De la misma residencia tambi\u00e9n nos visit\u00f3 el Sr. Henry. Henry es un residente que ya lleva 3 a\u00f1os viviendo all\u00ed. De origen indio pero criado a caballo entre la India e Inglaterra, lleva viviendo en Catalu\u00f1a desde hace m\u00e1s de 30 a\u00f1os. Con \u00e9l, hablamos de su opini\u00f3n sobre la residencia, d\u00f3nde es parte activa de muchas actividades que realizan.\u00a0<span style=\"font-weight: 300\">Adem\u00e1s, hay que decir por lo que cuenta que \u00e9l es como una mezcla de residente y voluntario, ya que como digo, le encanta ayudar en todo lo que puede.<\/span><\/p>\n<p style=\"text-align: justify\"><span style=\"font-weight: 300\">Finalmente a petici\u00f3n de Teresa, os dejamos su mail y tel\u00e9fono de contacto<strong> tperez@ccb.org y 933064100,<\/strong> para que cualquier entidad o asociaci\u00f3n que quiera m\u00e1s informaci\u00f3n colaborar se pongan en contacto con ella as\u00ed como cualquier <strong>residencia<\/strong> y centro de d\u00eda que quiera visitarles.<\/span><\/p>\n<p style=\"text-align: justify\">Muchas gracias al Sr. Henry y a Eduard por habernos contado como se trabaja y se vive en su residencia, y a la Sra. Teresa por acercarnos un poco m\u00e1s este fant\u00e1stico programa que es \u00abAlzheim Art\u00bb<\/p>\n<p style=\"text-align: justify\">Si te interesa tambi\u00e9n puedes consultar: <a href=\"https:\/\/www.inforesidencias.com\/blog\/index.php\/2018\/07\/05\/nueve-consejos-para-quien-convive-con-alguien-que-sufre-alzheimer-u-otro-tipo-de-demencia\/\">Nueve consejos para quien convive con alguien que sufre alzheimer<\/a><\/p>\n","protected":false},"excerpt":{"rendered":"<p>Una semana m\u00e1s, os traemos un peque\u00f1o resumen del \u00faltimo programa de \u201c\u00c9s gran ser gran\u201d. En esta ocasi\u00f3n no s\u00f3lo hemos hablado con personas que viven o trabajan en una residencia sino que tambi\u00e9n hemos hablado de actividades culturales para personas con alzheimer. Lo primero que hicimos ahora que se avecinan las fiestas navide\u00f1as fue hablar un poco con Marc Rius (co-conductor del programa) a cerca de un art\u00edculo de la Fundaci\u00f3n Pascual Maragall en el que se dan consejos e indicaciones para saber que regalar a una persona que sufre alzheimer seg\u00fan la fase de afectaci\u00f3n en la que se encuentre. Entre nuestros invitados para ese d\u00eda, nuestra primera entrevistada fue\u00a0la Sra. Teresa Perez. Ella es m\u00e9dico psiquiatra y forma parte del equipo de relaciones p\u00fablicas del Centro de Cultura Contempor\u00e1nea de Barcelona. Con ella hablamos de un programa que esconde m\u00faltiples actividades y beneficios. Se llama \u201cAlzheim [&hellip;]<\/p>\n","protected":false},"author":2,"featured_media":1774,"comment_status":"open","ping_status":"open","sticky":false,"template":"","format":"standard","meta":{"footnotes":""},"categories":[1],"tags":[],"yoast_head":"<!-- This site is optimized with the Yoast SEO plugin v21.7 - https:\/\/yoast.com\/wordpress\/plugins\/seo\/ -->\n<title>Alzheim Art, una residencia ACP y regalos adaptados para navidad - Blog Inforesidencias.com<\/title>\n<meta name=\"description\" content=\"En la residencia Parc G\u00fcell aplican el modelo ACP en casi todo lo que hacen. EL CCCB de Barcelona hace a\u00f1os que acercan la cultura a personas con alzheimer.\" \/>\n<meta name=\"robots\" content=\"index, follow, max-snippet:-1, max-image-preview:large, max-video-preview:-1\" \/>\n<link rel=\"canonical\" href=\"https:\/\/www.inforesidencias.com\/blog\/index.php\/2018\/12\/13\/alzheim-art-una-residencia-acp-y-regalos-adaptados-para-navidad\/\" \/>\n<meta property=\"og:locale\" content=\"es_ES\" \/>\n<meta property=\"og:type\" content=\"article\" \/>\n<meta property=\"og:title\" content=\"Alzheim Art, una residencia ACP y regalos adaptados para navidad - Blog Inforesidencias.com\" \/>\n<meta property=\"og:description\" content=\"En la residencia Parc G\u00fcell aplican el modelo ACP en casi todo lo que hacen. EL CCCB de Barcelona hace a\u00f1os que acercan la cultura a personas con alzheimer.\" \/>\n<meta property=\"og:url\" content=\"https:\/\/www.inforesidencias.com\/blog\/index.php\/2018\/12\/13\/alzheim-art-una-residencia-acp-y-regalos-adaptados-para-navidad\/\" \/>\n<meta property=\"og:site_name\" content=\"Blog Inforesidencias.com\" \/>\n<meta property=\"article:publisher\" content=\"https:\/\/www.facebook.com\/Inforesidencias\/\" \/>\n<meta property=\"article:author\" content=\"https:\/\/www.facebook.com\/josep.demarti\" \/>\n<meta property=\"article:published_time\" content=\"2018-12-13T11:52:06+00:00\" \/>\n<meta property=\"article:modified_time\" content=\"2018-12-13T12:02:05+00:00\" \/>\n<meta property=\"og:image\" content=\"https:\/\/www.inforesidencias.com\/blog\/wp-content\/uploads\/2018\/12\/residencia-Parc-Guell-i-Sra.-Teresa-Alzheim-Art.jpg\" \/>\n\t<meta property=\"og:image:width\" content=\"700\" \/>\n\t<meta property=\"og:image:height\" content=\"526\" \/>\n\t<meta property=\"og:image:type\" content=\"image\/jpeg\" \/>\n<meta name=\"author\" content=\"Josep de Mart\u00ed\" \/>\n<meta name=\"twitter:card\" content=\"summary_large_image\" \/>\n<meta name=\"twitter:creator\" content=\"@blog-ir\" \/>\n<meta name=\"twitter:site\" content=\"@inforesidencias\" \/>\n<meta name=\"twitter:label1\" content=\"Escrito por\" \/>\n\t<meta name=\"twitter:data1\" content=\"Josep de Mart\u00ed\" \/>\n\t<meta name=\"twitter:label2\" content=\"Tiempo de lectura\" \/>\n\t<meta name=\"twitter:data2\" content=\"3 minutos\" \/>\n<script type=\"application\/ld+json\" class=\"yoast-schema-graph\">{\"@context\":\"https:\/\/schema.org\",\"@graph\":[{\"@type\":\"WebPage\",\"@id\":\"https:\/\/www.inforesidencias.com\/blog\/index.php\/2018\/12\/13\/alzheim-art-una-residencia-acp-y-regalos-adaptados-para-navidad\/\",\"url\":\"https:\/\/www.inforesidencias.com\/blog\/index.php\/2018\/12\/13\/alzheim-art-una-residencia-acp-y-regalos-adaptados-para-navidad\/\",\"name\":\"Alzheim Art, una residencia ACP y regalos adaptados para navidad - Blog Inforesidencias.com\",\"isPartOf\":{\"@id\":\"https:\/\/www.inforesidencias.com\/blog\/#website\"},\"datePublished\":\"2018-12-13T11:52:06+00:00\",\"dateModified\":\"2018-12-13T12:02:05+00:00\",\"author\":{\"@id\":\"https:\/\/www.inforesidencias.com\/blog\/#\/schema\/person\/9e146774d1eb3bc1c0316242a3898628\"},\"description\":\"En la residencia Parc G\u00fcell aplican el modelo ACP en casi todo lo que hacen. EL CCCB de Barcelona hace a\u00f1os que acercan la cultura a personas con alzheimer.\",\"breadcrumb\":{\"@id\":\"https:\/\/www.inforesidencias.com\/blog\/index.php\/2018\/12\/13\/alzheim-art-una-residencia-acp-y-regalos-adaptados-para-navidad\/#breadcrumb\"},\"inLanguage\":\"es\",\"potentialAction\":[{\"@type\":\"ReadAction\",\"target\":[\"https:\/\/www.inforesidencias.com\/blog\/index.php\/2018\/12\/13\/alzheim-art-una-residencia-acp-y-regalos-adaptados-para-navidad\/\"]}]},{\"@type\":\"BreadcrumbList\",\"@id\":\"https:\/\/www.inforesidencias.com\/blog\/index.php\/2018\/12\/13\/alzheim-art-una-residencia-acp-y-regalos-adaptados-para-navidad\/#breadcrumb\",\"itemListElement\":[{\"@type\":\"ListItem\",\"position\":1,\"name\":\"Home\",\"item\":\"https:\/\/www.inforesidencias.com\/blog\/\"},{\"@type\":\"ListItem\",\"position\":2,\"name\":\"Alzheim Art, una residencia ACP y regalos adaptados para navidad\"}]},{\"@type\":\"WebSite\",\"@id\":\"https:\/\/www.inforesidencias.com\/blog\/#website\",\"url\":\"https:\/\/www.inforesidencias.com\/blog\/\",\"name\":\"Blog Inforesidencias.com\",\"description\":\"El buscador de residencias de la 3\u00aa edad\",\"potentialAction\":[{\"@type\":\"SearchAction\",\"target\":{\"@type\":\"EntryPoint\",\"urlTemplate\":\"https:\/\/www.inforesidencias.com\/blog\/?s={search_term_string}\"},\"query-input\":\"required name=search_term_string\"}],\"inLanguage\":\"es\"},{\"@type\":\"Person\",\"@id\":\"https:\/\/www.inforesidencias.com\/blog\/#\/schema\/person\/9e146774d1eb3bc1c0316242a3898628\",\"name\":\"Josep de Mart\u00ed\",\"image\":{\"@type\":\"ImageObject\",\"inLanguage\":\"es\",\"@id\":\"https:\/\/www.inforesidencias.com\/blog\/#\/schema\/person\/image\/\",\"url\":\"https:\/\/secure.gravatar.com\/avatar\/de0302c4806c00c4cebff396a798c1ff?s=96&d=mm&r=g\",\"contentUrl\":\"https:\/\/secure.gravatar.com\/avatar\/de0302c4806c00c4cebff396a798c1ff?s=96&d=mm&r=g\",\"caption\":\"Josep de Mart\u00ed\"},\"sameAs\":[\"https:\/\/www.inforesidencias.com\",\"https:\/\/www.facebook.com\/josep.demarti\",\"https:\/\/twitter.com\/blog-ir\"],\"url\":\"https:\/\/www.inforesidencias.com\/blog\/index.php\/author\/josepdemarti\/\"}]}<\/script>\n<!-- \/ Yoast SEO plugin. -->","yoast_head_json":{"title":"Alzheim Art, una residencia ACP y regalos adaptados para navidad - Blog Inforesidencias.com","description":"En la residencia Parc G\u00fcell aplican el modelo ACP en casi todo lo que hacen. EL CCCB de Barcelona hace a\u00f1os que acercan la cultura a personas con alzheimer.","robots":{"index":"index","follow":"follow","max-snippet":"max-snippet:-1","max-image-preview":"max-image-preview:large","max-video-preview":"max-video-preview:-1"},"canonical":"https:\/\/www.inforesidencias.com\/blog\/index.php\/2018\/12\/13\/alzheim-art-una-residencia-acp-y-regalos-adaptados-para-navidad\/","og_locale":"es_ES","og_type":"article","og_title":"Alzheim Art, una residencia ACP y regalos adaptados para navidad - Blog Inforesidencias.com","og_description":"En la residencia Parc G\u00fcell aplican el modelo ACP en casi todo lo que hacen. EL CCCB de Barcelona hace a\u00f1os que acercan la cultura a personas con alzheimer.","og_url":"https:\/\/www.inforesidencias.com\/blog\/index.php\/2018\/12\/13\/alzheim-art-una-residencia-acp-y-regalos-adaptados-para-navidad\/","og_site_name":"Blog Inforesidencias.com","article_publisher":"https:\/\/www.facebook.com\/Inforesidencias\/","article_author":"https:\/\/www.facebook.com\/josep.demarti","article_published_time":"2018-12-13T11:52:06+00:00","article_modified_time":"2018-12-13T12:02:05+00:00","og_image":[{"width":700,"height":526,"url":"https:\/\/www.inforesidencias.com\/blog\/wp-content\/uploads\/2018\/12\/residencia-Parc-Guell-i-Sra.-Teresa-Alzheim-Art.jpg","type":"image\/jpeg"}],"author":"Josep de Mart\u00ed","twitter_card":"summary_large_image","twitter_creator":"@blog-ir","twitter_site":"@inforesidencias","twitter_misc":{"Escrito por":"Josep de Mart\u00ed","Tiempo de lectura":"3 minutos"},"schema":{"@context":"https:\/\/schema.org","@graph":[{"@type":"WebPage","@id":"https:\/\/www.inforesidencias.com\/blog\/index.php\/2018\/12\/13\/alzheim-art-una-residencia-acp-y-regalos-adaptados-para-navidad\/","url":"https:\/\/www.inforesidencias.com\/blog\/index.php\/2018\/12\/13\/alzheim-art-una-residencia-acp-y-regalos-adaptados-para-navidad\/","name":"Alzheim Art, una residencia ACP y regalos adaptados para navidad - Blog Inforesidencias.com","isPartOf":{"@id":"https:\/\/www.inforesidencias.com\/blog\/#website"},"datePublished":"2018-12-13T11:52:06+00:00","dateModified":"2018-12-13T12:02:05+00:00","author":{"@id":"https:\/\/www.inforesidencias.com\/blog\/#\/schema\/person\/9e146774d1eb3bc1c0316242a3898628"},"description":"En la residencia Parc G\u00fcell aplican el modelo ACP en casi todo lo que hacen. EL CCCB de Barcelona hace a\u00f1os que acercan la cultura a personas con alzheimer.","breadcrumb":{"@id":"https:\/\/www.inforesidencias.com\/blog\/index.php\/2018\/12\/13\/alzheim-art-una-residencia-acp-y-regalos-adaptados-para-navidad\/#breadcrumb"},"inLanguage":"es","potentialAction":[{"@type":"ReadAction","target":["https:\/\/www.inforesidencias.com\/blog\/index.php\/2018\/12\/13\/alzheim-art-una-residencia-acp-y-regalos-adaptados-para-navidad\/"]}]},{"@type":"BreadcrumbList","@id":"https:\/\/www.inforesidencias.com\/blog\/index.php\/2018\/12\/13\/alzheim-art-una-residencia-acp-y-regalos-adaptados-para-navidad\/#breadcrumb","itemListElement":[{"@type":"ListItem","position":1,"name":"Home","item":"https:\/\/www.inforesidencias.com\/blog\/"},{"@type":"ListItem","position":2,"name":"Alzheim Art, una residencia ACP y regalos adaptados para navidad"}]},{"@type":"WebSite","@id":"https:\/\/www.inforesidencias.com\/blog\/#website","url":"https:\/\/www.inforesidencias.com\/blog\/","name":"Blog Inforesidencias.com","description":"El buscador de residencias de la 3\u00aa edad","potentialAction":[{"@type":"SearchAction","target":{"@type":"EntryPoint","urlTemplate":"https:\/\/www.inforesidencias.com\/blog\/?s={search_term_string}"},"query-input":"required name=search_term_string"}],"inLanguage":"es"},{"@type":"Person","@id":"https:\/\/www.inforesidencias.com\/blog\/#\/schema\/person\/9e146774d1eb3bc1c0316242a3898628","name":"Josep de Mart\u00ed","image":{"@type":"ImageObject","inLanguage":"es","@id":"https:\/\/www.inforesidencias.com\/blog\/#\/schema\/person\/image\/","url":"https:\/\/secure.gravatar.com\/avatar\/de0302c4806c00c4cebff396a798c1ff?s=96&d=mm&r=g","contentUrl":"https:\/\/secure.gravatar.com\/avatar\/de0302c4806c00c4cebff396a798c1ff?s=96&d=mm&r=g","caption":"Josep de Mart\u00ed"},"sameAs":["https:\/\/www.inforesidencias.com","https:\/\/www.facebook.com\/josep.demarti","https:\/\/twitter.com\/blog-ir"],"url":"https:\/\/www.inforesidencias.com\/blog\/index.php\/author\/josepdemarti\/"}]}},"_links":{"self":[{"href":"https:\/\/www.inforesidencias.com\/blog\/index.php\/wp-json\/wp\/v2\/posts\/1769"}],"collection":[{"href":"https:\/\/www.inforesidencias.com\/blog\/index.php\/wp-json\/wp\/v2\/posts"}],"about":[{"href":"https:\/\/www.inforesidencias.com\/blog\/index.php\/wp-json\/wp\/v2\/types\/post"}],"author":[{"embeddable":true,"href":"https:\/\/www.inforesidencias.com\/blog\/index.php\/wp-json\/wp\/v2\/users\/2"}],"replies":[{"embeddable":true,"href":"https:\/\/www.inforesidencias.com\/blog\/index.php\/wp-json\/wp\/v2\/comments?post=1769"}],"version-history":[{"count":11,"href":"https:\/\/www.inforesidencias.com\/blog\/index.php\/wp-json\/wp\/v2\/posts\/1769\/revisions"}],"predecessor-version":[{"id":1783,"href":"https:\/\/www.inforesidencias.com\/blog\/index.php\/wp-json\/wp\/v2\/posts\/1769\/revisions\/1783"}],"wp:featuredmedia":[{"embeddable":true,"href":"https:\/\/www.inforesidencias.com\/blog\/index.php\/wp-json\/wp\/v2\/media\/1774"}],"wp:attachment":[{"href":"https:\/\/www.inforesidencias.com\/blog\/index.php\/wp-json\/wp\/v2\/media?parent=1769"}],"wp:term":[{"taxonomy":"category","embeddable":true,"href":"https:\/\/www.inforesidencias.com\/blog\/index.php\/wp-json\/wp\/v2\/categories?post=1769"},{"taxonomy":"post_tag","embeddable":true,"href":"https:\/\/www.inforesidencias.com\/blog\/index.php\/wp-json\/wp\/v2\/tags?post=1769"}],"curies":[{"name":"wp","href":"https:\/\/api.w.org\/{rel}","templated":true}]}}