{"id":1797,"date":"2018-12-21T14:15:53","date_gmt":"2018-12-21T14:15:53","guid":{"rendered":"https:\/\/www.inforesidencias.com\/blog\/?p=1797"},"modified":"2018-12-21T14:15:53","modified_gmt":"2018-12-21T14:15:53","slug":"universidad-de-la-experiencia-y-una-residencia-con-estilo-frances","status":"publish","type":"post","link":"https:\/\/www.inforesidencias.com\/blog\/index.php\/2018\/12\/21\/universidad-de-la-experiencia-y-una-residencia-con-estilo-frances\/","title":{"rendered":"Universidad de la experiencia y una residencia con estilo franc\u00e9s"},"content":{"rendered":"<p style=\"text-align: justify\">En este \u00faltimo programa de <a href=\"https:\/\/www.estelfitxers.com\/audio\/20181218-17_00ESGRANSERGRAN.MP3\">\u00ab\u00c9s gran ser gran\u00bb <\/a>de antes del \u00abpar\u00f3n\u00bb por fiestas navide\u00f1as, tuvimos dos invitadas fant\u00e1sticas. Por un lado, vino Susana Vendrell a explicarnos que es eso de la universidad de la experiencia y tambi\u00e9n nos acompa\u00f1o Nat\u00e0lia Royo, de la residencia Azurimar de Barcelona.<\/p>\n<p style=\"text-align: justify\">La primera en desvelarnos lo que nos venia a contar fue Susana Vendrell. Ella es psic\u00f3loga cl\u00ednica y responsable del \u00e1rea de la universidad de la experiencia de la Universidad de Barcelona. Susana nos cont\u00f3 que la universidad de la experiencia esta formada por programas de estudios universitarios dirigidos a personas de m\u00e1s de 55 a\u00f1os que com bien dice ella <em>\u00abquieran darse una satisfacci\u00f3n a trav\u00e9s del conocimiento\u00bb<\/em>. Sorprende ver la cantidad de gente que se apunta a estos programas de estudios (que ya son m\u00e1s de 13 los que se ofrecen). Los planes de estudio tienen diferentes duraciones hasta 3 a\u00f1os, aunque hay gente que ya pide m\u00e1s a\u00f1os.<\/p>\n<p style=\"text-align: justify\"><img decoding=\"async\" loading=\"lazy\" class=\"size-full wp-image-1804 alignleft\" src=\"https:\/\/www.inforesidencias.com\/blog\/wp-content\/uploads\/2018\/12\/Susana-universidad-de-la-experienia.png\" alt=\"Susana universidad de la experienia\" width=\"250\" height=\"441\" \/><\/p>\n<p style=\"text-align: justify\">A trav\u00e9s de la universidad de la experiencia se quiere dar acceso a la educaci\u00f3n a todo el mundo, siendo el \u00fanico requisito de acceso ser mayor de 55 a\u00f1os y no hay l\u00edmite de edad.. Tambi\u00e9n promueven las relaciones intergeneracionales al coincidir a menudo con alumnos de la formaci\u00f3n reglada de los grados<\/p>\n<p>Pero os preguntareis \u00bfQu\u00e9 curso tiene m\u00e1s \u00e9xito de todos? Pues resulta que primero hay que decir que hay muchos cursos con exceso de demanda, el que m\u00e1s, el programa de historia, el cual recibe m\u00e1s de 300 inscripciones por solo 50 plazas disponibles. La peculiaridad de estos programas es que no hay ex\u00e1menes ni evaluaciones, pero si un control de asistencia y un certificado de estudios final.Y sinceramente, todo a un precio realmente social, como dec\u00eda la propia Susana.<\/p>\n<p>&nbsp;<\/p>\n<p>Nuestra segunda invitada fue Nat\u00e0lia Royo, <a href=\"https:\/\/www.inforesidencias.com\/centros\/residencia\/9969\/residencia-azurimar\">directora de la residencia Azurimar de Barcelona.<\/a> Esta residencia de tipo franc\u00e9s y del grupo \u00abAplus Sant\u00e9\u00bb est\u00e1 situada en la parte alta de Barcelona. Buscan y trabajan para llevar la forma en la que vivimos en casa a la residencia. Uno de los aspectos que los diferencian es que disponen de unidades de convivencia, en donde viven unas pocas personas con unas necesidades concretas y similares. Esto permite individualizar lo m\u00e1ximo posible el cuidado y ofrecer espacios espec\u00edficos para cada unidad. Adem\u00e1s ahora con la entrada del grupo \u00abEmera\u00bb como socio, se han podido realizar una reforma integral con instalaciones de \u00faltimas generaci\u00f3n.<\/p>\n<p style=\"text-align: justify\"><a href=\"https:\/\/www.inforesidencias.com\/blog\/wp-content\/uploads\/2018\/12\/natalia-residencia-azurimar1.png\"><img decoding=\"async\" loading=\"lazy\" class=\"aligncenter size-full wp-image-1807\" src=\"https:\/\/www.inforesidencias.com\/blog\/wp-content\/uploads\/2018\/12\/natalia-residencia-azurimar1.png\" alt=\"natalia residencia azurimar\" width=\"300\" height=\"383\" \/><\/a><\/p>\n<p style=\"text-align: justify\"><span style=\"font-weight: 300\">Adem\u00e1s Josep confesa que les conoci\u00f3 hace a\u00f1os cuando oy\u00f3 hablar de que segu\u00edan el El modelo \u00abCant\u00fa\u00bb. Este modelo se basa en las unidades de convivencia pero espec\u00edficamente esta orientado para personas con demencia y trastornos de conducta. Finalmente comentamos lo contentos que est\u00e1n en la residencia Azurimar de su nueva Sala multi- sensorial (sala Snoezelen) en donde todas las personas con demencia avanzada y donde se trabaja con todos los sentidos de la persona con el fin de lograr una \u00f3ptima estimulaci\u00f3n.<\/span><\/p>\n<p style=\"text-align: justify\">Acabamos dando las gracias\u00a0 primero a Susana por ense\u00f1arnos que nunca es tarde para hacer sitio al \u00abSaber\u00bb. Si alguien quiere m\u00e1s informaci\u00f3n puede clicar <a href=\"http:\/\/www.ub.edu\/experiencia\/index_es.php\">aqu\u00ed<\/a> o contactarla en\u00a0experiencia.informacio@ub.edu. Tambi\u00e9n agradecer Nat\u00e0lia el explicarnos como es la residencia que dirige y que esta abierta a todas las visitas y en <a href=\"https:\/\/www.azurimar.es\/\">su web<\/a>.<\/p>\n","protected":false},"excerpt":{"rendered":"<p>En este \u00faltimo programa de \u00ab\u00c9s gran ser gran\u00bb de antes del \u00abpar\u00f3n\u00bb por fiestas navide\u00f1as, tuvimos dos invitadas fant\u00e1sticas. Por un lado, vino Susana Vendrell a explicarnos que es eso de la universidad de la experiencia y tambi\u00e9n nos acompa\u00f1o Nat\u00e0lia Royo, de la residencia Azurimar de Barcelona. La primera en desvelarnos lo que nos venia a contar fue Susana Vendrell. Ella es psic\u00f3loga cl\u00ednica y responsable del \u00e1rea de la universidad de la experiencia de la Universidad de Barcelona. Susana nos cont\u00f3 que la universidad de la experiencia esta formada por programas de estudios universitarios dirigidos a personas de m\u00e1s de 55 a\u00f1os que com bien dice ella \u00abquieran darse una satisfacci\u00f3n a trav\u00e9s del conocimiento\u00bb. Sorprende ver la cantidad de gente que se apunta a estos programas de estudios (que ya son m\u00e1s de 13 los que se ofrecen). Los planes de estudio tienen diferentes duraciones hasta [&hellip;]<\/p>\n","protected":false},"author":2,"featured_media":1802,"comment_status":"open","ping_status":"open","sticky":false,"template":"","format":"standard","meta":{"footnotes":""},"categories":[1],"tags":[],"yoast_head":"<!-- This site is optimized with the Yoast SEO plugin v21.7 - https:\/\/yoast.com\/wordpress\/plugins\/seo\/ -->\n<title>Universidad de la experiencia y una residencia con estilo franc\u00e9s - Blog Inforesidencias.com<\/title>\n<meta name=\"description\" content=\"La universidad de la experiencia de la UB demuestra que no hay limite de edad y la residencia Azurimar nos explica que es una unidad de convivencia y el modelo Cant\u00fa\" \/>\n<meta name=\"robots\" content=\"index, follow, max-snippet:-1, max-image-preview:large, max-video-preview:-1\" \/>\n<link rel=\"canonical\" href=\"https:\/\/www.inforesidencias.com\/blog\/index.php\/2018\/12\/21\/universidad-de-la-experiencia-y-una-residencia-con-estilo-frances\/\" \/>\n<meta property=\"og:locale\" content=\"es_ES\" \/>\n<meta property=\"og:type\" content=\"article\" \/>\n<meta property=\"og:title\" content=\"Universidad de la experiencia y una residencia con estilo franc\u00e9s - Blog Inforesidencias.com\" \/>\n<meta property=\"og:description\" content=\"La universidad de la experiencia de la UB demuestra que no hay limite de edad y la residencia Azurimar nos explica que es una unidad de convivencia y el modelo Cant\u00fa\" \/>\n<meta property=\"og:url\" content=\"https:\/\/www.inforesidencias.com\/blog\/index.php\/2018\/12\/21\/universidad-de-la-experiencia-y-una-residencia-con-estilo-frances\/\" \/>\n<meta property=\"og:site_name\" content=\"Blog Inforesidencias.com\" \/>\n<meta property=\"article:publisher\" content=\"https:\/\/www.facebook.com\/Inforesidencias\/\" \/>\n<meta property=\"article:author\" content=\"https:\/\/www.facebook.com\/josep.demarti\" \/>\n<meta property=\"article:published_time\" content=\"2018-12-21T14:15:53+00:00\" \/>\n<meta property=\"og:image\" content=\"https:\/\/www.inforesidencias.com\/blog\/wp-content\/uploads\/2018\/12\/Es-gran-ser-gran.jpg\" \/>\n\t<meta property=\"og:image:width\" content=\"600\" \/>\n\t<meta property=\"og:image:height\" content=\"450\" \/>\n\t<meta property=\"og:image:type\" content=\"image\/jpeg\" \/>\n<meta name=\"author\" content=\"Josep de Mart\u00ed\" \/>\n<meta name=\"twitter:card\" content=\"summary_large_image\" \/>\n<meta name=\"twitter:creator\" content=\"@blog-ir\" \/>\n<meta name=\"twitter:site\" content=\"@inforesidencias\" \/>\n<meta name=\"twitter:label1\" content=\"Escrito por\" \/>\n\t<meta name=\"twitter:data1\" content=\"Josep de Mart\u00ed\" \/>\n\t<meta name=\"twitter:label2\" content=\"Tiempo de lectura\" \/>\n\t<meta name=\"twitter:data2\" content=\"3 minutos\" \/>\n<script type=\"application\/ld+json\" class=\"yoast-schema-graph\">{\"@context\":\"https:\/\/schema.org\",\"@graph\":[{\"@type\":\"WebPage\",\"@id\":\"https:\/\/www.inforesidencias.com\/blog\/index.php\/2018\/12\/21\/universidad-de-la-experiencia-y-una-residencia-con-estilo-frances\/\",\"url\":\"https:\/\/www.inforesidencias.com\/blog\/index.php\/2018\/12\/21\/universidad-de-la-experiencia-y-una-residencia-con-estilo-frances\/\",\"name\":\"Universidad de la experiencia y una residencia con estilo franc\u00e9s - Blog Inforesidencias.com\",\"isPartOf\":{\"@id\":\"https:\/\/www.inforesidencias.com\/blog\/#website\"},\"datePublished\":\"2018-12-21T14:15:53+00:00\",\"dateModified\":\"2018-12-21T14:15:53+00:00\",\"author\":{\"@id\":\"https:\/\/www.inforesidencias.com\/blog\/#\/schema\/person\/9e146774d1eb3bc1c0316242a3898628\"},\"description\":\"La universidad de la experiencia de la UB demuestra que no hay limite de edad y la residencia Azurimar nos explica que es una unidad de convivencia y el modelo Cant\u00fa\",\"breadcrumb\":{\"@id\":\"https:\/\/www.inforesidencias.com\/blog\/index.php\/2018\/12\/21\/universidad-de-la-experiencia-y-una-residencia-con-estilo-frances\/#breadcrumb\"},\"inLanguage\":\"es\",\"potentialAction\":[{\"@type\":\"ReadAction\",\"target\":[\"https:\/\/www.inforesidencias.com\/blog\/index.php\/2018\/12\/21\/universidad-de-la-experiencia-y-una-residencia-con-estilo-frances\/\"]}]},{\"@type\":\"BreadcrumbList\",\"@id\":\"https:\/\/www.inforesidencias.com\/blog\/index.php\/2018\/12\/21\/universidad-de-la-experiencia-y-una-residencia-con-estilo-frances\/#breadcrumb\",\"itemListElement\":[{\"@type\":\"ListItem\",\"position\":1,\"name\":\"Home\",\"item\":\"https:\/\/www.inforesidencias.com\/blog\/\"},{\"@type\":\"ListItem\",\"position\":2,\"name\":\"Universidad de la experiencia y una residencia con estilo franc\u00e9s\"}]},{\"@type\":\"WebSite\",\"@id\":\"https:\/\/www.inforesidencias.com\/blog\/#website\",\"url\":\"https:\/\/www.inforesidencias.com\/blog\/\",\"name\":\"Blog Inforesidencias.com\",\"description\":\"El buscador de residencias de la 3\u00aa edad\",\"potentialAction\":[{\"@type\":\"SearchAction\",\"target\":{\"@type\":\"EntryPoint\",\"urlTemplate\":\"https:\/\/www.inforesidencias.com\/blog\/?s={search_term_string}\"},\"query-input\":\"required name=search_term_string\"}],\"inLanguage\":\"es\"},{\"@type\":\"Person\",\"@id\":\"https:\/\/www.inforesidencias.com\/blog\/#\/schema\/person\/9e146774d1eb3bc1c0316242a3898628\",\"name\":\"Josep de Mart\u00ed\",\"image\":{\"@type\":\"ImageObject\",\"inLanguage\":\"es\",\"@id\":\"https:\/\/www.inforesidencias.com\/blog\/#\/schema\/person\/image\/\",\"url\":\"https:\/\/secure.gravatar.com\/avatar\/de0302c4806c00c4cebff396a798c1ff?s=96&d=mm&r=g\",\"contentUrl\":\"https:\/\/secure.gravatar.com\/avatar\/de0302c4806c00c4cebff396a798c1ff?s=96&d=mm&r=g\",\"caption\":\"Josep de Mart\u00ed\"},\"sameAs\":[\"https:\/\/www.inforesidencias.com\",\"https:\/\/www.facebook.com\/josep.demarti\",\"https:\/\/twitter.com\/blog-ir\"],\"url\":\"https:\/\/www.inforesidencias.com\/blog\/index.php\/author\/josepdemarti\/\"}]}<\/script>\n<!-- \/ Yoast SEO plugin. -->","yoast_head_json":{"title":"Universidad de la experiencia y una residencia con estilo franc\u00e9s - Blog Inforesidencias.com","description":"La universidad de la experiencia de la UB demuestra que no hay limite de edad y la residencia Azurimar nos explica que es una unidad de convivencia y el modelo Cant\u00fa","robots":{"index":"index","follow":"follow","max-snippet":"max-snippet:-1","max-image-preview":"max-image-preview:large","max-video-preview":"max-video-preview:-1"},"canonical":"https:\/\/www.inforesidencias.com\/blog\/index.php\/2018\/12\/21\/universidad-de-la-experiencia-y-una-residencia-con-estilo-frances\/","og_locale":"es_ES","og_type":"article","og_title":"Universidad de la experiencia y una residencia con estilo franc\u00e9s - Blog Inforesidencias.com","og_description":"La universidad de la experiencia de la UB demuestra que no hay limite de edad y la residencia Azurimar nos explica que es una unidad de convivencia y el modelo Cant\u00fa","og_url":"https:\/\/www.inforesidencias.com\/blog\/index.php\/2018\/12\/21\/universidad-de-la-experiencia-y-una-residencia-con-estilo-frances\/","og_site_name":"Blog Inforesidencias.com","article_publisher":"https:\/\/www.facebook.com\/Inforesidencias\/","article_author":"https:\/\/www.facebook.com\/josep.demarti","article_published_time":"2018-12-21T14:15:53+00:00","og_image":[{"width":600,"height":450,"url":"https:\/\/www.inforesidencias.com\/blog\/wp-content\/uploads\/2018\/12\/Es-gran-ser-gran.jpg","type":"image\/jpeg"}],"author":"Josep de Mart\u00ed","twitter_card":"summary_large_image","twitter_creator":"@blog-ir","twitter_site":"@inforesidencias","twitter_misc":{"Escrito por":"Josep de Mart\u00ed","Tiempo de lectura":"3 minutos"},"schema":{"@context":"https:\/\/schema.org","@graph":[{"@type":"WebPage","@id":"https:\/\/www.inforesidencias.com\/blog\/index.php\/2018\/12\/21\/universidad-de-la-experiencia-y-una-residencia-con-estilo-frances\/","url":"https:\/\/www.inforesidencias.com\/blog\/index.php\/2018\/12\/21\/universidad-de-la-experiencia-y-una-residencia-con-estilo-frances\/","name":"Universidad de la experiencia y una residencia con estilo franc\u00e9s - Blog Inforesidencias.com","isPartOf":{"@id":"https:\/\/www.inforesidencias.com\/blog\/#website"},"datePublished":"2018-12-21T14:15:53+00:00","dateModified":"2018-12-21T14:15:53+00:00","author":{"@id":"https:\/\/www.inforesidencias.com\/blog\/#\/schema\/person\/9e146774d1eb3bc1c0316242a3898628"},"description":"La universidad de la experiencia de la UB demuestra que no hay limite de edad y la residencia Azurimar nos explica que es una unidad de convivencia y el modelo Cant\u00fa","breadcrumb":{"@id":"https:\/\/www.inforesidencias.com\/blog\/index.php\/2018\/12\/21\/universidad-de-la-experiencia-y-una-residencia-con-estilo-frances\/#breadcrumb"},"inLanguage":"es","potentialAction":[{"@type":"ReadAction","target":["https:\/\/www.inforesidencias.com\/blog\/index.php\/2018\/12\/21\/universidad-de-la-experiencia-y-una-residencia-con-estilo-frances\/"]}]},{"@type":"BreadcrumbList","@id":"https:\/\/www.inforesidencias.com\/blog\/index.php\/2018\/12\/21\/universidad-de-la-experiencia-y-una-residencia-con-estilo-frances\/#breadcrumb","itemListElement":[{"@type":"ListItem","position":1,"name":"Home","item":"https:\/\/www.inforesidencias.com\/blog\/"},{"@type":"ListItem","position":2,"name":"Universidad de la experiencia y una residencia con estilo franc\u00e9s"}]},{"@type":"WebSite","@id":"https:\/\/www.inforesidencias.com\/blog\/#website","url":"https:\/\/www.inforesidencias.com\/blog\/","name":"Blog Inforesidencias.com","description":"El buscador de residencias de la 3\u00aa edad","potentialAction":[{"@type":"SearchAction","target":{"@type":"EntryPoint","urlTemplate":"https:\/\/www.inforesidencias.com\/blog\/?s={search_term_string}"},"query-input":"required name=search_term_string"}],"inLanguage":"es"},{"@type":"Person","@id":"https:\/\/www.inforesidencias.com\/blog\/#\/schema\/person\/9e146774d1eb3bc1c0316242a3898628","name":"Josep de Mart\u00ed","image":{"@type":"ImageObject","inLanguage":"es","@id":"https:\/\/www.inforesidencias.com\/blog\/#\/schema\/person\/image\/","url":"https:\/\/secure.gravatar.com\/avatar\/de0302c4806c00c4cebff396a798c1ff?s=96&d=mm&r=g","contentUrl":"https:\/\/secure.gravatar.com\/avatar\/de0302c4806c00c4cebff396a798c1ff?s=96&d=mm&r=g","caption":"Josep de Mart\u00ed"},"sameAs":["https:\/\/www.inforesidencias.com","https:\/\/www.facebook.com\/josep.demarti","https:\/\/twitter.com\/blog-ir"],"url":"https:\/\/www.inforesidencias.com\/blog\/index.php\/author\/josepdemarti\/"}]}},"_links":{"self":[{"href":"https:\/\/www.inforesidencias.com\/blog\/index.php\/wp-json\/wp\/v2\/posts\/1797"}],"collection":[{"href":"https:\/\/www.inforesidencias.com\/blog\/index.php\/wp-json\/wp\/v2\/posts"}],"about":[{"href":"https:\/\/www.inforesidencias.com\/blog\/index.php\/wp-json\/wp\/v2\/types\/post"}],"author":[{"embeddable":true,"href":"https:\/\/www.inforesidencias.com\/blog\/index.php\/wp-json\/wp\/v2\/users\/2"}],"replies":[{"embeddable":true,"href":"https:\/\/www.inforesidencias.com\/blog\/index.php\/wp-json\/wp\/v2\/comments?post=1797"}],"version-history":[{"count":13,"href":"https:\/\/www.inforesidencias.com\/blog\/index.php\/wp-json\/wp\/v2\/posts\/1797\/revisions"}],"predecessor-version":[{"id":1814,"href":"https:\/\/www.inforesidencias.com\/blog\/index.php\/wp-json\/wp\/v2\/posts\/1797\/revisions\/1814"}],"wp:featuredmedia":[{"embeddable":true,"href":"https:\/\/www.inforesidencias.com\/blog\/index.php\/wp-json\/wp\/v2\/media\/1802"}],"wp:attachment":[{"href":"https:\/\/www.inforesidencias.com\/blog\/index.php\/wp-json\/wp\/v2\/media?parent=1797"}],"wp:term":[{"taxonomy":"category","embeddable":true,"href":"https:\/\/www.inforesidencias.com\/blog\/index.php\/wp-json\/wp\/v2\/categories?post=1797"},{"taxonomy":"post_tag","embeddable":true,"href":"https:\/\/www.inforesidencias.com\/blog\/index.php\/wp-json\/wp\/v2\/tags?post=1797"}],"curies":[{"name":"wp","href":"https:\/\/api.w.org\/{rel}","templated":true}]}}