{"id":1819,"date":"2019-01-04T09:49:45","date_gmt":"2019-01-04T09:49:45","guid":{"rendered":"https:\/\/www.inforesidencias.com\/blog\/?p=1819"},"modified":"2019-01-04T09:49:45","modified_gmt":"2019-01-04T09:49:45","slug":"los-cuidados-en-la-vejez-en-la-sociedad-3-0","status":"publish","type":"post","link":"https:\/\/www.inforesidencias.com\/blog\/index.php\/2019\/01\/04\/los-cuidados-en-la-vejez-en-la-sociedad-3-0\/","title":{"rendered":"Los cuidados en la vejez en la sociedad 3.0"},"content":{"rendered":"<p style=\"text-align: justify\">Esta vez, y aun en periodo navide\u00f1o, contamos con un art\u00edculo escrito por el Dr. Carlos Gil. En esta ocasi\u00f3n de nuevo, abordamos el retos de los cuidados en la vejez en el futuro. Muchas gracias doctor por su colaboraci\u00f3n.<\/p>\n<p style=\"text-align: justify\">En la sociedad del futuro aparecen varios retos. Uno de ellos es ofrecer servicios de cuidados para enfermos cr\u00f3nicos complejos cuando se encuentran en la vejez. Esto requiere un cambio de paradigma para todo el sistema socio-sanitario, las pol\u00edticas p\u00fablicas de salud, para los seguros privados de salud, la familia, los pacientes y toda la sociedad en su globalidad.\u00a0 Todo esto adem\u00e1s, enmarcado en la sociedad 3.0 que ya est\u00e1 con nosotros camino al 2050.<\/p>\n<p style=\"text-align: justify\">Asimismo, el actual cambio estructural econ\u00f3mico sin freno que el mundo social est\u00e1 viviendo, cuyo perfil se caracteriza por ser pro-activo y m\u00e1s solidario, demandara como imprescindible, el respeto a los derechos humanos, para las personas mayores y de todas las edades. Esta demanda exige una oferta de servicios p\u00fablicos y privados coordinados, humanizados, eficientes, de calidad y seguridad para todas las edades. Lo cual lo diferencia de la sociedad de siglos pasado para transformarse en una sociedad inmersa en proceso de innovaci\u00f3n, mejora y profundo cambio.<\/p>\n<p style=\"text-align: justify\">Todo esto, da origen a la sociedad 3.0 que no solo demandar\u00e1 mejores servicios de salud, sino tambi\u00e9n de cuidados de larga duraci\u00f3n en tiempos de la IV Revoluci\u00f3n Industrial y profunda transformaci\u00f3n y huella digital. Pasaremos de un modelo reactivo de servicios salud basado en la enfermedad a un sistema socio-sanitario pro-activo e integrado, cuyo objetivo general deber\u00eda ser el denominado formato de las 5P: promoci\u00f3n, predicci\u00f3n, prevenci\u00f3n, personalizado y participativo.<\/p>\n<p style=\"text-align: justify\">Iniciar el cambio de paradigma permitir\u00e1 dar respuesta al tsunami del envejecimiento demogr\u00e1fico y el cambio epidemiol\u00f3gico que lleva asociado, los altos \u00edndices de dependencia, la carga global de las enfermedades cr\u00f3nicas en general y las complejas graves en particular como por ejemplo la demencia tipo Alzheimer, la insuficiencia cardiaca cr\u00f3nica, el EPOC, hipertensi\u00f3n arterial, el sedentarismo, la diabetes la insuficiencia renal cr\u00f3nica y la obesidad. En su conjunto, estas enfermedades tienen factores de riesgo comunes y modificables, por lo que son el espejo del fracaso de un sistema de salud y m\u00e9dico del siglo pasado como actual, que no da respuesta a la realidad demogr\u00e1fica, epidemiol\u00f3gico y la profunda transformaci\u00f3n social camino a la mitad del siglo XXI.<\/p>\n<p style=\"text-align: justify\">Si bien es verdad que el envejecimiento es un proceso progresivo y universal, la vejez es a su vez una etapa m\u00e1s de nuestra existencia, motivo por el cual no existe dos envejecimientos iguales en ning\u00fan lugar del mundo. Ni tampoco dos etapas de la vejez id\u00e9nticas. Entonces, \u00bfD\u00f3nde est\u00e1 el verdadero desaf\u00edo? \u00bfEs la demencia tipo Alzheimer o el envejecimiento demogr\u00e1fico un desaf\u00edo global o ambos? \u00bfC\u00f3mo afecta y afectar\u00e1 a las familias ahora y en el futuro el Alzheimer, el envejecimiento asociado y las desigualdades en tiempos de vejez?<\/p>\n<p style=\"text-align: justify\">\u00bfSaben realmente las familias que significa cuidar y atender a familiares mayores y enfermos, con pocos recursos, sin ingresos y sin apoyo familiar? \u00bf<a href=\"https:\/\/www.inforesidencias.com\/blog\/index.php\/2018\/03\/03\/el-cuidador-familiar-un-factor-clave-en-alzheimer\/\">C\u00f3mo cuidar personas enfermas con patolog\u00edas cr\u00f3nicas complejas como la demencia tipo Alzheimer sin capacitaci\u00f3n, entrenamiento o experiencia previa y apoyo socio-sanitario?<\/a><\/p>\n<p style=\"text-align: justify\"><a href=\"https:\/\/www.inforesidencias.com\/blog\/wp-content\/uploads\/2019\/01\/cuidados-en-la-vejez.png\"><img decoding=\"async\" loading=\"lazy\" class=\"aligncenter size-full wp-image-1821\" src=\"https:\/\/www.inforesidencias.com\/blog\/wp-content\/uploads\/2019\/01\/cuidados-en-la-vejez.png\" alt=\"cuidados en la vejez\" width=\"365\" height=\"296\" \/><\/a><\/p>\n<p style=\"text-align: justify\">Uno de los aspectos m\u00e1s importantes en este campo es que tanto cuidadores familiares y\/o profesionales tengan un perfil psicol\u00f3gico con alta motivaci\u00f3n y tolerancia a la frustraci\u00f3n en el cuidado de este tipo de enfermo\/a, ser creativos, usar modelos de coordinaci\u00f3n din\u00e1mica basado en la empat\u00eda y la integraci\u00f3n.\u00a0 De este modo pondremos el foco en la re-educaci\u00f3n, en la atenci\u00f3n y en las otras funciones cognitiva, como a las caracter\u00edsticas de cada persona enferma y sus necesidades.<\/p>\n<p style=\"text-align: justify\">No obstante, lo complejo de cuidar a este tipo de enfermos es saber que en la primera etapa de la enfermedad esta puede conllevar una tendencia al aislamiento y el rehuir a tener contactos cercanos de tipo f\u00edsico o afectivo. Conocer esta realidad requiere ofrecer nuevas alternativas de intervenci\u00f3n que tienen que ver con las que ya existen y no funcionan, porque existe una ausencia de estimulo afectivo-emocional que facilite la adherencia personal en este tipo de enfermo\/a.<\/p>\n<p style=\"text-align: justify\"><a href=\"https:\/\/vimeo.com\/193562809\">https:\/\/vimeo.com\/193562809<\/a><br \/>\n<a href=\"https:\/\/www.youtube.com\/watch?v=QkTvCzXbwys&amp;feature=youtu.be\">https:\/\/youtu.be\/QkTvCzXbwys<\/a><\/p>\n<p style=\"text-align: justify\">Carlos Gil Galvez, Master en cuidados especializados para enfermos y familiares de enfermos con Alzheimer, Universidad de Salamanca (USAL), Espa\u00f1a.<\/p>\n","protected":false},"excerpt":{"rendered":"<p>Esta vez, y aun en periodo navide\u00f1o, contamos con un art\u00edculo escrito por el Dr. Carlos Gil. En esta ocasi\u00f3n de nuevo, abordamos el retos de los cuidados en la vejez en el futuro. Muchas gracias doctor por su colaboraci\u00f3n. En la sociedad del futuro aparecen varios retos. Uno de ellos es ofrecer servicios de cuidados para enfermos cr\u00f3nicos complejos cuando se encuentran en la vejez. Esto requiere un cambio de paradigma para todo el sistema socio-sanitario, las pol\u00edticas p\u00fablicas de salud, para los seguros privados de salud, la familia, los pacientes y toda la sociedad en su globalidad.\u00a0 Todo esto adem\u00e1s, enmarcado en la sociedad 3.0 que ya est\u00e1 con nosotros camino al 2050. Asimismo, el actual cambio estructural econ\u00f3mico sin freno que el mundo social est\u00e1 viviendo, cuyo perfil se caracteriza por ser pro-activo y m\u00e1s solidario, demandara como imprescindible, el respeto a los derechos humanos, para las [&hellip;]<\/p>\n","protected":false},"author":2,"featured_media":979,"comment_status":"open","ping_status":"open","sticky":false,"template":"","format":"standard","meta":{"footnotes":""},"categories":[1],"tags":[],"yoast_head":"<!-- This site is optimized with the Yoast SEO plugin v21.7 - https:\/\/yoast.com\/wordpress\/plugins\/seo\/ -->\n<title>Los cuidados en la vejez en la sociedad 3.0 - Blog Inforesidencias.com<\/title>\n<meta name=\"description\" content=\"En la sociedad del futuro, los cuidados a las personas en la vejez y la forma en que se prestaran conllevaran grandes retos.\" \/>\n<meta name=\"robots\" content=\"index, follow, max-snippet:-1, max-image-preview:large, max-video-preview:-1\" \/>\n<link rel=\"canonical\" href=\"https:\/\/www.inforesidencias.com\/blog\/index.php\/2019\/01\/04\/los-cuidados-en-la-vejez-en-la-sociedad-3-0\/\" \/>\n<meta property=\"og:locale\" content=\"es_ES\" \/>\n<meta property=\"og:type\" content=\"article\" \/>\n<meta property=\"og:title\" content=\"Los cuidados en la vejez en la sociedad 3.0 - Blog Inforesidencias.com\" \/>\n<meta property=\"og:description\" content=\"En la sociedad del futuro, los cuidados a las personas en la vejez y la forma en que se prestaran conllevaran grandes retos.\" \/>\n<meta property=\"og:url\" content=\"https:\/\/www.inforesidencias.com\/blog\/index.php\/2019\/01\/04\/los-cuidados-en-la-vejez-en-la-sociedad-3-0\/\" \/>\n<meta property=\"og:site_name\" content=\"Blog Inforesidencias.com\" \/>\n<meta property=\"article:publisher\" content=\"https:\/\/www.facebook.com\/Inforesidencias\/\" \/>\n<meta property=\"article:author\" content=\"https:\/\/www.facebook.com\/josep.demarti\" \/>\n<meta property=\"article:published_time\" content=\"2019-01-04T09:49:45+00:00\" \/>\n<meta property=\"og:image\" content=\"https:\/\/www.inforesidencias.com\/blog\/wp-content\/uploads\/2017\/02\/Captura-de-pantalla-2017-02-03-a-las-13.10.42.png\" \/>\n\t<meta property=\"og:image:width\" content=\"591\" \/>\n\t<meta property=\"og:image:height\" content=\"664\" \/>\n\t<meta property=\"og:image:type\" content=\"image\/png\" \/>\n<meta name=\"author\" content=\"Josep de Mart\u00ed\" \/>\n<meta name=\"twitter:card\" content=\"summary_large_image\" \/>\n<meta name=\"twitter:creator\" content=\"@blog-ir\" \/>\n<meta name=\"twitter:site\" content=\"@inforesidencias\" \/>\n<meta name=\"twitter:label1\" content=\"Escrito por\" \/>\n\t<meta name=\"twitter:data1\" content=\"Josep de Mart\u00ed\" \/>\n\t<meta name=\"twitter:label2\" content=\"Tiempo de lectura\" \/>\n\t<meta name=\"twitter:data2\" content=\"4 minutos\" \/>\n<script type=\"application\/ld+json\" class=\"yoast-schema-graph\">{\"@context\":\"https:\/\/schema.org\",\"@graph\":[{\"@type\":\"WebPage\",\"@id\":\"https:\/\/www.inforesidencias.com\/blog\/index.php\/2019\/01\/04\/los-cuidados-en-la-vejez-en-la-sociedad-3-0\/\",\"url\":\"https:\/\/www.inforesidencias.com\/blog\/index.php\/2019\/01\/04\/los-cuidados-en-la-vejez-en-la-sociedad-3-0\/\",\"name\":\"Los cuidados en la vejez en la sociedad 3.0 - Blog Inforesidencias.com\",\"isPartOf\":{\"@id\":\"https:\/\/www.inforesidencias.com\/blog\/#website\"},\"datePublished\":\"2019-01-04T09:49:45+00:00\",\"dateModified\":\"2019-01-04T09:49:45+00:00\",\"author\":{\"@id\":\"https:\/\/www.inforesidencias.com\/blog\/#\/schema\/person\/9e146774d1eb3bc1c0316242a3898628\"},\"description\":\"En la sociedad del futuro, los cuidados a las personas en la vejez y la forma en que se prestaran conllevaran grandes retos.\",\"breadcrumb\":{\"@id\":\"https:\/\/www.inforesidencias.com\/blog\/index.php\/2019\/01\/04\/los-cuidados-en-la-vejez-en-la-sociedad-3-0\/#breadcrumb\"},\"inLanguage\":\"es\",\"potentialAction\":[{\"@type\":\"ReadAction\",\"target\":[\"https:\/\/www.inforesidencias.com\/blog\/index.php\/2019\/01\/04\/los-cuidados-en-la-vejez-en-la-sociedad-3-0\/\"]}]},{\"@type\":\"BreadcrumbList\",\"@id\":\"https:\/\/www.inforesidencias.com\/blog\/index.php\/2019\/01\/04\/los-cuidados-en-la-vejez-en-la-sociedad-3-0\/#breadcrumb\",\"itemListElement\":[{\"@type\":\"ListItem\",\"position\":1,\"name\":\"Home\",\"item\":\"https:\/\/www.inforesidencias.com\/blog\/\"},{\"@type\":\"ListItem\",\"position\":2,\"name\":\"Los cuidados en la vejez en la sociedad 3.0\"}]},{\"@type\":\"WebSite\",\"@id\":\"https:\/\/www.inforesidencias.com\/blog\/#website\",\"url\":\"https:\/\/www.inforesidencias.com\/blog\/\",\"name\":\"Blog Inforesidencias.com\",\"description\":\"El buscador de residencias de la 3\u00aa edad\",\"potentialAction\":[{\"@type\":\"SearchAction\",\"target\":{\"@type\":\"EntryPoint\",\"urlTemplate\":\"https:\/\/www.inforesidencias.com\/blog\/?s={search_term_string}\"},\"query-input\":\"required name=search_term_string\"}],\"inLanguage\":\"es\"},{\"@type\":\"Person\",\"@id\":\"https:\/\/www.inforesidencias.com\/blog\/#\/schema\/person\/9e146774d1eb3bc1c0316242a3898628\",\"name\":\"Josep de Mart\u00ed\",\"image\":{\"@type\":\"ImageObject\",\"inLanguage\":\"es\",\"@id\":\"https:\/\/www.inforesidencias.com\/blog\/#\/schema\/person\/image\/\",\"url\":\"https:\/\/secure.gravatar.com\/avatar\/de0302c4806c00c4cebff396a798c1ff?s=96&d=mm&r=g\",\"contentUrl\":\"https:\/\/secure.gravatar.com\/avatar\/de0302c4806c00c4cebff396a798c1ff?s=96&d=mm&r=g\",\"caption\":\"Josep de Mart\u00ed\"},\"sameAs\":[\"https:\/\/www.inforesidencias.com\",\"https:\/\/www.facebook.com\/josep.demarti\",\"https:\/\/twitter.com\/blog-ir\"],\"url\":\"https:\/\/www.inforesidencias.com\/blog\/index.php\/author\/josepdemarti\/\"}]}<\/script>\n<!-- \/ Yoast SEO plugin. -->","yoast_head_json":{"title":"Los cuidados en la vejez en la sociedad 3.0 - Blog Inforesidencias.com","description":"En la sociedad del futuro, los cuidados a las personas en la vejez y la forma en que se prestaran conllevaran grandes retos.","robots":{"index":"index","follow":"follow","max-snippet":"max-snippet:-1","max-image-preview":"max-image-preview:large","max-video-preview":"max-video-preview:-1"},"canonical":"https:\/\/www.inforesidencias.com\/blog\/index.php\/2019\/01\/04\/los-cuidados-en-la-vejez-en-la-sociedad-3-0\/","og_locale":"es_ES","og_type":"article","og_title":"Los cuidados en la vejez en la sociedad 3.0 - Blog Inforesidencias.com","og_description":"En la sociedad del futuro, los cuidados a las personas en la vejez y la forma en que se prestaran conllevaran grandes retos.","og_url":"https:\/\/www.inforesidencias.com\/blog\/index.php\/2019\/01\/04\/los-cuidados-en-la-vejez-en-la-sociedad-3-0\/","og_site_name":"Blog Inforesidencias.com","article_publisher":"https:\/\/www.facebook.com\/Inforesidencias\/","article_author":"https:\/\/www.facebook.com\/josep.demarti","article_published_time":"2019-01-04T09:49:45+00:00","og_image":[{"width":591,"height":664,"url":"https:\/\/www.inforesidencias.com\/blog\/wp-content\/uploads\/2017\/02\/Captura-de-pantalla-2017-02-03-a-las-13.10.42.png","type":"image\/png"}],"author":"Josep de Mart\u00ed","twitter_card":"summary_large_image","twitter_creator":"@blog-ir","twitter_site":"@inforesidencias","twitter_misc":{"Escrito por":"Josep de Mart\u00ed","Tiempo de lectura":"4 minutos"},"schema":{"@context":"https:\/\/schema.org","@graph":[{"@type":"WebPage","@id":"https:\/\/www.inforesidencias.com\/blog\/index.php\/2019\/01\/04\/los-cuidados-en-la-vejez-en-la-sociedad-3-0\/","url":"https:\/\/www.inforesidencias.com\/blog\/index.php\/2019\/01\/04\/los-cuidados-en-la-vejez-en-la-sociedad-3-0\/","name":"Los cuidados en la vejez en la sociedad 3.0 - Blog Inforesidencias.com","isPartOf":{"@id":"https:\/\/www.inforesidencias.com\/blog\/#website"},"datePublished":"2019-01-04T09:49:45+00:00","dateModified":"2019-01-04T09:49:45+00:00","author":{"@id":"https:\/\/www.inforesidencias.com\/blog\/#\/schema\/person\/9e146774d1eb3bc1c0316242a3898628"},"description":"En la sociedad del futuro, los cuidados a las personas en la vejez y la forma en que se prestaran conllevaran grandes retos.","breadcrumb":{"@id":"https:\/\/www.inforesidencias.com\/blog\/index.php\/2019\/01\/04\/los-cuidados-en-la-vejez-en-la-sociedad-3-0\/#breadcrumb"},"inLanguage":"es","potentialAction":[{"@type":"ReadAction","target":["https:\/\/www.inforesidencias.com\/blog\/index.php\/2019\/01\/04\/los-cuidados-en-la-vejez-en-la-sociedad-3-0\/"]}]},{"@type":"BreadcrumbList","@id":"https:\/\/www.inforesidencias.com\/blog\/index.php\/2019\/01\/04\/los-cuidados-en-la-vejez-en-la-sociedad-3-0\/#breadcrumb","itemListElement":[{"@type":"ListItem","position":1,"name":"Home","item":"https:\/\/www.inforesidencias.com\/blog\/"},{"@type":"ListItem","position":2,"name":"Los cuidados en la vejez en la sociedad 3.0"}]},{"@type":"WebSite","@id":"https:\/\/www.inforesidencias.com\/blog\/#website","url":"https:\/\/www.inforesidencias.com\/blog\/","name":"Blog Inforesidencias.com","description":"El buscador de residencias de la 3\u00aa edad","potentialAction":[{"@type":"SearchAction","target":{"@type":"EntryPoint","urlTemplate":"https:\/\/www.inforesidencias.com\/blog\/?s={search_term_string}"},"query-input":"required name=search_term_string"}],"inLanguage":"es"},{"@type":"Person","@id":"https:\/\/www.inforesidencias.com\/blog\/#\/schema\/person\/9e146774d1eb3bc1c0316242a3898628","name":"Josep de Mart\u00ed","image":{"@type":"ImageObject","inLanguage":"es","@id":"https:\/\/www.inforesidencias.com\/blog\/#\/schema\/person\/image\/","url":"https:\/\/secure.gravatar.com\/avatar\/de0302c4806c00c4cebff396a798c1ff?s=96&d=mm&r=g","contentUrl":"https:\/\/secure.gravatar.com\/avatar\/de0302c4806c00c4cebff396a798c1ff?s=96&d=mm&r=g","caption":"Josep de Mart\u00ed"},"sameAs":["https:\/\/www.inforesidencias.com","https:\/\/www.facebook.com\/josep.demarti","https:\/\/twitter.com\/blog-ir"],"url":"https:\/\/www.inforesidencias.com\/blog\/index.php\/author\/josepdemarti\/"}]}},"_links":{"self":[{"href":"https:\/\/www.inforesidencias.com\/blog\/index.php\/wp-json\/wp\/v2\/posts\/1819"}],"collection":[{"href":"https:\/\/www.inforesidencias.com\/blog\/index.php\/wp-json\/wp\/v2\/posts"}],"about":[{"href":"https:\/\/www.inforesidencias.com\/blog\/index.php\/wp-json\/wp\/v2\/types\/post"}],"author":[{"embeddable":true,"href":"https:\/\/www.inforesidencias.com\/blog\/index.php\/wp-json\/wp\/v2\/users\/2"}],"replies":[{"embeddable":true,"href":"https:\/\/www.inforesidencias.com\/blog\/index.php\/wp-json\/wp\/v2\/comments?post=1819"}],"version-history":[{"count":3,"href":"https:\/\/www.inforesidencias.com\/blog\/index.php\/wp-json\/wp\/v2\/posts\/1819\/revisions"}],"predecessor-version":[{"id":1823,"href":"https:\/\/www.inforesidencias.com\/blog\/index.php\/wp-json\/wp\/v2\/posts\/1819\/revisions\/1823"}],"wp:featuredmedia":[{"embeddable":true,"href":"https:\/\/www.inforesidencias.com\/blog\/index.php\/wp-json\/wp\/v2\/media\/979"}],"wp:attachment":[{"href":"https:\/\/www.inforesidencias.com\/blog\/index.php\/wp-json\/wp\/v2\/media?parent=1819"}],"wp:term":[{"taxonomy":"category","embeddable":true,"href":"https:\/\/www.inforesidencias.com\/blog\/index.php\/wp-json\/wp\/v2\/categories?post=1819"},{"taxonomy":"post_tag","embeddable":true,"href":"https:\/\/www.inforesidencias.com\/blog\/index.php\/wp-json\/wp\/v2\/tags?post=1819"}],"curies":[{"name":"wp","href":"https:\/\/api.w.org\/{rel}","templated":true}]}}