{"id":1833,"date":"2019-01-14T08:36:07","date_gmt":"2019-01-14T08:36:07","guid":{"rendered":"https:\/\/www.inforesidencias.com\/blog\/?p=1833"},"modified":"2019-01-09T14:24:58","modified_gmt":"2019-01-09T14:24:58","slug":"visitando-una-residencia-de-una-congregacion-religiosa","status":"publish","type":"post","link":"https:\/\/www.inforesidencias.com\/blog\/index.php\/2019\/01\/14\/visitando-una-residencia-de-una-congregacion-religiosa\/","title":{"rendered":"Visitando una residencia de una congregaci\u00f3n religiosa"},"content":{"rendered":"<p style=\"text-align: justify\">En inforesidencias nos gusta hacer viajes por todo el mundo descubriendo como se trabaja en las residencias en otras partes del globo. En octubre pasado fuimos a Toulouse, donde entre otros centros visitamos una residencia de la congregaci\u00f3n religiosa Las Hermanitas de los Pobres. Se trata de una residencia muy grande que aun esta en inmersa en una total reforma y remodelaci\u00f3n.<\/p>\n<p style=\"text-align: justify\">Una de las cosas m\u00e1s curiosas e interesantes que vimos fue en la sala de terapias. All\u00ed disponen de una ba\u00f1era muy moderna para hidromasajes con diferentes posiciones, chorros, iluminaci\u00f3n con diferentes colores etc<\/p>\n<p><iframe loading=\"lazy\" width=\"500\" height=\"281\" src=\"https:\/\/www.youtube.com\/embed\/5voZZ3VJKjk?feature=oembed\" frameborder=\"0\" allow=\"accelerometer; autoplay; encrypted-media; gyroscope; picture-in-picture\" allowfullscreen><\/iframe><\/p>\n<p style=\"text-align: justify\">Otra de las cosas que nos llam\u00f3 la atenci\u00f3n de esta residencia fue una terapia con esencias (no sale en este video). Nos explic\u00f3 la terapeuta que es muy beneficiosa para multitud de patolog\u00edas debido a la gran cantidad de esencias existentes. Adem\u00e1s, nos explic\u00f3 que est\u00e1 llevando a cabo un estudio al respecto para documentar todos estos beneficios y los procesos optimo para emplear esta terapia.<\/p>\n<p style=\"text-align: justify\">En todos estos a\u00f1os, hemos visitado muchas residencias, y de algunas de ellas ya <a href=\"https:\/\/www.inforesidencias.com\/blog\/index.php\/2018\/11\/07\/una-residencia-con-campo-de-golf\/\">hemos publicado art\u00edculos en el blog<\/a>, y en 2019 volvemos a organizar <a href=\"https:\/\/www.inforesidencias.com\/contenidos\/viajes\">muchos otros<\/a>.<\/p>\n","protected":false},"excerpt":{"rendered":"<p>En inforesidencias nos gusta hacer viajes por todo el mundo descubriendo como se trabaja en las residencias en otras partes del globo. En octubre pasado fuimos a Toulouse, donde entre otros centros visitamos una residencia de la congregaci\u00f3n religiosa Las Hermanitas de los Pobres. Se trata de una residencia muy grande que aun esta en inmersa en una total reforma y remodelaci\u00f3n. Una de las cosas m\u00e1s curiosas e interesantes que vimos fue en la sala de terapias. All\u00ed disponen de una ba\u00f1era muy moderna para hidromasajes con diferentes posiciones, chorros, iluminaci\u00f3n con diferentes colores etc Otra de las cosas que nos llam\u00f3 la atenci\u00f3n de esta residencia fue una terapia con esencias (no sale en este video). Nos explic\u00f3 la terapeuta que es muy beneficiosa para multitud de patolog\u00edas debido a la gran cantidad de esencias existentes. Adem\u00e1s, nos explic\u00f3 que est\u00e1 llevando a cabo un estudio al respecto [&hellip;]<\/p>\n","protected":false},"author":2,"featured_media":1835,"comment_status":"open","ping_status":"open","sticky":false,"template":"","format":"standard","meta":{"footnotes":""},"categories":[1],"tags":[],"yoast_head":"<!-- This site is optimized with the Yoast SEO plugin v21.7 - https:\/\/yoast.com\/wordpress\/plugins\/seo\/ -->\n<title>Visitando una residencia de una congregaci\u00f3n religiosa - Blog Inforesidencias.com<\/title>\n<meta name=\"description\" content=\"En esta residencia de Toulouse est\u00e1n siempre en continua mejora y cambio, para ofrecer lo mejor a las personas mayores\" \/>\n<meta name=\"robots\" content=\"index, follow, max-snippet:-1, max-image-preview:large, max-video-preview:-1\" \/>\n<link rel=\"canonical\" href=\"https:\/\/www.inforesidencias.com\/blog\/index.php\/2019\/01\/14\/visitando-una-residencia-de-una-congregacion-religiosa\/\" \/>\n<meta property=\"og:locale\" content=\"es_ES\" \/>\n<meta property=\"og:type\" content=\"article\" \/>\n<meta property=\"og:title\" content=\"Visitando una residencia de una congregaci\u00f3n religiosa - Blog Inforesidencias.com\" \/>\n<meta property=\"og:description\" content=\"En esta residencia de Toulouse est\u00e1n siempre en continua mejora y cambio, para ofrecer lo mejor a las personas mayores\" \/>\n<meta property=\"og:url\" content=\"https:\/\/www.inforesidencias.com\/blog\/index.php\/2019\/01\/14\/visitando-una-residencia-de-una-congregacion-religiosa\/\" \/>\n<meta property=\"og:site_name\" content=\"Blog Inforesidencias.com\" \/>\n<meta property=\"article:publisher\" content=\"https:\/\/www.facebook.com\/Inforesidencias\/\" \/>\n<meta property=\"article:author\" content=\"https:\/\/www.facebook.com\/josep.demarti\" \/>\n<meta property=\"article:published_time\" content=\"2019-01-14T08:36:07+00:00\" \/>\n<meta property=\"article:modified_time\" content=\"2019-01-09T14:24:58+00:00\" \/>\n<meta property=\"og:image\" content=\"https:\/\/www.inforesidencias.com\/blog\/wp-content\/uploads\/2019\/01\/una-residencia-de-religiosas-en-Toulouse.png\" \/>\n\t<meta property=\"og:image:width\" content=\"309\" \/>\n\t<meta property=\"og:image:height\" content=\"412\" \/>\n\t<meta property=\"og:image:type\" content=\"image\/png\" \/>\n<meta name=\"author\" content=\"Josep de Mart\u00ed\" \/>\n<meta name=\"twitter:card\" content=\"summary_large_image\" \/>\n<meta name=\"twitter:creator\" content=\"@blog-ir\" \/>\n<meta name=\"twitter:site\" content=\"@inforesidencias\" \/>\n<meta name=\"twitter:label1\" content=\"Escrito por\" \/>\n\t<meta name=\"twitter:data1\" content=\"Josep de Mart\u00ed\" \/>\n\t<meta name=\"twitter:label2\" content=\"Tiempo de lectura\" \/>\n\t<meta name=\"twitter:data2\" content=\"1 minuto\" \/>\n<script type=\"application\/ld+json\" class=\"yoast-schema-graph\">{\"@context\":\"https:\/\/schema.org\",\"@graph\":[{\"@type\":\"WebPage\",\"@id\":\"https:\/\/www.inforesidencias.com\/blog\/index.php\/2019\/01\/14\/visitando-una-residencia-de-una-congregacion-religiosa\/\",\"url\":\"https:\/\/www.inforesidencias.com\/blog\/index.php\/2019\/01\/14\/visitando-una-residencia-de-una-congregacion-religiosa\/\",\"name\":\"Visitando una residencia de una congregaci\u00f3n religiosa - Blog Inforesidencias.com\",\"isPartOf\":{\"@id\":\"https:\/\/www.inforesidencias.com\/blog\/#website\"},\"datePublished\":\"2019-01-14T08:36:07+00:00\",\"dateModified\":\"2019-01-09T14:24:58+00:00\",\"author\":{\"@id\":\"https:\/\/www.inforesidencias.com\/blog\/#\/schema\/person\/9e146774d1eb3bc1c0316242a3898628\"},\"description\":\"En esta residencia de Toulouse est\u00e1n siempre en continua mejora y cambio, para ofrecer lo mejor a las personas mayores\",\"breadcrumb\":{\"@id\":\"https:\/\/www.inforesidencias.com\/blog\/index.php\/2019\/01\/14\/visitando-una-residencia-de-una-congregacion-religiosa\/#breadcrumb\"},\"inLanguage\":\"es\",\"potentialAction\":[{\"@type\":\"ReadAction\",\"target\":[\"https:\/\/www.inforesidencias.com\/blog\/index.php\/2019\/01\/14\/visitando-una-residencia-de-una-congregacion-religiosa\/\"]}]},{\"@type\":\"BreadcrumbList\",\"@id\":\"https:\/\/www.inforesidencias.com\/blog\/index.php\/2019\/01\/14\/visitando-una-residencia-de-una-congregacion-religiosa\/#breadcrumb\",\"itemListElement\":[{\"@type\":\"ListItem\",\"position\":1,\"name\":\"Home\",\"item\":\"https:\/\/www.inforesidencias.com\/blog\/\"},{\"@type\":\"ListItem\",\"position\":2,\"name\":\"Visitando una residencia de una congregaci\u00f3n religiosa\"}]},{\"@type\":\"WebSite\",\"@id\":\"https:\/\/www.inforesidencias.com\/blog\/#website\",\"url\":\"https:\/\/www.inforesidencias.com\/blog\/\",\"name\":\"Blog Inforesidencias.com\",\"description\":\"El buscador de residencias de la 3\u00aa edad\",\"potentialAction\":[{\"@type\":\"SearchAction\",\"target\":{\"@type\":\"EntryPoint\",\"urlTemplate\":\"https:\/\/www.inforesidencias.com\/blog\/?s={search_term_string}\"},\"query-input\":\"required name=search_term_string\"}],\"inLanguage\":\"es\"},{\"@type\":\"Person\",\"@id\":\"https:\/\/www.inforesidencias.com\/blog\/#\/schema\/person\/9e146774d1eb3bc1c0316242a3898628\",\"name\":\"Josep de Mart\u00ed\",\"image\":{\"@type\":\"ImageObject\",\"inLanguage\":\"es\",\"@id\":\"https:\/\/www.inforesidencias.com\/blog\/#\/schema\/person\/image\/\",\"url\":\"https:\/\/secure.gravatar.com\/avatar\/de0302c4806c00c4cebff396a798c1ff?s=96&d=mm&r=g\",\"contentUrl\":\"https:\/\/secure.gravatar.com\/avatar\/de0302c4806c00c4cebff396a798c1ff?s=96&d=mm&r=g\",\"caption\":\"Josep de Mart\u00ed\"},\"sameAs\":[\"https:\/\/www.inforesidencias.com\",\"https:\/\/www.facebook.com\/josep.demarti\",\"https:\/\/twitter.com\/blog-ir\"],\"url\":\"https:\/\/www.inforesidencias.com\/blog\/index.php\/author\/josepdemarti\/\"}]}<\/script>\n<!-- \/ Yoast SEO plugin. -->","yoast_head_json":{"title":"Visitando una residencia de una congregaci\u00f3n religiosa - Blog Inforesidencias.com","description":"En esta residencia de Toulouse est\u00e1n siempre en continua mejora y cambio, para ofrecer lo mejor a las personas mayores","robots":{"index":"index","follow":"follow","max-snippet":"max-snippet:-1","max-image-preview":"max-image-preview:large","max-video-preview":"max-video-preview:-1"},"canonical":"https:\/\/www.inforesidencias.com\/blog\/index.php\/2019\/01\/14\/visitando-una-residencia-de-una-congregacion-religiosa\/","og_locale":"es_ES","og_type":"article","og_title":"Visitando una residencia de una congregaci\u00f3n religiosa - Blog Inforesidencias.com","og_description":"En esta residencia de Toulouse est\u00e1n siempre en continua mejora y cambio, para ofrecer lo mejor a las personas mayores","og_url":"https:\/\/www.inforesidencias.com\/blog\/index.php\/2019\/01\/14\/visitando-una-residencia-de-una-congregacion-religiosa\/","og_site_name":"Blog Inforesidencias.com","article_publisher":"https:\/\/www.facebook.com\/Inforesidencias\/","article_author":"https:\/\/www.facebook.com\/josep.demarti","article_published_time":"2019-01-14T08:36:07+00:00","article_modified_time":"2019-01-09T14:24:58+00:00","og_image":[{"width":309,"height":412,"url":"https:\/\/www.inforesidencias.com\/blog\/wp-content\/uploads\/2019\/01\/una-residencia-de-religiosas-en-Toulouse.png","type":"image\/png"}],"author":"Josep de Mart\u00ed","twitter_card":"summary_large_image","twitter_creator":"@blog-ir","twitter_site":"@inforesidencias","twitter_misc":{"Escrito por":"Josep de Mart\u00ed","Tiempo de lectura":"1 minuto"},"schema":{"@context":"https:\/\/schema.org","@graph":[{"@type":"WebPage","@id":"https:\/\/www.inforesidencias.com\/blog\/index.php\/2019\/01\/14\/visitando-una-residencia-de-una-congregacion-religiosa\/","url":"https:\/\/www.inforesidencias.com\/blog\/index.php\/2019\/01\/14\/visitando-una-residencia-de-una-congregacion-religiosa\/","name":"Visitando una residencia de una congregaci\u00f3n religiosa - Blog Inforesidencias.com","isPartOf":{"@id":"https:\/\/www.inforesidencias.com\/blog\/#website"},"datePublished":"2019-01-14T08:36:07+00:00","dateModified":"2019-01-09T14:24:58+00:00","author":{"@id":"https:\/\/www.inforesidencias.com\/blog\/#\/schema\/person\/9e146774d1eb3bc1c0316242a3898628"},"description":"En esta residencia de Toulouse est\u00e1n siempre en continua mejora y cambio, para ofrecer lo mejor a las personas mayores","breadcrumb":{"@id":"https:\/\/www.inforesidencias.com\/blog\/index.php\/2019\/01\/14\/visitando-una-residencia-de-una-congregacion-religiosa\/#breadcrumb"},"inLanguage":"es","potentialAction":[{"@type":"ReadAction","target":["https:\/\/www.inforesidencias.com\/blog\/index.php\/2019\/01\/14\/visitando-una-residencia-de-una-congregacion-religiosa\/"]}]},{"@type":"BreadcrumbList","@id":"https:\/\/www.inforesidencias.com\/blog\/index.php\/2019\/01\/14\/visitando-una-residencia-de-una-congregacion-religiosa\/#breadcrumb","itemListElement":[{"@type":"ListItem","position":1,"name":"Home","item":"https:\/\/www.inforesidencias.com\/blog\/"},{"@type":"ListItem","position":2,"name":"Visitando una residencia de una congregaci\u00f3n religiosa"}]},{"@type":"WebSite","@id":"https:\/\/www.inforesidencias.com\/blog\/#website","url":"https:\/\/www.inforesidencias.com\/blog\/","name":"Blog Inforesidencias.com","description":"El buscador de residencias de la 3\u00aa edad","potentialAction":[{"@type":"SearchAction","target":{"@type":"EntryPoint","urlTemplate":"https:\/\/www.inforesidencias.com\/blog\/?s={search_term_string}"},"query-input":"required name=search_term_string"}],"inLanguage":"es"},{"@type":"Person","@id":"https:\/\/www.inforesidencias.com\/blog\/#\/schema\/person\/9e146774d1eb3bc1c0316242a3898628","name":"Josep de Mart\u00ed","image":{"@type":"ImageObject","inLanguage":"es","@id":"https:\/\/www.inforesidencias.com\/blog\/#\/schema\/person\/image\/","url":"https:\/\/secure.gravatar.com\/avatar\/de0302c4806c00c4cebff396a798c1ff?s=96&d=mm&r=g","contentUrl":"https:\/\/secure.gravatar.com\/avatar\/de0302c4806c00c4cebff396a798c1ff?s=96&d=mm&r=g","caption":"Josep de Mart\u00ed"},"sameAs":["https:\/\/www.inforesidencias.com","https:\/\/www.facebook.com\/josep.demarti","https:\/\/twitter.com\/blog-ir"],"url":"https:\/\/www.inforesidencias.com\/blog\/index.php\/author\/josepdemarti\/"}]}},"_links":{"self":[{"href":"https:\/\/www.inforesidencias.com\/blog\/index.php\/wp-json\/wp\/v2\/posts\/1833"}],"collection":[{"href":"https:\/\/www.inforesidencias.com\/blog\/index.php\/wp-json\/wp\/v2\/posts"}],"about":[{"href":"https:\/\/www.inforesidencias.com\/blog\/index.php\/wp-json\/wp\/v2\/types\/post"}],"author":[{"embeddable":true,"href":"https:\/\/www.inforesidencias.com\/blog\/index.php\/wp-json\/wp\/v2\/users\/2"}],"replies":[{"embeddable":true,"href":"https:\/\/www.inforesidencias.com\/blog\/index.php\/wp-json\/wp\/v2\/comments?post=1833"}],"version-history":[{"count":4,"href":"https:\/\/www.inforesidencias.com\/blog\/index.php\/wp-json\/wp\/v2\/posts\/1833\/revisions"}],"predecessor-version":[{"id":1838,"href":"https:\/\/www.inforesidencias.com\/blog\/index.php\/wp-json\/wp\/v2\/posts\/1833\/revisions\/1838"}],"wp:featuredmedia":[{"embeddable":true,"href":"https:\/\/www.inforesidencias.com\/blog\/index.php\/wp-json\/wp\/v2\/media\/1835"}],"wp:attachment":[{"href":"https:\/\/www.inforesidencias.com\/blog\/index.php\/wp-json\/wp\/v2\/media?parent=1833"}],"wp:term":[{"taxonomy":"category","embeddable":true,"href":"https:\/\/www.inforesidencias.com\/blog\/index.php\/wp-json\/wp\/v2\/categories?post=1833"},{"taxonomy":"post_tag","embeddable":true,"href":"https:\/\/www.inforesidencias.com\/blog\/index.php\/wp-json\/wp\/v2\/tags?post=1833"}],"curies":[{"name":"wp","href":"https:\/\/api.w.org\/{rel}","templated":true}]}}