{"id":1852,"date":"2019-01-16T14:57:06","date_gmt":"2019-01-16T14:57:06","guid":{"rendered":"https:\/\/www.inforesidencias.com\/blog\/?p=1852"},"modified":"2019-01-16T14:57:06","modified_gmt":"2019-01-16T14:57:06","slug":"formacion-de-pere-tarres-gripe-y-las-mejores-residencias","status":"publish","type":"post","link":"https:\/\/www.inforesidencias.com\/blog\/index.php\/2019\/01\/16\/formacion-de-pere-tarres-gripe-y-las-mejores-residencias\/","title":{"rendered":"Formaci\u00f3n de Pere Tarr\u00e9s, gripe y las mejores residencias"},"content":{"rendered":"<p style=\"text-align: justify\">En este mes de enero, en el programa de radio de esta semana, no pod\u00eda empezar sin hablar del tiempo. Hace mucho fr\u00edo pero no llueve. M\u00e1s all\u00e1 de este apunte y comentario inicial sobre la meteorolog\u00eda actual nos pusimos ya en materia r\u00e1pidamente.<\/p>\n<p style=\"text-align: justify\">El tema introductorio fue la pregunta \u2013 \u201c\u00bfEs mejor una residencia peque\u00f1a o grande?\u201d En este sentido, primero hicimos una contextualizaci\u00f3n acerca de cuantas residencias hay en el pa\u00eds y cuantas plazas m\u00e1s o menos gestionan. Tambi\u00e9n nos pareci\u00f3 interesante hacer un breve esbozo de c\u00f3mo eran las residencias hasta hace unos a\u00f1os. Una vez descrito el contexto, explicamos las ventajas y desventajas de las <strong>residencias<\/strong> peque\u00f1as y las grandes, y como algunos centros grandes crean unidades de convivencia a fin de buscar el \u201cambiente familiar\u201d que se encuentra en la mayor\u00eda de peque\u00f1as residencias.<\/p>\n<p style=\"text-align: justify\">Finalmente, no pudimos sin embargo decir si son mejores las residencias peque\u00f1as o grandes, ya que cada una muestra ventajas y desventajas y al final hay que tener en cuenta que cada futuro residente tiene unos gustos que acaban inclinando sus preferencias.<\/p>\n<p style=\"text-align: justify\">Antes de la primera entrevista, le\u00edmos un cuento llamado \u201cLos recuerdos de Aurelia\u201d. En \u00e9l, se explicaba la historia de una se\u00f1ora con alzheimer y muy condicionada por esta enfermedad que gracias a una actividad terap\u00e9utica llevada a cabo durante semanas en su residencia, consigue eliminar sus inseguridades y ganar autoconfianza.<\/p>\n<p style=\"text-align: justify\">La primera entrevista del programa de esta semana se la hicimos a Cristina Vidal. <em>Ella es jefa de estudios de la gente mayor y atenci\u00f3n sociosanitaria de la <a href=\"https:\/\/www.peretarres.org\/\">Fundaci\u00f3n Pere Tarres<\/a>.<\/em> A Cristina, quien ha venido en otras ocasiones al programa, la invitamos esta vez para hablar de formaci\u00f3n y en concreto de la <a href=\"https:\/\/www.peretarres.org\/formacio\/subvencionada\/sessions-informatives-certificats-de-professionalitat\">formaci\u00f3n para obtener los Certificados de Profesionalidad en atenci\u00f3n sociosanitaria<\/a> que imparte Pere Tarres en diferentes puntos de la geograf\u00eda catalana.<\/p>\n<p style=\"text-align: justify\"><a href=\"https:\/\/www.inforesidencias.com\/blog\/wp-content\/uploads\/2019\/01\/cristina-vidal.png\"><img decoding=\"async\" loading=\"lazy\" class=\"aligncenter wp-image-1857\" src=\"https:\/\/www.inforesidencias.com\/blog\/wp-content\/uploads\/2019\/01\/cristina-vidal.png\" alt=\"cristina vidal\" width=\"300\" height=\"341\" \/><\/a><\/p>\n<p style=\"text-align: justify\">Tambi\u00e9n nos explico el por qu\u00e9 de la necesidad de realizar estos cursos para obtener los certificados de profesionalidad, que otras v\u00edas o alternativas hay para obtener la garant\u00eda de no perder el trabajo una vez finalice la ampliaci\u00f3n del plazo habilitado y qu\u00e9 condiciones hay que cumplir para tener acceso a realizar estos certificados profesionales. Incluso nos coment\u00f3 que alguno de los cursos puede realizarse de forma telem\u00e1tica.<\/p>\n<p style=\"text-align: justify\">Adem\u00e1s, Cristina ya escribi\u00f3 sobre formaci\u00f3n y el estado actual del la calificaci\u00f3n profesional de los profesionales sanitarios<a href=\"https:\/\/www.inforesidencias.com\/blog\/index.php\/2018\/01\/23\/cualificacion-de-los-profesionales-de-atencion-sanitaria-el-nuevo-escenario-2\/\"> hace un a\u00f1o en nuestro blog<\/a>.<\/p>\n<p style=\"text-align: justify\">En la consulta del trabajador social, explicamos el caso de Rosa, que quiere ayudar a su madre de 96 a\u00f1os la cual rechaza cualquier tipo de ayuda externa y servicio debido a que seg\u00fan su propia visi\u00f3n, ella sigue siendo muy aut\u00f3noma. A Rosa le dimos algunos consejos para intentar que su madre este m\u00e1s ocupada, supervisada y no est\u00e9 sola gran parte del d\u00eda.<\/p>\n<p style=\"text-align: justify\">Acabamos el programa entrevistando a la Dra. M\u00ba Dolors Serra, <em>m\u00e9dica de urgencias de la Cl\u00ednica del Remei<\/em>. Las primeras preguntas que le hicimos fueron encaminadas a conocer la incidencia de gripe en las personas mayores y consejos para intentar no contagiarse. Luego abordamos un tema que podr\u00edamos tachar de futurista dentro de los modelos de gesti\u00f3n de los pacientes. Se trata de la telemedicina. La doctora nos explic\u00f3 en que consiste, que ventajas tiene por ejemplo para las personas mayores y hasta incluso como aplicarlas en las<strong> residencias<\/strong> de mayores. Fue muy interesante y lo explic\u00f3 de maravilla. Estamos seguros de que la llamaremos de nuevo m\u00e1s adelante.<\/p>\n<p style=\"text-align: justify\">Muchas gracias a Cristina Vidal y a Maria Dolors por su participaci\u00f3n en <a href=\"https:\/\/www.estelfitxers.com\/audio\/20190115-17_00ESGRANSERGRAN.MP3\">\u00ab\u00c9s gran ser gran\u00bb<\/a> y ayudarnos a entender y difundir temas de inter\u00e9s para las personas mayores y para las personas que trabajan en el sector de la atenci\u00f3n a la tercera edad.<\/p>\n<p style=\"text-align: justify\"><a href=\"https:\/\/www.inforesidencias.com\/blog\/wp-content\/uploads\/2019\/01\/residencias-formacio\u0301n-y-gripe.jpeg\"><img decoding=\"async\" loading=\"lazy\" class=\"aligncenter size-full wp-image-1855\" src=\"https:\/\/www.inforesidencias.com\/blog\/wp-content\/uploads\/2019\/01\/residencias-formacio\u0301n-y-gripe.jpeg\" alt=\"residencias, formacio\u0301n y gripe\" width=\"1000\" height=\"750\" \/><\/a><\/p>\n","protected":false},"excerpt":{"rendered":"<p>En este mes de enero, en el programa de radio de esta semana, no pod\u00eda empezar sin hablar del tiempo. Hace mucho fr\u00edo pero no llueve. M\u00e1s all\u00e1 de este apunte y comentario inicial sobre la meteorolog\u00eda actual nos pusimos ya en materia r\u00e1pidamente. El tema introductorio fue la pregunta \u2013 \u201c\u00bfEs mejor una residencia peque\u00f1a o grande?\u201d En este sentido, primero hicimos una contextualizaci\u00f3n acerca de cuantas residencias hay en el pa\u00eds y cuantas plazas m\u00e1s o menos gestionan. Tambi\u00e9n nos pareci\u00f3 interesante hacer un breve esbozo de c\u00f3mo eran las residencias hasta hace unos a\u00f1os. Una vez descrito el contexto, explicamos las ventajas y desventajas de las residencias peque\u00f1as y las grandes, y como algunos centros grandes crean unidades de convivencia a fin de buscar el \u201cambiente familiar\u201d que se encuentra en la mayor\u00eda de peque\u00f1as residencias. Finalmente, no pudimos sin embargo decir si son mejores las residencias [&hellip;]<\/p>\n","protected":false},"author":2,"featured_media":1855,"comment_status":"open","ping_status":"open","sticky":false,"template":"","format":"standard","meta":{"footnotes":""},"categories":[1],"tags":[],"yoast_head":"<!-- This site is optimized with the Yoast SEO plugin v21.7 - https:\/\/yoast.com\/wordpress\/plugins\/seo\/ -->\n<title>Formaci\u00f3n de Pere Tarr\u00e9s, gripe y las mejores residencias - Blog Inforesidencias.com<\/title>\n<meta name=\"description\" content=\"En el programa de esta semana hablamos de los mejores tipos de residencias, certificados de profesionalidad con Cristina Vidal y de gripe y telemedicina con la Dra. Serra\" \/>\n<meta name=\"robots\" content=\"index, follow, max-snippet:-1, max-image-preview:large, max-video-preview:-1\" \/>\n<link rel=\"canonical\" href=\"https:\/\/www.inforesidencias.com\/blog\/index.php\/2019\/01\/16\/formacion-de-pere-tarres-gripe-y-las-mejores-residencias\/\" \/>\n<meta property=\"og:locale\" content=\"es_ES\" \/>\n<meta property=\"og:type\" content=\"article\" \/>\n<meta property=\"og:title\" content=\"Formaci\u00f3n de Pere Tarr\u00e9s, gripe y las mejores residencias - Blog Inforesidencias.com\" \/>\n<meta property=\"og:description\" content=\"En el programa de esta semana hablamos de los mejores tipos de residencias, certificados de profesionalidad con Cristina Vidal y de gripe y telemedicina con la Dra. Serra\" \/>\n<meta property=\"og:url\" content=\"https:\/\/www.inforesidencias.com\/blog\/index.php\/2019\/01\/16\/formacion-de-pere-tarres-gripe-y-las-mejores-residencias\/\" \/>\n<meta property=\"og:site_name\" content=\"Blog Inforesidencias.com\" \/>\n<meta property=\"article:publisher\" content=\"https:\/\/www.facebook.com\/Inforesidencias\/\" \/>\n<meta property=\"article:author\" content=\"https:\/\/www.facebook.com\/josep.demarti\" \/>\n<meta property=\"article:published_time\" content=\"2019-01-16T14:57:06+00:00\" \/>\n<meta property=\"og:image\" content=\"https:\/\/www.inforesidencias.com\/blog\/wp-content\/uploads\/2019\/01\/residencias-formacio\u0301n-y-gripe.jpeg\" \/>\n\t<meta property=\"og:image:width\" content=\"1000\" \/>\n\t<meta property=\"og:image:height\" content=\"750\" \/>\n\t<meta property=\"og:image:type\" content=\"image\/jpeg\" \/>\n<meta name=\"author\" content=\"Josep de Mart\u00ed\" \/>\n<meta name=\"twitter:card\" content=\"summary_large_image\" \/>\n<meta name=\"twitter:creator\" content=\"@blog-ir\" \/>\n<meta name=\"twitter:site\" content=\"@inforesidencias\" \/>\n<meta name=\"twitter:label1\" content=\"Escrito por\" \/>\n\t<meta name=\"twitter:data1\" content=\"Josep de Mart\u00ed\" \/>\n\t<meta name=\"twitter:label2\" content=\"Tiempo de lectura\" \/>\n\t<meta name=\"twitter:data2\" content=\"3 minutos\" \/>\n<script type=\"application\/ld+json\" class=\"yoast-schema-graph\">{\"@context\":\"https:\/\/schema.org\",\"@graph\":[{\"@type\":\"WebPage\",\"@id\":\"https:\/\/www.inforesidencias.com\/blog\/index.php\/2019\/01\/16\/formacion-de-pere-tarres-gripe-y-las-mejores-residencias\/\",\"url\":\"https:\/\/www.inforesidencias.com\/blog\/index.php\/2019\/01\/16\/formacion-de-pere-tarres-gripe-y-las-mejores-residencias\/\",\"name\":\"Formaci\u00f3n de Pere Tarr\u00e9s, gripe y las mejores residencias - Blog Inforesidencias.com\",\"isPartOf\":{\"@id\":\"https:\/\/www.inforesidencias.com\/blog\/#website\"},\"datePublished\":\"2019-01-16T14:57:06+00:00\",\"dateModified\":\"2019-01-16T14:57:06+00:00\",\"author\":{\"@id\":\"https:\/\/www.inforesidencias.com\/blog\/#\/schema\/person\/9e146774d1eb3bc1c0316242a3898628\"},\"description\":\"En el programa de esta semana hablamos de los mejores tipos de residencias, certificados de profesionalidad con Cristina Vidal y de gripe y telemedicina con la Dra. Serra\",\"breadcrumb\":{\"@id\":\"https:\/\/www.inforesidencias.com\/blog\/index.php\/2019\/01\/16\/formacion-de-pere-tarres-gripe-y-las-mejores-residencias\/#breadcrumb\"},\"inLanguage\":\"es\",\"potentialAction\":[{\"@type\":\"ReadAction\",\"target\":[\"https:\/\/www.inforesidencias.com\/blog\/index.php\/2019\/01\/16\/formacion-de-pere-tarres-gripe-y-las-mejores-residencias\/\"]}]},{\"@type\":\"BreadcrumbList\",\"@id\":\"https:\/\/www.inforesidencias.com\/blog\/index.php\/2019\/01\/16\/formacion-de-pere-tarres-gripe-y-las-mejores-residencias\/#breadcrumb\",\"itemListElement\":[{\"@type\":\"ListItem\",\"position\":1,\"name\":\"Home\",\"item\":\"https:\/\/www.inforesidencias.com\/blog\/\"},{\"@type\":\"ListItem\",\"position\":2,\"name\":\"Formaci\u00f3n de Pere Tarr\u00e9s, gripe y las mejores residencias\"}]},{\"@type\":\"WebSite\",\"@id\":\"https:\/\/www.inforesidencias.com\/blog\/#website\",\"url\":\"https:\/\/www.inforesidencias.com\/blog\/\",\"name\":\"Blog Inforesidencias.com\",\"description\":\"El buscador de residencias de la 3\u00aa edad\",\"potentialAction\":[{\"@type\":\"SearchAction\",\"target\":{\"@type\":\"EntryPoint\",\"urlTemplate\":\"https:\/\/www.inforesidencias.com\/blog\/?s={search_term_string}\"},\"query-input\":\"required name=search_term_string\"}],\"inLanguage\":\"es\"},{\"@type\":\"Person\",\"@id\":\"https:\/\/www.inforesidencias.com\/blog\/#\/schema\/person\/9e146774d1eb3bc1c0316242a3898628\",\"name\":\"Josep de Mart\u00ed\",\"image\":{\"@type\":\"ImageObject\",\"inLanguage\":\"es\",\"@id\":\"https:\/\/www.inforesidencias.com\/blog\/#\/schema\/person\/image\/\",\"url\":\"https:\/\/secure.gravatar.com\/avatar\/de0302c4806c00c4cebff396a798c1ff?s=96&d=mm&r=g\",\"contentUrl\":\"https:\/\/secure.gravatar.com\/avatar\/de0302c4806c00c4cebff396a798c1ff?s=96&d=mm&r=g\",\"caption\":\"Josep de Mart\u00ed\"},\"sameAs\":[\"https:\/\/www.inforesidencias.com\",\"https:\/\/www.facebook.com\/josep.demarti\",\"https:\/\/twitter.com\/blog-ir\"],\"url\":\"https:\/\/www.inforesidencias.com\/blog\/index.php\/author\/josepdemarti\/\"}]}<\/script>\n<!-- \/ Yoast SEO plugin. -->","yoast_head_json":{"title":"Formaci\u00f3n de Pere Tarr\u00e9s, gripe y las mejores residencias - Blog Inforesidencias.com","description":"En el programa de esta semana hablamos de los mejores tipos de residencias, certificados de profesionalidad con Cristina Vidal y de gripe y telemedicina con la Dra. Serra","robots":{"index":"index","follow":"follow","max-snippet":"max-snippet:-1","max-image-preview":"max-image-preview:large","max-video-preview":"max-video-preview:-1"},"canonical":"https:\/\/www.inforesidencias.com\/blog\/index.php\/2019\/01\/16\/formacion-de-pere-tarres-gripe-y-las-mejores-residencias\/","og_locale":"es_ES","og_type":"article","og_title":"Formaci\u00f3n de Pere Tarr\u00e9s, gripe y las mejores residencias - Blog Inforesidencias.com","og_description":"En el programa de esta semana hablamos de los mejores tipos de residencias, certificados de profesionalidad con Cristina Vidal y de gripe y telemedicina con la Dra. Serra","og_url":"https:\/\/www.inforesidencias.com\/blog\/index.php\/2019\/01\/16\/formacion-de-pere-tarres-gripe-y-las-mejores-residencias\/","og_site_name":"Blog Inforesidencias.com","article_publisher":"https:\/\/www.facebook.com\/Inforesidencias\/","article_author":"https:\/\/www.facebook.com\/josep.demarti","article_published_time":"2019-01-16T14:57:06+00:00","og_image":[{"width":1000,"height":750,"url":"https:\/\/www.inforesidencias.com\/blog\/wp-content\/uploads\/2019\/01\/residencias-formacio\u0301n-y-gripe.jpeg","type":"image\/jpeg"}],"author":"Josep de Mart\u00ed","twitter_card":"summary_large_image","twitter_creator":"@blog-ir","twitter_site":"@inforesidencias","twitter_misc":{"Escrito por":"Josep de Mart\u00ed","Tiempo de lectura":"3 minutos"},"schema":{"@context":"https:\/\/schema.org","@graph":[{"@type":"WebPage","@id":"https:\/\/www.inforesidencias.com\/blog\/index.php\/2019\/01\/16\/formacion-de-pere-tarres-gripe-y-las-mejores-residencias\/","url":"https:\/\/www.inforesidencias.com\/blog\/index.php\/2019\/01\/16\/formacion-de-pere-tarres-gripe-y-las-mejores-residencias\/","name":"Formaci\u00f3n de Pere Tarr\u00e9s, gripe y las mejores residencias - Blog Inforesidencias.com","isPartOf":{"@id":"https:\/\/www.inforesidencias.com\/blog\/#website"},"datePublished":"2019-01-16T14:57:06+00:00","dateModified":"2019-01-16T14:57:06+00:00","author":{"@id":"https:\/\/www.inforesidencias.com\/blog\/#\/schema\/person\/9e146774d1eb3bc1c0316242a3898628"},"description":"En el programa de esta semana hablamos de los mejores tipos de residencias, certificados de profesionalidad con Cristina Vidal y de gripe y telemedicina con la Dra. Serra","breadcrumb":{"@id":"https:\/\/www.inforesidencias.com\/blog\/index.php\/2019\/01\/16\/formacion-de-pere-tarres-gripe-y-las-mejores-residencias\/#breadcrumb"},"inLanguage":"es","potentialAction":[{"@type":"ReadAction","target":["https:\/\/www.inforesidencias.com\/blog\/index.php\/2019\/01\/16\/formacion-de-pere-tarres-gripe-y-las-mejores-residencias\/"]}]},{"@type":"BreadcrumbList","@id":"https:\/\/www.inforesidencias.com\/blog\/index.php\/2019\/01\/16\/formacion-de-pere-tarres-gripe-y-las-mejores-residencias\/#breadcrumb","itemListElement":[{"@type":"ListItem","position":1,"name":"Home","item":"https:\/\/www.inforesidencias.com\/blog\/"},{"@type":"ListItem","position":2,"name":"Formaci\u00f3n de Pere Tarr\u00e9s, gripe y las mejores residencias"}]},{"@type":"WebSite","@id":"https:\/\/www.inforesidencias.com\/blog\/#website","url":"https:\/\/www.inforesidencias.com\/blog\/","name":"Blog Inforesidencias.com","description":"El buscador de residencias de la 3\u00aa edad","potentialAction":[{"@type":"SearchAction","target":{"@type":"EntryPoint","urlTemplate":"https:\/\/www.inforesidencias.com\/blog\/?s={search_term_string}"},"query-input":"required name=search_term_string"}],"inLanguage":"es"},{"@type":"Person","@id":"https:\/\/www.inforesidencias.com\/blog\/#\/schema\/person\/9e146774d1eb3bc1c0316242a3898628","name":"Josep de Mart\u00ed","image":{"@type":"ImageObject","inLanguage":"es","@id":"https:\/\/www.inforesidencias.com\/blog\/#\/schema\/person\/image\/","url":"https:\/\/secure.gravatar.com\/avatar\/de0302c4806c00c4cebff396a798c1ff?s=96&d=mm&r=g","contentUrl":"https:\/\/secure.gravatar.com\/avatar\/de0302c4806c00c4cebff396a798c1ff?s=96&d=mm&r=g","caption":"Josep de Mart\u00ed"},"sameAs":["https:\/\/www.inforesidencias.com","https:\/\/www.facebook.com\/josep.demarti","https:\/\/twitter.com\/blog-ir"],"url":"https:\/\/www.inforesidencias.com\/blog\/index.php\/author\/josepdemarti\/"}]}},"_links":{"self":[{"href":"https:\/\/www.inforesidencias.com\/blog\/index.php\/wp-json\/wp\/v2\/posts\/1852"}],"collection":[{"href":"https:\/\/www.inforesidencias.com\/blog\/index.php\/wp-json\/wp\/v2\/posts"}],"about":[{"href":"https:\/\/www.inforesidencias.com\/blog\/index.php\/wp-json\/wp\/v2\/types\/post"}],"author":[{"embeddable":true,"href":"https:\/\/www.inforesidencias.com\/blog\/index.php\/wp-json\/wp\/v2\/users\/2"}],"replies":[{"embeddable":true,"href":"https:\/\/www.inforesidencias.com\/blog\/index.php\/wp-json\/wp\/v2\/comments?post=1852"}],"version-history":[{"count":15,"href":"https:\/\/www.inforesidencias.com\/blog\/index.php\/wp-json\/wp\/v2\/posts\/1852\/revisions"}],"predecessor-version":[{"id":1869,"href":"https:\/\/www.inforesidencias.com\/blog\/index.php\/wp-json\/wp\/v2\/posts\/1852\/revisions\/1869"}],"wp:featuredmedia":[{"embeddable":true,"href":"https:\/\/www.inforesidencias.com\/blog\/index.php\/wp-json\/wp\/v2\/media\/1855"}],"wp:attachment":[{"href":"https:\/\/www.inforesidencias.com\/blog\/index.php\/wp-json\/wp\/v2\/media?parent=1852"}],"wp:term":[{"taxonomy":"category","embeddable":true,"href":"https:\/\/www.inforesidencias.com\/blog\/index.php\/wp-json\/wp\/v2\/categories?post=1852"},{"taxonomy":"post_tag","embeddable":true,"href":"https:\/\/www.inforesidencias.com\/blog\/index.php\/wp-json\/wp\/v2\/tags?post=1852"}],"curies":[{"name":"wp","href":"https:\/\/api.w.org\/{rel}","templated":true}]}}