{"id":1878,"date":"2019-01-24T12:56:04","date_gmt":"2019-01-24T12:56:04","guid":{"rendered":"https:\/\/www.inforesidencias.com\/blog\/?p=1878"},"modified":"2019-01-24T13:04:58","modified_gmt":"2019-01-24T13:04:58","slug":"una-residencia-desde-cero-en-navarcles-y-una-residencia-en-rumania","status":"publish","type":"post","link":"https:\/\/www.inforesidencias.com\/blog\/index.php\/2019\/01\/24\/una-residencia-desde-cero-en-navarcles-y-una-residencia-en-rumania\/","title":{"rendered":"Una residencia desde cero en Navarcles y una residencia en Ruman\u00eda"},"content":{"rendered":"<p style=\"text-align: justify\">Empezamos el programa de esta semana de <a href=\"https:\/\/www.estelfitxers.com\/audio\/20190122-17_00ESGRANSERGRAN.MP3\">\u00ab\u00c9s gran ser gran\u00bb <\/a>marcado por la huelga de taxistas y los conductores con licencia VTC. Unos de los muchos afectados fuimos los locutores mismos, ya que para llegar hasta la emisora tuvimos que aparcar lejos debido a las calles cortadas. As\u00ed pues, no pod\u00eda ser de otra forma que el programa empezara hablando de esta situaci\u00f3n que aunque ahora parezca medio solucionarse, amenaza con repetirse quiz\u00e1 en futuras ocasiones.<\/p>\n<p style=\"text-align: justify\">Hicimos un poco de tertulia sobre este tema y tambi\u00e9n sobre el viaje y la experiencia del reciente viaje a Rumania de Josep de Mart\u00ed. Hablamos de como vive la gente en las residencias de ese pa\u00eds y de como se parecen a la mayor\u00eda de residencias que hab\u00eda hace d\u00e9cadas en Espa\u00f1a.<\/p>\n<p style=\"text-align: justify\">En esta ocasi\u00f3n, los invitados que nos acompa\u00f1aban ven\u00edan de la misma residencia. Con la primera persona que hablamos y que nos introdujo al invitado \u201cprincipal\u201d fue N\u00faria Morera, directora de la <a href=\"http:\/\/www.ibada.cat\/\">residencia Ibada, en Navarcles<\/a>.<\/p>\n<p style=\"text-align: justify\">Pero pong\u00e1monos un poco en situaci\u00f3n. Hace unos pocos meses ya vinieron profesionales y residentes de Ibada para hablarnos de su residencia y como se viv\u00eda all\u00ed. De hecho, <a href=\"https:\/\/www.inforesidencias.com\/blog\/index.php\/2018\/11\/22\/una-residencia-vista-por-una-residente\/\">publicamos un articulo de la Sra. Carme, (una antigua empleada de la residencia y ahora residente) acerca de c\u00f3mo ve\u00eda ella la que ahora es su casa.<\/a> Adem\u00e1s, durante ese programa sali\u00f3 mucho el nombre de una persona que fue uno de los promotores hace 40 a\u00f1os de que se creara la residencia. Esta persona es el Sr. Moss\u00e8n Medina.<\/p>\n<p style=\"text-align: justify\">La primera intervenci\u00f3n de Moss\u00e8n Medina, fue para hablar de las habitaciones de la residencia Ibada, y la reflexi\u00f3n que se hizo en su momento sobre priorizar que las habitaciones fueran todas individuales excepto unas pocas dobles, sobretodo para matrimonios. Lo siguiente fue hablar sobre el tema clave. <strong>&#8211; \u00bfC\u00f3mo surgi\u00f3 y por qu\u00e9 el tema de la residencia? <\/strong><\/p>\n<p style=\"text-align: justify\">M\u00e1s tarde, Moss\u00e8n Medina nos sorprendi\u00f3 al decirnos que ahora \u00e9l vive en la residencia. Le gust\u00f3 adem\u00e1s contarnos el buen trabajo que hizo el arquitecto que la dise\u00f1\u00f3, el Sr. Josep M\u00ba Esquius y que ha hecho que a d\u00eda de hoy el centro tenga aun un dise\u00f1o novedoso. Nos explic\u00f3 tambi\u00e9n durante todo el programa, algunas an\u00e9cdota de la construcci\u00f3n de la residencia, su adecuaci\u00f3n y ampliaci\u00f3n con los a\u00f1os.<\/p>\n<p style=\"text-align: justify\"><a href=\"https:\/\/www.inforesidencias.com\/blog\/wp-content\/uploads\/2019\/01\/invitados-residencia-Ibada.png\"><img decoding=\"async\" loading=\"lazy\" class=\"aligncenter size-full wp-image-1882\" src=\"https:\/\/www.inforesidencias.com\/blog\/wp-content\/uploads\/2019\/01\/invitados-residencia-Ibada.png\" alt=\"invitados residencia Ibada\" width=\"500\" height=\"264\" \/><\/a><\/p>\n<p style=\"text-align: justify\"><strong>**En el centro de la imagen con camisa azul, Moss\u00e8n Medina. A su derecha N\u00faria (directora) y Andr\u00e9s (residente)**<\/strong><\/p>\n<p style=\"text-align: justify\">Un residente que tambi\u00e9n nos acompa\u00f1\u00f3 fue el Sr. Andr\u00e9s. Nos explic\u00f3 como conoci\u00f3 la residencia Ibada y como acab\u00f3 viviendo en ella. Nos cont\u00f3 como fueron los primeros d\u00edas all\u00ed y el cambio desde otra residencia en la que hab\u00eda estado su mujer. De hecho, su decisi\u00f3n de vivir en Ibada fue para hacerle compa\u00f1\u00eda a ella. Estaba convencido de esta decisi\u00f3n despu\u00e9s de haber visto lo bien que se encontraba su esposa all\u00ed.<\/p>\n<p style=\"text-align: justify\">Llegando al final, Josep ley\u00f3 una de las emotivas historias del libro <a href=\"https:\/\/www.inforesidencias.com\/blog\/index.php\/2015\/08\/31\/anciana-artista-y-sorda\/\">\u201cSentimientos y arrugas\u201d de Mariana Ver\u00f3nica Gaianu.<\/a><\/p>\n<p style=\"text-align: justify\">Muchas gracias a la Sra. N\u00faria, al Sr. Mossen Medina y al Sr. Andr\u00e9s por su participaci\u00f3n en el programa y explicarnos su experiencia en la <a href=\"https:\/\/www.inforesidencias.com\/centros\/residencia\/2601\/residencia-ibada-institucio-benefica-amics-dels-avis\">residencia Ibada de Navarcles<\/a>\u00a0desde sus diferentes papeles y desde sus diferentes puntos de vista.<\/p>\n","protected":false},"excerpt":{"rendered":"<p>Empezamos el programa de esta semana de \u00ab\u00c9s gran ser gran\u00bb marcado por la huelga de taxistas y los conductores con licencia VTC. Unos de los muchos afectados fuimos los locutores mismos, ya que para llegar hasta la emisora tuvimos que aparcar lejos debido a las calles cortadas. As\u00ed pues, no pod\u00eda ser de otra forma que el programa empezara hablando de esta situaci\u00f3n que aunque ahora parezca medio solucionarse, amenaza con repetirse quiz\u00e1 en futuras ocasiones. Hicimos un poco de tertulia sobre este tema y tambi\u00e9n sobre el viaje y la experiencia del reciente viaje a Rumania de Josep de Mart\u00ed. Hablamos de como vive la gente en las residencias de ese pa\u00eds y de como se parecen a la mayor\u00eda de residencias que hab\u00eda hace d\u00e9cadas en Espa\u00f1a. En esta ocasi\u00f3n, los invitados que nos acompa\u00f1aban ven\u00edan de la misma residencia. Con la primera persona que hablamos y [&hellip;]<\/p>\n","protected":false},"author":2,"featured_media":1882,"comment_status":"open","ping_status":"open","sticky":false,"template":"","format":"standard","meta":{"footnotes":""},"categories":[1],"tags":[],"yoast_head":"<!-- This site is optimized with the Yoast SEO plugin v21.7 - https:\/\/yoast.com\/wordpress\/plugins\/seo\/ -->\n<title>Una residencia desde cero en Navarcles y una residencia en Ruman\u00eda - Blog Inforesidencias.com<\/title>\n<meta name=\"description\" content=\"Moss\u00e8n Medina, nos explic\u00f3 como surgi\u00f3 la idea y el proceso de la residencia Ibada en Navarcles. Josep de Mart\u00ed explic\u00f3 su vista a una residencia en Ruman\u00eda\" \/>\n<meta name=\"robots\" content=\"index, follow, max-snippet:-1, max-image-preview:large, max-video-preview:-1\" \/>\n<link rel=\"canonical\" href=\"https:\/\/www.inforesidencias.com\/blog\/index.php\/2019\/01\/24\/una-residencia-desde-cero-en-navarcles-y-una-residencia-en-rumania\/\" \/>\n<meta property=\"og:locale\" content=\"es_ES\" \/>\n<meta property=\"og:type\" content=\"article\" \/>\n<meta property=\"og:title\" content=\"Una residencia desde cero en Navarcles y una residencia en Ruman\u00eda - Blog Inforesidencias.com\" \/>\n<meta property=\"og:description\" content=\"Moss\u00e8n Medina, nos explic\u00f3 como surgi\u00f3 la idea y el proceso de la residencia Ibada en Navarcles. Josep de Mart\u00ed explic\u00f3 su vista a una residencia en Ruman\u00eda\" \/>\n<meta property=\"og:url\" content=\"https:\/\/www.inforesidencias.com\/blog\/index.php\/2019\/01\/24\/una-residencia-desde-cero-en-navarcles-y-una-residencia-en-rumania\/\" \/>\n<meta property=\"og:site_name\" content=\"Blog Inforesidencias.com\" \/>\n<meta property=\"article:publisher\" content=\"https:\/\/www.facebook.com\/Inforesidencias\/\" \/>\n<meta property=\"article:author\" content=\"https:\/\/www.facebook.com\/josep.demarti\" \/>\n<meta property=\"article:published_time\" content=\"2019-01-24T12:56:04+00:00\" \/>\n<meta property=\"article:modified_time\" content=\"2019-01-24T13:04:58+00:00\" \/>\n<meta property=\"og:image\" content=\"https:\/\/www.inforesidencias.com\/blog\/wp-content\/uploads\/2019\/01\/invitados-residencia-Ibada.png\" \/>\n\t<meta property=\"og:image:width\" content=\"500\" \/>\n\t<meta property=\"og:image:height\" content=\"264\" \/>\n\t<meta property=\"og:image:type\" content=\"image\/png\" \/>\n<meta name=\"author\" content=\"Josep de Mart\u00ed\" \/>\n<meta name=\"twitter:card\" content=\"summary_large_image\" \/>\n<meta name=\"twitter:creator\" content=\"@blog-ir\" \/>\n<meta name=\"twitter:site\" content=\"@inforesidencias\" \/>\n<meta name=\"twitter:label1\" content=\"Escrito por\" \/>\n\t<meta name=\"twitter:data1\" content=\"Josep de Mart\u00ed\" \/>\n\t<meta name=\"twitter:label2\" content=\"Tiempo de lectura\" \/>\n\t<meta name=\"twitter:data2\" content=\"3 minutos\" \/>\n<script type=\"application\/ld+json\" class=\"yoast-schema-graph\">{\"@context\":\"https:\/\/schema.org\",\"@graph\":[{\"@type\":\"WebPage\",\"@id\":\"https:\/\/www.inforesidencias.com\/blog\/index.php\/2019\/01\/24\/una-residencia-desde-cero-en-navarcles-y-una-residencia-en-rumania\/\",\"url\":\"https:\/\/www.inforesidencias.com\/blog\/index.php\/2019\/01\/24\/una-residencia-desde-cero-en-navarcles-y-una-residencia-en-rumania\/\",\"name\":\"Una residencia desde cero en Navarcles y una residencia en Ruman\u00eda - Blog Inforesidencias.com\",\"isPartOf\":{\"@id\":\"https:\/\/www.inforesidencias.com\/blog\/#website\"},\"datePublished\":\"2019-01-24T12:56:04+00:00\",\"dateModified\":\"2019-01-24T13:04:58+00:00\",\"author\":{\"@id\":\"https:\/\/www.inforesidencias.com\/blog\/#\/schema\/person\/9e146774d1eb3bc1c0316242a3898628\"},\"description\":\"Moss\u00e8n Medina, nos explic\u00f3 como surgi\u00f3 la idea y el proceso de la residencia Ibada en Navarcles. Josep de Mart\u00ed explic\u00f3 su vista a una residencia en Ruman\u00eda\",\"breadcrumb\":{\"@id\":\"https:\/\/www.inforesidencias.com\/blog\/index.php\/2019\/01\/24\/una-residencia-desde-cero-en-navarcles-y-una-residencia-en-rumania\/#breadcrumb\"},\"inLanguage\":\"es\",\"potentialAction\":[{\"@type\":\"ReadAction\",\"target\":[\"https:\/\/www.inforesidencias.com\/blog\/index.php\/2019\/01\/24\/una-residencia-desde-cero-en-navarcles-y-una-residencia-en-rumania\/\"]}]},{\"@type\":\"BreadcrumbList\",\"@id\":\"https:\/\/www.inforesidencias.com\/blog\/index.php\/2019\/01\/24\/una-residencia-desde-cero-en-navarcles-y-una-residencia-en-rumania\/#breadcrumb\",\"itemListElement\":[{\"@type\":\"ListItem\",\"position\":1,\"name\":\"Home\",\"item\":\"https:\/\/www.inforesidencias.com\/blog\/\"},{\"@type\":\"ListItem\",\"position\":2,\"name\":\"Una residencia desde cero en Navarcles y una residencia en Ruman\u00eda\"}]},{\"@type\":\"WebSite\",\"@id\":\"https:\/\/www.inforesidencias.com\/blog\/#website\",\"url\":\"https:\/\/www.inforesidencias.com\/blog\/\",\"name\":\"Blog Inforesidencias.com\",\"description\":\"El buscador de residencias de la 3\u00aa edad\",\"potentialAction\":[{\"@type\":\"SearchAction\",\"target\":{\"@type\":\"EntryPoint\",\"urlTemplate\":\"https:\/\/www.inforesidencias.com\/blog\/?s={search_term_string}\"},\"query-input\":\"required name=search_term_string\"}],\"inLanguage\":\"es\"},{\"@type\":\"Person\",\"@id\":\"https:\/\/www.inforesidencias.com\/blog\/#\/schema\/person\/9e146774d1eb3bc1c0316242a3898628\",\"name\":\"Josep de Mart\u00ed\",\"image\":{\"@type\":\"ImageObject\",\"inLanguage\":\"es\",\"@id\":\"https:\/\/www.inforesidencias.com\/blog\/#\/schema\/person\/image\/\",\"url\":\"https:\/\/secure.gravatar.com\/avatar\/de0302c4806c00c4cebff396a798c1ff?s=96&d=mm&r=g\",\"contentUrl\":\"https:\/\/secure.gravatar.com\/avatar\/de0302c4806c00c4cebff396a798c1ff?s=96&d=mm&r=g\",\"caption\":\"Josep de Mart\u00ed\"},\"sameAs\":[\"https:\/\/www.inforesidencias.com\",\"https:\/\/www.facebook.com\/josep.demarti\",\"https:\/\/twitter.com\/blog-ir\"],\"url\":\"https:\/\/www.inforesidencias.com\/blog\/index.php\/author\/josepdemarti\/\"}]}<\/script>\n<!-- \/ Yoast SEO plugin. -->","yoast_head_json":{"title":"Una residencia desde cero en Navarcles y una residencia en Ruman\u00eda - Blog Inforesidencias.com","description":"Moss\u00e8n Medina, nos explic\u00f3 como surgi\u00f3 la idea y el proceso de la residencia Ibada en Navarcles. Josep de Mart\u00ed explic\u00f3 su vista a una residencia en Ruman\u00eda","robots":{"index":"index","follow":"follow","max-snippet":"max-snippet:-1","max-image-preview":"max-image-preview:large","max-video-preview":"max-video-preview:-1"},"canonical":"https:\/\/www.inforesidencias.com\/blog\/index.php\/2019\/01\/24\/una-residencia-desde-cero-en-navarcles-y-una-residencia-en-rumania\/","og_locale":"es_ES","og_type":"article","og_title":"Una residencia desde cero en Navarcles y una residencia en Ruman\u00eda - Blog Inforesidencias.com","og_description":"Moss\u00e8n Medina, nos explic\u00f3 como surgi\u00f3 la idea y el proceso de la residencia Ibada en Navarcles. Josep de Mart\u00ed explic\u00f3 su vista a una residencia en Ruman\u00eda","og_url":"https:\/\/www.inforesidencias.com\/blog\/index.php\/2019\/01\/24\/una-residencia-desde-cero-en-navarcles-y-una-residencia-en-rumania\/","og_site_name":"Blog Inforesidencias.com","article_publisher":"https:\/\/www.facebook.com\/Inforesidencias\/","article_author":"https:\/\/www.facebook.com\/josep.demarti","article_published_time":"2019-01-24T12:56:04+00:00","article_modified_time":"2019-01-24T13:04:58+00:00","og_image":[{"width":500,"height":264,"url":"https:\/\/www.inforesidencias.com\/blog\/wp-content\/uploads\/2019\/01\/invitados-residencia-Ibada.png","type":"image\/png"}],"author":"Josep de Mart\u00ed","twitter_card":"summary_large_image","twitter_creator":"@blog-ir","twitter_site":"@inforesidencias","twitter_misc":{"Escrito por":"Josep de Mart\u00ed","Tiempo de lectura":"3 minutos"},"schema":{"@context":"https:\/\/schema.org","@graph":[{"@type":"WebPage","@id":"https:\/\/www.inforesidencias.com\/blog\/index.php\/2019\/01\/24\/una-residencia-desde-cero-en-navarcles-y-una-residencia-en-rumania\/","url":"https:\/\/www.inforesidencias.com\/blog\/index.php\/2019\/01\/24\/una-residencia-desde-cero-en-navarcles-y-una-residencia-en-rumania\/","name":"Una residencia desde cero en Navarcles y una residencia en Ruman\u00eda - Blog Inforesidencias.com","isPartOf":{"@id":"https:\/\/www.inforesidencias.com\/blog\/#website"},"datePublished":"2019-01-24T12:56:04+00:00","dateModified":"2019-01-24T13:04:58+00:00","author":{"@id":"https:\/\/www.inforesidencias.com\/blog\/#\/schema\/person\/9e146774d1eb3bc1c0316242a3898628"},"description":"Moss\u00e8n Medina, nos explic\u00f3 como surgi\u00f3 la idea y el proceso de la residencia Ibada en Navarcles. Josep de Mart\u00ed explic\u00f3 su vista a una residencia en Ruman\u00eda","breadcrumb":{"@id":"https:\/\/www.inforesidencias.com\/blog\/index.php\/2019\/01\/24\/una-residencia-desde-cero-en-navarcles-y-una-residencia-en-rumania\/#breadcrumb"},"inLanguage":"es","potentialAction":[{"@type":"ReadAction","target":["https:\/\/www.inforesidencias.com\/blog\/index.php\/2019\/01\/24\/una-residencia-desde-cero-en-navarcles-y-una-residencia-en-rumania\/"]}]},{"@type":"BreadcrumbList","@id":"https:\/\/www.inforesidencias.com\/blog\/index.php\/2019\/01\/24\/una-residencia-desde-cero-en-navarcles-y-una-residencia-en-rumania\/#breadcrumb","itemListElement":[{"@type":"ListItem","position":1,"name":"Home","item":"https:\/\/www.inforesidencias.com\/blog\/"},{"@type":"ListItem","position":2,"name":"Una residencia desde cero en Navarcles y una residencia en Ruman\u00eda"}]},{"@type":"WebSite","@id":"https:\/\/www.inforesidencias.com\/blog\/#website","url":"https:\/\/www.inforesidencias.com\/blog\/","name":"Blog Inforesidencias.com","description":"El buscador de residencias de la 3\u00aa edad","potentialAction":[{"@type":"SearchAction","target":{"@type":"EntryPoint","urlTemplate":"https:\/\/www.inforesidencias.com\/blog\/?s={search_term_string}"},"query-input":"required name=search_term_string"}],"inLanguage":"es"},{"@type":"Person","@id":"https:\/\/www.inforesidencias.com\/blog\/#\/schema\/person\/9e146774d1eb3bc1c0316242a3898628","name":"Josep de Mart\u00ed","image":{"@type":"ImageObject","inLanguage":"es","@id":"https:\/\/www.inforesidencias.com\/blog\/#\/schema\/person\/image\/","url":"https:\/\/secure.gravatar.com\/avatar\/de0302c4806c00c4cebff396a798c1ff?s=96&d=mm&r=g","contentUrl":"https:\/\/secure.gravatar.com\/avatar\/de0302c4806c00c4cebff396a798c1ff?s=96&d=mm&r=g","caption":"Josep de Mart\u00ed"},"sameAs":["https:\/\/www.inforesidencias.com","https:\/\/www.facebook.com\/josep.demarti","https:\/\/twitter.com\/blog-ir"],"url":"https:\/\/www.inforesidencias.com\/blog\/index.php\/author\/josepdemarti\/"}]}},"_links":{"self":[{"href":"https:\/\/www.inforesidencias.com\/blog\/index.php\/wp-json\/wp\/v2\/posts\/1878"}],"collection":[{"href":"https:\/\/www.inforesidencias.com\/blog\/index.php\/wp-json\/wp\/v2\/posts"}],"about":[{"href":"https:\/\/www.inforesidencias.com\/blog\/index.php\/wp-json\/wp\/v2\/types\/post"}],"author":[{"embeddable":true,"href":"https:\/\/www.inforesidencias.com\/blog\/index.php\/wp-json\/wp\/v2\/users\/2"}],"replies":[{"embeddable":true,"href":"https:\/\/www.inforesidencias.com\/blog\/index.php\/wp-json\/wp\/v2\/comments?post=1878"}],"version-history":[{"count":11,"href":"https:\/\/www.inforesidencias.com\/blog\/index.php\/wp-json\/wp\/v2\/posts\/1878\/revisions"}],"predecessor-version":[{"id":1890,"href":"https:\/\/www.inforesidencias.com\/blog\/index.php\/wp-json\/wp\/v2\/posts\/1878\/revisions\/1890"}],"wp:featuredmedia":[{"embeddable":true,"href":"https:\/\/www.inforesidencias.com\/blog\/index.php\/wp-json\/wp\/v2\/media\/1882"}],"wp:attachment":[{"href":"https:\/\/www.inforesidencias.com\/blog\/index.php\/wp-json\/wp\/v2\/media?parent=1878"}],"wp:term":[{"taxonomy":"category","embeddable":true,"href":"https:\/\/www.inforesidencias.com\/blog\/index.php\/wp-json\/wp\/v2\/categories?post=1878"},{"taxonomy":"post_tag","embeddable":true,"href":"https:\/\/www.inforesidencias.com\/blog\/index.php\/wp-json\/wp\/v2\/tags?post=1878"}],"curies":[{"name":"wp","href":"https:\/\/api.w.org\/{rel}","templated":true}]}}