{"id":1891,"date":"2019-02-05T09:04:58","date_gmt":"2019-02-05T09:04:58","guid":{"rendered":"https:\/\/www.inforesidencias.com\/blog\/?p=1891"},"modified":"2019-01-29T09:37:06","modified_gmt":"2019-01-29T09:37:06","slug":"un-trabajo-sobre-la-disfagia-inspirado-en-personas-mayores","status":"publish","type":"post","link":"https:\/\/www.inforesidencias.com\/blog\/index.php\/2019\/02\/05\/un-trabajo-sobre-la-disfagia-inspirado-en-personas-mayores\/","title":{"rendered":"Un trabajo sobre la disfagia inspirado en personas mayores"},"content":{"rendered":"<p style=\"text-align: justify\">Hoy nos escribe una bloguista especial. Ella es Laia Bou Aguilar y es estudiante de 2\u00ba de Bachillerato. Nos ha enviado esta carta de presentaci\u00f3n del que ha sido su trabajo de investigaci\u00f3n acerca de la disgafia.<\/p>\n<p style=\"text-align: justify\">El escrito empieza con unas preguntas iniciales que plantea:<\/p>\n<p style=\"text-align: justify\">\u00bfQu\u00e9 informaci\u00f3n nos llega a los usuarios junto al diagn\u00f3stico de disfagia?<\/p>\n<p style=\"text-align: justify\">\u00bfQu\u00e9 sabemos las personas de a pi\u00e9 de la disfagia?<\/p>\n<p style=\"text-align: justify\">\u00bfQu\u00e9 saben los profesionales de la disfagia?<\/p>\n<p style=\"text-align: justify\">Por mi contacto directo con la gente mayor des de que nac\u00ed, ya que mi madre trabaja en una residencia, estoy muy concienciada con la atenci\u00f3n que reciben las personas mayores. Quiz\u00e1s tambi\u00e9n es por eso que el futuro profesional que he elegido para m\u00ed ha sido la enfermer\u00eda.<\/p>\n<p style=\"text-align: justify\">En los \u00faltimos 10 a\u00f1os ha habido un incremento importante de las personas que sufren disfagia en la gente mayor, por lo que he decidido hacer mi trabajo de investigaci\u00f3n de 2\u00ba de bachillerato en informarme y formarme sobre este tema.<\/p>\n<p style=\"text-align: justify\">Mi objetivo era conocer la disfagia y sus efectos en las personas, as\u00ed como si esta dificultad o imposibilidad para tragar era para toda la vida o pod\u00eda tener cura.<\/p>\n<p style=\"text-align: justify\">La primera novedad en mi contacto con la Sra. Viridiana Arreola,<a href=\"https:\/\/www.inforesidencias.com\/contenidos\/noticias\/catalunya_barcelona\/se-puede-ayudar-con-la-disfagia-de-las-personas-mayores\"> logopeda especialista en disfagia del hospital de Matar\u00f3<\/a>, fue descubrir que existen dos tipos de disfagia en funci\u00f3n de la localizaci\u00f3n en la que se encuentre la dificultad para realizar la degluci\u00f3n correctamente. Si la dificultad est\u00e1 en el funcionamiento de la glotis, hablamos de una disfagia orofar\u00edngea, y si el problema est\u00e1 en el es\u00f3fago se trata de una disfagia esof\u00e1gica.<\/p>\n<p style=\"text-align: justify\">El m\u00e9todo de diagn\u00f3stico es muy similar para ambos tipos de disfagia, y se basa en la observaci\u00f3n; la observaci\u00f3n puede ser bien directa durante la ingesta de l\u00edquidos y\/o alimentos o bien a trav\u00e9s de una imagen radiol\u00f3gica en movimiento llamada Videofluoroscopia.<\/p>\n<p style=\"text-align: justify\">Ambas son f\u00e1ciles de diferenciar por su sintomatolog\u00eda: mientras que la disfagia orofar\u00edngea produce principalmente tos, cambios en la voz y degluci\u00f3n fraccionada durante la ingesta de l\u00edquidos y\/o s\u00f3lidos, la disfagia esof\u00e1gica produce dolor tor\u00e1cico, acidez y regurgitaci\u00f3n.<\/p>\n<p style=\"text-align: justify\">La gran diferencia est\u00e1 las consecuencias que pueden producir una u otra en la persona: aunque las dos conllevan una disminuci\u00f3n en la calidad de vida de las personas, solo la disfagia orofar\u00edngea puede desencadenar en la muerte por infecci\u00f3n respiratoria tras una o varias aspiraciones durante las comidas. Las pautas que se deben seguir son diferentes dependiendo del tipo de disfagia que se padezca. En la orofar\u00edngea se debe modificar la textura de los l\u00edquidos y\/o s\u00f3lidos que ingieren. En disfagia esof\u00e1gica se debe seguir un tratamiento farmacol\u00f3gico o incluso quir\u00fargico dependiendo de la causa que motive la disfagia.<\/p>\n<p style=\"text-align: justify\">Una parte muy importante del proceso es conocer la causa que motiva la disfagia. Cuando se investiga esta causa es cuando la disfagia puede resolverse al poder tratar la patolog\u00eda de base que la provoca; cuando no se descubre la causa es cuando la disfagia pasa a ser cr\u00f3nica por mala praxis. Cuando la disfagia se detecta en gente mayor cabe decir que \u00e9sta no es una enfermedad sino un s\u00edndrome geri\u00e1trico, entendiendo como s\u00edndrome un conjunto de s\u00edntomas que ocurren a la vez y que caracterizan una situaci\u00f3n.<\/p>\n<p style=\"text-align: justify\">En estos casos, las patolog\u00edas que m\u00e1s incidencia tienen en la disfagia son la demencia tipo Alzheimer, el Parkinson, accidentes vasculares cerebrales y la diabetes. \u00c9stas son patolog\u00edas cr\u00f3nicas por lo que, al no tener cura, la disfagia pasa a ser cr\u00f3nica.<\/p>\n<p style=\"text-align: justify\">En la actualidad se est\u00e1 pautando mayoritariamente una dieta triturada en la que se mezcla el primer con el segundo plato. Este es el motivo por el que baja la calidad de vida de las personas que de un d\u00eda para otro pasan a comer platos triturados que son mon\u00f3tonos, d\u00eda y noche, sin color ni sabor determinado que no representan ning\u00fan alimento que anteriormente com\u00edan.<\/p>\n<p style=\"text-align: justify\">Des de hace algo m\u00e1s de cinco a\u00f1os atr\u00e1s ya se ha empezado a cambiar esta forma de alimentar, empezando a elaborar men\u00fas en los que se modifica la textura de los alimentos por separado, dando lugar a men\u00fas con sentido: vuelven a tener a tener el color, el olor, la forma y el sabor de los alimentos tal y como los elaborados.<\/p>\n<p style=\"text-align: justify\">Otra novedad que conlleva esta forma de alimentaci\u00f3n es que se puede hacer tanto en alimentos frescos como cocinados.<\/p>\n<p style=\"text-align: justify\">Se trata de las dietas texturizadas, y es muy importante que los profesionales que traten con personas con disfagia hagan difusi\u00f3n de ellas. La correcta alimentaci\u00f3n de las personas significa un mejor estado de salud. Si tenemos en cuenta que comer es uno de los mayores placeres de la vida, porqu\u00e9 no hacer todo lo posible para poder seguir disfrutando de \u00e9l.<\/p>\n<p style=\"text-align: justify\"><a href=\"https:\/\/www.inforesidencias.com\/blog\/wp-content\/uploads\/2019\/01\/huevos-fritos-texturizados.-Aptos-para-personas-con-disfagia1.jpeg\"><img decoding=\"async\" loading=\"lazy\" class=\"aligncenter size-full wp-image-1895\" src=\"https:\/\/www.inforesidencias.com\/blog\/wp-content\/uploads\/2019\/01\/huevos-fritos-texturizados.-Aptos-para-personas-con-disfagia1.jpeg\" alt=\"huevos fritos texturizados. Aptos para personas con disfagia\" width=\"600\" height=\"450\" \/><\/a><\/p>\n<p style=\"text-align: justify\">Para concluir el estudio cre\u00e9 una hoja de ruta para el correcto diagn\u00f3stico de la disfagia y para qu\u00e9 hacer a continuaci\u00f3n.<\/p>\n<p style=\"text-align: justify\"><strong>1.- Detectar la sintomatolog\u00eda de la disfagia <\/strong><\/p>\n<p style=\"text-align: justify\"><strong>2.- Ser atendido por profesionales especializados para su diagnostico <\/strong><\/p>\n<p style=\"text-align: justify\"><strong>3.- Seguir las pautas indicadas por los profesionales que hicieron la valoraci\u00f3n. <\/strong><\/p>\n<p style=\"text-align: justify\">3.1.- En la disfagia orofar\u00edngea se debe modificar la textura de los l\u00edquidos y\/o s\u00f3lidos,\u00a0 \u00a0 \u00a0 \u00a0 modificar sus vol\u00famenes, mantener normas de higiene postural, procurar un ambiente tranquilo sin distracciones, etc.<\/p>\n<p style=\"text-align: justify\">3.2.- En disfagia esof\u00e1gica el tratamiento puede ser farmacol\u00f3gico o quir\u00fargico<\/p>\n<p style=\"text-align: justify\"><strong>4.- Conocer la patolog\u00eda de base que la provoca<\/strong><\/p>\n<p style=\"text-align: justify\"><strong>5.- Tratar esta la patolog\u00eda de base en los casos en que sea posible<\/strong><\/p>\n<p style=\"text-align: justify\"><strong>6.- Hacer revaloraciones peri\u00f3dicas para verificar si la disfagia se ha resuelto o no<\/strong><\/p>\n<p style=\"text-align: justify\">Quisiera agradecer la dedicaci\u00f3n que he tenido por parte de la Sra. Rosa Mont\u00e9is enfermera gestora de casos del PPC del Consorcio del Maresme, a la Sra. Viridiana Arreola logopeda especialista en disfagia del Hospital de Matar\u00f3, a la Sra. Anna Rufiandis enfermera gestora de casos del CAP de Arenys de Mar, al equipo de trabajadores de la<a href=\"https:\/\/www.inforesidencias.com\/centros\/residencia\/11816\/llar-residencia-per-a-gent-gran-itaca-arenys\"> Residencia ITACA de Arenys de Mar<\/a> y a la Sra. Elena Mart\u00ed tutora del trabajo de la Escuela Mare de D\u00e9u dels \u00c0ngels.<\/p>\n","protected":false},"excerpt":{"rendered":"<p>Hoy nos escribe una bloguista especial. Ella es Laia Bou Aguilar y es estudiante de 2\u00ba de Bachillerato. Nos ha enviado esta carta de presentaci\u00f3n del que ha sido su trabajo de investigaci\u00f3n acerca de la disgafia. El escrito empieza con unas preguntas iniciales que plantea: \u00bfQu\u00e9 informaci\u00f3n nos llega a los usuarios junto al diagn\u00f3stico de disfagia? \u00bfQu\u00e9 sabemos las personas de a pi\u00e9 de la disfagia? \u00bfQu\u00e9 saben los profesionales de la disfagia? Por mi contacto directo con la gente mayor des de que nac\u00ed, ya que mi madre trabaja en una residencia, estoy muy concienciada con la atenci\u00f3n que reciben las personas mayores. Quiz\u00e1s tambi\u00e9n es por eso que el futuro profesional que he elegido para m\u00ed ha sido la enfermer\u00eda. En los \u00faltimos 10 a\u00f1os ha habido un incremento importante de las personas que sufren disfagia en la gente mayor, por lo que he decidido hacer [&hellip;]<\/p>\n","protected":false},"author":2,"featured_media":1894,"comment_status":"open","ping_status":"open","sticky":false,"template":"","format":"standard","meta":{"footnotes":""},"categories":[1],"tags":[],"yoast_head":"<!-- This site is optimized with the Yoast SEO plugin v21.7 - https:\/\/yoast.com\/wordpress\/plugins\/seo\/ -->\n<title>Un trabajo sobre la disfagia inspirado en personas mayores - Blog Inforesidencias.com<\/title>\n<meta name=\"description\" content=\"Este trabajo sobre la disfagia de Laia Bou Aguilar profundiza en esta dificultad para tragar alimentos. Y todo surgi\u00f3 de su experiencia en una residencia de mayores\" \/>\n<meta name=\"robots\" content=\"index, follow, max-snippet:-1, max-image-preview:large, max-video-preview:-1\" \/>\n<link rel=\"canonical\" href=\"https:\/\/www.inforesidencias.com\/blog\/index.php\/2019\/02\/05\/un-trabajo-sobre-la-disfagia-inspirado-en-personas-mayores\/\" \/>\n<meta property=\"og:locale\" content=\"es_ES\" \/>\n<meta property=\"og:type\" content=\"article\" \/>\n<meta property=\"og:title\" content=\"Un trabajo sobre la disfagia inspirado en personas mayores - Blog Inforesidencias.com\" \/>\n<meta property=\"og:description\" content=\"Este trabajo sobre la disfagia de Laia Bou Aguilar profundiza en esta dificultad para tragar alimentos. Y todo surgi\u00f3 de su experiencia en una residencia de mayores\" \/>\n<meta property=\"og:url\" content=\"https:\/\/www.inforesidencias.com\/blog\/index.php\/2019\/02\/05\/un-trabajo-sobre-la-disfagia-inspirado-en-personas-mayores\/\" \/>\n<meta property=\"og:site_name\" content=\"Blog Inforesidencias.com\" \/>\n<meta property=\"article:publisher\" content=\"https:\/\/www.facebook.com\/Inforesidencias\/\" \/>\n<meta property=\"article:author\" content=\"https:\/\/www.facebook.com\/josep.demarti\" \/>\n<meta property=\"article:published_time\" content=\"2019-02-05T09:04:58+00:00\" \/>\n<meta property=\"article:modified_time\" content=\"2019-01-29T09:37:06+00:00\" \/>\n<meta property=\"og:image\" content=\"https:\/\/www.inforesidencias.com\/blog\/wp-content\/uploads\/2019\/01\/Aperitivo-Texturitzado-apto-para-personas-con-disfagia.jpeg\" \/>\n\t<meta property=\"og:image:width\" content=\"600\" \/>\n\t<meta property=\"og:image:height\" content=\"450\" \/>\n\t<meta property=\"og:image:type\" content=\"image\/jpeg\" \/>\n<meta name=\"author\" content=\"Josep de Mart\u00ed\" \/>\n<meta name=\"twitter:card\" content=\"summary_large_image\" \/>\n<meta name=\"twitter:creator\" content=\"@blog-ir\" \/>\n<meta name=\"twitter:site\" content=\"@inforesidencias\" \/>\n<meta name=\"twitter:label1\" content=\"Escrito por\" \/>\n\t<meta name=\"twitter:data1\" content=\"Josep de Mart\u00ed\" \/>\n\t<meta name=\"twitter:label2\" content=\"Tiempo de lectura\" \/>\n\t<meta name=\"twitter:data2\" content=\"5 minutos\" \/>\n<script type=\"application\/ld+json\" class=\"yoast-schema-graph\">{\"@context\":\"https:\/\/schema.org\",\"@graph\":[{\"@type\":\"WebPage\",\"@id\":\"https:\/\/www.inforesidencias.com\/blog\/index.php\/2019\/02\/05\/un-trabajo-sobre-la-disfagia-inspirado-en-personas-mayores\/\",\"url\":\"https:\/\/www.inforesidencias.com\/blog\/index.php\/2019\/02\/05\/un-trabajo-sobre-la-disfagia-inspirado-en-personas-mayores\/\",\"name\":\"Un trabajo sobre la disfagia inspirado en personas mayores - Blog Inforesidencias.com\",\"isPartOf\":{\"@id\":\"https:\/\/www.inforesidencias.com\/blog\/#website\"},\"datePublished\":\"2019-02-05T09:04:58+00:00\",\"dateModified\":\"2019-01-29T09:37:06+00:00\",\"author\":{\"@id\":\"https:\/\/www.inforesidencias.com\/blog\/#\/schema\/person\/9e146774d1eb3bc1c0316242a3898628\"},\"description\":\"Este trabajo sobre la disfagia de Laia Bou Aguilar profundiza en esta dificultad para tragar alimentos. Y todo surgi\u00f3 de su experiencia en una residencia de mayores\",\"breadcrumb\":{\"@id\":\"https:\/\/www.inforesidencias.com\/blog\/index.php\/2019\/02\/05\/un-trabajo-sobre-la-disfagia-inspirado-en-personas-mayores\/#breadcrumb\"},\"inLanguage\":\"es\",\"potentialAction\":[{\"@type\":\"ReadAction\",\"target\":[\"https:\/\/www.inforesidencias.com\/blog\/index.php\/2019\/02\/05\/un-trabajo-sobre-la-disfagia-inspirado-en-personas-mayores\/\"]}]},{\"@type\":\"BreadcrumbList\",\"@id\":\"https:\/\/www.inforesidencias.com\/blog\/index.php\/2019\/02\/05\/un-trabajo-sobre-la-disfagia-inspirado-en-personas-mayores\/#breadcrumb\",\"itemListElement\":[{\"@type\":\"ListItem\",\"position\":1,\"name\":\"Home\",\"item\":\"https:\/\/www.inforesidencias.com\/blog\/\"},{\"@type\":\"ListItem\",\"position\":2,\"name\":\"Un trabajo sobre la disfagia inspirado en personas mayores\"}]},{\"@type\":\"WebSite\",\"@id\":\"https:\/\/www.inforesidencias.com\/blog\/#website\",\"url\":\"https:\/\/www.inforesidencias.com\/blog\/\",\"name\":\"Blog Inforesidencias.com\",\"description\":\"El buscador de residencias de la 3\u00aa edad\",\"potentialAction\":[{\"@type\":\"SearchAction\",\"target\":{\"@type\":\"EntryPoint\",\"urlTemplate\":\"https:\/\/www.inforesidencias.com\/blog\/?s={search_term_string}\"},\"query-input\":\"required name=search_term_string\"}],\"inLanguage\":\"es\"},{\"@type\":\"Person\",\"@id\":\"https:\/\/www.inforesidencias.com\/blog\/#\/schema\/person\/9e146774d1eb3bc1c0316242a3898628\",\"name\":\"Josep de Mart\u00ed\",\"image\":{\"@type\":\"ImageObject\",\"inLanguage\":\"es\",\"@id\":\"https:\/\/www.inforesidencias.com\/blog\/#\/schema\/person\/image\/\",\"url\":\"https:\/\/secure.gravatar.com\/avatar\/de0302c4806c00c4cebff396a798c1ff?s=96&d=mm&r=g\",\"contentUrl\":\"https:\/\/secure.gravatar.com\/avatar\/de0302c4806c00c4cebff396a798c1ff?s=96&d=mm&r=g\",\"caption\":\"Josep de Mart\u00ed\"},\"sameAs\":[\"https:\/\/www.inforesidencias.com\",\"https:\/\/www.facebook.com\/josep.demarti\",\"https:\/\/twitter.com\/blog-ir\"],\"url\":\"https:\/\/www.inforesidencias.com\/blog\/index.php\/author\/josepdemarti\/\"}]}<\/script>\n<!-- \/ Yoast SEO plugin. -->","yoast_head_json":{"title":"Un trabajo sobre la disfagia inspirado en personas mayores - Blog Inforesidencias.com","description":"Este trabajo sobre la disfagia de Laia Bou Aguilar profundiza en esta dificultad para tragar alimentos. Y todo surgi\u00f3 de su experiencia en una residencia de mayores","robots":{"index":"index","follow":"follow","max-snippet":"max-snippet:-1","max-image-preview":"max-image-preview:large","max-video-preview":"max-video-preview:-1"},"canonical":"https:\/\/www.inforesidencias.com\/blog\/index.php\/2019\/02\/05\/un-trabajo-sobre-la-disfagia-inspirado-en-personas-mayores\/","og_locale":"es_ES","og_type":"article","og_title":"Un trabajo sobre la disfagia inspirado en personas mayores - Blog Inforesidencias.com","og_description":"Este trabajo sobre la disfagia de Laia Bou Aguilar profundiza en esta dificultad para tragar alimentos. Y todo surgi\u00f3 de su experiencia en una residencia de mayores","og_url":"https:\/\/www.inforesidencias.com\/blog\/index.php\/2019\/02\/05\/un-trabajo-sobre-la-disfagia-inspirado-en-personas-mayores\/","og_site_name":"Blog Inforesidencias.com","article_publisher":"https:\/\/www.facebook.com\/Inforesidencias\/","article_author":"https:\/\/www.facebook.com\/josep.demarti","article_published_time":"2019-02-05T09:04:58+00:00","article_modified_time":"2019-01-29T09:37:06+00:00","og_image":[{"width":600,"height":450,"url":"https:\/\/www.inforesidencias.com\/blog\/wp-content\/uploads\/2019\/01\/Aperitivo-Texturitzado-apto-para-personas-con-disfagia.jpeg","type":"image\/jpeg"}],"author":"Josep de Mart\u00ed","twitter_card":"summary_large_image","twitter_creator":"@blog-ir","twitter_site":"@inforesidencias","twitter_misc":{"Escrito por":"Josep de Mart\u00ed","Tiempo de lectura":"5 minutos"},"schema":{"@context":"https:\/\/schema.org","@graph":[{"@type":"WebPage","@id":"https:\/\/www.inforesidencias.com\/blog\/index.php\/2019\/02\/05\/un-trabajo-sobre-la-disfagia-inspirado-en-personas-mayores\/","url":"https:\/\/www.inforesidencias.com\/blog\/index.php\/2019\/02\/05\/un-trabajo-sobre-la-disfagia-inspirado-en-personas-mayores\/","name":"Un trabajo sobre la disfagia inspirado en personas mayores - Blog Inforesidencias.com","isPartOf":{"@id":"https:\/\/www.inforesidencias.com\/blog\/#website"},"datePublished":"2019-02-05T09:04:58+00:00","dateModified":"2019-01-29T09:37:06+00:00","author":{"@id":"https:\/\/www.inforesidencias.com\/blog\/#\/schema\/person\/9e146774d1eb3bc1c0316242a3898628"},"description":"Este trabajo sobre la disfagia de Laia Bou Aguilar profundiza en esta dificultad para tragar alimentos. Y todo surgi\u00f3 de su experiencia en una residencia de mayores","breadcrumb":{"@id":"https:\/\/www.inforesidencias.com\/blog\/index.php\/2019\/02\/05\/un-trabajo-sobre-la-disfagia-inspirado-en-personas-mayores\/#breadcrumb"},"inLanguage":"es","potentialAction":[{"@type":"ReadAction","target":["https:\/\/www.inforesidencias.com\/blog\/index.php\/2019\/02\/05\/un-trabajo-sobre-la-disfagia-inspirado-en-personas-mayores\/"]}]},{"@type":"BreadcrumbList","@id":"https:\/\/www.inforesidencias.com\/blog\/index.php\/2019\/02\/05\/un-trabajo-sobre-la-disfagia-inspirado-en-personas-mayores\/#breadcrumb","itemListElement":[{"@type":"ListItem","position":1,"name":"Home","item":"https:\/\/www.inforesidencias.com\/blog\/"},{"@type":"ListItem","position":2,"name":"Un trabajo sobre la disfagia inspirado en personas mayores"}]},{"@type":"WebSite","@id":"https:\/\/www.inforesidencias.com\/blog\/#website","url":"https:\/\/www.inforesidencias.com\/blog\/","name":"Blog Inforesidencias.com","description":"El buscador de residencias de la 3\u00aa edad","potentialAction":[{"@type":"SearchAction","target":{"@type":"EntryPoint","urlTemplate":"https:\/\/www.inforesidencias.com\/blog\/?s={search_term_string}"},"query-input":"required name=search_term_string"}],"inLanguage":"es"},{"@type":"Person","@id":"https:\/\/www.inforesidencias.com\/blog\/#\/schema\/person\/9e146774d1eb3bc1c0316242a3898628","name":"Josep de Mart\u00ed","image":{"@type":"ImageObject","inLanguage":"es","@id":"https:\/\/www.inforesidencias.com\/blog\/#\/schema\/person\/image\/","url":"https:\/\/secure.gravatar.com\/avatar\/de0302c4806c00c4cebff396a798c1ff?s=96&d=mm&r=g","contentUrl":"https:\/\/secure.gravatar.com\/avatar\/de0302c4806c00c4cebff396a798c1ff?s=96&d=mm&r=g","caption":"Josep de Mart\u00ed"},"sameAs":["https:\/\/www.inforesidencias.com","https:\/\/www.facebook.com\/josep.demarti","https:\/\/twitter.com\/blog-ir"],"url":"https:\/\/www.inforesidencias.com\/blog\/index.php\/author\/josepdemarti\/"}]}},"_links":{"self":[{"href":"https:\/\/www.inforesidencias.com\/blog\/index.php\/wp-json\/wp\/v2\/posts\/1891"}],"collection":[{"href":"https:\/\/www.inforesidencias.com\/blog\/index.php\/wp-json\/wp\/v2\/posts"}],"about":[{"href":"https:\/\/www.inforesidencias.com\/blog\/index.php\/wp-json\/wp\/v2\/types\/post"}],"author":[{"embeddable":true,"href":"https:\/\/www.inforesidencias.com\/blog\/index.php\/wp-json\/wp\/v2\/users\/2"}],"replies":[{"embeddable":true,"href":"https:\/\/www.inforesidencias.com\/blog\/index.php\/wp-json\/wp\/v2\/comments?post=1891"}],"version-history":[{"count":5,"href":"https:\/\/www.inforesidencias.com\/blog\/index.php\/wp-json\/wp\/v2\/posts\/1891\/revisions"}],"predecessor-version":[{"id":1899,"href":"https:\/\/www.inforesidencias.com\/blog\/index.php\/wp-json\/wp\/v2\/posts\/1891\/revisions\/1899"}],"wp:featuredmedia":[{"embeddable":true,"href":"https:\/\/www.inforesidencias.com\/blog\/index.php\/wp-json\/wp\/v2\/media\/1894"}],"wp:attachment":[{"href":"https:\/\/www.inforesidencias.com\/blog\/index.php\/wp-json\/wp\/v2\/media?parent=1891"}],"wp:term":[{"taxonomy":"category","embeddable":true,"href":"https:\/\/www.inforesidencias.com\/blog\/index.php\/wp-json\/wp\/v2\/categories?post=1891"},{"taxonomy":"post_tag","embeddable":true,"href":"https:\/\/www.inforesidencias.com\/blog\/index.php\/wp-json\/wp\/v2\/tags?post=1891"}],"curies":[{"name":"wp","href":"https:\/\/api.w.org\/{rel}","templated":true}]}}