{"id":1900,"date":"2019-01-29T12:18:12","date_gmt":"2019-01-29T12:18:12","guid":{"rendered":"https:\/\/www.inforesidencias.com\/blog\/?p=1900"},"modified":"2019-01-29T12:18:12","modified_gmt":"2019-01-29T12:18:12","slug":"polimedicacion-en-personas-mayores","status":"publish","type":"post","link":"https:\/\/www.inforesidencias.com\/blog\/index.php\/2019\/01\/29\/polimedicacion-en-personas-mayores\/","title":{"rendered":"Polimedicaci\u00f3n en personas mayores"},"content":{"rendered":"<p style=\"text-align: justify\">Una de las grandes preocupaciones del sistema sanitario es el consumo excesivo de medicamentos por un gran n\u00famero de personas mayores. A veces son parte de un tratamiento m\u00e9dico y otras la persona mayor se automedica, y ese uno de los grandes retos de la geriatr\u00eda y del sistema de salud. La polifarmacia o polimedicaci\u00f3n se refiere a la ingesta de un gran n\u00famero de medicamentos indicados o no por el m\u00e9dico a veces por un determinado tiempo y otras por tiempo indefinido, Para la OMS es \u201cconsumir m\u00e1s de tres medicamentos simult\u00e1neamente\u201d. Para el Ministerio de Sanidad y Pol\u00edtica Social lo define como \u201cpacientes con enfermedades cr\u00f3nicas que est\u00e1n tomando m\u00e1s de 6 medicamentos de forma continuada, durante un periodo igual o superior a 6 meses\u201d.<\/p>\n<p style=\"text-align: justify\"><a href=\"https:\/\/www.inforesidencias.com\/contenidos\/noticias\/nacional\/sanitas-alerta-sobre-la-sobremedicacion-de-las-personas-mayores\">Actualmente en Espa\u00f1a la prevalencia de polimedicaci\u00f3n es de alrededor del 55 % y de prescripci\u00f3n inadecuada del 30%, estos porcentajes son alarmantes si consideramos que cada uno de los medicamentos tiene efectos en el organismo.<\/a><\/p>\n<p style=\"text-align: justify\">Aqu\u00ed cabe preguntarnos \u00bfPorqu\u00e9 los ancianos tienden a consumir muchos medicamentos?. Una de las principales razones es que en ocasiones los mayores son m\u00e1s susceptibles de cursar con varias patolog\u00edas a la vez, pero los m\u00e9dicos que prescriben el medicamento tambi\u00e9n influyen en la excesiva y err\u00f3nea prescripci\u00f3n de medicamentos.<\/p>\n<p style=\"text-align: justify\"><a href=\"https:\/\/www.inforesidencias.com\/blog\/wp-content\/uploads\/2019\/01\/polimedicacio\u0301n-en-personas-mayores.png\"><img decoding=\"async\" loading=\"lazy\" class=\"aligncenter size-full wp-image-1903\" src=\"https:\/\/www.inforesidencias.com\/blog\/wp-content\/uploads\/2019\/01\/polimedicacio\u0301n-en-personas-mayores.png\" alt=\"polimedicacio\u0301n en personas mayores\" width=\"400\" height=\"264\" \/><\/a><\/p>\n<p><strong><span style=\"text-decoration: underline\">Factores que influyen en la medicaci\u00f3n.<\/span><\/strong><\/p>\n<p style=\"text-align: justify\">&#8211; La edad, a m\u00e1s edad m\u00e1s probabilidades de enfermedades y m\u00e1s medicamentos.<br \/>\n&#8211; Las enfermedades cr\u00f3nicas (diabetes, hipertensi\u00f3n, hipercolesterolemia, enfermedades cardiovasculares, fractura de cadera y problemas renales) todas estas enfermedades pueden estar presentes en una sola persona.<br \/>\n&#8211; Las personas que viven solas son m\u00e1s propensas a automedicarse.<br \/>\n&#8211; Personas con alguna demencia.<br \/>\n&#8211; Las personas mayores fr\u00e1giles : Personas con pluripatolog\u00edas, mayores de 70 a\u00f1os, sin soportes familiares o amistades, d\u00e9ficit sensorial y auditivo, problemas econ\u00f3micos, con problemas para realizar una o varias de las actividades b\u00e1sicas e instrumentales.<br \/>\n&#8211; Vivir en las zonas rurales donde no existen m\u00e9dicos o solo asisten una o dos verdes por semana.<br \/>\n&#8211; La dependencia de otra persona. Si existe una buena relaci\u00f3n familiar la toma de medicamentos se hace de forma correcta y oportuna.<\/p>\n<p style=\"text-align: justify\">El abuso de medicamentos tiene graves consecuencias, existen m\u00e1s probabilidades de ingreso al hospital, m\u00e1s consecuencias de ca\u00eddas y fracturas, malestar general, mareos, afectaci\u00f3n de algunos \u00f3rganos como es el caso del h\u00edgado y ri\u00f1\u00f3n, afectaci\u00f3n del estado an\u00edmico, se deteriora la percepci\u00f3n de salud ya que a m\u00e1s medicamentos se relaciona con una mala salud. A corto o a largo plazo el consumo excesivo de medicamentos afecta a todo el organismo. Por ejemplo los medicamentos antiinflamatorios no esteroides, su uso prolongado puede llegar a causar insuficiencia renal con consecuencias m\u00e1s graves en la poblaci\u00f3n anciana.<\/p>\n<p style=\"text-align: justify\">Para prevenir est\u00e1s situaciones es fundamental la coordinaci\u00f3n entre el m\u00e9dico, la enfermera el paciente y la familia, aunque en el caso de la familia cuando el adulto mayor vive solo o no tiene familiares que se hagan cargo es m\u00e1s complicada la supervisi\u00f3n. Sin embargo fomentar la coordinaci\u00f3n entre el m\u00e9dico y los diferentes especialistas que abordan las enfermedades de un solo paciente, la enfermera, trabajo social y la familia es fundamental para un buen tratamiento farmacol\u00f3gico. La misma coordinaci\u00f3n debe haber entre los profesionales de las residencias geri\u00e1tricas y centros de d\u00eda as\u00ed como tambi\u00e9n entre la auxiliar de ayuda a domicilio, la revisi\u00f3n del n\u00famero de medicamentos y fechas de caducidad en los centros geri\u00e1tricos los hace la enfermera junto con el m\u00e9dico, en los hogares de la personas mayores sino cuenta con la familia y reciben el servicio de ayuda a domicilio, la auxiliar es qui\u00e9n deber\u00eda revisar el n\u00famero de medicamentos que se consumen y fechas de caducidad para avisar al m\u00e9dico de cabecera o a trabajo social. y as\u00ed evitar el consumo excesivo de medicamentos o una intoxicaci\u00f3n caducidad.<\/p>\n<p>M\u00e1s informaci\u00f3n en:<br \/>\n<a href=\"https:\/\/repositorio.unican.es\/xmlui\/bitstream\/handle\/10902\/10547\/Palacios%20Venero%2C%20Raquel.pdf?sequence=4&amp;isAllowed=y\">https:\/\/repositorio.unican.es\/xmlui\/&#8230;\/Palacios%20Venero%2C%20Raquel.pdf <\/a>y<br \/>\n<a href=\"https:\/\/www.redalyc.org\/pdf\/1804\/180425791015.pdf\">www.redalyc.org\/pdf\/1804\/180425791015.pdf<\/a><\/p>\n","protected":false},"excerpt":{"rendered":"<p>Una de las grandes preocupaciones del sistema sanitario es el consumo excesivo de medicamentos por un gran n\u00famero de personas mayores. A veces son parte de un tratamiento m\u00e9dico y otras la persona mayor se automedica, y ese uno de los grandes retos de la geriatr\u00eda y del sistema de salud. La polifarmacia o polimedicaci\u00f3n se refiere a la ingesta de un gran n\u00famero de medicamentos indicados o no por el m\u00e9dico a veces por un determinado tiempo y otras por tiempo indefinido, Para la OMS es \u201cconsumir m\u00e1s de tres medicamentos simult\u00e1neamente\u201d. Para el Ministerio de Sanidad y Pol\u00edtica Social lo define como \u201cpacientes con enfermedades cr\u00f3nicas que est\u00e1n tomando m\u00e1s de 6 medicamentos de forma continuada, durante un periodo igual o superior a 6 meses\u201d. Actualmente en Espa\u00f1a la prevalencia de polimedicaci\u00f3n es de alrededor del 55 % y de prescripci\u00f3n inadecuada del 30%, estos porcentajes son alarmantes [&hellip;]<\/p>\n","protected":false},"author":2,"featured_media":1903,"comment_status":"open","ping_status":"open","sticky":false,"template":"","format":"standard","meta":{"footnotes":""},"categories":[1],"tags":[],"yoast_head":"<!-- This site is optimized with the Yoast SEO plugin v21.7 - https:\/\/yoast.com\/wordpress\/plugins\/seo\/ -->\n<title>Polimedicaci\u00f3n en personas mayores - Blog Inforesidencias.com<\/title>\n<meta name=\"description\" content=\"El exceso en el consumo de medicamentos se conoce como polimedicaci\u00f3n y afecta a muchas personas mayores en Espa\u00f1a y del resto del mundo\" \/>\n<meta name=\"robots\" content=\"index, follow, max-snippet:-1, max-image-preview:large, max-video-preview:-1\" \/>\n<link rel=\"canonical\" href=\"https:\/\/www.inforesidencias.com\/blog\/index.php\/2019\/01\/29\/polimedicacion-en-personas-mayores\/\" \/>\n<meta property=\"og:locale\" content=\"es_ES\" \/>\n<meta property=\"og:type\" content=\"article\" \/>\n<meta property=\"og:title\" content=\"Polimedicaci\u00f3n en personas mayores - Blog Inforesidencias.com\" \/>\n<meta property=\"og:description\" content=\"El exceso en el consumo de medicamentos se conoce como polimedicaci\u00f3n y afecta a muchas personas mayores en Espa\u00f1a y del resto del mundo\" \/>\n<meta property=\"og:url\" content=\"https:\/\/www.inforesidencias.com\/blog\/index.php\/2019\/01\/29\/polimedicacion-en-personas-mayores\/\" \/>\n<meta property=\"og:site_name\" content=\"Blog Inforesidencias.com\" \/>\n<meta property=\"article:publisher\" content=\"https:\/\/www.facebook.com\/Inforesidencias\/\" \/>\n<meta property=\"article:author\" content=\"https:\/\/www.facebook.com\/josep.demarti\" \/>\n<meta property=\"article:published_time\" content=\"2019-01-29T12:18:12+00:00\" \/>\n<meta property=\"og:image\" content=\"https:\/\/www.inforesidencias.com\/blog\/wp-content\/uploads\/2019\/01\/polimedicacio\u0301n-en-personas-mayores.png\" \/>\n\t<meta property=\"og:image:width\" content=\"400\" \/>\n\t<meta property=\"og:image:height\" content=\"264\" \/>\n\t<meta property=\"og:image:type\" content=\"image\/png\" \/>\n<meta name=\"author\" content=\"Josep de Mart\u00ed\" \/>\n<meta name=\"twitter:card\" content=\"summary_large_image\" \/>\n<meta name=\"twitter:creator\" content=\"@blog-ir\" \/>\n<meta name=\"twitter:site\" content=\"@inforesidencias\" \/>\n<meta name=\"twitter:label1\" content=\"Escrito por\" \/>\n\t<meta name=\"twitter:data1\" content=\"Josep de Mart\u00ed\" \/>\n\t<meta name=\"twitter:label2\" content=\"Tiempo de lectura\" \/>\n\t<meta name=\"twitter:data2\" content=\"4 minutos\" \/>\n<script type=\"application\/ld+json\" class=\"yoast-schema-graph\">{\"@context\":\"https:\/\/schema.org\",\"@graph\":[{\"@type\":\"WebPage\",\"@id\":\"https:\/\/www.inforesidencias.com\/blog\/index.php\/2019\/01\/29\/polimedicacion-en-personas-mayores\/\",\"url\":\"https:\/\/www.inforesidencias.com\/blog\/index.php\/2019\/01\/29\/polimedicacion-en-personas-mayores\/\",\"name\":\"Polimedicaci\u00f3n en personas mayores - Blog Inforesidencias.com\",\"isPartOf\":{\"@id\":\"https:\/\/www.inforesidencias.com\/blog\/#website\"},\"datePublished\":\"2019-01-29T12:18:12+00:00\",\"dateModified\":\"2019-01-29T12:18:12+00:00\",\"author\":{\"@id\":\"https:\/\/www.inforesidencias.com\/blog\/#\/schema\/person\/9e146774d1eb3bc1c0316242a3898628\"},\"description\":\"El exceso en el consumo de medicamentos se conoce como polimedicaci\u00f3n y afecta a muchas personas mayores en Espa\u00f1a y del resto del mundo\",\"breadcrumb\":{\"@id\":\"https:\/\/www.inforesidencias.com\/blog\/index.php\/2019\/01\/29\/polimedicacion-en-personas-mayores\/#breadcrumb\"},\"inLanguage\":\"es\",\"potentialAction\":[{\"@type\":\"ReadAction\",\"target\":[\"https:\/\/www.inforesidencias.com\/blog\/index.php\/2019\/01\/29\/polimedicacion-en-personas-mayores\/\"]}]},{\"@type\":\"BreadcrumbList\",\"@id\":\"https:\/\/www.inforesidencias.com\/blog\/index.php\/2019\/01\/29\/polimedicacion-en-personas-mayores\/#breadcrumb\",\"itemListElement\":[{\"@type\":\"ListItem\",\"position\":1,\"name\":\"Home\",\"item\":\"https:\/\/www.inforesidencias.com\/blog\/\"},{\"@type\":\"ListItem\",\"position\":2,\"name\":\"Polimedicaci\u00f3n en personas mayores\"}]},{\"@type\":\"WebSite\",\"@id\":\"https:\/\/www.inforesidencias.com\/blog\/#website\",\"url\":\"https:\/\/www.inforesidencias.com\/blog\/\",\"name\":\"Blog Inforesidencias.com\",\"description\":\"El buscador de residencias de la 3\u00aa edad\",\"potentialAction\":[{\"@type\":\"SearchAction\",\"target\":{\"@type\":\"EntryPoint\",\"urlTemplate\":\"https:\/\/www.inforesidencias.com\/blog\/?s={search_term_string}\"},\"query-input\":\"required name=search_term_string\"}],\"inLanguage\":\"es\"},{\"@type\":\"Person\",\"@id\":\"https:\/\/www.inforesidencias.com\/blog\/#\/schema\/person\/9e146774d1eb3bc1c0316242a3898628\",\"name\":\"Josep de Mart\u00ed\",\"image\":{\"@type\":\"ImageObject\",\"inLanguage\":\"es\",\"@id\":\"https:\/\/www.inforesidencias.com\/blog\/#\/schema\/person\/image\/\",\"url\":\"https:\/\/secure.gravatar.com\/avatar\/de0302c4806c00c4cebff396a798c1ff?s=96&d=mm&r=g\",\"contentUrl\":\"https:\/\/secure.gravatar.com\/avatar\/de0302c4806c00c4cebff396a798c1ff?s=96&d=mm&r=g\",\"caption\":\"Josep de Mart\u00ed\"},\"sameAs\":[\"https:\/\/www.inforesidencias.com\",\"https:\/\/www.facebook.com\/josep.demarti\",\"https:\/\/twitter.com\/blog-ir\"],\"url\":\"https:\/\/www.inforesidencias.com\/blog\/index.php\/author\/josepdemarti\/\"}]}<\/script>\n<!-- \/ Yoast SEO plugin. -->","yoast_head_json":{"title":"Polimedicaci\u00f3n en personas mayores - Blog Inforesidencias.com","description":"El exceso en el consumo de medicamentos se conoce como polimedicaci\u00f3n y afecta a muchas personas mayores en Espa\u00f1a y del resto del mundo","robots":{"index":"index","follow":"follow","max-snippet":"max-snippet:-1","max-image-preview":"max-image-preview:large","max-video-preview":"max-video-preview:-1"},"canonical":"https:\/\/www.inforesidencias.com\/blog\/index.php\/2019\/01\/29\/polimedicacion-en-personas-mayores\/","og_locale":"es_ES","og_type":"article","og_title":"Polimedicaci\u00f3n en personas mayores - Blog Inforesidencias.com","og_description":"El exceso en el consumo de medicamentos se conoce como polimedicaci\u00f3n y afecta a muchas personas mayores en Espa\u00f1a y del resto del mundo","og_url":"https:\/\/www.inforesidencias.com\/blog\/index.php\/2019\/01\/29\/polimedicacion-en-personas-mayores\/","og_site_name":"Blog Inforesidencias.com","article_publisher":"https:\/\/www.facebook.com\/Inforesidencias\/","article_author":"https:\/\/www.facebook.com\/josep.demarti","article_published_time":"2019-01-29T12:18:12+00:00","og_image":[{"width":400,"height":264,"url":"https:\/\/www.inforesidencias.com\/blog\/wp-content\/uploads\/2019\/01\/polimedicacio\u0301n-en-personas-mayores.png","type":"image\/png"}],"author":"Josep de Mart\u00ed","twitter_card":"summary_large_image","twitter_creator":"@blog-ir","twitter_site":"@inforesidencias","twitter_misc":{"Escrito por":"Josep de Mart\u00ed","Tiempo de lectura":"4 minutos"},"schema":{"@context":"https:\/\/schema.org","@graph":[{"@type":"WebPage","@id":"https:\/\/www.inforesidencias.com\/blog\/index.php\/2019\/01\/29\/polimedicacion-en-personas-mayores\/","url":"https:\/\/www.inforesidencias.com\/blog\/index.php\/2019\/01\/29\/polimedicacion-en-personas-mayores\/","name":"Polimedicaci\u00f3n en personas mayores - Blog Inforesidencias.com","isPartOf":{"@id":"https:\/\/www.inforesidencias.com\/blog\/#website"},"datePublished":"2019-01-29T12:18:12+00:00","dateModified":"2019-01-29T12:18:12+00:00","author":{"@id":"https:\/\/www.inforesidencias.com\/blog\/#\/schema\/person\/9e146774d1eb3bc1c0316242a3898628"},"description":"El exceso en el consumo de medicamentos se conoce como polimedicaci\u00f3n y afecta a muchas personas mayores en Espa\u00f1a y del resto del mundo","breadcrumb":{"@id":"https:\/\/www.inforesidencias.com\/blog\/index.php\/2019\/01\/29\/polimedicacion-en-personas-mayores\/#breadcrumb"},"inLanguage":"es","potentialAction":[{"@type":"ReadAction","target":["https:\/\/www.inforesidencias.com\/blog\/index.php\/2019\/01\/29\/polimedicacion-en-personas-mayores\/"]}]},{"@type":"BreadcrumbList","@id":"https:\/\/www.inforesidencias.com\/blog\/index.php\/2019\/01\/29\/polimedicacion-en-personas-mayores\/#breadcrumb","itemListElement":[{"@type":"ListItem","position":1,"name":"Home","item":"https:\/\/www.inforesidencias.com\/blog\/"},{"@type":"ListItem","position":2,"name":"Polimedicaci\u00f3n en personas mayores"}]},{"@type":"WebSite","@id":"https:\/\/www.inforesidencias.com\/blog\/#website","url":"https:\/\/www.inforesidencias.com\/blog\/","name":"Blog Inforesidencias.com","description":"El buscador de residencias de la 3\u00aa edad","potentialAction":[{"@type":"SearchAction","target":{"@type":"EntryPoint","urlTemplate":"https:\/\/www.inforesidencias.com\/blog\/?s={search_term_string}"},"query-input":"required name=search_term_string"}],"inLanguage":"es"},{"@type":"Person","@id":"https:\/\/www.inforesidencias.com\/blog\/#\/schema\/person\/9e146774d1eb3bc1c0316242a3898628","name":"Josep de Mart\u00ed","image":{"@type":"ImageObject","inLanguage":"es","@id":"https:\/\/www.inforesidencias.com\/blog\/#\/schema\/person\/image\/","url":"https:\/\/secure.gravatar.com\/avatar\/de0302c4806c00c4cebff396a798c1ff?s=96&d=mm&r=g","contentUrl":"https:\/\/secure.gravatar.com\/avatar\/de0302c4806c00c4cebff396a798c1ff?s=96&d=mm&r=g","caption":"Josep de Mart\u00ed"},"sameAs":["https:\/\/www.inforesidencias.com","https:\/\/www.facebook.com\/josep.demarti","https:\/\/twitter.com\/blog-ir"],"url":"https:\/\/www.inforesidencias.com\/blog\/index.php\/author\/josepdemarti\/"}]}},"_links":{"self":[{"href":"https:\/\/www.inforesidencias.com\/blog\/index.php\/wp-json\/wp\/v2\/posts\/1900"}],"collection":[{"href":"https:\/\/www.inforesidencias.com\/blog\/index.php\/wp-json\/wp\/v2\/posts"}],"about":[{"href":"https:\/\/www.inforesidencias.com\/blog\/index.php\/wp-json\/wp\/v2\/types\/post"}],"author":[{"embeddable":true,"href":"https:\/\/www.inforesidencias.com\/blog\/index.php\/wp-json\/wp\/v2\/users\/2"}],"replies":[{"embeddable":true,"href":"https:\/\/www.inforesidencias.com\/blog\/index.php\/wp-json\/wp\/v2\/comments?post=1900"}],"version-history":[{"count":4,"href":"https:\/\/www.inforesidencias.com\/blog\/index.php\/wp-json\/wp\/v2\/posts\/1900\/revisions"}],"predecessor-version":[{"id":1905,"href":"https:\/\/www.inforesidencias.com\/blog\/index.php\/wp-json\/wp\/v2\/posts\/1900\/revisions\/1905"}],"wp:featuredmedia":[{"embeddable":true,"href":"https:\/\/www.inforesidencias.com\/blog\/index.php\/wp-json\/wp\/v2\/media\/1903"}],"wp:attachment":[{"href":"https:\/\/www.inforesidencias.com\/blog\/index.php\/wp-json\/wp\/v2\/media?parent=1900"}],"wp:term":[{"taxonomy":"category","embeddable":true,"href":"https:\/\/www.inforesidencias.com\/blog\/index.php\/wp-json\/wp\/v2\/categories?post=1900"},{"taxonomy":"post_tag","embeddable":true,"href":"https:\/\/www.inforesidencias.com\/blog\/index.php\/wp-json\/wp\/v2\/tags?post=1900"}],"curies":[{"name":"wp","href":"https:\/\/api.w.org\/{rel}","templated":true}]}}