{"id":1946,"date":"2019-02-14T12:09:05","date_gmt":"2019-02-14T12:09:05","guid":{"rendered":"https:\/\/www.inforesidencias.com\/blog\/?p=1946"},"modified":"2019-02-14T12:09:05","modified_gmt":"2019-02-14T12:09:05","slug":"una-residencia-en-el-cielo-y-una-doctora-de-urgencias","status":"publish","type":"post","link":"https:\/\/www.inforesidencias.com\/blog\/index.php\/2019\/02\/14\/una-residencia-en-el-cielo-y-una-doctora-de-urgencias\/","title":{"rendered":"Una residencia en el cielo y una doctora de urgencias"},"content":{"rendered":"<p style=\"text-align: justify\">Pasan las semanas, nos acompa\u00f1a el buen tiempo pero el fr\u00edo no acaba de irse. En el estudio de grabaci\u00f3n de <a href=\"https:\/\/www.estelfitxers.com\/audio\/20190212-17_00ESGRANSERGRAN.MP3\">\u201c\u00c9s gran ser gran\u201d<\/a> al menos estamos calentitos y bien acompa\u00f1ados.<\/p>\n<p style=\"text-align: justify\">Tan bien acompa\u00f1ados que en el programa de esta semana nos han visitado los profesionales y dos residentes de la residencia <a href=\"http:\/\/www.rubisocial.cat\/residencia-el-cel-de-rubi\/\">\u201cEl Cel de Rub\u00ed,\u201d<\/a> situada en la ciudad del mismo nombre de la comarca del Valles occidental. En esta residencia, a parte de tener un nombre singular, tambi\u00e9n se trabaja de forma singular. Pero de eso hablaremos luego.<\/p>\n<p style=\"text-align: justify\">As\u00ed pues, empezamos el programa de la mano de Carles Reixach. \u00c9l nos dio 9 consejos muy \u00fatiles y a tener en cuenta para todas aquellas personas que cuidan un familiar con alg\u00fan tipo de demencia como por ejemplo el alzheimer. Algunos son consejos que muchos ya saben, aunque los repasamos y profundizamos en ellos. Otros quiz\u00e1 ser\u00edan m\u00e1s desconocidos por algunos de nuestros oyentes a quienes esperamos que les sean de utilidad.<\/p>\n<p style=\"text-align: justify\">Volviendo a nuestros primeros invitados, la Sra. Claudia Garc\u00eda, la directora de <a href=\"https:\/\/www.inforesidencias.com\/centros\/residencia\/4003\/centre-residencial-per-a-gent-gran-el-cel-de-rubi\">\u201cel Cel de Rub\u00ed\u201d<\/a>, nos explic\u00f3 como en su residencia, al igual en muchas otras a d\u00eda de hoy, se trabaja bajo el paraguas de la atenci\u00f3n centrada n la persona. Esto est\u00e1 muy y muy bien, aunque a estas alturas ya no nos sorprende tanto.<\/p>\n<p style=\"text-align: justify\">Lo que si nos sorprende que como ella misma nos explicaba, est\u00e1n yendo un poco m\u00e1s all\u00e1 de este paradigma. Seg\u00fan nos comentaba Cristina, aun siendo una residencia mediana de 54 residentes, (m\u00e1s las personas de centro de d\u00eda) utilizan los espacios disponibles para llevar a cabo al mismo tiempo diferentes actividades dirigidas por diferentes profesionales. De esta forma, los residentes pueden elegir que actividad quieren realizar y al ser menos en cada sala se puede trabajar de forma m\u00e1s individualizada. Los evidentes beneficios de poder trabajar de forma m\u00e1s individualizada por ejemplo se notan de manera visible en las personas con deterioro cognitivo severo. Con ellas se trabaja en peque\u00f1os grupos en la sala multisensorial.<\/p>\n<p>Claudia tambi\u00e9n nos explic\u00f3 que est\u00e1n inmersos en una transformaci\u00f3n digital. Dentro de todo lo que implica esta transformaci\u00f3n, hablamos bastante de las gafas de realidad virtual y de sus m\u00faltiples ventajas. Finamente, coment\u00f3 que los residentes tienen voz y voto en muchas de las decisiones del d\u00eda a d\u00eda a de la residencia a trav\u00e9s de su consejo de participaci\u00f3n.<\/p>\n<p><a href=\"https:\/\/www.inforesidencias.com\/blog\/wp-content\/uploads\/2019\/02\/invitados-residencia-El-Cel-de-Rubi.jpg\"><img decoding=\"async\" loading=\"lazy\" class=\"aligncenter size-full wp-image-1949\" src=\"https:\/\/www.inforesidencias.com\/blog\/wp-content\/uploads\/2019\/02\/invitados-residencia-El-Cel-de-Rubi.jpg\" alt=\"invitados residencia El Cel de Rubi\" width=\"400\" height=\"300\" \/><\/a><\/p>\n<p>Justamente sobre de consejo de Participaci\u00f3n empezamos hablando con Carlota S\u00e1nchez. Ella que lleva viviendo en \u201cel Cel de Rubi\u201d varios a\u00f1os fue una de los primeros miembros de forma parte de \u00e9l. Tambi\u00e9n nos explic\u00f3 como ve\u00eda ella las residencias antes de entrar a vivir en una, como fue el proceso de adaptaci\u00f3n y que era lo que m\u00e1s le gusta hacer.<\/p>\n<p style=\"text-align: justify\">De Rub\u00ed tambi\u00e9n venia la Sra. Magdalena T\u00e8cul. Ella nos explic\u00f3 que las residencias eran mucho mejor de lo que pensaba ya que se las imaginaba como sitios con \u201cmucho rigor\u201d, como ella misma defini\u00f3.<\/p>\n<p style=\"text-align: justify\">Ambas nos comentaron que se encuentran muy bien all\u00ed, que tienen amistades y que los profesionales son magn\u00edficos.<\/p>\n<p style=\"text-align: justify\">Por otro, la \u00faltima pregunta para cada una fue la misma y de las m\u00e1s importantes. Era la pregunta sobre como ve\u00edan la comida en su residencia. Ambas no pod\u00edan tener una mejor opini\u00f3n al respecto.<\/p>\n<p style=\"text-align: justify\">En este segundo tramo del programa, contamos de nuevo con la Dra. Serra, m\u00e9dica de urgencias. Con ella hablamos sobre las consultas m\u00e1s habituales de las personas mayores en urgencias. De todo lo m\u00e1s habitual y lo que m\u00e1s preocupa a nuestros mayores, nos centramos en esta ocasi\u00f3n a los problemas digestivos, y sobretodo en el estre\u00f1imiento. Hablamos largo y tendido de porque se produce y algunas de las m\u00faltiples las soluciones existentes.<\/p>\n<p style=\"text-align: justify\">Acabamos el programa con una peque\u00f1a historia del blog de inforesidencias titulada <a href=\"https:\/\/www.inforesidencias.com\/blog\/index.php\/2018\/05\/02\/de-la-residencia-al-programa-de-citas\/\">\u201cDe la residencia al programa de citas\u201d<\/a>. Una divertida historia sobre como no hay edad para nada, ni tan siquiera para ir a buscar pareja o a pasar un buen rato conociendo a alguien nuevo.<\/p>\n<p style=\"text-align: justify\">Muchas gracias a Cristina Garc\u00eda, Carolina Sanchez y Magdalena Tecul por haber venido al programa. Agradecer una vez m\u00e1s a la Doctora Dolors Serra su siempre interesante punto de vista sobre los problemas m\u00e9dicos de las personas mayores<\/p>\n","protected":false},"excerpt":{"rendered":"<p>Pasan las semanas, nos acompa\u00f1a el buen tiempo pero el fr\u00edo no acaba de irse. En el estudio de grabaci\u00f3n de \u201c\u00c9s gran ser gran\u201d al menos estamos calentitos y bien acompa\u00f1ados. Tan bien acompa\u00f1ados que en el programa de esta semana nos han visitado los profesionales y dos residentes de la residencia \u201cEl Cel de Rub\u00ed,\u201d situada en la ciudad del mismo nombre de la comarca del Valles occidental. En esta residencia, a parte de tener un nombre singular, tambi\u00e9n se trabaja de forma singular. Pero de eso hablaremos luego. As\u00ed pues, empezamos el programa de la mano de Carles Reixach. \u00c9l nos dio 9 consejos muy \u00fatiles y a tener en cuenta para todas aquellas personas que cuidan un familiar con alg\u00fan tipo de demencia como por ejemplo el alzheimer. Algunos son consejos que muchos ya saben, aunque los repasamos y profundizamos en ellos. Otros quiz\u00e1 ser\u00edan m\u00e1s [&hellip;]<\/p>\n","protected":false},"author":2,"featured_media":1949,"comment_status":"open","ping_status":"open","sticky":false,"template":"","format":"standard","meta":{"footnotes":""},"categories":[1],"tags":[],"yoast_head":"<!-- This site is optimized with the Yoast SEO plugin v21.7 - https:\/\/yoast.com\/wordpress\/plugins\/seo\/ -->\n<title>Una residencia en el cielo y una doctora de urgencias - Blog Inforesidencias.com<\/title>\n<meta name=\"description\" content=\"La residencia &quot;El cel de Rub\u00ed&quot; se han tomado muy enserio lo de la ACP y dar voz y voto a los residentes. La Dra. Serra nos habla de consultas de personas mayores\" \/>\n<meta name=\"robots\" content=\"index, follow, max-snippet:-1, max-image-preview:large, max-video-preview:-1\" \/>\n<link rel=\"canonical\" href=\"https:\/\/www.inforesidencias.com\/blog\/index.php\/2019\/02\/14\/una-residencia-en-el-cielo-y-una-doctora-de-urgencias\/\" \/>\n<meta property=\"og:locale\" content=\"es_ES\" \/>\n<meta property=\"og:type\" content=\"article\" \/>\n<meta property=\"og:title\" content=\"Una residencia en el cielo y una doctora de urgencias - Blog Inforesidencias.com\" \/>\n<meta property=\"og:description\" content=\"La residencia &quot;El cel de Rub\u00ed&quot; se han tomado muy enserio lo de la ACP y dar voz y voto a los residentes. La Dra. Serra nos habla de consultas de personas mayores\" \/>\n<meta property=\"og:url\" content=\"https:\/\/www.inforesidencias.com\/blog\/index.php\/2019\/02\/14\/una-residencia-en-el-cielo-y-una-doctora-de-urgencias\/\" \/>\n<meta property=\"og:site_name\" content=\"Blog Inforesidencias.com\" \/>\n<meta property=\"article:publisher\" content=\"https:\/\/www.facebook.com\/Inforesidencias\/\" \/>\n<meta property=\"article:author\" content=\"https:\/\/www.facebook.com\/josep.demarti\" \/>\n<meta property=\"article:published_time\" content=\"2019-02-14T12:09:05+00:00\" \/>\n<meta property=\"og:image\" content=\"https:\/\/www.inforesidencias.com\/blog\/wp-content\/uploads\/2019\/02\/invitados-residencia-El-Cel-de-Rubi.jpg\" \/>\n\t<meta property=\"og:image:width\" content=\"400\" \/>\n\t<meta property=\"og:image:height\" content=\"300\" \/>\n\t<meta property=\"og:image:type\" content=\"image\/jpeg\" \/>\n<meta name=\"author\" content=\"Josep de Mart\u00ed\" \/>\n<meta name=\"twitter:card\" content=\"summary_large_image\" \/>\n<meta name=\"twitter:creator\" content=\"@blog-ir\" \/>\n<meta name=\"twitter:site\" content=\"@inforesidencias\" \/>\n<meta name=\"twitter:label1\" content=\"Escrito por\" \/>\n\t<meta name=\"twitter:data1\" content=\"Josep de Mart\u00ed\" \/>\n\t<meta name=\"twitter:label2\" content=\"Tiempo de lectura\" \/>\n\t<meta name=\"twitter:data2\" content=\"4 minutos\" \/>\n<script type=\"application\/ld+json\" class=\"yoast-schema-graph\">{\"@context\":\"https:\/\/schema.org\",\"@graph\":[{\"@type\":\"WebPage\",\"@id\":\"https:\/\/www.inforesidencias.com\/blog\/index.php\/2019\/02\/14\/una-residencia-en-el-cielo-y-una-doctora-de-urgencias\/\",\"url\":\"https:\/\/www.inforesidencias.com\/blog\/index.php\/2019\/02\/14\/una-residencia-en-el-cielo-y-una-doctora-de-urgencias\/\",\"name\":\"Una residencia en el cielo y una doctora de urgencias - Blog Inforesidencias.com\",\"isPartOf\":{\"@id\":\"https:\/\/www.inforesidencias.com\/blog\/#website\"},\"datePublished\":\"2019-02-14T12:09:05+00:00\",\"dateModified\":\"2019-02-14T12:09:05+00:00\",\"author\":{\"@id\":\"https:\/\/www.inforesidencias.com\/blog\/#\/schema\/person\/9e146774d1eb3bc1c0316242a3898628\"},\"description\":\"La residencia \\\"El cel de Rub\u00ed\\\" se han tomado muy enserio lo de la ACP y dar voz y voto a los residentes. La Dra. Serra nos habla de consultas de personas mayores\",\"breadcrumb\":{\"@id\":\"https:\/\/www.inforesidencias.com\/blog\/index.php\/2019\/02\/14\/una-residencia-en-el-cielo-y-una-doctora-de-urgencias\/#breadcrumb\"},\"inLanguage\":\"es\",\"potentialAction\":[{\"@type\":\"ReadAction\",\"target\":[\"https:\/\/www.inforesidencias.com\/blog\/index.php\/2019\/02\/14\/una-residencia-en-el-cielo-y-una-doctora-de-urgencias\/\"]}]},{\"@type\":\"BreadcrumbList\",\"@id\":\"https:\/\/www.inforesidencias.com\/blog\/index.php\/2019\/02\/14\/una-residencia-en-el-cielo-y-una-doctora-de-urgencias\/#breadcrumb\",\"itemListElement\":[{\"@type\":\"ListItem\",\"position\":1,\"name\":\"Home\",\"item\":\"https:\/\/www.inforesidencias.com\/blog\/\"},{\"@type\":\"ListItem\",\"position\":2,\"name\":\"Una residencia en el cielo y una doctora de urgencias\"}]},{\"@type\":\"WebSite\",\"@id\":\"https:\/\/www.inforesidencias.com\/blog\/#website\",\"url\":\"https:\/\/www.inforesidencias.com\/blog\/\",\"name\":\"Blog Inforesidencias.com\",\"description\":\"El buscador de residencias de la 3\u00aa edad\",\"potentialAction\":[{\"@type\":\"SearchAction\",\"target\":{\"@type\":\"EntryPoint\",\"urlTemplate\":\"https:\/\/www.inforesidencias.com\/blog\/?s={search_term_string}\"},\"query-input\":\"required name=search_term_string\"}],\"inLanguage\":\"es\"},{\"@type\":\"Person\",\"@id\":\"https:\/\/www.inforesidencias.com\/blog\/#\/schema\/person\/9e146774d1eb3bc1c0316242a3898628\",\"name\":\"Josep de Mart\u00ed\",\"image\":{\"@type\":\"ImageObject\",\"inLanguage\":\"es\",\"@id\":\"https:\/\/www.inforesidencias.com\/blog\/#\/schema\/person\/image\/\",\"url\":\"https:\/\/secure.gravatar.com\/avatar\/de0302c4806c00c4cebff396a798c1ff?s=96&d=mm&r=g\",\"contentUrl\":\"https:\/\/secure.gravatar.com\/avatar\/de0302c4806c00c4cebff396a798c1ff?s=96&d=mm&r=g\",\"caption\":\"Josep de Mart\u00ed\"},\"sameAs\":[\"https:\/\/www.inforesidencias.com\",\"https:\/\/www.facebook.com\/josep.demarti\",\"https:\/\/twitter.com\/blog-ir\"],\"url\":\"https:\/\/www.inforesidencias.com\/blog\/index.php\/author\/josepdemarti\/\"}]}<\/script>\n<!-- \/ Yoast SEO plugin. -->","yoast_head_json":{"title":"Una residencia en el cielo y una doctora de urgencias - Blog Inforesidencias.com","description":"La residencia \"El cel de Rub\u00ed\" se han tomado muy enserio lo de la ACP y dar voz y voto a los residentes. La Dra. Serra nos habla de consultas de personas mayores","robots":{"index":"index","follow":"follow","max-snippet":"max-snippet:-1","max-image-preview":"max-image-preview:large","max-video-preview":"max-video-preview:-1"},"canonical":"https:\/\/www.inforesidencias.com\/blog\/index.php\/2019\/02\/14\/una-residencia-en-el-cielo-y-una-doctora-de-urgencias\/","og_locale":"es_ES","og_type":"article","og_title":"Una residencia en el cielo y una doctora de urgencias - Blog Inforesidencias.com","og_description":"La residencia \"El cel de Rub\u00ed\" se han tomado muy enserio lo de la ACP y dar voz y voto a los residentes. La Dra. Serra nos habla de consultas de personas mayores","og_url":"https:\/\/www.inforesidencias.com\/blog\/index.php\/2019\/02\/14\/una-residencia-en-el-cielo-y-una-doctora-de-urgencias\/","og_site_name":"Blog Inforesidencias.com","article_publisher":"https:\/\/www.facebook.com\/Inforesidencias\/","article_author":"https:\/\/www.facebook.com\/josep.demarti","article_published_time":"2019-02-14T12:09:05+00:00","og_image":[{"width":400,"height":300,"url":"https:\/\/www.inforesidencias.com\/blog\/wp-content\/uploads\/2019\/02\/invitados-residencia-El-Cel-de-Rubi.jpg","type":"image\/jpeg"}],"author":"Josep de Mart\u00ed","twitter_card":"summary_large_image","twitter_creator":"@blog-ir","twitter_site":"@inforesidencias","twitter_misc":{"Escrito por":"Josep de Mart\u00ed","Tiempo de lectura":"4 minutos"},"schema":{"@context":"https:\/\/schema.org","@graph":[{"@type":"WebPage","@id":"https:\/\/www.inforesidencias.com\/blog\/index.php\/2019\/02\/14\/una-residencia-en-el-cielo-y-una-doctora-de-urgencias\/","url":"https:\/\/www.inforesidencias.com\/blog\/index.php\/2019\/02\/14\/una-residencia-en-el-cielo-y-una-doctora-de-urgencias\/","name":"Una residencia en el cielo y una doctora de urgencias - Blog Inforesidencias.com","isPartOf":{"@id":"https:\/\/www.inforesidencias.com\/blog\/#website"},"datePublished":"2019-02-14T12:09:05+00:00","dateModified":"2019-02-14T12:09:05+00:00","author":{"@id":"https:\/\/www.inforesidencias.com\/blog\/#\/schema\/person\/9e146774d1eb3bc1c0316242a3898628"},"description":"La residencia \"El cel de Rub\u00ed\" se han tomado muy enserio lo de la ACP y dar voz y voto a los residentes. La Dra. Serra nos habla de consultas de personas mayores","breadcrumb":{"@id":"https:\/\/www.inforesidencias.com\/blog\/index.php\/2019\/02\/14\/una-residencia-en-el-cielo-y-una-doctora-de-urgencias\/#breadcrumb"},"inLanguage":"es","potentialAction":[{"@type":"ReadAction","target":["https:\/\/www.inforesidencias.com\/blog\/index.php\/2019\/02\/14\/una-residencia-en-el-cielo-y-una-doctora-de-urgencias\/"]}]},{"@type":"BreadcrumbList","@id":"https:\/\/www.inforesidencias.com\/blog\/index.php\/2019\/02\/14\/una-residencia-en-el-cielo-y-una-doctora-de-urgencias\/#breadcrumb","itemListElement":[{"@type":"ListItem","position":1,"name":"Home","item":"https:\/\/www.inforesidencias.com\/blog\/"},{"@type":"ListItem","position":2,"name":"Una residencia en el cielo y una doctora de urgencias"}]},{"@type":"WebSite","@id":"https:\/\/www.inforesidencias.com\/blog\/#website","url":"https:\/\/www.inforesidencias.com\/blog\/","name":"Blog Inforesidencias.com","description":"El buscador de residencias de la 3\u00aa edad","potentialAction":[{"@type":"SearchAction","target":{"@type":"EntryPoint","urlTemplate":"https:\/\/www.inforesidencias.com\/blog\/?s={search_term_string}"},"query-input":"required name=search_term_string"}],"inLanguage":"es"},{"@type":"Person","@id":"https:\/\/www.inforesidencias.com\/blog\/#\/schema\/person\/9e146774d1eb3bc1c0316242a3898628","name":"Josep de Mart\u00ed","image":{"@type":"ImageObject","inLanguage":"es","@id":"https:\/\/www.inforesidencias.com\/blog\/#\/schema\/person\/image\/","url":"https:\/\/secure.gravatar.com\/avatar\/de0302c4806c00c4cebff396a798c1ff?s=96&d=mm&r=g","contentUrl":"https:\/\/secure.gravatar.com\/avatar\/de0302c4806c00c4cebff396a798c1ff?s=96&d=mm&r=g","caption":"Josep de Mart\u00ed"},"sameAs":["https:\/\/www.inforesidencias.com","https:\/\/www.facebook.com\/josep.demarti","https:\/\/twitter.com\/blog-ir"],"url":"https:\/\/www.inforesidencias.com\/blog\/index.php\/author\/josepdemarti\/"}]}},"_links":{"self":[{"href":"https:\/\/www.inforesidencias.com\/blog\/index.php\/wp-json\/wp\/v2\/posts\/1946"}],"collection":[{"href":"https:\/\/www.inforesidencias.com\/blog\/index.php\/wp-json\/wp\/v2\/posts"}],"about":[{"href":"https:\/\/www.inforesidencias.com\/blog\/index.php\/wp-json\/wp\/v2\/types\/post"}],"author":[{"embeddable":true,"href":"https:\/\/www.inforesidencias.com\/blog\/index.php\/wp-json\/wp\/v2\/users\/2"}],"replies":[{"embeddable":true,"href":"https:\/\/www.inforesidencias.com\/blog\/index.php\/wp-json\/wp\/v2\/comments?post=1946"}],"version-history":[{"count":4,"href":"https:\/\/www.inforesidencias.com\/blog\/index.php\/wp-json\/wp\/v2\/posts\/1946\/revisions"}],"predecessor-version":[{"id":1951,"href":"https:\/\/www.inforesidencias.com\/blog\/index.php\/wp-json\/wp\/v2\/posts\/1946\/revisions\/1951"}],"wp:featuredmedia":[{"embeddable":true,"href":"https:\/\/www.inforesidencias.com\/blog\/index.php\/wp-json\/wp\/v2\/media\/1949"}],"wp:attachment":[{"href":"https:\/\/www.inforesidencias.com\/blog\/index.php\/wp-json\/wp\/v2\/media?parent=1946"}],"wp:term":[{"taxonomy":"category","embeddable":true,"href":"https:\/\/www.inforesidencias.com\/blog\/index.php\/wp-json\/wp\/v2\/categories?post=1946"},{"taxonomy":"post_tag","embeddable":true,"href":"https:\/\/www.inforesidencias.com\/blog\/index.php\/wp-json\/wp\/v2\/tags?post=1946"}],"curies":[{"name":"wp","href":"https:\/\/api.w.org\/{rel}","templated":true}]}}