{"id":1981,"date":"2019-03-06T13:38:03","date_gmt":"2019-03-06T13:38:03","guid":{"rendered":"https:\/\/www.inforesidencias.com\/blog\/?p=1981"},"modified":"2019-03-06T13:42:39","modified_gmt":"2019-03-06T13:42:39","slug":"residencias-publicas-programa-vivir-y-convivir-y-una-residencia-en-andorra","status":"publish","type":"post","link":"https:\/\/www.inforesidencias.com\/blog\/index.php\/2019\/03\/06\/residencias-publicas-programa-vivir-y-convivir-y-una-residencia-en-andorra\/","title":{"rendered":"Residencias p\u00fablicas, programa \u00abvivir y convivir\u00bb y una residencia en Andorra"},"content":{"rendered":"<p style=\"text-align: justify\">En el <a href=\"https:\/\/www.estelfitxers.com\/audio\/20190305-17_00ESGRANSERGRAN.MP3\">primer programa de marzo de \u201c\u00c9s gran ser gran\u201d<\/a> empezamos hablando sobre la lista la espera para acceder una plaza de residencia, m\u00e1s concretamente al acceso a una plaza p\u00fablica. Primero de todo, explicamos la gran demanda que hay de plazas de residencia para personas mayores y como la falta de plazas conlleva que muchas personas con un grado de dependencia concedido, fallezcan esperando que \u201cles llegue su turno\u201d. Como vimos, la espera es mucho mayor en urbes como Barcelona ya que l\u00f3gicamente cuanto m\u00e1s poblaci\u00f3n vive en un lugar, m\u00e1s demanda de servicios hay. Y la necesidad de servicios para las personas mayores no son una excepci\u00f3n.<\/p>\n<p style=\"text-align: justify\">Luego expusimos la importancia de que las personas entiendan que no por pedir que se haga una residencia p\u00fablica en su localidad, esto va a significar que todas las plazas de esa residencia sean para las personas de ese municipio. Y es que cualquier persona de toda Catalunya podr\u00eda apuntarse en la lista de espera de plaza p\u00fablica de cualquier residencia que disponga de eso mismo, plazas p\u00fablicas.<\/p>\n<p style=\"text-align: justify\">Para terminar esta tem\u00e1tica inicial tambi\u00e9n quisimos comentar el porqu\u00e9 a los gobiernos les resulta mucho m\u00e1s rentable conceder plazas p\u00fablicas a residencias privadas que no crear ellos mismos una nueva residencia p\u00fablica.<\/p>\n<p style=\"text-align: justify\">Ya en las entrevistas del d\u00eda, como prometimos, tuvimos de nuevo la Sra. Olga Iba\u00f1ez, psic\u00f3loga del programa \u201cViure y conviure (vivir y convivir) de la <a href=\"https:\/\/www.fundacioroure.org\/es\/inicio\/\">Fundaci\u00f3n Roure<\/a>. Tambi\u00e9n nos acompa\u00f1\u00f3 de nuevo el Sr. Carles Ayerbe, una de las personas de m\u00e1s de 65 a\u00f1os que acoge en su casa a una estudiante universitaria.<\/p>\n<p style=\"text-align: justify\">Con ellos, despu\u00e9s de hacer r\u00e1pidamente un poco de memoria sobre en qu\u00e9 consist\u00eda el programa <a href=\"https:\/\/www.fundacioroure.org\/es\/proyectos\/#vivir-y-convivir\">\u201cVivir y convivir\u201d<\/a> empezamos ya a tratar algunos temas que quedaron en el tintero l<a href=\"https:\/\/www.inforesidencias.com\/blog\/index.php\/2019\/02\/27\/la-importancia-del-trato-en-avis-del-valles-y-el-proyecto-vivir-y-convivir\/\">a semana pasada.<\/a><\/p>\n<p style=\"text-align: justify\">Por un lado con Olga, nos centramos sobre todo en que nos explicara las normas que hay que seguir para formar parte del programa. Seg\u00fan nos inform\u00f3, estas normas no son salom\u00f3nicas si no que sirven para crear un marco que ofrezca una seguridad a ambas partes. Pero en cualquier caso, cada convivencia es un mundo y cualquier cosa se puede hablar y comentar. Tambi\u00e9n y muy importante, destac\u00f3 que si en alg\u00fan momento alguna de las partes quiere o tiene que cesar la convivencia por el motivo que sea , no hay ning\u00fan problema.<\/p>\n<p style=\"text-align: justify\"><img decoding=\"async\" loading=\"lazy\" class=\"alignleft wp-image-1960\" src=\"https:\/\/www.inforesidencias.com\/blog\/wp-content\/uploads\/2019\/02\/olga-i-carles-viure-i-conviure.png\" alt=\"olga i carles viure i conviure residencia\" width=\"290\" height=\"266\" \/><\/p>\n<p style=\"text-align: justify\">En esta ocasi\u00f3n pudimos tambi\u00e9n charlar un buen rato con Carles. \u00c9l nos proporcion\u00f3 una vivencia en primera persona de esta experiencia. Tambi\u00e9n nos coment\u00f3 lo feliz que est\u00e1 de participar en \u201cViure y conviure\u201d y como es su relaci\u00f3n con la estudiante con la que convive. Asimismo, nos relat\u00f3 alguna an\u00e9cdota bastante divertida. No obstante, de todo lo que explic\u00f3 nos quedamos con su recomendaci\u00f3n par que participen en el programa todas esas personas mayores que viven y se sienten solas. \u00c9l ha encontrado con este programa una gran herramienta <a href=\"https:\/\/www.inforesidencias.com\/blog\/index.php\/2018\/12\/10\/debemos-acostumbrarnos-a-vivir-solos-en-la-tercera-edad\/\">contra la soledad<\/a>.<\/p>\n<p style=\"text-align: justify\">En la segunda parte del programa hicimos una entrevista bastante inusual. Y es que siempre decimos que radio Estel se escucha en Catalunya y Andorra pero aun no hab\u00edamos contactado nunca con ninguna residencia del pa\u00eds vecino. Nuestros invitados fueron la Sra. Eloisa Ortega, presidenta de la <a href=\"http:\/\/clararabassa.com\/\">Fundaci\u00f3n Clara Rabassa<\/a>, la cual cuenta con una residencia que lleva el mismo nombre. Tambi\u00e9n nos acompa\u00f1\u00f3 la Sra. Maria Serra, una residente que vive all\u00ed.<\/p>\n<p style=\"text-align: justify\">Nos sorprendieron muchas cosas de la residencia Clara Rabassa, pero destacamos la grand\u00edsima <a href=\"http:\/\/clararabassa.com\/la-cuina-de-clara-rabassa\/\">importancia que le dan a la comida,<\/a> con un cocinero tan implicado. Tambi\u00e9n con el hecho de que fueron pioneros en el sector dentro del pa\u00eds pirenaico ya que fueron la primera residencia de Andorra, creada en 1992. Por \u00faltimo, destacar que pr\u00e1cticamente la totalidad de sus habitaciones son individuales, cosa que aporta un plus para muchos residentes.<\/p>\n<p style=\"text-align: justify\">Por otro lado, no podemos olvidar que la Sra. Maria realz\u00f3 que est\u00e1 muy contenta de vivir en la residencia Clara Rabassa y que come muy bien. Finalmente nos explic\u00f3 como era un d\u00eda a d\u00eda suyo en el centro y como fue su adaptaci\u00f3n.<\/p>\n<p style=\"text-align: justify\"><a href=\"https:\/\/www.inforesidencias.com\/blog\/wp-content\/uploads\/2019\/02\/es-gran-ser-gran-.png\"><img decoding=\"async\" loading=\"lazy\" class=\"aligncenter wp-image-1964\" src=\"https:\/\/www.inforesidencias.com\/blog\/wp-content\/uploads\/2019\/02\/es-gran-ser-gran-.png\" alt=\"es gran ser gran\" width=\"350\" height=\"248\" \/><\/a><\/p>\n<p style=\"text-align: justify\">Agradecer de nuevo a nuestros ya amigos de la residencia Clara Rabassa el habernos permitido pasar con ellos un rato divertido descubriendo un poco m\u00e1s de su centro. Tambi\u00e9n dar las gracias de nuevo a la Sra. Olga y al Sr. Carles de \u201cVivir y convivir\u201d por haber vuelto para hablarnos un poco m\u00e1s de este programa tan y tan \u00fatil.<\/p>\n","protected":false},"excerpt":{"rendered":"<p>En el primer programa de marzo de \u201c\u00c9s gran ser gran\u201d empezamos hablando sobre la lista la espera para acceder una plaza de residencia, m\u00e1s concretamente al acceso a una plaza p\u00fablica. Primero de todo, explicamos la gran demanda que hay de plazas de residencia para personas mayores y como la falta de plazas conlleva que muchas personas con un grado de dependencia concedido, fallezcan esperando que \u201cles llegue su turno\u201d. Como vimos, la espera es mucho mayor en urbes como Barcelona ya que l\u00f3gicamente cuanto m\u00e1s poblaci\u00f3n vive en un lugar, m\u00e1s demanda de servicios hay. Y la necesidad de servicios para las personas mayores no son una excepci\u00f3n. Luego expusimos la importancia de que las personas entiendan que no por pedir que se haga una residencia p\u00fablica en su localidad, esto va a significar que todas las plazas de esa residencia sean para las personas de ese municipio. [&hellip;]<\/p>\n","protected":false},"author":2,"featured_media":1964,"comment_status":"open","ping_status":"open","sticky":false,"template":"","format":"standard","meta":{"footnotes":""},"categories":[1],"tags":[],"yoast_head":"<!-- This site is optimized with the Yoast SEO plugin v21.7 - https:\/\/yoast.com\/wordpress\/plugins\/seo\/ -->\n<title>Residencias p\u00fablicas, programa &quot;vivir y convivir&quot; y una residencia en Andorra - Blog Inforesidencias.com<\/title>\n<meta name=\"description\" content=\"En &quot;\u00c9s gran ser gran&quot;esta semana&quot; hablamos de espera para plazas p\u00fablicas de residencia, del programa viure y conviure y de la residencia Clara Rabassa en Andorra\" \/>\n<meta name=\"robots\" content=\"index, follow, max-snippet:-1, max-image-preview:large, max-video-preview:-1\" \/>\n<link rel=\"canonical\" href=\"https:\/\/www.inforesidencias.com\/blog\/index.php\/2019\/03\/06\/residencias-publicas-programa-vivir-y-convivir-y-una-residencia-en-andorra\/\" \/>\n<meta property=\"og:locale\" content=\"es_ES\" \/>\n<meta property=\"og:type\" content=\"article\" \/>\n<meta property=\"og:title\" content=\"Residencias p\u00fablicas, programa &quot;vivir y convivir&quot; y una residencia en Andorra - Blog Inforesidencias.com\" \/>\n<meta property=\"og:description\" content=\"En &quot;\u00c9s gran ser gran&quot;esta semana&quot; hablamos de espera para plazas p\u00fablicas de residencia, del programa viure y conviure y de la residencia Clara Rabassa en Andorra\" \/>\n<meta property=\"og:url\" content=\"https:\/\/www.inforesidencias.com\/blog\/index.php\/2019\/03\/06\/residencias-publicas-programa-vivir-y-convivir-y-una-residencia-en-andorra\/\" \/>\n<meta property=\"og:site_name\" content=\"Blog Inforesidencias.com\" \/>\n<meta property=\"article:publisher\" content=\"https:\/\/www.facebook.com\/Inforesidencias\/\" \/>\n<meta property=\"article:author\" content=\"https:\/\/www.facebook.com\/josep.demarti\" \/>\n<meta property=\"article:published_time\" content=\"2019-03-06T13:38:03+00:00\" \/>\n<meta property=\"article:modified_time\" content=\"2019-03-06T13:42:39+00:00\" \/>\n<meta property=\"og:image\" content=\"https:\/\/www.inforesidencias.com\/blog\/wp-content\/uploads\/2019\/02\/es-gran-ser-gran-.png\" \/>\n\t<meta property=\"og:image:width\" content=\"450\" \/>\n\t<meta property=\"og:image:height\" content=\"319\" \/>\n\t<meta property=\"og:image:type\" content=\"image\/png\" \/>\n<meta name=\"author\" content=\"Josep de Mart\u00ed\" \/>\n<meta name=\"twitter:card\" content=\"summary_large_image\" \/>\n<meta name=\"twitter:creator\" content=\"@blog-ir\" \/>\n<meta name=\"twitter:site\" content=\"@inforesidencias\" \/>\n<meta name=\"twitter:label1\" content=\"Escrito por\" \/>\n\t<meta name=\"twitter:data1\" content=\"Josep de Mart\u00ed\" \/>\n\t<meta name=\"twitter:label2\" content=\"Tiempo de lectura\" \/>\n\t<meta name=\"twitter:data2\" content=\"4 minutos\" \/>\n<script type=\"application\/ld+json\" class=\"yoast-schema-graph\">{\"@context\":\"https:\/\/schema.org\",\"@graph\":[{\"@type\":\"WebPage\",\"@id\":\"https:\/\/www.inforesidencias.com\/blog\/index.php\/2019\/03\/06\/residencias-publicas-programa-vivir-y-convivir-y-una-residencia-en-andorra\/\",\"url\":\"https:\/\/www.inforesidencias.com\/blog\/index.php\/2019\/03\/06\/residencias-publicas-programa-vivir-y-convivir-y-una-residencia-en-andorra\/\",\"name\":\"Residencias p\u00fablicas, programa \\\"vivir y convivir\\\" y una residencia en Andorra - Blog Inforesidencias.com\",\"isPartOf\":{\"@id\":\"https:\/\/www.inforesidencias.com\/blog\/#website\"},\"datePublished\":\"2019-03-06T13:38:03+00:00\",\"dateModified\":\"2019-03-06T13:42:39+00:00\",\"author\":{\"@id\":\"https:\/\/www.inforesidencias.com\/blog\/#\/schema\/person\/9e146774d1eb3bc1c0316242a3898628\"},\"description\":\"En \\\"\u00c9s gran ser gran\\\"esta semana\\\" hablamos de espera para plazas p\u00fablicas de residencia, del programa viure y conviure y de la residencia Clara Rabassa en Andorra\",\"breadcrumb\":{\"@id\":\"https:\/\/www.inforesidencias.com\/blog\/index.php\/2019\/03\/06\/residencias-publicas-programa-vivir-y-convivir-y-una-residencia-en-andorra\/#breadcrumb\"},\"inLanguage\":\"es\",\"potentialAction\":[{\"@type\":\"ReadAction\",\"target\":[\"https:\/\/www.inforesidencias.com\/blog\/index.php\/2019\/03\/06\/residencias-publicas-programa-vivir-y-convivir-y-una-residencia-en-andorra\/\"]}]},{\"@type\":\"BreadcrumbList\",\"@id\":\"https:\/\/www.inforesidencias.com\/blog\/index.php\/2019\/03\/06\/residencias-publicas-programa-vivir-y-convivir-y-una-residencia-en-andorra\/#breadcrumb\",\"itemListElement\":[{\"@type\":\"ListItem\",\"position\":1,\"name\":\"Home\",\"item\":\"https:\/\/www.inforesidencias.com\/blog\/\"},{\"@type\":\"ListItem\",\"position\":2,\"name\":\"Residencias p\u00fablicas, programa \u00abvivir y convivir\u00bb y una residencia en Andorra\"}]},{\"@type\":\"WebSite\",\"@id\":\"https:\/\/www.inforesidencias.com\/blog\/#website\",\"url\":\"https:\/\/www.inforesidencias.com\/blog\/\",\"name\":\"Blog Inforesidencias.com\",\"description\":\"El buscador de residencias de la 3\u00aa edad\",\"potentialAction\":[{\"@type\":\"SearchAction\",\"target\":{\"@type\":\"EntryPoint\",\"urlTemplate\":\"https:\/\/www.inforesidencias.com\/blog\/?s={search_term_string}\"},\"query-input\":\"required name=search_term_string\"}],\"inLanguage\":\"es\"},{\"@type\":\"Person\",\"@id\":\"https:\/\/www.inforesidencias.com\/blog\/#\/schema\/person\/9e146774d1eb3bc1c0316242a3898628\",\"name\":\"Josep de Mart\u00ed\",\"image\":{\"@type\":\"ImageObject\",\"inLanguage\":\"es\",\"@id\":\"https:\/\/www.inforesidencias.com\/blog\/#\/schema\/person\/image\/\",\"url\":\"https:\/\/secure.gravatar.com\/avatar\/de0302c4806c00c4cebff396a798c1ff?s=96&d=mm&r=g\",\"contentUrl\":\"https:\/\/secure.gravatar.com\/avatar\/de0302c4806c00c4cebff396a798c1ff?s=96&d=mm&r=g\",\"caption\":\"Josep de Mart\u00ed\"},\"sameAs\":[\"https:\/\/www.inforesidencias.com\",\"https:\/\/www.facebook.com\/josep.demarti\",\"https:\/\/twitter.com\/blog-ir\"],\"url\":\"https:\/\/www.inforesidencias.com\/blog\/index.php\/author\/josepdemarti\/\"}]}<\/script>\n<!-- \/ Yoast SEO plugin. -->","yoast_head_json":{"title":"Residencias p\u00fablicas, programa \"vivir y convivir\" y una residencia en Andorra - Blog Inforesidencias.com","description":"En \"\u00c9s gran ser gran\"esta semana\" hablamos de espera para plazas p\u00fablicas de residencia, del programa viure y conviure y de la residencia Clara Rabassa en Andorra","robots":{"index":"index","follow":"follow","max-snippet":"max-snippet:-1","max-image-preview":"max-image-preview:large","max-video-preview":"max-video-preview:-1"},"canonical":"https:\/\/www.inforesidencias.com\/blog\/index.php\/2019\/03\/06\/residencias-publicas-programa-vivir-y-convivir-y-una-residencia-en-andorra\/","og_locale":"es_ES","og_type":"article","og_title":"Residencias p\u00fablicas, programa \"vivir y convivir\" y una residencia en Andorra - Blog Inforesidencias.com","og_description":"En \"\u00c9s gran ser gran\"esta semana\" hablamos de espera para plazas p\u00fablicas de residencia, del programa viure y conviure y de la residencia Clara Rabassa en Andorra","og_url":"https:\/\/www.inforesidencias.com\/blog\/index.php\/2019\/03\/06\/residencias-publicas-programa-vivir-y-convivir-y-una-residencia-en-andorra\/","og_site_name":"Blog Inforesidencias.com","article_publisher":"https:\/\/www.facebook.com\/Inforesidencias\/","article_author":"https:\/\/www.facebook.com\/josep.demarti","article_published_time":"2019-03-06T13:38:03+00:00","article_modified_time":"2019-03-06T13:42:39+00:00","og_image":[{"width":450,"height":319,"url":"https:\/\/www.inforesidencias.com\/blog\/wp-content\/uploads\/2019\/02\/es-gran-ser-gran-.png","type":"image\/png"}],"author":"Josep de Mart\u00ed","twitter_card":"summary_large_image","twitter_creator":"@blog-ir","twitter_site":"@inforesidencias","twitter_misc":{"Escrito por":"Josep de Mart\u00ed","Tiempo de lectura":"4 minutos"},"schema":{"@context":"https:\/\/schema.org","@graph":[{"@type":"WebPage","@id":"https:\/\/www.inforesidencias.com\/blog\/index.php\/2019\/03\/06\/residencias-publicas-programa-vivir-y-convivir-y-una-residencia-en-andorra\/","url":"https:\/\/www.inforesidencias.com\/blog\/index.php\/2019\/03\/06\/residencias-publicas-programa-vivir-y-convivir-y-una-residencia-en-andorra\/","name":"Residencias p\u00fablicas, programa \"vivir y convivir\" y una residencia en Andorra - Blog Inforesidencias.com","isPartOf":{"@id":"https:\/\/www.inforesidencias.com\/blog\/#website"},"datePublished":"2019-03-06T13:38:03+00:00","dateModified":"2019-03-06T13:42:39+00:00","author":{"@id":"https:\/\/www.inforesidencias.com\/blog\/#\/schema\/person\/9e146774d1eb3bc1c0316242a3898628"},"description":"En \"\u00c9s gran ser gran\"esta semana\" hablamos de espera para plazas p\u00fablicas de residencia, del programa viure y conviure y de la residencia Clara Rabassa en Andorra","breadcrumb":{"@id":"https:\/\/www.inforesidencias.com\/blog\/index.php\/2019\/03\/06\/residencias-publicas-programa-vivir-y-convivir-y-una-residencia-en-andorra\/#breadcrumb"},"inLanguage":"es","potentialAction":[{"@type":"ReadAction","target":["https:\/\/www.inforesidencias.com\/blog\/index.php\/2019\/03\/06\/residencias-publicas-programa-vivir-y-convivir-y-una-residencia-en-andorra\/"]}]},{"@type":"BreadcrumbList","@id":"https:\/\/www.inforesidencias.com\/blog\/index.php\/2019\/03\/06\/residencias-publicas-programa-vivir-y-convivir-y-una-residencia-en-andorra\/#breadcrumb","itemListElement":[{"@type":"ListItem","position":1,"name":"Home","item":"https:\/\/www.inforesidencias.com\/blog\/"},{"@type":"ListItem","position":2,"name":"Residencias p\u00fablicas, programa \u00abvivir y convivir\u00bb y una residencia en Andorra"}]},{"@type":"WebSite","@id":"https:\/\/www.inforesidencias.com\/blog\/#website","url":"https:\/\/www.inforesidencias.com\/blog\/","name":"Blog Inforesidencias.com","description":"El buscador de residencias de la 3\u00aa edad","potentialAction":[{"@type":"SearchAction","target":{"@type":"EntryPoint","urlTemplate":"https:\/\/www.inforesidencias.com\/blog\/?s={search_term_string}"},"query-input":"required name=search_term_string"}],"inLanguage":"es"},{"@type":"Person","@id":"https:\/\/www.inforesidencias.com\/blog\/#\/schema\/person\/9e146774d1eb3bc1c0316242a3898628","name":"Josep de Mart\u00ed","image":{"@type":"ImageObject","inLanguage":"es","@id":"https:\/\/www.inforesidencias.com\/blog\/#\/schema\/person\/image\/","url":"https:\/\/secure.gravatar.com\/avatar\/de0302c4806c00c4cebff396a798c1ff?s=96&d=mm&r=g","contentUrl":"https:\/\/secure.gravatar.com\/avatar\/de0302c4806c00c4cebff396a798c1ff?s=96&d=mm&r=g","caption":"Josep de Mart\u00ed"},"sameAs":["https:\/\/www.inforesidencias.com","https:\/\/www.facebook.com\/josep.demarti","https:\/\/twitter.com\/blog-ir"],"url":"https:\/\/www.inforesidencias.com\/blog\/index.php\/author\/josepdemarti\/"}]}},"_links":{"self":[{"href":"https:\/\/www.inforesidencias.com\/blog\/index.php\/wp-json\/wp\/v2\/posts\/1981"}],"collection":[{"href":"https:\/\/www.inforesidencias.com\/blog\/index.php\/wp-json\/wp\/v2\/posts"}],"about":[{"href":"https:\/\/www.inforesidencias.com\/blog\/index.php\/wp-json\/wp\/v2\/types\/post"}],"author":[{"embeddable":true,"href":"https:\/\/www.inforesidencias.com\/blog\/index.php\/wp-json\/wp\/v2\/users\/2"}],"replies":[{"embeddable":true,"href":"https:\/\/www.inforesidencias.com\/blog\/index.php\/wp-json\/wp\/v2\/comments?post=1981"}],"version-history":[{"count":13,"href":"https:\/\/www.inforesidencias.com\/blog\/index.php\/wp-json\/wp\/v2\/posts\/1981\/revisions"}],"predecessor-version":[{"id":1994,"href":"https:\/\/www.inforesidencias.com\/blog\/index.php\/wp-json\/wp\/v2\/posts\/1981\/revisions\/1994"}],"wp:featuredmedia":[{"embeddable":true,"href":"https:\/\/www.inforesidencias.com\/blog\/index.php\/wp-json\/wp\/v2\/media\/1964"}],"wp:attachment":[{"href":"https:\/\/www.inforesidencias.com\/blog\/index.php\/wp-json\/wp\/v2\/media?parent=1981"}],"wp:term":[{"taxonomy":"category","embeddable":true,"href":"https:\/\/www.inforesidencias.com\/blog\/index.php\/wp-json\/wp\/v2\/categories?post=1981"},{"taxonomy":"post_tag","embeddable":true,"href":"https:\/\/www.inforesidencias.com\/blog\/index.php\/wp-json\/wp\/v2\/tags?post=1981"}],"curies":[{"name":"wp","href":"https:\/\/api.w.org\/{rel}","templated":true}]}}